{"id":9416,"date":"2025-11-12T00:04:54","date_gmt":"2025-11-12T03:04:54","guid":{"rendered":"https:\/\/fmgente.com.ar\/el-hijo-menor-de-carlos-menem-confeso-por-que-se-alegro-de-su-muerte\/"},"modified":"2025-11-12T00:04:54","modified_gmt":"2025-11-12T03:04:54","slug":"el-hijo-menor-de-carlos-menem-confeso-por-que-se-alegro-de-su-muerte","status":"publish","type":"post","link":"https:\/\/fmgente.com.ar\/web\/el-hijo-menor-de-carlos-menem-confeso-por-que-se-alegro-de-su-muerte\/","title":{"rendered":"El hijo menor de Carlos Menem confes\u00f3 por qu\u00e9 se alegr\u00f3 de su muerte"},"content":{"rendered":"<p><strong><a href=\"https:\/\/www.paparazzi.com.ar\/tag\/maximo-menem\/\">M\u00e1ximo Menem Bolocco<\/a><\/strong>, hijo de <strong>Cecilia Bolocco<\/strong> y del expresidente argentino <strong>Carlos Sa\u00fal Menem<\/strong>, abri\u00f3 una ventana poco conocida de su historia familiar al hablar en el programa Sin Editar de <strong>Pamela D\u00edaz<\/strong>. Con un tono sereno pero firme, relat\u00f3 c\u00f3mo transit\u00f3 la enfermedad y el final de su padre, marcando distancia del entorno que lo rodeaba en aquel momento.<\/p>\n<p>En su testimonio, relat\u00f3 que la etapa final no fue c\u00e1lida ni tranquila. <em>\u201c\u00c9l solo deseaba descansar, y sus \u00faltimos a\u00f1os no fueron plenos; fueron, de alguna manera, una forma de encarcelamiento\u201d<\/em>, expres\u00f3, describiendo una realidad emocional opresiva m\u00e1s all\u00e1 de lo visible.<\/p>\n<p><strong><a href=\"https:\/\/www.paparazzi.com.ar\/romances\/hay-amor-maximo-menem-y-las-fotos-mas-romanticas-con-su-novia-en-sus-vacaciones\/\">M\u00e1ximo Menem Bolocco<\/a><\/strong> asegur\u00f3 que su relaci\u00f3n con su padre siempre se mantuvo bien, sin conflictos directos entre ambos. Lo complejo, seg\u00fan \u00e9l, surgi\u00f3 de quienes gravitaban alrededor del expresidente. <em>\u201cDesde que \u00e9l se fue, no siento necesidad de hablar con \u2018ellos\u2019 porque siempre terminaba en alg\u00fan drama. Con mi pap\u00e1 nunca tuve mala relaci\u00f3n. Con los dem\u00e1s, s\u00ed, pero no por m\u00ed\u201d<\/em>, sostuvo, marcando una frontera clara.<\/p>\n<div class=\"mt-box \">\n<h4 class=\"mt-heading\">Mir\u00e1 Tambi\u00e9n<\/h4>\n<p><a href=\"https:\/\/www.paparazzi.com.ar\/videos\/exclusivo-daniela-celis-confirmo-el-ultimo-paso-para-que-thiago-medina-reciba-el-alta\/\"><\/p>\n<div class=\"mt-content\">\n<div class=\"mt-image-container\"><img decoding=\"async\" src=\"https:\/\/www.paparazzi.com.ar\/wp-content\/uploads\/2025\/10\/Thiago-Medina-Daniela-359x226.jpg\" alt=\"\u00a1Exclusivo! Daniela Celis confirm\u00f3 el \u00faltimo paso para que Thiago Medina reciba el alta\" class=\"mt-image\" loading=\"lazy\" \/><\/div>\n<h5 class=\"mt-title\">\u00a1Exclusivo! Daniela Celis confirm\u00f3 el \u00faltimo paso para que Thiago Medina reciba el alta<\/h5>\n<\/div>\n<p><\/a><\/div>\n<p>La conversaci\u00f3n revel\u00f3 un escenario \u00edntimo donde las tensiones no se daban en lo afectivo, sino en lo social. El joven habl\u00f3 de una atm\u00f3sfera cargada, de presiones externas y de decisiones que buscaban cuidar su salud emocional y su propio espacio personal.<\/p>\n<h2 class=\"wp-block-heading\">LA CONFESI\u00d3N DE M\u00c1XIMO MENEM<\/h2>\n<p>En otro tramo, el hijo del expresidente mencion\u00f3 que esa distancia fue necesaria para encontrarse con una versi\u00f3n m\u00e1s honesta de s\u00ed mismo y para mantener vivo un recuerdo distinto al que mostraban los flashes y los titulares. <strong><a href=\"https:\/\/www.paparazzi.com.ar\/teve\/zulemita-menem-cruzo-a-maximo-bolocco-y-revelo-por-que-se-pelearon-y-quedaron-totalmente-distanciados\/\">Carlos Sa\u00fal Menem<\/a><\/strong>, seg\u00fan describi\u00f3, era para \u00e9l un padre presente en lo emocional, aunque muchas veces silenciado por su propio entorno.<\/p>\n<p>Y, en la reflexi\u00f3n m\u00e1s fuerte, cerr\u00f3 su pensamiento sin rodeos: <em>\u201cYo agradezco que \u00e9l se haya ido, porque fue la \u00fanica manera de que descansara de verdad y tambi\u00e9n de que yo pudiera sentirlo cerca de otra forma, sin ruido, sin interferencias, solo \u00e9l y yo en paz\u201d<\/em>.<\/p>\n<div class=\"mt-box \">\n<h4 class=\"mt-heading\">Mir\u00e1 Tambi\u00e9n<\/h4>\n<p><a href=\"https:\/\/www.paparazzi.com.ar\/romances\/el-hermoso-anuncio-de-nico-vazquez-y-dai-fernandez-que-emociono-a-todos-les-contamos-que\/\"><\/p>\n<div class=\"mt-content\">\n<div class=\"mt-image-container\"><img decoding=\"async\" src=\"https:\/\/www.paparazzi.com.ar\/wp-content\/uploads\/2025\/11\/El-hermoso-anuncio-de-Nico-Vazquez-y-Dai-Fernandez-que-emociono-a-todos-22Les-contamos-que.22-359x226.jpg\" alt=\"El hermoso anuncio de Nico V\u00e1zquez y Dai Fern\u00e1ndez que emocion\u00f3 a todos: &quot;Les contamos que...&quot;\" class=\"mt-image\" loading=\"lazy\" \/><\/div>\n<h5 class=\"mt-title\">El hermoso anuncio de Nico V\u00e1zquez y Dai Fern\u00e1ndez que emocion\u00f3 a todos: \u00abLes contamos que&#8230;\u00bb<\/h5>\n<\/div>\n<p><\/a><\/div>\n<div class=\"mt-box \">\n<h4 class=\"mt-heading\">Mir\u00e1 Tambi\u00e9n<\/h4>\n<p><a href=\"https:\/\/www.paparazzi.com.ar\/teve\/exclusivo-las-fotos-de-wanda-nara-y-johnny-depp-que-encendio-la-furia-total-de-mauro-icardi\/\"><\/p>\n<div class=\"mt-content\">\n<div class=\"mt-image-container\"><img decoding=\"async\" src=\"https:\/\/www.paparazzi.com.ar\/wp-content\/uploads\/2025\/11\/Wanda-Nara-Jhonny-Deep-exclusivo-359x226.jpg\" alt=\"\u00a1Exclusivo! Las fotos de Wanda Nara y Johnny Depp que encendi\u00f3 la furia total de Mauro Icardi\" class=\"mt-image\" loading=\"lazy\" \/><\/div>\n<h5 class=\"mt-title\">\u00a1Exclusivo! Las fotos de Wanda Nara y Johnny Depp que encendi\u00f3 la furia total de Mauro Icardi<\/h5>\n<\/div>\n<p><\/a><\/div>\n<p>The post <a href=\"https:\/\/www.paparazzi.com.ar\/teve\/el-hijo-menor-de-carlos-menem-confeso-por-que-se-alegro-de-su-muerte\/\">El hijo menor de Carlos Menem confes\u00f3 por qu\u00e9 se alegr\u00f3 de su muerte<\/a> appeared first on <a href=\"https:\/\/www.paparazzi.com.ar\">Revista Paparazzi<\/a>.<\/p>\n","protected":false},"excerpt":{"rendered":"<p>M\u00e1ximo Menem Bolocco, hijo de Cecilia Bolocco y del expresidente argentino Carlos Sa\u00fal Menem, abri\u00f3<\/p>\n","protected":false},"author":0,"featured_media":9417,"comment_status":"","ping_status":"","sticky":false,"template":"","format":"standard","meta":{"footnotes":""},"categories":[11],"tags":[],"class_list":["post-9416","post","type-post","status-publish","format-standard","has-post-thumbnail","hentry","category-destacadas"],"yoast_head":"<!-- This site is optimized with the Yoast SEO plugin v27.4 - https:\/\/yoast.com\/product\/yoast-seo-wordpress\/ -->\n<title>El hijo menor de Carlos Menem confes\u00f3 por qu\u00e9 se alegr\u00f3 de su muerte - Fm Gente<\/title>\n<meta name=\"robots\" content=\"index, follow, max-snippet:-1, max-image-preview:large, max-video-preview:-1\" \/>\n<link rel=\"canonical\" href=\"https:\/\/fmgente.com.ar\/web\/el-hijo-menor-de-carlos-menem-confeso-por-que-se-alegro-de-su-muerte\/\" \/>\n<meta property=\"og:locale\" content=\"es_ES\" \/>\n<meta property=\"og:type\" content=\"article\" \/>\n<meta property=\"og:title\" content=\"El hijo menor de Carlos Menem confes\u00f3 por qu\u00e9 se alegr\u00f3 de su muerte - Fm Gente\" \/>\n<meta property=\"og:description\" content=\"M\u00e1ximo Menem Bolocco, hijo de Cecilia Bolocco y del expresidente argentino Carlos Sa\u00fal Menem, abri\u00f3\" \/>\n<meta property=\"og:url\" content=\"https:\/\/fmgente.com.ar\/web\/el-hijo-menor-de-carlos-menem-confeso-por-que-se-alegro-de-su-muerte\/\" \/>\n<meta property=\"og:site_name\" content=\"Fm Gente\" \/>\n<meta property=\"article:published_time\" content=\"2025-11-12T03:04:54+00:00\" \/>\n<meta property=\"og:image\" content=\"https:\/\/fmgente.com.ar\/web\/wp-content\/uploads\/2025\/11\/Thiago-Medina-Daniela-359x226-14.jpg\" \/>\n\t<meta property=\"og:image:width\" content=\"359\" \/>\n\t<meta property=\"og:image:height\" content=\"226\" \/>\n\t<meta property=\"og:image:type\" content=\"image\/jpeg\" \/>\n<meta name=\"twitter:card\" content=\"summary_large_image\" \/>\n<meta name=\"twitter:label1\" content=\"Tiempo de lectura\" \/>\n\t<meta name=\"twitter:data1\" content=\"2 minutos\" \/>\n<script type=\"application\/ld+json\" class=\"yoast-schema-graph\">{\"@context\":\"https:\\\/\\\/schema.org\",\"@graph\":[{\"@type\":\"Article\",\"@id\":\"https:\\\/\\\/fmgente.com.ar\\\/web\\\/el-hijo-menor-de-carlos-menem-confeso-por-que-se-alegro-de-su-muerte\\\/#article\",\"isPartOf\":{\"@id\":\"https:\\\/\\\/fmgente.com.ar\\\/web\\\/el-hijo-menor-de-carlos-menem-confeso-por-que-se-alegro-de-su-muerte\\\/\"},\"author\":{\"name\":\"\",\"@id\":\"\"},\"headline\":\"El hijo menor de Carlos Menem confes\u00f3 por qu\u00e9 se alegr\u00f3 de su muerte\",\"datePublished\":\"2025-11-12T03:04:54+00:00\",\"mainEntityOfPage\":{\"@id\":\"https:\\\/\\\/fmgente.com.ar\\\/web\\\/el-hijo-menor-de-carlos-menem-confeso-por-que-se-alegro-de-su-muerte\\\/\"},\"wordCount\":445,\"publisher\":{\"@id\":\"https:\\\/\\\/fmgente.com.ar\\\/web\\\/#organization\"},\"image\":{\"@id\":\"https:\\\/\\\/fmgente.com.ar\\\/web\\\/el-hijo-menor-de-carlos-menem-confeso-por-que-se-alegro-de-su-muerte\\\/#primaryimage\"},\"thumbnailUrl\":\"https:\\\/\\\/fmgente.com.ar\\\/web\\\/wp-content\\\/uploads\\\/2025\\\/11\\\/Thiago-Medina-Daniela-359x226-14.jpg\",\"articleSection\":[\"DESTACADAS\"],\"inLanguage\":\"es\"},{\"@type\":\"WebPage\",\"@id\":\"https:\\\/\\\/fmgente.com.ar\\\/web\\\/el-hijo-menor-de-carlos-menem-confeso-por-que-se-alegro-de-su-muerte\\\/\",\"url\":\"https:\\\/\\\/fmgente.com.ar\\\/web\\\/el-hijo-menor-de-carlos-menem-confeso-por-que-se-alegro-de-su-muerte\\\/\",\"name\":\"El hijo menor de Carlos Menem confes\u00f3 por qu\u00e9 se alegr\u00f3 de su muerte - Fm Gente\",\"isPartOf\":{\"@id\":\"https:\\\/\\\/fmgente.com.ar\\\/web\\\/#website\"},\"primaryImageOfPage\":{\"@id\":\"https:\\\/\\\/fmgente.com.ar\\\/web\\\/el-hijo-menor-de-carlos-menem-confeso-por-que-se-alegro-de-su-muerte\\\/#primaryimage\"},\"image\":{\"@id\":\"https:\\\/\\\/fmgente.com.ar\\\/web\\\/el-hijo-menor-de-carlos-menem-confeso-por-que-se-alegro-de-su-muerte\\\/#primaryimage\"},\"thumbnailUrl\":\"https:\\\/\\\/fmgente.com.ar\\\/web\\\/wp-content\\\/uploads\\\/2025\\\/11\\\/Thiago-Medina-Daniela-359x226-14.jpg\",\"datePublished\":\"2025-11-12T03:04:54+00:00\",\"inLanguage\":\"es\",\"potentialAction\":[{\"@type\":\"ReadAction\",\"target\":[\"https:\\\/\\\/fmgente.com.ar\\\/web\\\/el-hijo-menor-de-carlos-menem-confeso-por-que-se-alegro-de-su-muerte\\\/\"]}]},{\"@type\":\"ImageObject\",\"inLanguage\":\"es\",\"@id\":\"https:\\\/\\\/fmgente.com.ar\\\/web\\\/el-hijo-menor-de-carlos-menem-confeso-por-que-se-alegro-de-su-muerte\\\/#primaryimage\",\"url\":\"https:\\\/\\\/fmgente.com.ar\\\/web\\\/wp-content\\\/uploads\\\/2025\\\/11\\\/Thiago-Medina-Daniela-359x226-14.jpg\",\"contentUrl\":\"https:\\\/\\\/fmgente.com.ar\\\/web\\\/wp-content\\\/uploads\\\/2025\\\/11\\\/Thiago-Medina-Daniela-359x226-14.jpg\",\"width\":359,\"height\":226},{\"@type\":\"WebSite\",\"@id\":\"https:\\\/\\\/fmgente.com.ar\\\/web\\\/#website\",\"url\":\"https:\\\/\\\/fmgente.com.ar\\\/web\\\/\",\"name\":\"Fm Gente\",\"description\":\"- Jes\u00fas Mar\u00eda\",\"publisher\":{\"@id\":\"https:\\\/\\\/fmgente.com.ar\\\/web\\\/#organization\"},\"potentialAction\":[{\"@type\":\"SearchAction\",\"target\":{\"@type\":\"EntryPoint\",\"urlTemplate\":\"https:\\\/\\\/fmgente.com.ar\\\/web\\\/?s={search_term_string}\"},\"query-input\":{\"@type\":\"PropertyValueSpecification\",\"valueRequired\":true,\"valueName\":\"search_term_string\"}}],\"inLanguage\":\"es\"},{\"@type\":\"Organization\",\"@id\":\"https:\\\/\\\/fmgente.com.ar\\\/web\\\/#organization\",\"name\":\"Fm Gente\",\"url\":\"https:\\\/\\\/fmgente.com.ar\\\/web\\\/\",\"logo\":{\"@type\":\"ImageObject\",\"inLanguage\":\"es\",\"@id\":\"https:\\\/\\\/fmgente.com.ar\\\/web\\\/#\\\/schema\\\/logo\\\/image\\\/\",\"url\":\"https:\\\/\\\/fmgente.com.ar\\\/web\\\/wp-content\\\/uploads\\\/2023\\\/07\\\/cropped-cropped-logo-sombra2.png\",\"contentUrl\":\"https:\\\/\\\/fmgente.com.ar\\\/web\\\/wp-content\\\/uploads\\\/2023\\\/07\\\/cropped-cropped-logo-sombra2.png\",\"width\":1782,\"height\":1782,\"caption\":\"Fm Gente\"},\"image\":{\"@id\":\"https:\\\/\\\/fmgente.com.ar\\\/web\\\/#\\\/schema\\\/logo\\\/image\\\/\"}}]}<\/script>\n<!-- \/ Yoast SEO plugin. -->","yoast_head_json":{"title":"El hijo menor de Carlos Menem confes\u00f3 por qu\u00e9 se alegr\u00f3 de su muerte - Fm Gente","robots":{"index":"index","follow":"follow","max-snippet":"max-snippet:-1","max-image-preview":"max-image-preview:large","max-video-preview":"max-video-preview:-1"},"canonical":"https:\/\/fmgente.com.ar\/web\/el-hijo-menor-de-carlos-menem-confeso-por-que-se-alegro-de-su-muerte\/","og_locale":"es_ES","og_type":"article","og_title":"El hijo menor de Carlos Menem confes\u00f3 por qu\u00e9 se alegr\u00f3 de su muerte - Fm Gente","og_description":"M\u00e1ximo Menem Bolocco, hijo de Cecilia Bolocco y del expresidente argentino Carlos Sa\u00fal Menem, abri\u00f3","og_url":"https:\/\/fmgente.com.ar\/web\/el-hijo-menor-de-carlos-menem-confeso-por-que-se-alegro-de-su-muerte\/","og_site_name":"Fm Gente","article_published_time":"2025-11-12T03:04:54+00:00","og_image":[{"width":359,"height":226,"url":"https:\/\/fmgente.com.ar\/web\/wp-content\/uploads\/2025\/11\/Thiago-Medina-Daniela-359x226-14.jpg","type":"image\/jpeg"}],"twitter_card":"summary_large_image","twitter_misc":{"Tiempo de lectura":"2 minutos"},"schema":{"@context":"https:\/\/schema.org","@graph":[{"@type":"Article","@id":"https:\/\/fmgente.com.ar\/web\/el-hijo-menor-de-carlos-menem-confeso-por-que-se-alegro-de-su-muerte\/#article","isPartOf":{"@id":"https:\/\/fmgente.com.ar\/web\/el-hijo-menor-de-carlos-menem-confeso-por-que-se-alegro-de-su-muerte\/"},"author":{"name":"","@id":""},"headline":"El hijo menor de Carlos Menem confes\u00f3 por qu\u00e9 se alegr\u00f3 de su muerte","datePublished":"2025-11-12T03:04:54+00:00","mainEntityOfPage":{"@id":"https:\/\/fmgente.com.ar\/web\/el-hijo-menor-de-carlos-menem-confeso-por-que-se-alegro-de-su-muerte\/"},"wordCount":445,"publisher":{"@id":"https:\/\/fmgente.com.ar\/web\/#organization"},"image":{"@id":"https:\/\/fmgente.com.ar\/web\/el-hijo-menor-de-carlos-menem-confeso-por-que-se-alegro-de-su-muerte\/#primaryimage"},"thumbnailUrl":"https:\/\/fmgente.com.ar\/web\/wp-content\/uploads\/2025\/11\/Thiago-Medina-Daniela-359x226-14.jpg","articleSection":["DESTACADAS"],"inLanguage":"es"},{"@type":"WebPage","@id":"https:\/\/fmgente.com.ar\/web\/el-hijo-menor-de-carlos-menem-confeso-por-que-se-alegro-de-su-muerte\/","url":"https:\/\/fmgente.com.ar\/web\/el-hijo-menor-de-carlos-menem-confeso-por-que-se-alegro-de-su-muerte\/","name":"El hijo menor de Carlos Menem confes\u00f3 por qu\u00e9 se alegr\u00f3 de su muerte - Fm Gente","isPartOf":{"@id":"https:\/\/fmgente.com.ar\/web\/#website"},"primaryImageOfPage":{"@id":"https:\/\/fmgente.com.ar\/web\/el-hijo-menor-de-carlos-menem-confeso-por-que-se-alegro-de-su-muerte\/#primaryimage"},"image":{"@id":"https:\/\/fmgente.com.ar\/web\/el-hijo-menor-de-carlos-menem-confeso-por-que-se-alegro-de-su-muerte\/#primaryimage"},"thumbnailUrl":"https:\/\/fmgente.com.ar\/web\/wp-content\/uploads\/2025\/11\/Thiago-Medina-Daniela-359x226-14.jpg","datePublished":"2025-11-12T03:04:54+00:00","inLanguage":"es","potentialAction":[{"@type":"ReadAction","target":["https:\/\/fmgente.com.ar\/web\/el-hijo-menor-de-carlos-menem-confeso-por-que-se-alegro-de-su-muerte\/"]}]},{"@type":"ImageObject","inLanguage":"es","@id":"https:\/\/fmgente.com.ar\/web\/el-hijo-menor-de-carlos-menem-confeso-por-que-se-alegro-de-su-muerte\/#primaryimage","url":"https:\/\/fmgente.com.ar\/web\/wp-content\/uploads\/2025\/11\/Thiago-Medina-Daniela-359x226-14.jpg","contentUrl":"https:\/\/fmgente.com.ar\/web\/wp-content\/uploads\/2025\/11\/Thiago-Medina-Daniela-359x226-14.jpg","width":359,"height":226},{"@type":"WebSite","@id":"https:\/\/fmgente.com.ar\/web\/#website","url":"https:\/\/fmgente.com.ar\/web\/","name":"Fm Gente","description":"- Jes\u00fas Mar\u00eda","publisher":{"@id":"https:\/\/fmgente.com.ar\/web\/#organization"},"potentialAction":[{"@type":"SearchAction","target":{"@type":"EntryPoint","urlTemplate":"https:\/\/fmgente.com.ar\/web\/?s={search_term_string}"},"query-input":{"@type":"PropertyValueSpecification","valueRequired":true,"valueName":"search_term_string"}}],"inLanguage":"es"},{"@type":"Organization","@id":"https:\/\/fmgente.com.ar\/web\/#organization","name":"Fm Gente","url":"https:\/\/fmgente.com.ar\/web\/","logo":{"@type":"ImageObject","inLanguage":"es","@id":"https:\/\/fmgente.com.ar\/web\/#\/schema\/logo\/image\/","url":"https:\/\/fmgente.com.ar\/web\/wp-content\/uploads\/2023\/07\/cropped-cropped-logo-sombra2.png","contentUrl":"https:\/\/fmgente.com.ar\/web\/wp-content\/uploads\/2023\/07\/cropped-cropped-logo-sombra2.png","width":1782,"height":1782,"caption":"Fm Gente"},"image":{"@id":"https:\/\/fmgente.com.ar\/web\/#\/schema\/logo\/image\/"}}]}},"_links":{"self":[{"href":"https:\/\/fmgente.com.ar\/web\/wp-json\/wp\/v2\/posts\/9416","targetHints":{"allow":["GET"]}}],"collection":[{"href":"https:\/\/fmgente.com.ar\/web\/wp-json\/wp\/v2\/posts"}],"about":[{"href":"https:\/\/fmgente.com.ar\/web\/wp-json\/wp\/v2\/types\/post"}],"replies":[{"embeddable":true,"href":"https:\/\/fmgente.com.ar\/web\/wp-json\/wp\/v2\/comments?post=9416"}],"version-history":[{"count":0,"href":"https:\/\/fmgente.com.ar\/web\/wp-json\/wp\/v2\/posts\/9416\/revisions"}],"wp:featuredmedia":[{"embeddable":true,"href":"https:\/\/fmgente.com.ar\/web\/wp-json\/wp\/v2\/media\/9417"}],"wp:attachment":[{"href":"https:\/\/fmgente.com.ar\/web\/wp-json\/wp\/v2\/media?parent=9416"}],"wp:term":[{"taxonomy":"category","embeddable":true,"href":"https:\/\/fmgente.com.ar\/web\/wp-json\/wp\/v2\/categories?post=9416"},{"taxonomy":"post_tag","embeddable":true,"href":"https:\/\/fmgente.com.ar\/web\/wp-json\/wp\/v2\/tags?post=9416"}],"curies":[{"name":"wp","href":"https:\/\/api.w.org\/{rel}","templated":true}]}}