{"id":9414,"date":"2025-11-12T00:04:54","date_gmt":"2025-11-12T03:04:54","guid":{"rendered":"https:\/\/fmgente.com.ar\/se-separo-lola-cordero-de-su-novio-tras-dos-anos-en-pareja\/"},"modified":"2025-11-12T00:04:54","modified_gmt":"2025-11-12T03:04:54","slug":"se-separo-lola-cordero-de-su-novio-tras-dos-anos-en-pareja","status":"publish","type":"post","link":"https:\/\/fmgente.com.ar\/web\/se-separo-lola-cordero-de-su-novio-tras-dos-anos-en-pareja\/","title":{"rendered":"Se separ\u00f3 Lola Cordero de su novio tras dos a\u00f1os en pareja"},"content":{"rendered":"<p>Durante las \u00faltimas horas, en LAM dieron una primicia que nadie esperaba: una separaci\u00f3n. Se trata de nada m\u00e1s, ni nada menos que <a href=\"https:\/\/www.paparazzi.com.ar\/?s=Lola+Cordero\">Lola Cordero<\/a>. Todo se dio cuando Carmela Barbaro revel\u00f3 que ten\u00eda una noticia para dar y comenz\u00f3 a revelar pistas. <\/p>\n<p>Entre la angelita y \u00c1ngel de Brito revelaron que se trataba de una famosa que es una gran artista, pero que pocos conocen todas sus facetas. Adem\u00e1s, tambi\u00e9n contaron la figura se encontraba en pareja hace algunos a\u00f1os y que alguien pod\u00eda ponerse feliz por su ruptura. <\/p>\n<p>Fue entonces que Carmela B\u00e1rbaro lanz\u00f3: \u00abLa separada es Lola Cordero\u00bb. Si bien no dieron muchos detalles sobre el motivo, se sabe que la famosa lo confirm\u00f3 y revel\u00f3 que es reciente. Cabe recordar que Lola all\u00e1 por el 2023 hab\u00eda blanqueado su romance. <\/p>\n<div class=\"mt-box \">\n<h4 class=\"mt-heading\">Mir\u00e1 Tambi\u00e9n<\/h4>\n<p><a href=\"https:\/\/www.paparazzi.com.ar\/videos\/exclusivo-la-sensible-revelacion-de-luis-ventura-sobre-sus-noches-duermo-con-los-seres-queridos-que-ya-partieron\/\"><\/p>\n<div class=\"mt-content\">\n<div class=\"mt-image-container\"><img decoding=\"async\" src=\"https:\/\/www.paparazzi.com.ar\/wp-content\/uploads\/2025\/11\/Ventura-1-359x226.jpg\" alt=\"\u00a1Exclusivo! La sensible revelaci\u00f3n de Luis Ventura sobre sus noches: &quot;Duermo con los seres queridos que ya partieron&quot;\" class=\"mt-image\" loading=\"lazy\" \/><\/div>\n<h5 class=\"mt-title\">\u00a1Exclusivo! La sensible revelaci\u00f3n de Luis Ventura sobre sus noches: \u00abDuermo con los seres queridos que ya partieron\u00bb<\/h5>\n<\/div>\n<p><\/a><\/div>\n<p>En aquel momento, Cordero hab\u00eda contado que no quer\u00eda dar muchos detalles porque su pareja prefer\u00eda mantener un bajo perfil: \u00ab<em>S\u00ed,\u00a0estoy en pareja hace unos meses, estoy muy contenta, muy feliz,\u00a0muy bien acompa\u00f1ada,muy bien tratada. No decimos m\u00e1s porque la realidad es que yo no tengo m\u00e1s ganas de exponer parejas, ni relaciones, a partir de ahora la \u00fanica artista de la casa soy yo\u00bb. <\/em><\/p>\n<h2 class=\"wp-block-heading\">EL AMOR DE LOLA CORDERO<\/h2>\n<p>Fue en Cr\u00f3nica donde dieron la primicia en el 2023 sobre el nuevo novio de <strong>Lola<\/strong>: <em>\u00abLola Cordero est\u00e1 enamorada de un abogado.\u00a0Hace 4 meses que est\u00e1n juntos. Lola est\u00e1 separada de Alexis Puig.\u00a0Fue tormentosa la separaci\u00f3n y el divorcio. Se lo merece\u00bb. <\/em><\/p>\n<p>Por el momento, <strong>Lola Cordero<\/strong> no dijo nada al respecto sobre su separaci\u00f3n. La famosa decidi\u00f3 mantenerse en silencio para evitar pol\u00e9micas, pero le confirm\u00f3 la noticia a <strong>Carmela B\u00e1rbaro<\/strong> en LAM. <\/p>\n<div class=\"mt-box \">\n<h4 class=\"mt-heading\">Mir\u00e1 Tambi\u00e9n<\/h4>\n<p><a href=\"https:\/\/www.paparazzi.com.ar\/internacionales\/paris-jackson-confeso-como-las-drogas-le-arruinaron-la-vida-mi-tabique-esta\/\"><\/p>\n<div class=\"mt-content\">\n<div class=\"mt-image-container\"><img decoding=\"async\" src=\"https:\/\/www.paparazzi.com.ar\/wp-content\/uploads\/2025\/11\/image-143-359x226.png\" alt=\"Paris Jackson confes\u00f3 c\u00f3mo las drogas le arruinaron la vida: &quot;Mi tabique est\u00e1\u2026&quot;\" class=\"mt-image\" loading=\"lazy\" \/><\/div>\n<h5 class=\"mt-title\">Paris Jackson confes\u00f3 c\u00f3mo las drogas le arruinaron la vida: \u00abMi tabique est\u00e1\u2026\u00bb<\/h5>\n<\/div>\n<p><\/a><\/div>\n<div class=\"mt-box \">\n<h4 class=\"mt-heading\">Mir\u00e1 Tambi\u00e9n<\/h4>\n<p><a href=\"https:\/\/www.paparazzi.com.ar\/teve\/mauro-icardi-fue-citado-por-la-directora-del-colegio-de-sus-hijas-el-enorme-problema-que-enfrentan\/\"><\/p>\n<div class=\"mt-content\">\n<div class=\"mt-image-container\"><img decoding=\"async\" src=\"https:\/\/www.paparazzi.com.ar\/wp-content\/uploads\/2025\/09\/Mauro-Icardi-hijas-Wanda-Nara.jpg.webp\" alt=\"Mauro Icardi fue citado por la directora del colegio de sus hijas: el enorme problema que enfrentan\" class=\"mt-image\" loading=\"lazy\" \/><\/div>\n<h5 class=\"mt-title\">Mauro Icardi fue citado por la directora del colegio de sus hijas: el enorme problema que enfrentan<\/h5>\n<\/div>\n<p><\/a><\/div>\n<p>The post <a href=\"https:\/\/www.paparazzi.com.ar\/teve\/se-separo-lola-cordero-de-su-novio-tras-dos-anos-en-pareja\/\">Se separ\u00f3 Lola Cordero de su novio tras dos a\u00f1os en pareja<\/a> appeared first on <a href=\"https:\/\/www.paparazzi.com.ar\">Revista Paparazzi<\/a>.<\/p>\n","protected":false},"excerpt":{"rendered":"<p>Durante las \u00faltimas horas, en LAM dieron una primicia que nadie esperaba: una separaci\u00f3n. Se<\/p>\n","protected":false},"author":0,"featured_media":9415,"comment_status":"","ping_status":"","sticky":false,"template":"","format":"standard","meta":{"footnotes":""},"categories":[11],"tags":[],"class_list":["post-9414","post","type-post","status-publish","format-standard","has-post-thumbnail","hentry","category-destacadas"],"yoast_head":"<!-- This site is optimized with the Yoast SEO plugin v27.4 - https:\/\/yoast.com\/product\/yoast-seo-wordpress\/ -->\n<title>Se separ\u00f3 Lola Cordero de su novio tras dos a\u00f1os en pareja - Fm Gente<\/title>\n<meta name=\"robots\" content=\"index, follow, max-snippet:-1, max-image-preview:large, max-video-preview:-1\" \/>\n<link rel=\"canonical\" href=\"https:\/\/fmgente.com.ar\/web\/se-separo-lola-cordero-de-su-novio-tras-dos-anos-en-pareja\/\" \/>\n<meta property=\"og:locale\" content=\"es_ES\" \/>\n<meta property=\"og:type\" content=\"article\" \/>\n<meta property=\"og:title\" content=\"Se separ\u00f3 Lola Cordero de su novio tras dos a\u00f1os en pareja - Fm Gente\" \/>\n<meta property=\"og:description\" content=\"Durante las \u00faltimas horas, en LAM dieron una primicia que nadie esperaba: una separaci\u00f3n. Se\" \/>\n<meta property=\"og:url\" content=\"https:\/\/fmgente.com.ar\/web\/se-separo-lola-cordero-de-su-novio-tras-dos-anos-en-pareja\/\" \/>\n<meta property=\"og:site_name\" content=\"Fm Gente\" \/>\n<meta property=\"article:published_time\" content=\"2025-11-12T03:04:54+00:00\" \/>\n<meta property=\"og:image\" content=\"https:\/\/fmgente.com.ar\/web\/wp-content\/uploads\/2025\/11\/Ventura-1-359x226-5.jpg\" \/>\n\t<meta property=\"og:image:width\" content=\"359\" \/>\n\t<meta property=\"og:image:height\" content=\"226\" \/>\n\t<meta property=\"og:image:type\" content=\"image\/jpeg\" \/>\n<meta name=\"twitter:card\" content=\"summary_large_image\" \/>\n<meta name=\"twitter:label1\" content=\"Tiempo de lectura\" \/>\n\t<meta name=\"twitter:data1\" content=\"2 minutos\" \/>\n<script type=\"application\/ld+json\" class=\"yoast-schema-graph\">{\"@context\":\"https:\\\/\\\/schema.org\",\"@graph\":[{\"@type\":\"Article\",\"@id\":\"https:\\\/\\\/fmgente.com.ar\\\/web\\\/se-separo-lola-cordero-de-su-novio-tras-dos-anos-en-pareja\\\/#article\",\"isPartOf\":{\"@id\":\"https:\\\/\\\/fmgente.com.ar\\\/web\\\/se-separo-lola-cordero-de-su-novio-tras-dos-anos-en-pareja\\\/\"},\"author\":{\"name\":\"\",\"@id\":\"\"},\"headline\":\"Se separ\u00f3 Lola Cordero de su novio tras dos a\u00f1os en pareja\",\"datePublished\":\"2025-11-12T03:04:54+00:00\",\"mainEntityOfPage\":{\"@id\":\"https:\\\/\\\/fmgente.com.ar\\\/web\\\/se-separo-lola-cordero-de-su-novio-tras-dos-anos-en-pareja\\\/\"},\"wordCount\":394,\"publisher\":{\"@id\":\"https:\\\/\\\/fmgente.com.ar\\\/web\\\/#organization\"},\"image\":{\"@id\":\"https:\\\/\\\/fmgente.com.ar\\\/web\\\/se-separo-lola-cordero-de-su-novio-tras-dos-anos-en-pareja\\\/#primaryimage\"},\"thumbnailUrl\":\"https:\\\/\\\/fmgente.com.ar\\\/web\\\/wp-content\\\/uploads\\\/2025\\\/11\\\/Ventura-1-359x226-5.jpg\",\"articleSection\":[\"DESTACADAS\"],\"inLanguage\":\"es\"},{\"@type\":\"WebPage\",\"@id\":\"https:\\\/\\\/fmgente.com.ar\\\/web\\\/se-separo-lola-cordero-de-su-novio-tras-dos-anos-en-pareja\\\/\",\"url\":\"https:\\\/\\\/fmgente.com.ar\\\/web\\\/se-separo-lola-cordero-de-su-novio-tras-dos-anos-en-pareja\\\/\",\"name\":\"Se separ\u00f3 Lola Cordero de su novio tras dos a\u00f1os en pareja - Fm Gente\",\"isPartOf\":{\"@id\":\"https:\\\/\\\/fmgente.com.ar\\\/web\\\/#website\"},\"primaryImageOfPage\":{\"@id\":\"https:\\\/\\\/fmgente.com.ar\\\/web\\\/se-separo-lola-cordero-de-su-novio-tras-dos-anos-en-pareja\\\/#primaryimage\"},\"image\":{\"@id\":\"https:\\\/\\\/fmgente.com.ar\\\/web\\\/se-separo-lola-cordero-de-su-novio-tras-dos-anos-en-pareja\\\/#primaryimage\"},\"thumbnailUrl\":\"https:\\\/\\\/fmgente.com.ar\\\/web\\\/wp-content\\\/uploads\\\/2025\\\/11\\\/Ventura-1-359x226-5.jpg\",\"datePublished\":\"2025-11-12T03:04:54+00:00\",\"inLanguage\":\"es\",\"potentialAction\":[{\"@type\":\"ReadAction\",\"target\":[\"https:\\\/\\\/fmgente.com.ar\\\/web\\\/se-separo-lola-cordero-de-su-novio-tras-dos-anos-en-pareja\\\/\"]}]},{\"@type\":\"ImageObject\",\"inLanguage\":\"es\",\"@id\":\"https:\\\/\\\/fmgente.com.ar\\\/web\\\/se-separo-lola-cordero-de-su-novio-tras-dos-anos-en-pareja\\\/#primaryimage\",\"url\":\"https:\\\/\\\/fmgente.com.ar\\\/web\\\/wp-content\\\/uploads\\\/2025\\\/11\\\/Ventura-1-359x226-5.jpg\",\"contentUrl\":\"https:\\\/\\\/fmgente.com.ar\\\/web\\\/wp-content\\\/uploads\\\/2025\\\/11\\\/Ventura-1-359x226-5.jpg\",\"width\":359,\"height\":226},{\"@type\":\"WebSite\",\"@id\":\"https:\\\/\\\/fmgente.com.ar\\\/web\\\/#website\",\"url\":\"https:\\\/\\\/fmgente.com.ar\\\/web\\\/\",\"name\":\"Fm Gente\",\"description\":\"- Jes\u00fas Mar\u00eda\",\"publisher\":{\"@id\":\"https:\\\/\\\/fmgente.com.ar\\\/web\\\/#organization\"},\"potentialAction\":[{\"@type\":\"SearchAction\",\"target\":{\"@type\":\"EntryPoint\",\"urlTemplate\":\"https:\\\/\\\/fmgente.com.ar\\\/web\\\/?s={search_term_string}\"},\"query-input\":{\"@type\":\"PropertyValueSpecification\",\"valueRequired\":true,\"valueName\":\"search_term_string\"}}],\"inLanguage\":\"es\"},{\"@type\":\"Organization\",\"@id\":\"https:\\\/\\\/fmgente.com.ar\\\/web\\\/#organization\",\"name\":\"Fm Gente\",\"url\":\"https:\\\/\\\/fmgente.com.ar\\\/web\\\/\",\"logo\":{\"@type\":\"ImageObject\",\"inLanguage\":\"es\",\"@id\":\"https:\\\/\\\/fmgente.com.ar\\\/web\\\/#\\\/schema\\\/logo\\\/image\\\/\",\"url\":\"https:\\\/\\\/fmgente.com.ar\\\/web\\\/wp-content\\\/uploads\\\/2023\\\/07\\\/cropped-cropped-logo-sombra2.png\",\"contentUrl\":\"https:\\\/\\\/fmgente.com.ar\\\/web\\\/wp-content\\\/uploads\\\/2023\\\/07\\\/cropped-cropped-logo-sombra2.png\",\"width\":1782,\"height\":1782,\"caption\":\"Fm Gente\"},\"image\":{\"@id\":\"https:\\\/\\\/fmgente.com.ar\\\/web\\\/#\\\/schema\\\/logo\\\/image\\\/\"}}]}<\/script>\n<!-- \/ Yoast SEO plugin. -->","yoast_head_json":{"title":"Se separ\u00f3 Lola Cordero de su novio tras dos a\u00f1os en pareja - Fm Gente","robots":{"index":"index","follow":"follow","max-snippet":"max-snippet:-1","max-image-preview":"max-image-preview:large","max-video-preview":"max-video-preview:-1"},"canonical":"https:\/\/fmgente.com.ar\/web\/se-separo-lola-cordero-de-su-novio-tras-dos-anos-en-pareja\/","og_locale":"es_ES","og_type":"article","og_title":"Se separ\u00f3 Lola Cordero de su novio tras dos a\u00f1os en pareja - Fm Gente","og_description":"Durante las \u00faltimas horas, en LAM dieron una primicia que nadie esperaba: una separaci\u00f3n. Se","og_url":"https:\/\/fmgente.com.ar\/web\/se-separo-lola-cordero-de-su-novio-tras-dos-anos-en-pareja\/","og_site_name":"Fm Gente","article_published_time":"2025-11-12T03:04:54+00:00","og_image":[{"width":359,"height":226,"url":"https:\/\/fmgente.com.ar\/web\/wp-content\/uploads\/2025\/11\/Ventura-1-359x226-5.jpg","type":"image\/jpeg"}],"twitter_card":"summary_large_image","twitter_misc":{"Tiempo de lectura":"2 minutos"},"schema":{"@context":"https:\/\/schema.org","@graph":[{"@type":"Article","@id":"https:\/\/fmgente.com.ar\/web\/se-separo-lola-cordero-de-su-novio-tras-dos-anos-en-pareja\/#article","isPartOf":{"@id":"https:\/\/fmgente.com.ar\/web\/se-separo-lola-cordero-de-su-novio-tras-dos-anos-en-pareja\/"},"author":{"name":"","@id":""},"headline":"Se separ\u00f3 Lola Cordero de su novio tras dos a\u00f1os en pareja","datePublished":"2025-11-12T03:04:54+00:00","mainEntityOfPage":{"@id":"https:\/\/fmgente.com.ar\/web\/se-separo-lola-cordero-de-su-novio-tras-dos-anos-en-pareja\/"},"wordCount":394,"publisher":{"@id":"https:\/\/fmgente.com.ar\/web\/#organization"},"image":{"@id":"https:\/\/fmgente.com.ar\/web\/se-separo-lola-cordero-de-su-novio-tras-dos-anos-en-pareja\/#primaryimage"},"thumbnailUrl":"https:\/\/fmgente.com.ar\/web\/wp-content\/uploads\/2025\/11\/Ventura-1-359x226-5.jpg","articleSection":["DESTACADAS"],"inLanguage":"es"},{"@type":"WebPage","@id":"https:\/\/fmgente.com.ar\/web\/se-separo-lola-cordero-de-su-novio-tras-dos-anos-en-pareja\/","url":"https:\/\/fmgente.com.ar\/web\/se-separo-lola-cordero-de-su-novio-tras-dos-anos-en-pareja\/","name":"Se separ\u00f3 Lola Cordero de su novio tras dos a\u00f1os en pareja - Fm Gente","isPartOf":{"@id":"https:\/\/fmgente.com.ar\/web\/#website"},"primaryImageOfPage":{"@id":"https:\/\/fmgente.com.ar\/web\/se-separo-lola-cordero-de-su-novio-tras-dos-anos-en-pareja\/#primaryimage"},"image":{"@id":"https:\/\/fmgente.com.ar\/web\/se-separo-lola-cordero-de-su-novio-tras-dos-anos-en-pareja\/#primaryimage"},"thumbnailUrl":"https:\/\/fmgente.com.ar\/web\/wp-content\/uploads\/2025\/11\/Ventura-1-359x226-5.jpg","datePublished":"2025-11-12T03:04:54+00:00","inLanguage":"es","potentialAction":[{"@type":"ReadAction","target":["https:\/\/fmgente.com.ar\/web\/se-separo-lola-cordero-de-su-novio-tras-dos-anos-en-pareja\/"]}]},{"@type":"ImageObject","inLanguage":"es","@id":"https:\/\/fmgente.com.ar\/web\/se-separo-lola-cordero-de-su-novio-tras-dos-anos-en-pareja\/#primaryimage","url":"https:\/\/fmgente.com.ar\/web\/wp-content\/uploads\/2025\/11\/Ventura-1-359x226-5.jpg","contentUrl":"https:\/\/fmgente.com.ar\/web\/wp-content\/uploads\/2025\/11\/Ventura-1-359x226-5.jpg","width":359,"height":226},{"@type":"WebSite","@id":"https:\/\/fmgente.com.ar\/web\/#website","url":"https:\/\/fmgente.com.ar\/web\/","name":"Fm Gente","description":"- Jes\u00fas Mar\u00eda","publisher":{"@id":"https:\/\/fmgente.com.ar\/web\/#organization"},"potentialAction":[{"@type":"SearchAction","target":{"@type":"EntryPoint","urlTemplate":"https:\/\/fmgente.com.ar\/web\/?s={search_term_string}"},"query-input":{"@type":"PropertyValueSpecification","valueRequired":true,"valueName":"search_term_string"}}],"inLanguage":"es"},{"@type":"Organization","@id":"https:\/\/fmgente.com.ar\/web\/#organization","name":"Fm Gente","url":"https:\/\/fmgente.com.ar\/web\/","logo":{"@type":"ImageObject","inLanguage":"es","@id":"https:\/\/fmgente.com.ar\/web\/#\/schema\/logo\/image\/","url":"https:\/\/fmgente.com.ar\/web\/wp-content\/uploads\/2023\/07\/cropped-cropped-logo-sombra2.png","contentUrl":"https:\/\/fmgente.com.ar\/web\/wp-content\/uploads\/2023\/07\/cropped-cropped-logo-sombra2.png","width":1782,"height":1782,"caption":"Fm Gente"},"image":{"@id":"https:\/\/fmgente.com.ar\/web\/#\/schema\/logo\/image\/"}}]}},"_links":{"self":[{"href":"https:\/\/fmgente.com.ar\/web\/wp-json\/wp\/v2\/posts\/9414","targetHints":{"allow":["GET"]}}],"collection":[{"href":"https:\/\/fmgente.com.ar\/web\/wp-json\/wp\/v2\/posts"}],"about":[{"href":"https:\/\/fmgente.com.ar\/web\/wp-json\/wp\/v2\/types\/post"}],"replies":[{"embeddable":true,"href":"https:\/\/fmgente.com.ar\/web\/wp-json\/wp\/v2\/comments?post=9414"}],"version-history":[{"count":0,"href":"https:\/\/fmgente.com.ar\/web\/wp-json\/wp\/v2\/posts\/9414\/revisions"}],"wp:featuredmedia":[{"embeddable":true,"href":"https:\/\/fmgente.com.ar\/web\/wp-json\/wp\/v2\/media\/9415"}],"wp:attachment":[{"href":"https:\/\/fmgente.com.ar\/web\/wp-json\/wp\/v2\/media?parent=9414"}],"wp:term":[{"taxonomy":"category","embeddable":true,"href":"https:\/\/fmgente.com.ar\/web\/wp-json\/wp\/v2\/categories?post=9414"},{"taxonomy":"post_tag","embeddable":true,"href":"https:\/\/fmgente.com.ar\/web\/wp-json\/wp\/v2\/tags?post=9414"}],"curies":[{"name":"wp","href":"https:\/\/api.w.org\/{rel}","templated":true}]}}