{"id":9412,"date":"2025-11-12T00:04:52","date_gmt":"2025-11-12T03:04:52","guid":{"rendered":"https:\/\/fmgente.com.ar\/el-accidente-que-tuvo-momi-giardina-en-masterchef-y-que-asusto-a-todo-mundo\/"},"modified":"2025-11-12T00:04:52","modified_gmt":"2025-11-12T03:04:52","slug":"el-accidente-que-tuvo-momi-giardina-en-masterchef-y-que-asusto-a-todo-mundo","status":"publish","type":"post","link":"https:\/\/fmgente.com.ar\/web\/el-accidente-que-tuvo-momi-giardina-en-masterchef-y-que-asusto-a-todo-mundo\/","title":{"rendered":"El accidente que tuvo Momi Giardina en MasterChef y que asust\u00f3 a todo mundo"},"content":{"rendered":"<p>Fue una noche cargada de tensi\u00f3n en MasterChef, donde los participantes se enfrentaban a la temida gala de \u00faltima oportunidad. El desaf\u00edo consist\u00eda en preparar un pionono desde cero, una prueba que exig\u00eda precisi\u00f3n y rapidez. En medio del caos de la cocina, <strong><a href=\"https:\/\/www.paparazzi.com.ar\/tag\/momi-giardina\/\">Momi Giardina<\/a><\/strong> vivi\u00f3 un accidente que asust\u00f3 a todos los presentes y cambi\u00f3 por un instante el clima del estudio.<\/p>\n<p>Todo comenz\u00f3 cuando la influencer trabajaba contra reloj en la preparaci\u00f3n de la masa. Concentrada, decidi\u00f3 agregar la miel con ayuda de una cuchara, pero un mal movimiento bast\u00f3 para que el utensilio cayera dentro de la amasadora. <em>\u201cAy, se me cay\u00f3 la cuchara adentro\u201d<\/em>, exclam\u00f3 con sorpresa, dejando a sus compa\u00f1eros congelados por un segundo.<\/p>\n<p>La <a href=\"https:\/\/www.paparazzi.com.ar\/teve\/momi-giardina-le-grito-a-wanda-nara-y-armo-un-escandalo-en-masterchef\/\">participante<\/a> actu\u00f3 de inmediato y detuvo la m\u00e1quina para evitar que el accidente pasara a mayores. En el estudio se respir\u00f3 un silencio tenso hasta que confirmaron que todo estaba bajo control. Algunos participantes se acercaron para ayudarla, mientras otros observaban con evidente preocupaci\u00f3n el inesperado contratiempo.<\/p>\n<div class=\"mt-box \">\n<h4 class=\"mt-heading\">Mir\u00e1 Tambi\u00e9n<\/h4>\n<p><a href=\"https:\/\/www.paparazzi.com.ar\/videos\/exclusivo-marcelo-polino-hablo-como-nunca-de-su-vida-intima-y-conto-cuando-fue-la-ultima-vez-que-tuvo-sexo-con-una-mujer\/\"><\/p>\n<div class=\"mt-content\">\n<div class=\"mt-image-container\"><img decoding=\"async\" src=\"https:\/\/www.paparazzi.com.ar\/wp-content\/uploads\/2025\/09\/IMG_5980.jpg.webp\" alt=\"\u00a1Exclusivo! Marcelo Polino habl\u00f3 como nunca de su vida \u00edntima y cont\u00f3 cu\u00e1ndo fue la \u00faltima vez que tuvo sexo con una mujer\u00a0\" class=\"mt-image\" loading=\"lazy\" \/><\/div>\n<h5 class=\"mt-title\">\u00a1Exclusivo! Marcelo Polino habl\u00f3 como nunca de su vida \u00edntima y cont\u00f3 cu\u00e1ndo fue la \u00faltima vez que tuvo sexo con una mujer\u00a0<\/h5>\n<\/div>\n<p><\/a><\/div>\n<p><strong>Wanda Nara<\/strong> intervino con su habitual humor para relajar el ambiente, pregunt\u00e1ndole si estaba bien y bromeando sobre la suerte que hab\u00eda tenido. El jurado, por su parte, mantuvo la compostura pero no ocult\u00f3 la sorpresa ante la escena. Fue un instante que mezcl\u00f3 susto, nervios y un poco de show televisivo.<\/p>\n<h2 class=\"wp-block-heading\">EL ACCIDENTE DE MOMI GIARDINA<\/h2>\n<p>Pese al mal momento, <strong><a href=\"https:\/\/www.paparazzi.com.ar\/teve\/german-martitegui-le-confeso-su-amor-a-una-participante-de-masterchef\/\">Giardina<\/a><\/strong> no perdi\u00f3 la concentraci\u00f3n. Limpi\u00f3 el desastre y volvi\u00f3 a empezar desde cero, decidida a no dejarse vencer por el accidente. Su perseverancia fue destacada por los jueces, que valoraron su actitud y el sabor final de su pionono, pese al susto inicial.<\/p>\n<p>Ya m\u00e1s relajada, record\u00f3 la situaci\u00f3n entre risas, asegurando que fue un susto enorme y que jam\u00e1s imagin\u00f3 que una simple cuchara podr\u00eda darle tanto protagonismo en una noche tan tensa dentro de MasterChef.<\/p>\n<div class=\"mt-box \">\n<h4 class=\"mt-heading\">Mir\u00e1 Tambi\u00e9n<\/h4>\n<p><a href=\"https:\/\/www.paparazzi.com.ar\/teve\/mauro-icardi-fue-citado-por-la-directora-del-colegio-de-sus-hijas-el-enorme-problema-que-enfrentan\/\"><\/p>\n<div class=\"mt-content\">\n<div class=\"mt-image-container\"><img decoding=\"async\" src=\"https:\/\/www.paparazzi.com.ar\/wp-content\/uploads\/2025\/09\/Mauro-Icardi-hijas-Wanda-Nara.jpg.webp\" alt=\"Mauro Icardi fue citado por la directora del colegio de sus hijas: el enorme problema que enfrentan\" class=\"mt-image\" loading=\"lazy\" \/><\/div>\n<h5 class=\"mt-title\">Mauro Icardi fue citado por la directora del colegio de sus hijas: el enorme problema que enfrentan<\/h5>\n<\/div>\n<p><\/a><\/div>\n<div class=\"mt-box \">\n<h4 class=\"mt-heading\">Mir\u00e1 Tambi\u00e9n<\/h4>\n<p><a href=\"https:\/\/www.paparazzi.com.ar\/romances\/quien-es-la-famosa-que-comenzo-un-nuevo-romance-tras-separarse-por-una-infidelidad-las-fotos-de-la-pareja\/\"><\/p>\n<div class=\"mt-content\">\n<div class=\"mt-image-container\"><img decoding=\"async\" src=\"https:\/\/www.paparazzi.com.ar\/wp-content\/uploads\/2025\/11\/Quien-es-la-famosa-que-comenzo-un-nuevo-romance-tras-separarse-por-una-infidelidad-las-fotos-de-la-pareja-359x226.jpg\" alt=\"Qui\u00e9n es la famosa que comenz\u00f3 un nuevo romance tras separarse por una infidelidad:  las fotos de la pareja\" class=\"mt-image\" loading=\"lazy\" \/><\/div>\n<h5 class=\"mt-title\">Qui\u00e9n es la famosa que comenz\u00f3 un nuevo romance tras separarse por una infidelidad:  las fotos de la pareja<\/h5>\n<\/div>\n<p><\/a><\/div>\n<p>The post <a href=\"https:\/\/www.paparazzi.com.ar\/teve\/el-accidente-que-tuvo-momi-giardina-en-masterchef-y-que-asusto-a-todo-mundo\/\">El accidente que tuvo Momi Giardina en MasterChef y que asust\u00f3 a todo mundo<\/a> appeared first on <a href=\"https:\/\/www.paparazzi.com.ar\">Revista Paparazzi<\/a>.<\/p>\n","protected":false},"excerpt":{"rendered":"<p>Fue una noche cargada de tensi\u00f3n en MasterChef, donde los participantes se enfrentaban a la<\/p>\n","protected":false},"author":0,"featured_media":9413,"comment_status":"","ping_status":"","sticky":false,"template":"","format":"standard","meta":{"footnotes":""},"categories":[11],"tags":[],"class_list":["post-9412","post","type-post","status-publish","format-standard","has-post-thumbnail","hentry","category-destacadas"],"yoast_head":"<!-- This site is optimized with the Yoast SEO plugin v27.4 - https:\/\/yoast.com\/product\/yoast-seo-wordpress\/ -->\n<title>El accidente que tuvo Momi Giardina en MasterChef y que asust\u00f3 a todo mundo - Fm Gente<\/title>\n<meta name=\"robots\" content=\"index, follow, max-snippet:-1, max-image-preview:large, max-video-preview:-1\" \/>\n<link rel=\"canonical\" href=\"https:\/\/fmgente.com.ar\/web\/el-accidente-que-tuvo-momi-giardina-en-masterchef-y-que-asusto-a-todo-mundo\/\" \/>\n<meta property=\"og:locale\" content=\"es_ES\" \/>\n<meta property=\"og:type\" content=\"article\" \/>\n<meta property=\"og:title\" content=\"El accidente que tuvo Momi Giardina en MasterChef y que asust\u00f3 a todo mundo - Fm Gente\" \/>\n<meta property=\"og:description\" content=\"Fue una noche cargada de tensi\u00f3n en MasterChef, donde los participantes se enfrentaban a la\" \/>\n<meta property=\"og:url\" content=\"https:\/\/fmgente.com.ar\/web\/el-accidente-que-tuvo-momi-giardina-en-masterchef-y-que-asusto-a-todo-mundo\/\" \/>\n<meta property=\"og:site_name\" content=\"Fm Gente\" \/>\n<meta property=\"article:published_time\" content=\"2025-11-12T03:04:52+00:00\" \/>\n<meta property=\"og:image\" content=\"https:\/\/fmgente.com.ar\/web\/wp-content\/uploads\/2025\/11\/IMG_5980.jpg-13.webp\" \/>\n\t<meta property=\"og:image:width\" content=\"1900\" \/>\n\t<meta property=\"og:image:height\" content=\"1425\" \/>\n\t<meta property=\"og:image:type\" content=\"image\/webp\" \/>\n<meta name=\"twitter:card\" content=\"summary_large_image\" \/>\n<meta name=\"twitter:label1\" content=\"Tiempo de lectura\" \/>\n\t<meta name=\"twitter:data1\" content=\"2 minutos\" \/>\n<script type=\"application\/ld+json\" class=\"yoast-schema-graph\">{\"@context\":\"https:\\\/\\\/schema.org\",\"@graph\":[{\"@type\":\"Article\",\"@id\":\"https:\\\/\\\/fmgente.com.ar\\\/web\\\/el-accidente-que-tuvo-momi-giardina-en-masterchef-y-que-asusto-a-todo-mundo\\\/#article\",\"isPartOf\":{\"@id\":\"https:\\\/\\\/fmgente.com.ar\\\/web\\\/el-accidente-que-tuvo-momi-giardina-en-masterchef-y-que-asusto-a-todo-mundo\\\/\"},\"author\":{\"name\":\"\",\"@id\":\"\"},\"headline\":\"El accidente que tuvo Momi Giardina en MasterChef y que asust\u00f3 a todo mundo\",\"datePublished\":\"2025-11-12T03:04:52+00:00\",\"mainEntityOfPage\":{\"@id\":\"https:\\\/\\\/fmgente.com.ar\\\/web\\\/el-accidente-que-tuvo-momi-giardina-en-masterchef-y-que-asusto-a-todo-mundo\\\/\"},\"wordCount\":427,\"publisher\":{\"@id\":\"https:\\\/\\\/fmgente.com.ar\\\/web\\\/#organization\"},\"image\":{\"@id\":\"https:\\\/\\\/fmgente.com.ar\\\/web\\\/el-accidente-que-tuvo-momi-giardina-en-masterchef-y-que-asusto-a-todo-mundo\\\/#primaryimage\"},\"thumbnailUrl\":\"https:\\\/\\\/fmgente.com.ar\\\/web\\\/wp-content\\\/uploads\\\/2025\\\/11\\\/IMG_5980.jpg-13.webp\",\"articleSection\":[\"DESTACADAS\"],\"inLanguage\":\"es\"},{\"@type\":\"WebPage\",\"@id\":\"https:\\\/\\\/fmgente.com.ar\\\/web\\\/el-accidente-que-tuvo-momi-giardina-en-masterchef-y-que-asusto-a-todo-mundo\\\/\",\"url\":\"https:\\\/\\\/fmgente.com.ar\\\/web\\\/el-accidente-que-tuvo-momi-giardina-en-masterchef-y-que-asusto-a-todo-mundo\\\/\",\"name\":\"El accidente que tuvo Momi Giardina en MasterChef y que asust\u00f3 a todo mundo - Fm Gente\",\"isPartOf\":{\"@id\":\"https:\\\/\\\/fmgente.com.ar\\\/web\\\/#website\"},\"primaryImageOfPage\":{\"@id\":\"https:\\\/\\\/fmgente.com.ar\\\/web\\\/el-accidente-que-tuvo-momi-giardina-en-masterchef-y-que-asusto-a-todo-mundo\\\/#primaryimage\"},\"image\":{\"@id\":\"https:\\\/\\\/fmgente.com.ar\\\/web\\\/el-accidente-que-tuvo-momi-giardina-en-masterchef-y-que-asusto-a-todo-mundo\\\/#primaryimage\"},\"thumbnailUrl\":\"https:\\\/\\\/fmgente.com.ar\\\/web\\\/wp-content\\\/uploads\\\/2025\\\/11\\\/IMG_5980.jpg-13.webp\",\"datePublished\":\"2025-11-12T03:04:52+00:00\",\"inLanguage\":\"es\",\"potentialAction\":[{\"@type\":\"ReadAction\",\"target\":[\"https:\\\/\\\/fmgente.com.ar\\\/web\\\/el-accidente-que-tuvo-momi-giardina-en-masterchef-y-que-asusto-a-todo-mundo\\\/\"]}]},{\"@type\":\"ImageObject\",\"inLanguage\":\"es\",\"@id\":\"https:\\\/\\\/fmgente.com.ar\\\/web\\\/el-accidente-que-tuvo-momi-giardina-en-masterchef-y-que-asusto-a-todo-mundo\\\/#primaryimage\",\"url\":\"https:\\\/\\\/fmgente.com.ar\\\/web\\\/wp-content\\\/uploads\\\/2025\\\/11\\\/IMG_5980.jpg-13.webp\",\"contentUrl\":\"https:\\\/\\\/fmgente.com.ar\\\/web\\\/wp-content\\\/uploads\\\/2025\\\/11\\\/IMG_5980.jpg-13.webp\",\"width\":1900,\"height\":1425},{\"@type\":\"WebSite\",\"@id\":\"https:\\\/\\\/fmgente.com.ar\\\/web\\\/#website\",\"url\":\"https:\\\/\\\/fmgente.com.ar\\\/web\\\/\",\"name\":\"Fm Gente\",\"description\":\"- Jes\u00fas Mar\u00eda\",\"publisher\":{\"@id\":\"https:\\\/\\\/fmgente.com.ar\\\/web\\\/#organization\"},\"potentialAction\":[{\"@type\":\"SearchAction\",\"target\":{\"@type\":\"EntryPoint\",\"urlTemplate\":\"https:\\\/\\\/fmgente.com.ar\\\/web\\\/?s={search_term_string}\"},\"query-input\":{\"@type\":\"PropertyValueSpecification\",\"valueRequired\":true,\"valueName\":\"search_term_string\"}}],\"inLanguage\":\"es\"},{\"@type\":\"Organization\",\"@id\":\"https:\\\/\\\/fmgente.com.ar\\\/web\\\/#organization\",\"name\":\"Fm Gente\",\"url\":\"https:\\\/\\\/fmgente.com.ar\\\/web\\\/\",\"logo\":{\"@type\":\"ImageObject\",\"inLanguage\":\"es\",\"@id\":\"https:\\\/\\\/fmgente.com.ar\\\/web\\\/#\\\/schema\\\/logo\\\/image\\\/\",\"url\":\"https:\\\/\\\/fmgente.com.ar\\\/web\\\/wp-content\\\/uploads\\\/2023\\\/07\\\/cropped-cropped-logo-sombra2.png\",\"contentUrl\":\"https:\\\/\\\/fmgente.com.ar\\\/web\\\/wp-content\\\/uploads\\\/2023\\\/07\\\/cropped-cropped-logo-sombra2.png\",\"width\":1782,\"height\":1782,\"caption\":\"Fm Gente\"},\"image\":{\"@id\":\"https:\\\/\\\/fmgente.com.ar\\\/web\\\/#\\\/schema\\\/logo\\\/image\\\/\"}}]}<\/script>\n<!-- \/ Yoast SEO plugin. -->","yoast_head_json":{"title":"El accidente que tuvo Momi Giardina en MasterChef y que asust\u00f3 a todo mundo - Fm Gente","robots":{"index":"index","follow":"follow","max-snippet":"max-snippet:-1","max-image-preview":"max-image-preview:large","max-video-preview":"max-video-preview:-1"},"canonical":"https:\/\/fmgente.com.ar\/web\/el-accidente-que-tuvo-momi-giardina-en-masterchef-y-que-asusto-a-todo-mundo\/","og_locale":"es_ES","og_type":"article","og_title":"El accidente que tuvo Momi Giardina en MasterChef y que asust\u00f3 a todo mundo - Fm Gente","og_description":"Fue una noche cargada de tensi\u00f3n en MasterChef, donde los participantes se enfrentaban a la","og_url":"https:\/\/fmgente.com.ar\/web\/el-accidente-que-tuvo-momi-giardina-en-masterchef-y-que-asusto-a-todo-mundo\/","og_site_name":"Fm Gente","article_published_time":"2025-11-12T03:04:52+00:00","og_image":[{"width":1900,"height":1425,"url":"https:\/\/fmgente.com.ar\/web\/wp-content\/uploads\/2025\/11\/IMG_5980.jpg-13.webp","type":"image\/webp"}],"twitter_card":"summary_large_image","twitter_misc":{"Tiempo de lectura":"2 minutos"},"schema":{"@context":"https:\/\/schema.org","@graph":[{"@type":"Article","@id":"https:\/\/fmgente.com.ar\/web\/el-accidente-que-tuvo-momi-giardina-en-masterchef-y-que-asusto-a-todo-mundo\/#article","isPartOf":{"@id":"https:\/\/fmgente.com.ar\/web\/el-accidente-que-tuvo-momi-giardina-en-masterchef-y-que-asusto-a-todo-mundo\/"},"author":{"name":"","@id":""},"headline":"El accidente que tuvo Momi Giardina en MasterChef y que asust\u00f3 a todo mundo","datePublished":"2025-11-12T03:04:52+00:00","mainEntityOfPage":{"@id":"https:\/\/fmgente.com.ar\/web\/el-accidente-que-tuvo-momi-giardina-en-masterchef-y-que-asusto-a-todo-mundo\/"},"wordCount":427,"publisher":{"@id":"https:\/\/fmgente.com.ar\/web\/#organization"},"image":{"@id":"https:\/\/fmgente.com.ar\/web\/el-accidente-que-tuvo-momi-giardina-en-masterchef-y-que-asusto-a-todo-mundo\/#primaryimage"},"thumbnailUrl":"https:\/\/fmgente.com.ar\/web\/wp-content\/uploads\/2025\/11\/IMG_5980.jpg-13.webp","articleSection":["DESTACADAS"],"inLanguage":"es"},{"@type":"WebPage","@id":"https:\/\/fmgente.com.ar\/web\/el-accidente-que-tuvo-momi-giardina-en-masterchef-y-que-asusto-a-todo-mundo\/","url":"https:\/\/fmgente.com.ar\/web\/el-accidente-que-tuvo-momi-giardina-en-masterchef-y-que-asusto-a-todo-mundo\/","name":"El accidente que tuvo Momi Giardina en MasterChef y que asust\u00f3 a todo mundo - Fm Gente","isPartOf":{"@id":"https:\/\/fmgente.com.ar\/web\/#website"},"primaryImageOfPage":{"@id":"https:\/\/fmgente.com.ar\/web\/el-accidente-que-tuvo-momi-giardina-en-masterchef-y-que-asusto-a-todo-mundo\/#primaryimage"},"image":{"@id":"https:\/\/fmgente.com.ar\/web\/el-accidente-que-tuvo-momi-giardina-en-masterchef-y-que-asusto-a-todo-mundo\/#primaryimage"},"thumbnailUrl":"https:\/\/fmgente.com.ar\/web\/wp-content\/uploads\/2025\/11\/IMG_5980.jpg-13.webp","datePublished":"2025-11-12T03:04:52+00:00","inLanguage":"es","potentialAction":[{"@type":"ReadAction","target":["https:\/\/fmgente.com.ar\/web\/el-accidente-que-tuvo-momi-giardina-en-masterchef-y-que-asusto-a-todo-mundo\/"]}]},{"@type":"ImageObject","inLanguage":"es","@id":"https:\/\/fmgente.com.ar\/web\/el-accidente-que-tuvo-momi-giardina-en-masterchef-y-que-asusto-a-todo-mundo\/#primaryimage","url":"https:\/\/fmgente.com.ar\/web\/wp-content\/uploads\/2025\/11\/IMG_5980.jpg-13.webp","contentUrl":"https:\/\/fmgente.com.ar\/web\/wp-content\/uploads\/2025\/11\/IMG_5980.jpg-13.webp","width":1900,"height":1425},{"@type":"WebSite","@id":"https:\/\/fmgente.com.ar\/web\/#website","url":"https:\/\/fmgente.com.ar\/web\/","name":"Fm Gente","description":"- Jes\u00fas Mar\u00eda","publisher":{"@id":"https:\/\/fmgente.com.ar\/web\/#organization"},"potentialAction":[{"@type":"SearchAction","target":{"@type":"EntryPoint","urlTemplate":"https:\/\/fmgente.com.ar\/web\/?s={search_term_string}"},"query-input":{"@type":"PropertyValueSpecification","valueRequired":true,"valueName":"search_term_string"}}],"inLanguage":"es"},{"@type":"Organization","@id":"https:\/\/fmgente.com.ar\/web\/#organization","name":"Fm Gente","url":"https:\/\/fmgente.com.ar\/web\/","logo":{"@type":"ImageObject","inLanguage":"es","@id":"https:\/\/fmgente.com.ar\/web\/#\/schema\/logo\/image\/","url":"https:\/\/fmgente.com.ar\/web\/wp-content\/uploads\/2023\/07\/cropped-cropped-logo-sombra2.png","contentUrl":"https:\/\/fmgente.com.ar\/web\/wp-content\/uploads\/2023\/07\/cropped-cropped-logo-sombra2.png","width":1782,"height":1782,"caption":"Fm Gente"},"image":{"@id":"https:\/\/fmgente.com.ar\/web\/#\/schema\/logo\/image\/"}}]}},"_links":{"self":[{"href":"https:\/\/fmgente.com.ar\/web\/wp-json\/wp\/v2\/posts\/9412","targetHints":{"allow":["GET"]}}],"collection":[{"href":"https:\/\/fmgente.com.ar\/web\/wp-json\/wp\/v2\/posts"}],"about":[{"href":"https:\/\/fmgente.com.ar\/web\/wp-json\/wp\/v2\/types\/post"}],"replies":[{"embeddable":true,"href":"https:\/\/fmgente.com.ar\/web\/wp-json\/wp\/v2\/comments?post=9412"}],"version-history":[{"count":0,"href":"https:\/\/fmgente.com.ar\/web\/wp-json\/wp\/v2\/posts\/9412\/revisions"}],"wp:featuredmedia":[{"embeddable":true,"href":"https:\/\/fmgente.com.ar\/web\/wp-json\/wp\/v2\/media\/9413"}],"wp:attachment":[{"href":"https:\/\/fmgente.com.ar\/web\/wp-json\/wp\/v2\/media?parent=9412"}],"wp:term":[{"taxonomy":"category","embeddable":true,"href":"https:\/\/fmgente.com.ar\/web\/wp-json\/wp\/v2\/categories?post=9412"},{"taxonomy":"post_tag","embeddable":true,"href":"https:\/\/fmgente.com.ar\/web\/wp-json\/wp\/v2\/tags?post=9412"}],"curies":[{"name":"wp","href":"https:\/\/api.w.org\/{rel}","templated":true}]}}