{"id":9408,"date":"2025-11-11T23:04:56","date_gmt":"2025-11-12T02:04:56","guid":{"rendered":"https:\/\/fmgente.com.ar\/mauro-icardi-fue-citado-por-la-directora-del-colegio-de-sus-hijas-el-enorme-problema-que-enfrentan\/"},"modified":"2025-11-11T23:04:56","modified_gmt":"2025-11-12T02:04:56","slug":"mauro-icardi-fue-citado-por-la-directora-del-colegio-de-sus-hijas-el-enorme-problema-que-enfrentan","status":"publish","type":"post","link":"https:\/\/fmgente.com.ar\/web\/mauro-icardi-fue-citado-por-la-directora-del-colegio-de-sus-hijas-el-enorme-problema-que-enfrentan\/","title":{"rendered":"Mauro Icardi fue citado por la directora del colegio de sus hijas: el enorme problema que enfrentan"},"content":{"rendered":"<p>Despu\u00e9s de varias semanas de silencio, el tri\u00e1ngulo m\u00e1s medi\u00e1tico del espect\u00e1culo vuelve a estar en boca de todos. Mientras <strong><a href=\"https:\/\/www.paparazzi.com.ar\/?s=Wanda+Nara\">Wanda Nara<\/a><\/strong> contin\u00faa instalada en Buenos Aires junto a sus hijos y mantiene una relaci\u00f3n cordial con <strong><a href=\"https:\/\/www.paparazzi.com.ar\/?s=Mauro+Icardi\">Mauro Icardi<\/a><\/strong> por el bien de las nenas, el futbolista se reencontr\u00f3 con ellas en el Lincoln College, el exclusivo colegio al que asisten. <\/p>\n<p>Pero antes del esperado momento familiar, el delantero fue citado por la directora del establecimiento para tratar un tema que lo incomod\u00f3: el pago de la cuota y su falta de participaci\u00f3n en las actividades escolares. <\/p>\n<p>Seg\u00fan trascendi\u00f3, la reuni\u00f3n se dio horas antes del reencuentro, pautado para las 14, y tuvo como eje principal entender por qu\u00e9 el jugador no se hace presente en los eventos del colegio ni cumple con las obligaciones econ\u00f3micas acordadas. <\/p>\n<div class=\"mt-box \">\n<h4 class=\"mt-heading\">Mir\u00e1 Tambi\u00e9n<\/h4>\n<p><a href=\"https:\/\/www.paparazzi.com.ar\/teve\/exclusivo-las-fotos-de-johnny-deep-llegando-a-argentina-en-medio-de-un-enorme-operativo-de-seguridad\/\"><\/p>\n<div class=\"mt-content\">\n<div class=\"mt-image-container\"><img decoding=\"async\" src=\"https:\/\/www.paparazzi.com.ar\/wp-content\/uploads\/2025\/11\/Jhonny-Deep-359x226.jpg\" alt=\"\u00a1Exclusivo! Las fotos de Johnny Deep llegando a Argentina en medio de un enorme operativo de seguridad\" class=\"mt-image\" loading=\"lazy\" \/><\/div>\n<h5 class=\"mt-title\">\u00a1Exclusivo! Las fotos de Johnny Deep llegando a Argentina en medio de un enorme operativo de seguridad<\/h5>\n<\/div>\n<p><\/a><\/div>\n<p>Quien s\u00ed se hace cargo de los gastos es Wanda, que desde hace tiempo cubre las altas cuotas para garantizar la continuidad educativa de sus hijas. Al parecer, la directora quiso interiorizarse sobre la situaci\u00f3n familiar, ya que en el \u00faltimo acto deportivo fue <strong>Mart\u00edn Migueles<\/strong>, actual pareja de Wanda, quien particip\u00f3 junto a las chicas. <\/p>\n<h2 class=\"wp-block-heading\">QUE HAR\u00c1 LA CHINA SU\u00c1REZ EN ARGENTINA:<\/h2>\n<p>El gesto no pas\u00f3 desapercibido y volvi\u00f3 a poner sobre la mesa el complejo entramado que rodea al clan Nara\u2013Icardi. Vale recordar que en el pasado hubo episodios tensos en la puerta del colegio \u2014como el famoso \u201cd\u00eda de los perritos\u201d que termin\u00f3 con esc\u00e1ndalo\u2014, aunque esta vez todo transcurri\u00f3 en un clima m\u00e1s calmo. <\/p>\n<p>Wanda respald\u00f3 el reencuentro de Icardi con las nenas durante los cinco d\u00edas que compartir\u00e1n juntos, priorizando la armon\u00eda familiar. Mientras tanto, <strong>China Su\u00e1rez<\/strong> retoma su vida en Argentina con sus hijos al resguardo de sus respectivos padres, la actriz se prepara para el lanzamiento de su nueva serie de Disney Plus, <em>Hija del fuego<\/em>, que presentar\u00e1 oficialmente el pr\u00f3ximo lunes en una conferencia de prensa.<\/p>\n<div class=\"mt-box \">\n<h4 class=\"mt-heading\">Mir\u00e1 Tambi\u00e9n<\/h4>\n<p><a href=\"https:\/\/www.paparazzi.com.ar\/teve\/mauro-icardi-se-reencontro-sus-hijas-en-pleno-escandalo-con-wanda-nara-que-paso-con-la-china-suarez\/\"><\/p>\n<div class=\"mt-content\">\n<div class=\"mt-image-container\"><img decoding=\"async\" src=\"https:\/\/www.paparazzi.com.ar\/wp-content\/uploads\/2025\/08\/La-escandalosa-frase-que-Mauro-Icardi-le-dijo-a-sus-hijas-sobre-Wanda-Nara-22Su-mama-es-una\u202622.jpg.webp\" alt=\"Mauro Icardi se reencontr\u00f3 sus hijas en pleno esc\u00e1ndalo con Wanda Nara: qu\u00e9 pas\u00f3 con la China Su\u00e1rez\" class=\"mt-image\" loading=\"lazy\" \/><\/div>\n<h5 class=\"mt-title\">Mauro Icardi se reencontr\u00f3 sus hijas en pleno esc\u00e1ndalo con Wanda Nara: qu\u00e9 pas\u00f3 con la China Su\u00e1rez<\/h5>\n<\/div>\n<p><\/a><\/div>\n<p>China tambi\u00e9n pasar\u00e1 este mi\u00e9rcoles por el programa de Diego Leuco en Luzu TV, aunque \u2014seg\u00fan trascendi\u00f3\u2014 fue bajada de otros espacios de streaming como Olga, donde se decidi\u00f3 no invitarla en solidaridad con Wanda. Incluso se dijo que <strong>Nico Occhiato<\/strong> y <strong>Paula Chaves<\/strong> rechazaron entrevistarla, buscando evitar pol\u00e9micas.<\/p>\n<p>De esta manera, cada uno de los protagonistas atraviesa un momento clave: Icardi intentando recuperar su v\u00ednculo paterno, Wanda afianzando su rol como sost\u00e9n y China enfrentando su exposici\u00f3n medi\u00e1tica con un nuevo proyecto internacional. Y aunque todo parece m\u00e1s tranquilo, las heridas entre ellos siguen frescas\u2026 y el pr\u00f3ximo cap\u00edtulo promete dar que hablar.<\/p>\n<div class=\"mt-box \">\n<h4 class=\"mt-heading\">Mir\u00e1 Tambi\u00e9n<\/h4>\n<p><a href=\"https:\/\/www.paparazzi.com.ar\/romances\/yanina-latorre-revelo-cuando-la-china-suarez-le-va-a-dar-a-benjamin-vicuna-a-sus-dos-hijos-tras-45-dias-sin-verlos\/\"><\/p>\n<div class=\"mt-content\">\n<div class=\"mt-image-container\"><img decoding=\"async\" src=\"https:\/\/www.paparazzi.com.ar\/wp-content\/uploads\/2025\/11\/Benjamin-Vicuna-enfrenta-el-momento-mas-dramatico-con-sus-hijos-por-la-China-Suarez-Esta-sufriendo-359x226.jpeg\" alt=\"Yanina Latorre revel\u00f3 cu\u00e1ndo la China Su\u00e1rez le va a dar a Benjam\u00edn Vicu\u00f1a a sus dos hijos tras 45 d\u00edas sin verlos\" class=\"mt-image\" loading=\"lazy\" \/><\/div>\n<h5 class=\"mt-title\">Yanina Latorre revel\u00f3 cu\u00e1ndo la China Su\u00e1rez le va a dar a Benjam\u00edn Vicu\u00f1a a sus dos hijos tras 45 d\u00edas sin verlos<\/h5>\n<\/div>\n<p><\/a><\/div>\n<div class=\"mt-box \">\n<h4 class=\"mt-heading\">Mir\u00e1 Tambi\u00e9n<\/h4>\n<p><a href=\"https:\/\/www.paparazzi.com.ar\/romances\/wanda-nara-recibio-la-peor-noticia-de-la-china-suarez-por-sus-hijas-y-el-escandalo-es-total-el-juez-ya-firmo-que\/\"><\/p>\n<div class=\"mt-content\">\n<div class=\"mt-image-container\"><img decoding=\"async\" src=\"https:\/\/www.paparazzi.com.ar\/wp-content\/uploads\/2025\/06\/China-Suarez-Wanda-Nara-Mauro-Icardi.jpg.webp\" alt=\"Wanda Nara recibi\u00f3 la peor noticia de la China Su\u00e1rez por sus hijas y el esc\u00e1ndalo es total: \u201cEl juez ya firm\u00f3 que\u2026\u201d\" class=\"mt-image\" loading=\"lazy\" \/><\/div>\n<h5 class=\"mt-title\">Wanda Nara recibi\u00f3 la peor noticia de la China Su\u00e1rez por sus hijas y el esc\u00e1ndalo es total: \u201cEl juez ya firm\u00f3 que\u2026\u201d<\/h5>\n<\/div>\n<p><\/a><\/div>\n<p>The post <a href=\"https:\/\/www.paparazzi.com.ar\/teve\/mauro-icardi-fue-citado-por-la-directora-del-colegio-de-sus-hijas-el-enorme-problema-que-enfrentan\/\">Mauro Icardi fue citado por la directora del colegio de sus hijas: el enorme problema que enfrentan<\/a> appeared first on <a href=\"https:\/\/www.paparazzi.com.ar\">Revista Paparazzi<\/a>.<\/p>\n","protected":false},"excerpt":{"rendered":"<p>Despu\u00e9s de varias semanas de silencio, el tri\u00e1ngulo m\u00e1s medi\u00e1tico del espect\u00e1culo vuelve a estar<\/p>\n","protected":false},"author":0,"featured_media":9409,"comment_status":"","ping_status":"","sticky":false,"template":"","format":"standard","meta":{"footnotes":""},"categories":[11],"tags":[],"class_list":["post-9408","post","type-post","status-publish","format-standard","has-post-thumbnail","hentry","category-destacadas"],"yoast_head":"<!-- This site is optimized with the Yoast SEO plugin v27.4 - https:\/\/yoast.com\/product\/yoast-seo-wordpress\/ -->\n<title>Mauro Icardi fue citado por la directora del colegio de sus hijas: el enorme problema que enfrentan - Fm Gente<\/title>\n<meta name=\"robots\" content=\"index, follow, max-snippet:-1, max-image-preview:large, max-video-preview:-1\" \/>\n<link rel=\"canonical\" href=\"https:\/\/fmgente.com.ar\/web\/mauro-icardi-fue-citado-por-la-directora-del-colegio-de-sus-hijas-el-enorme-problema-que-enfrentan\/\" \/>\n<meta property=\"og:locale\" content=\"es_ES\" \/>\n<meta property=\"og:type\" content=\"article\" \/>\n<meta property=\"og:title\" content=\"Mauro Icardi fue citado por la directora del colegio de sus hijas: el enorme problema que enfrentan - Fm Gente\" \/>\n<meta property=\"og:description\" content=\"Despu\u00e9s de varias semanas de silencio, el tri\u00e1ngulo m\u00e1s medi\u00e1tico del espect\u00e1culo vuelve a estar\" \/>\n<meta property=\"og:url\" content=\"https:\/\/fmgente.com.ar\/web\/mauro-icardi-fue-citado-por-la-directora-del-colegio-de-sus-hijas-el-enorme-problema-que-enfrentan\/\" \/>\n<meta property=\"og:site_name\" content=\"Fm Gente\" \/>\n<meta property=\"article:published_time\" content=\"2025-11-12T02:04:56+00:00\" \/>\n<meta property=\"og:image\" content=\"https:\/\/fmgente.com.ar\/web\/wp-content\/uploads\/2025\/11\/Jhonny-Deep-359x226-10.jpg\" \/>\n\t<meta property=\"og:image:width\" content=\"359\" \/>\n\t<meta property=\"og:image:height\" content=\"226\" \/>\n\t<meta property=\"og:image:type\" content=\"image\/jpeg\" \/>\n<meta name=\"twitter:card\" content=\"summary_large_image\" \/>\n<meta name=\"twitter:label1\" content=\"Tiempo de lectura\" \/>\n\t<meta name=\"twitter:data1\" content=\"3 minutos\" \/>\n<script type=\"application\/ld+json\" class=\"yoast-schema-graph\">{\"@context\":\"https:\\\/\\\/schema.org\",\"@graph\":[{\"@type\":\"Article\",\"@id\":\"https:\\\/\\\/fmgente.com.ar\\\/web\\\/mauro-icardi-fue-citado-por-la-directora-del-colegio-de-sus-hijas-el-enorme-problema-que-enfrentan\\\/#article\",\"isPartOf\":{\"@id\":\"https:\\\/\\\/fmgente.com.ar\\\/web\\\/mauro-icardi-fue-citado-por-la-directora-del-colegio-de-sus-hijas-el-enorme-problema-que-enfrentan\\\/\"},\"author\":{\"name\":\"\",\"@id\":\"\"},\"headline\":\"Mauro Icardi fue citado por la directora del colegio de sus hijas: el enorme problema que enfrentan\",\"datePublished\":\"2025-11-12T02:04:56+00:00\",\"mainEntityOfPage\":{\"@id\":\"https:\\\/\\\/fmgente.com.ar\\\/web\\\/mauro-icardi-fue-citado-por-la-directora-del-colegio-de-sus-hijas-el-enorme-problema-que-enfrentan\\\/\"},\"wordCount\":600,\"publisher\":{\"@id\":\"https:\\\/\\\/fmgente.com.ar\\\/web\\\/#organization\"},\"image\":{\"@id\":\"https:\\\/\\\/fmgente.com.ar\\\/web\\\/mauro-icardi-fue-citado-por-la-directora-del-colegio-de-sus-hijas-el-enorme-problema-que-enfrentan\\\/#primaryimage\"},\"thumbnailUrl\":\"https:\\\/\\\/fmgente.com.ar\\\/web\\\/wp-content\\\/uploads\\\/2025\\\/11\\\/Jhonny-Deep-359x226-10.jpg\",\"articleSection\":[\"DESTACADAS\"],\"inLanguage\":\"es\"},{\"@type\":\"WebPage\",\"@id\":\"https:\\\/\\\/fmgente.com.ar\\\/web\\\/mauro-icardi-fue-citado-por-la-directora-del-colegio-de-sus-hijas-el-enorme-problema-que-enfrentan\\\/\",\"url\":\"https:\\\/\\\/fmgente.com.ar\\\/web\\\/mauro-icardi-fue-citado-por-la-directora-del-colegio-de-sus-hijas-el-enorme-problema-que-enfrentan\\\/\",\"name\":\"Mauro Icardi fue citado por la directora del colegio de sus hijas: el enorme problema que enfrentan - Fm Gente\",\"isPartOf\":{\"@id\":\"https:\\\/\\\/fmgente.com.ar\\\/web\\\/#website\"},\"primaryImageOfPage\":{\"@id\":\"https:\\\/\\\/fmgente.com.ar\\\/web\\\/mauro-icardi-fue-citado-por-la-directora-del-colegio-de-sus-hijas-el-enorme-problema-que-enfrentan\\\/#primaryimage\"},\"image\":{\"@id\":\"https:\\\/\\\/fmgente.com.ar\\\/web\\\/mauro-icardi-fue-citado-por-la-directora-del-colegio-de-sus-hijas-el-enorme-problema-que-enfrentan\\\/#primaryimage\"},\"thumbnailUrl\":\"https:\\\/\\\/fmgente.com.ar\\\/web\\\/wp-content\\\/uploads\\\/2025\\\/11\\\/Jhonny-Deep-359x226-10.jpg\",\"datePublished\":\"2025-11-12T02:04:56+00:00\",\"inLanguage\":\"es\",\"potentialAction\":[{\"@type\":\"ReadAction\",\"target\":[\"https:\\\/\\\/fmgente.com.ar\\\/web\\\/mauro-icardi-fue-citado-por-la-directora-del-colegio-de-sus-hijas-el-enorme-problema-que-enfrentan\\\/\"]}]},{\"@type\":\"ImageObject\",\"inLanguage\":\"es\",\"@id\":\"https:\\\/\\\/fmgente.com.ar\\\/web\\\/mauro-icardi-fue-citado-por-la-directora-del-colegio-de-sus-hijas-el-enorme-problema-que-enfrentan\\\/#primaryimage\",\"url\":\"https:\\\/\\\/fmgente.com.ar\\\/web\\\/wp-content\\\/uploads\\\/2025\\\/11\\\/Jhonny-Deep-359x226-10.jpg\",\"contentUrl\":\"https:\\\/\\\/fmgente.com.ar\\\/web\\\/wp-content\\\/uploads\\\/2025\\\/11\\\/Jhonny-Deep-359x226-10.jpg\",\"width\":359,\"height\":226},{\"@type\":\"WebSite\",\"@id\":\"https:\\\/\\\/fmgente.com.ar\\\/web\\\/#website\",\"url\":\"https:\\\/\\\/fmgente.com.ar\\\/web\\\/\",\"name\":\"Fm Gente\",\"description\":\"- Jes\u00fas Mar\u00eda\",\"publisher\":{\"@id\":\"https:\\\/\\\/fmgente.com.ar\\\/web\\\/#organization\"},\"potentialAction\":[{\"@type\":\"SearchAction\",\"target\":{\"@type\":\"EntryPoint\",\"urlTemplate\":\"https:\\\/\\\/fmgente.com.ar\\\/web\\\/?s={search_term_string}\"},\"query-input\":{\"@type\":\"PropertyValueSpecification\",\"valueRequired\":true,\"valueName\":\"search_term_string\"}}],\"inLanguage\":\"es\"},{\"@type\":\"Organization\",\"@id\":\"https:\\\/\\\/fmgente.com.ar\\\/web\\\/#organization\",\"name\":\"Fm Gente\",\"url\":\"https:\\\/\\\/fmgente.com.ar\\\/web\\\/\",\"logo\":{\"@type\":\"ImageObject\",\"inLanguage\":\"es\",\"@id\":\"https:\\\/\\\/fmgente.com.ar\\\/web\\\/#\\\/schema\\\/logo\\\/image\\\/\",\"url\":\"https:\\\/\\\/fmgente.com.ar\\\/web\\\/wp-content\\\/uploads\\\/2023\\\/07\\\/cropped-cropped-logo-sombra2.png\",\"contentUrl\":\"https:\\\/\\\/fmgente.com.ar\\\/web\\\/wp-content\\\/uploads\\\/2023\\\/07\\\/cropped-cropped-logo-sombra2.png\",\"width\":1782,\"height\":1782,\"caption\":\"Fm Gente\"},\"image\":{\"@id\":\"https:\\\/\\\/fmgente.com.ar\\\/web\\\/#\\\/schema\\\/logo\\\/image\\\/\"}}]}<\/script>\n<!-- \/ Yoast SEO plugin. -->","yoast_head_json":{"title":"Mauro Icardi fue citado por la directora del colegio de sus hijas: el enorme problema que enfrentan - Fm Gente","robots":{"index":"index","follow":"follow","max-snippet":"max-snippet:-1","max-image-preview":"max-image-preview:large","max-video-preview":"max-video-preview:-1"},"canonical":"https:\/\/fmgente.com.ar\/web\/mauro-icardi-fue-citado-por-la-directora-del-colegio-de-sus-hijas-el-enorme-problema-que-enfrentan\/","og_locale":"es_ES","og_type":"article","og_title":"Mauro Icardi fue citado por la directora del colegio de sus hijas: el enorme problema que enfrentan - Fm Gente","og_description":"Despu\u00e9s de varias semanas de silencio, el tri\u00e1ngulo m\u00e1s medi\u00e1tico del espect\u00e1culo vuelve a estar","og_url":"https:\/\/fmgente.com.ar\/web\/mauro-icardi-fue-citado-por-la-directora-del-colegio-de-sus-hijas-el-enorme-problema-que-enfrentan\/","og_site_name":"Fm Gente","article_published_time":"2025-11-12T02:04:56+00:00","og_image":[{"width":359,"height":226,"url":"https:\/\/fmgente.com.ar\/web\/wp-content\/uploads\/2025\/11\/Jhonny-Deep-359x226-10.jpg","type":"image\/jpeg"}],"twitter_card":"summary_large_image","twitter_misc":{"Tiempo de lectura":"3 minutos"},"schema":{"@context":"https:\/\/schema.org","@graph":[{"@type":"Article","@id":"https:\/\/fmgente.com.ar\/web\/mauro-icardi-fue-citado-por-la-directora-del-colegio-de-sus-hijas-el-enorme-problema-que-enfrentan\/#article","isPartOf":{"@id":"https:\/\/fmgente.com.ar\/web\/mauro-icardi-fue-citado-por-la-directora-del-colegio-de-sus-hijas-el-enorme-problema-que-enfrentan\/"},"author":{"name":"","@id":""},"headline":"Mauro Icardi fue citado por la directora del colegio de sus hijas: el enorme problema que enfrentan","datePublished":"2025-11-12T02:04:56+00:00","mainEntityOfPage":{"@id":"https:\/\/fmgente.com.ar\/web\/mauro-icardi-fue-citado-por-la-directora-del-colegio-de-sus-hijas-el-enorme-problema-que-enfrentan\/"},"wordCount":600,"publisher":{"@id":"https:\/\/fmgente.com.ar\/web\/#organization"},"image":{"@id":"https:\/\/fmgente.com.ar\/web\/mauro-icardi-fue-citado-por-la-directora-del-colegio-de-sus-hijas-el-enorme-problema-que-enfrentan\/#primaryimage"},"thumbnailUrl":"https:\/\/fmgente.com.ar\/web\/wp-content\/uploads\/2025\/11\/Jhonny-Deep-359x226-10.jpg","articleSection":["DESTACADAS"],"inLanguage":"es"},{"@type":"WebPage","@id":"https:\/\/fmgente.com.ar\/web\/mauro-icardi-fue-citado-por-la-directora-del-colegio-de-sus-hijas-el-enorme-problema-que-enfrentan\/","url":"https:\/\/fmgente.com.ar\/web\/mauro-icardi-fue-citado-por-la-directora-del-colegio-de-sus-hijas-el-enorme-problema-que-enfrentan\/","name":"Mauro Icardi fue citado por la directora del colegio de sus hijas: el enorme problema que enfrentan - Fm Gente","isPartOf":{"@id":"https:\/\/fmgente.com.ar\/web\/#website"},"primaryImageOfPage":{"@id":"https:\/\/fmgente.com.ar\/web\/mauro-icardi-fue-citado-por-la-directora-del-colegio-de-sus-hijas-el-enorme-problema-que-enfrentan\/#primaryimage"},"image":{"@id":"https:\/\/fmgente.com.ar\/web\/mauro-icardi-fue-citado-por-la-directora-del-colegio-de-sus-hijas-el-enorme-problema-que-enfrentan\/#primaryimage"},"thumbnailUrl":"https:\/\/fmgente.com.ar\/web\/wp-content\/uploads\/2025\/11\/Jhonny-Deep-359x226-10.jpg","datePublished":"2025-11-12T02:04:56+00:00","inLanguage":"es","potentialAction":[{"@type":"ReadAction","target":["https:\/\/fmgente.com.ar\/web\/mauro-icardi-fue-citado-por-la-directora-del-colegio-de-sus-hijas-el-enorme-problema-que-enfrentan\/"]}]},{"@type":"ImageObject","inLanguage":"es","@id":"https:\/\/fmgente.com.ar\/web\/mauro-icardi-fue-citado-por-la-directora-del-colegio-de-sus-hijas-el-enorme-problema-que-enfrentan\/#primaryimage","url":"https:\/\/fmgente.com.ar\/web\/wp-content\/uploads\/2025\/11\/Jhonny-Deep-359x226-10.jpg","contentUrl":"https:\/\/fmgente.com.ar\/web\/wp-content\/uploads\/2025\/11\/Jhonny-Deep-359x226-10.jpg","width":359,"height":226},{"@type":"WebSite","@id":"https:\/\/fmgente.com.ar\/web\/#website","url":"https:\/\/fmgente.com.ar\/web\/","name":"Fm Gente","description":"- Jes\u00fas Mar\u00eda","publisher":{"@id":"https:\/\/fmgente.com.ar\/web\/#organization"},"potentialAction":[{"@type":"SearchAction","target":{"@type":"EntryPoint","urlTemplate":"https:\/\/fmgente.com.ar\/web\/?s={search_term_string}"},"query-input":{"@type":"PropertyValueSpecification","valueRequired":true,"valueName":"search_term_string"}}],"inLanguage":"es"},{"@type":"Organization","@id":"https:\/\/fmgente.com.ar\/web\/#organization","name":"Fm Gente","url":"https:\/\/fmgente.com.ar\/web\/","logo":{"@type":"ImageObject","inLanguage":"es","@id":"https:\/\/fmgente.com.ar\/web\/#\/schema\/logo\/image\/","url":"https:\/\/fmgente.com.ar\/web\/wp-content\/uploads\/2023\/07\/cropped-cropped-logo-sombra2.png","contentUrl":"https:\/\/fmgente.com.ar\/web\/wp-content\/uploads\/2023\/07\/cropped-cropped-logo-sombra2.png","width":1782,"height":1782,"caption":"Fm Gente"},"image":{"@id":"https:\/\/fmgente.com.ar\/web\/#\/schema\/logo\/image\/"}}]}},"_links":{"self":[{"href":"https:\/\/fmgente.com.ar\/web\/wp-json\/wp\/v2\/posts\/9408","targetHints":{"allow":["GET"]}}],"collection":[{"href":"https:\/\/fmgente.com.ar\/web\/wp-json\/wp\/v2\/posts"}],"about":[{"href":"https:\/\/fmgente.com.ar\/web\/wp-json\/wp\/v2\/types\/post"}],"replies":[{"embeddable":true,"href":"https:\/\/fmgente.com.ar\/web\/wp-json\/wp\/v2\/comments?post=9408"}],"version-history":[{"count":0,"href":"https:\/\/fmgente.com.ar\/web\/wp-json\/wp\/v2\/posts\/9408\/revisions"}],"wp:featuredmedia":[{"embeddable":true,"href":"https:\/\/fmgente.com.ar\/web\/wp-json\/wp\/v2\/media\/9409"}],"wp:attachment":[{"href":"https:\/\/fmgente.com.ar\/web\/wp-json\/wp\/v2\/media?parent=9408"}],"wp:term":[{"taxonomy":"category","embeddable":true,"href":"https:\/\/fmgente.com.ar\/web\/wp-json\/wp\/v2\/categories?post=9408"},{"taxonomy":"post_tag","embeddable":true,"href":"https:\/\/fmgente.com.ar\/web\/wp-json\/wp\/v2\/tags?post=9408"}],"curies":[{"name":"wp","href":"https:\/\/api.w.org\/{rel}","templated":true}]}}