{"id":9404,"date":"2025-11-11T23:04:55","date_gmt":"2025-11-12T02:04:55","guid":{"rendered":"https:\/\/fmgente.com.ar\/desgarrador-la-muerte-que-destrozo-a-calu-rivero-y-lleno-de-dolor-a-su-familia\/"},"modified":"2025-11-11T23:04:55","modified_gmt":"2025-11-12T02:04:55","slug":"desgarrador-la-muerte-que-destrozo-a-calu-rivero-y-lleno-de-dolor-a-su-familia","status":"publish","type":"post","link":"https:\/\/fmgente.com.ar\/web\/desgarrador-la-muerte-que-destrozo-a-calu-rivero-y-lleno-de-dolor-a-su-familia\/","title":{"rendered":"Desgarrador: la muerte que destroz\u00f3 a Calu Rivero y llen\u00f3 de dolor a su familia"},"content":{"rendered":"<p><strong><a href=\"https:\/\/www.paparazzi.com.ar\/?s=Calu+Rivero\">Calu Rivero<\/a><\/strong> atraviesa un momento de profundo dolor. Falleci\u00f3 su abuela Chichi y la actriz eligi\u00f3 despedirla con un mensaje tan \u00edntimo como transformador. En lugar de hacerlo desde la tristeza, Calu comparti\u00f3 una carta cargada de luz, donde reflexion\u00f3 sobre la muerte como parte natural del ciclo de la vida, <a href=\"https:\/\/www.paparazzi.com.ar\/teve\/la-triste-despedida-de-calu-rivero-a-raquel-hermida-la-abogada-que-la-defendio-contra-juan-darthes\/\">c\u00f3mo lo hizo con la despedida a Raquel Hermida, la abogada que la defendi\u00f3 contra Juan Darth\u00e9s<\/a>.<\/p>\n<p><em>\u201cMi abuela fue maestra de primer grado, y hasta su \u00faltimo aliento sigui\u00f3 ense\u00f1ando. Su muerte tambi\u00e9n me educ\u00f3. En sus \u00faltimas horas, se convirti\u00f3 en maestra de la entrega. Su respiraci\u00f3n era la de un parto: no estaba muriendo, estaba naciendo en otro lado\u201d<\/em>, escribi\u00f3 la actriz junto a una paloma blanca, s\u00edmbolo de paz y trascendencia.<\/p>\n<p>El texto conmovi\u00f3 a todos sus seguidores por la ternura y serenidad con la que Calu relat\u00f3 ese \u00faltimo adi\u00f3s. <em>\u201cSolo una despedida sagrada, \u00edntima, llena de ternura. Una muerte digna, luminosa y profundamente acompa\u00f1ada\u201d<\/em>, expres\u00f3.<\/p>\n<div class=\"mt-box \">\n<h4 class=\"mt-heading\">Mir\u00e1 Tambi\u00e9n<\/h4>\n<p><a href=\"https:\/\/www.paparazzi.com.ar\/teve\/exclusivo-las-fotos-de-johnny-deep-llegando-a-argentina-en-medio-de-un-enorme-operativo-de-seguridad\/\"><\/p>\n<div class=\"mt-content\">\n<div class=\"mt-image-container\"><img decoding=\"async\" src=\"https:\/\/www.paparazzi.com.ar\/wp-content\/uploads\/2025\/11\/Jhonny-Deep-359x226.jpg\" alt=\"\u00a1Exclusivo! Las fotos de Johnny Deep llegando a Argentina en medio de un enorme operativo de seguridad\" class=\"mt-image\" loading=\"lazy\" \/><\/div>\n<h5 class=\"mt-title\">\u00a1Exclusivo! Las fotos de Johnny Deep llegando a Argentina en medio de un enorme operativo de seguridad<\/h5>\n<\/div>\n<p><\/a><\/div>\n<p>La artista detall\u00f3 que estuvo presente en cada momento del proceso, acompa\u00f1ando a su abuela con gratitud y amor. <em>\u201cAcompa\u00f1ar ese tr\u00e1nsito es un acto de amor radical. Sentarse cerca, tomarla de la mano, encender las velas, repetir \u2018gracias, Chichi\u2019 una y otra vez\u2026 y poder susurrarle con mucho dolor: \u2018and\u00e1 tranquila, aqu\u00ed estaremos todos bien\u2019.\u201d<\/em><\/p>\n<h2 class=\"wp-block-heading\">LA REFLEXI\u00d3N DE CALU RIVERO POR LA MUERTE DE SU ABUELA CHICHI:<\/h2>\n<p>En su reflexi\u00f3n, Calu Rivero fue m\u00e1s all\u00e1 del dolor y comparti\u00f3 una ense\u00f1anza profunda sobre la muerte y la conciencia. <em>\u201cMorir bien tambi\u00e9n es parte de vivir bien. Aprenderlo es un gesto de conciencia. Practicarlo es, tal vez, el m\u00e1s grande de los amores\u201d<\/em>, afirm\u00f3, dejando entrever su conexi\u00f3n con los procesos espirituales que viene explorando hace a\u00f1os.<\/p>\n<p>La actriz agradeci\u00f3 tambi\u00e9n a quienes la acompa\u00f1an en ese camino y mencion\u00f3 su formaci\u00f3n como doula de vida, muerte y transici\u00f3n: <em>\u201cHablar de la muerte es, en verdad, hablar de la vida. La informaci\u00f3n es poder. Pero la presencia con informaci\u00f3n\u2026 es evoluci\u00f3n.\u201d<\/em><\/p>\n<div class=\"mt-box \">\n<h4 class=\"mt-heading\">Mir\u00e1 Tambi\u00e9n<\/h4>\n<p><a href=\"https:\/\/www.paparazzi.com.ar\/teve\/la-triste-despedida-de-calu-rivero-a-raquel-hermida-la-abogada-que-la-defendio-contra-juan-darthes\/\"><\/p>\n<div class=\"mt-content\">\n<div class=\"mt-image-container\"><img decoding=\"async\" src=\"https:\/\/www.paparazzi.com.ar\/wp-content\/uploads\/2025\/05\/calu-rivero-raquel-hermida.jpg.webp\" alt=\"La triste despedida de Calu Rivero a Raquel Hermida, la abogada que la defendi\u00f3 contra Juan Darth\u00e9s\" class=\"mt-image\" loading=\"lazy\" \/><\/div>\n<h5 class=\"mt-title\">La triste despedida de Calu Rivero a Raquel Hermida, la abogada que la defendi\u00f3 contra Juan Darth\u00e9s<\/h5>\n<\/div>\n<p><\/a><\/div>\n<p>El posteo de Calu Rivero no fue solo una despedida personal, sino una invitaci\u00f3n a mirar la muerte con ternura, conciencia y amor. En tiempos donde el duelo suele vivirse en silencio, ella lo transform\u00f3 en un acto p\u00fablico de gratitud y ense\u00f1anza.<\/p>\n<p>Con su estilo sensible y espiritual, la actriz volvi\u00f3 a mostrar su costado m\u00e1s humano, convirtiendo el dolor en belleza y d\u00e1ndole palabras a algo que muchos temen nombrar: la calma de dejar partir y el poder de acompa\u00f1ar en todos los momentos de la vida.<\/p>\n<h2 class=\"wp-block-heading\">Las fotos de la abuela de Calu Rivero:<\/h2>\n<figure class=\"wp-block-image size-large\"><img decoding=\"async\" src=\"https:\/\/www.paparazzi.com.ar\/wp-content\/uploads\/2025\/11\/La-abuela-de-Calu-576x1024.jpg.webp\" loading=\"lazy\" alt=\"\" class=\"wp-image-452594\" \/><\/figure>\n<figure class=\"wp-block-image size-large\"><img decoding=\"async\" src=\"https:\/\/www.paparazzi.com.ar\/wp-content\/uploads\/2025\/11\/La-abuela-de-Calu-1-576x1024.jpg.webp\" loading=\"lazy\" alt=\"\" class=\"wp-image-452596\" \/><\/figure>\n<figure class=\"wp-block-image size-large\"><img decoding=\"async\" src=\"https:\/\/www.paparazzi.com.ar\/wp-content\/uploads\/2025\/11\/la-abuela-de-Calu-Rivero-4-630x1024.jpeg.webp\" loading=\"lazy\" alt=\"\" class=\"wp-image-452598\" \/><\/figure>\n<figure class=\"wp-block-image size-large\"><img decoding=\"async\" src=\"https:\/\/www.paparazzi.com.ar\/wp-content\/uploads\/2025\/11\/La-abuela-de-Calu-2-576x1024.jpg.webp\" loading=\"lazy\" alt=\"\" class=\"wp-image-452597\" \/><\/figure>\n<div class=\"mt-box \">\n<h4 class=\"mt-heading\">Mir\u00e1 Tambi\u00e9n<\/h4>\n<p><a href=\"https:\/\/www.paparazzi.com.ar\/teve\/la-nueva-vida-de-calu-river-tras-dejar-la-actuacion-donde-vive-y-de-que-trabaja\/\"><\/p>\n<div class=\"mt-content\">\n<div class=\"mt-image-container\"><img decoding=\"async\" src=\"https:\/\/www.paparazzi.com.ar\/wp-content\/uploads\/2024\/09\/Calu-Rivero-p.jpg.webp\" alt=\"La nueva vida de Calu Rivero tras dejar la actuaci\u00f3n: d\u00f3nde vive y de qu\u00e9 trabaja\" class=\"mt-image\" loading=\"lazy\" \/><\/div>\n<h5 class=\"mt-title\">La nueva vida de Calu Rivero tras dejar la actuaci\u00f3n: d\u00f3nde vive y de qu\u00e9 trabaja<\/h5>\n<\/div>\n<p><\/a><\/div>\n<div class=\"mt-box \">\n<h4 class=\"mt-heading\">Mir\u00e1 Tambi\u00e9n<\/h4>\n<p><a href=\"https:\/\/www.paparazzi.com.ar\/teve\/en-fotos-como-fue-el-festejo-intimo-del-cumpleanos-38-de-calu-rivero-en-punta-del-este\/\"><\/p>\n<div class=\"mt-content\">\n<div class=\"mt-image-container\"><img decoding=\"async\" src=\"https:\/\/www.paparazzi.com.ar\/wp-content\/uploads\/2025\/04\/calu-rivero-cumpleanos.png.webp\" alt=\"En fotos: c\u00f3mo fue el festejo \u00edntimo del cumplea\u00f1os 38 de Calu Rivero en Punta del Este\" class=\"mt-image\" loading=\"lazy\" \/><\/div>\n<h5 class=\"mt-title\">En fotos: c\u00f3mo fue el festejo \u00edntimo del cumplea\u00f1os 38 de Calu Rivero en Punta del Este<\/h5>\n<\/div>\n<p><\/a><\/div>\n<p>The post <a href=\"https:\/\/www.paparazzi.com.ar\/teve\/desgarrador-la-muerte-que-destrozo-a-calu-rivero-y-lleno-de-dolor-a-su-familia\/\">Desgarrador: la muerte que destroz\u00f3 a Calu Rivero y llen\u00f3 de dolor a su familia<\/a> appeared first on <a href=\"https:\/\/www.paparazzi.com.ar\">Revista Paparazzi<\/a>.<\/p>\n","protected":false},"excerpt":{"rendered":"<p>Calu Rivero atraviesa un momento de profundo dolor. Falleci\u00f3 su abuela Chichi y la actriz<\/p>\n","protected":false},"author":0,"featured_media":9405,"comment_status":"","ping_status":"","sticky":false,"template":"","format":"standard","meta":{"footnotes":""},"categories":[11],"tags":[],"class_list":["post-9404","post","type-post","status-publish","format-standard","has-post-thumbnail","hentry","category-destacadas"],"yoast_head":"<!-- This site is optimized with the Yoast SEO plugin v27.4 - https:\/\/yoast.com\/product\/yoast-seo-wordpress\/ -->\n<title>Desgarrador: la muerte que destroz\u00f3 a Calu Rivero y llen\u00f3 de dolor a su familia - Fm Gente<\/title>\n<meta name=\"robots\" content=\"index, follow, max-snippet:-1, max-image-preview:large, max-video-preview:-1\" \/>\n<link rel=\"canonical\" href=\"https:\/\/fmgente.com.ar\/web\/desgarrador-la-muerte-que-destrozo-a-calu-rivero-y-lleno-de-dolor-a-su-familia\/\" \/>\n<meta property=\"og:locale\" content=\"es_ES\" \/>\n<meta property=\"og:type\" content=\"article\" \/>\n<meta property=\"og:title\" content=\"Desgarrador: la muerte que destroz\u00f3 a Calu Rivero y llen\u00f3 de dolor a su familia - Fm Gente\" \/>\n<meta property=\"og:description\" content=\"Calu Rivero atraviesa un momento de profundo dolor. Falleci\u00f3 su abuela Chichi y la actriz\" \/>\n<meta property=\"og:url\" content=\"https:\/\/fmgente.com.ar\/web\/desgarrador-la-muerte-que-destrozo-a-calu-rivero-y-lleno-de-dolor-a-su-familia\/\" \/>\n<meta property=\"og:site_name\" content=\"Fm Gente\" \/>\n<meta property=\"article:published_time\" content=\"2025-11-12T02:04:55+00:00\" \/>\n<meta property=\"og:image\" content=\"https:\/\/fmgente.com.ar\/web\/wp-content\/uploads\/2025\/11\/Jhonny-Deep-359x226-9.jpg\" \/>\n\t<meta property=\"og:image:width\" content=\"359\" \/>\n\t<meta property=\"og:image:height\" content=\"226\" \/>\n\t<meta property=\"og:image:type\" content=\"image\/jpeg\" \/>\n<meta name=\"twitter:card\" content=\"summary_large_image\" \/>\n<meta name=\"twitter:label1\" content=\"Tiempo de lectura\" \/>\n\t<meta name=\"twitter:data1\" content=\"3 minutos\" \/>\n<script type=\"application\/ld+json\" class=\"yoast-schema-graph\">{\"@context\":\"https:\\\/\\\/schema.org\",\"@graph\":[{\"@type\":\"Article\",\"@id\":\"https:\\\/\\\/fmgente.com.ar\\\/web\\\/desgarrador-la-muerte-que-destrozo-a-calu-rivero-y-lleno-de-dolor-a-su-familia\\\/#article\",\"isPartOf\":{\"@id\":\"https:\\\/\\\/fmgente.com.ar\\\/web\\\/desgarrador-la-muerte-que-destrozo-a-calu-rivero-y-lleno-de-dolor-a-su-familia\\\/\"},\"author\":{\"name\":\"\",\"@id\":\"\"},\"headline\":\"Desgarrador: la muerte que destroz\u00f3 a Calu Rivero y llen\u00f3 de dolor a su familia\",\"datePublished\":\"2025-11-12T02:04:55+00:00\",\"mainEntityOfPage\":{\"@id\":\"https:\\\/\\\/fmgente.com.ar\\\/web\\\/desgarrador-la-muerte-que-destrozo-a-calu-rivero-y-lleno-de-dolor-a-su-familia\\\/\"},\"wordCount\":582,\"publisher\":{\"@id\":\"https:\\\/\\\/fmgente.com.ar\\\/web\\\/#organization\"},\"image\":{\"@id\":\"https:\\\/\\\/fmgente.com.ar\\\/web\\\/desgarrador-la-muerte-que-destrozo-a-calu-rivero-y-lleno-de-dolor-a-su-familia\\\/#primaryimage\"},\"thumbnailUrl\":\"https:\\\/\\\/fmgente.com.ar\\\/web\\\/wp-content\\\/uploads\\\/2025\\\/11\\\/Jhonny-Deep-359x226-9.jpg\",\"articleSection\":[\"DESTACADAS\"],\"inLanguage\":\"es\"},{\"@type\":\"WebPage\",\"@id\":\"https:\\\/\\\/fmgente.com.ar\\\/web\\\/desgarrador-la-muerte-que-destrozo-a-calu-rivero-y-lleno-de-dolor-a-su-familia\\\/\",\"url\":\"https:\\\/\\\/fmgente.com.ar\\\/web\\\/desgarrador-la-muerte-que-destrozo-a-calu-rivero-y-lleno-de-dolor-a-su-familia\\\/\",\"name\":\"Desgarrador: la muerte que destroz\u00f3 a Calu Rivero y llen\u00f3 de dolor a su familia - Fm Gente\",\"isPartOf\":{\"@id\":\"https:\\\/\\\/fmgente.com.ar\\\/web\\\/#website\"},\"primaryImageOfPage\":{\"@id\":\"https:\\\/\\\/fmgente.com.ar\\\/web\\\/desgarrador-la-muerte-que-destrozo-a-calu-rivero-y-lleno-de-dolor-a-su-familia\\\/#primaryimage\"},\"image\":{\"@id\":\"https:\\\/\\\/fmgente.com.ar\\\/web\\\/desgarrador-la-muerte-que-destrozo-a-calu-rivero-y-lleno-de-dolor-a-su-familia\\\/#primaryimage\"},\"thumbnailUrl\":\"https:\\\/\\\/fmgente.com.ar\\\/web\\\/wp-content\\\/uploads\\\/2025\\\/11\\\/Jhonny-Deep-359x226-9.jpg\",\"datePublished\":\"2025-11-12T02:04:55+00:00\",\"inLanguage\":\"es\",\"potentialAction\":[{\"@type\":\"ReadAction\",\"target\":[\"https:\\\/\\\/fmgente.com.ar\\\/web\\\/desgarrador-la-muerte-que-destrozo-a-calu-rivero-y-lleno-de-dolor-a-su-familia\\\/\"]}]},{\"@type\":\"ImageObject\",\"inLanguage\":\"es\",\"@id\":\"https:\\\/\\\/fmgente.com.ar\\\/web\\\/desgarrador-la-muerte-que-destrozo-a-calu-rivero-y-lleno-de-dolor-a-su-familia\\\/#primaryimage\",\"url\":\"https:\\\/\\\/fmgente.com.ar\\\/web\\\/wp-content\\\/uploads\\\/2025\\\/11\\\/Jhonny-Deep-359x226-9.jpg\",\"contentUrl\":\"https:\\\/\\\/fmgente.com.ar\\\/web\\\/wp-content\\\/uploads\\\/2025\\\/11\\\/Jhonny-Deep-359x226-9.jpg\",\"width\":359,\"height\":226},{\"@type\":\"WebSite\",\"@id\":\"https:\\\/\\\/fmgente.com.ar\\\/web\\\/#website\",\"url\":\"https:\\\/\\\/fmgente.com.ar\\\/web\\\/\",\"name\":\"Fm Gente\",\"description\":\"- Jes\u00fas Mar\u00eda\",\"publisher\":{\"@id\":\"https:\\\/\\\/fmgente.com.ar\\\/web\\\/#organization\"},\"potentialAction\":[{\"@type\":\"SearchAction\",\"target\":{\"@type\":\"EntryPoint\",\"urlTemplate\":\"https:\\\/\\\/fmgente.com.ar\\\/web\\\/?s={search_term_string}\"},\"query-input\":{\"@type\":\"PropertyValueSpecification\",\"valueRequired\":true,\"valueName\":\"search_term_string\"}}],\"inLanguage\":\"es\"},{\"@type\":\"Organization\",\"@id\":\"https:\\\/\\\/fmgente.com.ar\\\/web\\\/#organization\",\"name\":\"Fm Gente\",\"url\":\"https:\\\/\\\/fmgente.com.ar\\\/web\\\/\",\"logo\":{\"@type\":\"ImageObject\",\"inLanguage\":\"es\",\"@id\":\"https:\\\/\\\/fmgente.com.ar\\\/web\\\/#\\\/schema\\\/logo\\\/image\\\/\",\"url\":\"https:\\\/\\\/fmgente.com.ar\\\/web\\\/wp-content\\\/uploads\\\/2023\\\/07\\\/cropped-cropped-logo-sombra2.png\",\"contentUrl\":\"https:\\\/\\\/fmgente.com.ar\\\/web\\\/wp-content\\\/uploads\\\/2023\\\/07\\\/cropped-cropped-logo-sombra2.png\",\"width\":1782,\"height\":1782,\"caption\":\"Fm Gente\"},\"image\":{\"@id\":\"https:\\\/\\\/fmgente.com.ar\\\/web\\\/#\\\/schema\\\/logo\\\/image\\\/\"}}]}<\/script>\n<!-- \/ Yoast SEO plugin. -->","yoast_head_json":{"title":"Desgarrador: la muerte que destroz\u00f3 a Calu Rivero y llen\u00f3 de dolor a su familia - Fm Gente","robots":{"index":"index","follow":"follow","max-snippet":"max-snippet:-1","max-image-preview":"max-image-preview:large","max-video-preview":"max-video-preview:-1"},"canonical":"https:\/\/fmgente.com.ar\/web\/desgarrador-la-muerte-que-destrozo-a-calu-rivero-y-lleno-de-dolor-a-su-familia\/","og_locale":"es_ES","og_type":"article","og_title":"Desgarrador: la muerte que destroz\u00f3 a Calu Rivero y llen\u00f3 de dolor a su familia - Fm Gente","og_description":"Calu Rivero atraviesa un momento de profundo dolor. Falleci\u00f3 su abuela Chichi y la actriz","og_url":"https:\/\/fmgente.com.ar\/web\/desgarrador-la-muerte-que-destrozo-a-calu-rivero-y-lleno-de-dolor-a-su-familia\/","og_site_name":"Fm Gente","article_published_time":"2025-11-12T02:04:55+00:00","og_image":[{"width":359,"height":226,"url":"https:\/\/fmgente.com.ar\/web\/wp-content\/uploads\/2025\/11\/Jhonny-Deep-359x226-9.jpg","type":"image\/jpeg"}],"twitter_card":"summary_large_image","twitter_misc":{"Tiempo de lectura":"3 minutos"},"schema":{"@context":"https:\/\/schema.org","@graph":[{"@type":"Article","@id":"https:\/\/fmgente.com.ar\/web\/desgarrador-la-muerte-que-destrozo-a-calu-rivero-y-lleno-de-dolor-a-su-familia\/#article","isPartOf":{"@id":"https:\/\/fmgente.com.ar\/web\/desgarrador-la-muerte-que-destrozo-a-calu-rivero-y-lleno-de-dolor-a-su-familia\/"},"author":{"name":"","@id":""},"headline":"Desgarrador: la muerte que destroz\u00f3 a Calu Rivero y llen\u00f3 de dolor a su familia","datePublished":"2025-11-12T02:04:55+00:00","mainEntityOfPage":{"@id":"https:\/\/fmgente.com.ar\/web\/desgarrador-la-muerte-que-destrozo-a-calu-rivero-y-lleno-de-dolor-a-su-familia\/"},"wordCount":582,"publisher":{"@id":"https:\/\/fmgente.com.ar\/web\/#organization"},"image":{"@id":"https:\/\/fmgente.com.ar\/web\/desgarrador-la-muerte-que-destrozo-a-calu-rivero-y-lleno-de-dolor-a-su-familia\/#primaryimage"},"thumbnailUrl":"https:\/\/fmgente.com.ar\/web\/wp-content\/uploads\/2025\/11\/Jhonny-Deep-359x226-9.jpg","articleSection":["DESTACADAS"],"inLanguage":"es"},{"@type":"WebPage","@id":"https:\/\/fmgente.com.ar\/web\/desgarrador-la-muerte-que-destrozo-a-calu-rivero-y-lleno-de-dolor-a-su-familia\/","url":"https:\/\/fmgente.com.ar\/web\/desgarrador-la-muerte-que-destrozo-a-calu-rivero-y-lleno-de-dolor-a-su-familia\/","name":"Desgarrador: la muerte que destroz\u00f3 a Calu Rivero y llen\u00f3 de dolor a su familia - Fm Gente","isPartOf":{"@id":"https:\/\/fmgente.com.ar\/web\/#website"},"primaryImageOfPage":{"@id":"https:\/\/fmgente.com.ar\/web\/desgarrador-la-muerte-que-destrozo-a-calu-rivero-y-lleno-de-dolor-a-su-familia\/#primaryimage"},"image":{"@id":"https:\/\/fmgente.com.ar\/web\/desgarrador-la-muerte-que-destrozo-a-calu-rivero-y-lleno-de-dolor-a-su-familia\/#primaryimage"},"thumbnailUrl":"https:\/\/fmgente.com.ar\/web\/wp-content\/uploads\/2025\/11\/Jhonny-Deep-359x226-9.jpg","datePublished":"2025-11-12T02:04:55+00:00","inLanguage":"es","potentialAction":[{"@type":"ReadAction","target":["https:\/\/fmgente.com.ar\/web\/desgarrador-la-muerte-que-destrozo-a-calu-rivero-y-lleno-de-dolor-a-su-familia\/"]}]},{"@type":"ImageObject","inLanguage":"es","@id":"https:\/\/fmgente.com.ar\/web\/desgarrador-la-muerte-que-destrozo-a-calu-rivero-y-lleno-de-dolor-a-su-familia\/#primaryimage","url":"https:\/\/fmgente.com.ar\/web\/wp-content\/uploads\/2025\/11\/Jhonny-Deep-359x226-9.jpg","contentUrl":"https:\/\/fmgente.com.ar\/web\/wp-content\/uploads\/2025\/11\/Jhonny-Deep-359x226-9.jpg","width":359,"height":226},{"@type":"WebSite","@id":"https:\/\/fmgente.com.ar\/web\/#website","url":"https:\/\/fmgente.com.ar\/web\/","name":"Fm Gente","description":"- Jes\u00fas Mar\u00eda","publisher":{"@id":"https:\/\/fmgente.com.ar\/web\/#organization"},"potentialAction":[{"@type":"SearchAction","target":{"@type":"EntryPoint","urlTemplate":"https:\/\/fmgente.com.ar\/web\/?s={search_term_string}"},"query-input":{"@type":"PropertyValueSpecification","valueRequired":true,"valueName":"search_term_string"}}],"inLanguage":"es"},{"@type":"Organization","@id":"https:\/\/fmgente.com.ar\/web\/#organization","name":"Fm Gente","url":"https:\/\/fmgente.com.ar\/web\/","logo":{"@type":"ImageObject","inLanguage":"es","@id":"https:\/\/fmgente.com.ar\/web\/#\/schema\/logo\/image\/","url":"https:\/\/fmgente.com.ar\/web\/wp-content\/uploads\/2023\/07\/cropped-cropped-logo-sombra2.png","contentUrl":"https:\/\/fmgente.com.ar\/web\/wp-content\/uploads\/2023\/07\/cropped-cropped-logo-sombra2.png","width":1782,"height":1782,"caption":"Fm Gente"},"image":{"@id":"https:\/\/fmgente.com.ar\/web\/#\/schema\/logo\/image\/"}}]}},"_links":{"self":[{"href":"https:\/\/fmgente.com.ar\/web\/wp-json\/wp\/v2\/posts\/9404","targetHints":{"allow":["GET"]}}],"collection":[{"href":"https:\/\/fmgente.com.ar\/web\/wp-json\/wp\/v2\/posts"}],"about":[{"href":"https:\/\/fmgente.com.ar\/web\/wp-json\/wp\/v2\/types\/post"}],"replies":[{"embeddable":true,"href":"https:\/\/fmgente.com.ar\/web\/wp-json\/wp\/v2\/comments?post=9404"}],"version-history":[{"count":0,"href":"https:\/\/fmgente.com.ar\/web\/wp-json\/wp\/v2\/posts\/9404\/revisions"}],"wp:featuredmedia":[{"embeddable":true,"href":"https:\/\/fmgente.com.ar\/web\/wp-json\/wp\/v2\/media\/9405"}],"wp:attachment":[{"href":"https:\/\/fmgente.com.ar\/web\/wp-json\/wp\/v2\/media?parent=9404"}],"wp:term":[{"taxonomy":"category","embeddable":true,"href":"https:\/\/fmgente.com.ar\/web\/wp-json\/wp\/v2\/categories?post=9404"},{"taxonomy":"post_tag","embeddable":true,"href":"https:\/\/fmgente.com.ar\/web\/wp-json\/wp\/v2\/tags?post=9404"}],"curies":[{"name":"wp","href":"https:\/\/api.w.org\/{rel}","templated":true}]}}