{"id":9402,"date":"2025-11-11T22:05:11","date_gmt":"2025-11-12T01:05:11","guid":{"rendered":"https:\/\/fmgente.com.ar\/charlotte-caniggia-confirmo-como-sera-su-sorpresivo-casamiento-que-familiares-famosos-no-estaran-invitados\/"},"modified":"2025-11-11T22:05:11","modified_gmt":"2025-11-12T01:05:11","slug":"charlotte-caniggia-confirmo-como-sera-su-sorpresivo-casamiento-que-familiares-famosos-no-estaran-invitados","status":"publish","type":"post","link":"https:\/\/fmgente.com.ar\/web\/charlotte-caniggia-confirmo-como-sera-su-sorpresivo-casamiento-que-familiares-famosos-no-estaran-invitados\/","title":{"rendered":"Charlotte Caniggia confirm\u00f3 c\u00f3mo ser\u00e1 su sorpresivo casamiento: qu\u00e9 familiares famosos no estar\u00e1n invitados"},"content":{"rendered":"<p><a href=\"https:\/\/www.paparazzi.com.ar\/?s=Charlotte+Caniggia\">Charlotte Caniggia<\/a> dej\u00f3 a todos sin palabras al contar, en pleno vivo, c\u00f3mo imagin\u00f3 su casamiento con <strong>Roberto Storino<\/strong> tras siete a\u00f1os de relaci\u00f3n. La medi\u00e1tica explic\u00f3 que todav\u00eda no defini\u00f3 una fecha puntual, pero aclar\u00f3 que puede resolverlo \u201c<em>en 5 minutos<\/em>\u201d si decide hacerlo este a\u00f1o, aunque no descart\u00f3 pasarlo al pr\u00f3ximo.  <\/p>\n<p>En su paso por <strong>Pol\u00e9mica en el Bar<\/strong>, <strong>Charlotte <\/strong>dej\u00f3 en claro que no plane\u00f3 una fiesta tradicional. Lo dijo sin vueltas: \u201c<em>No me gustar\u00eda invitar tipo trescientas personas. No, ni en pedo, porque no tengo tantos amigos. Creo que eso es para quedar bien con todo el mundo. Yo no quiero hacer eso<\/em>\u201d. <\/p>\n<p>La sorpresa lleg\u00f3 cuando habl\u00f3 de su familia, un tema siempre delicado en el clan <strong>Caniggia<\/strong>. Cuando le preguntaron si invitar\u00eda a todos, respondi\u00f3 r\u00e1pido y firme: \u201c<em>No a todos<\/em>\u201d. La influencer reconoci\u00f3 que quiere sumar a sus hermanos, aunque uno vive en Espa\u00f1a y depender\u00e1 de su disponibilidad para viajar. <\/p>\n<div class=\"mt-box \">\n<h4 class=\"mt-heading\">Mir\u00e1 Tambi\u00e9n<\/h4>\n<p><a href=\"https:\/\/www.paparazzi.com.ar\/teve\/exclusivo-el-video-de-la-salida-de-thiago-medina-del-hospital-que-famosos-lo-fueron-a-buscar\/\"><\/p>\n<div class=\"mt-content\">\n<div class=\"mt-image-container\"><img decoding=\"async\" src=\"https:\/\/www.paparazzi.com.ar\/wp-content\/uploads\/2025\/10\/Thiago-Medina-hospital-359x226.jpg\" alt=\"\u00a1Exclusivo! El video de la salida de Thiago Medina del hospital: qu\u00e9 famosos lo fueron a buscar\" class=\"mt-image\" loading=\"lazy\" \/><\/div>\n<h5 class=\"mt-title\">\u00a1Exclusivo! El video de la salida de Thiago Medina del hospital: qu\u00e9 famosos lo fueron a buscar<\/h5>\n<\/div>\n<p><\/a><\/div>\n<p>Sobre sus padres, evit\u00f3 profundizar, pero se mostr\u00f3 bastante decidida: \u201c<em>No, no los voy a invitar a todos. Se arma un lodo. Y me lo van a joder, \u00bfviste? No quiero, no quiero<\/em>\u201d. En cuanto al lugar, <strong>Charlotte <\/strong>confes\u00f3 que piensa en destinos fuera del pa\u00eds. <\/p>\n<p>La idea de una playa del Caribe o de un rinc\u00f3n exclusivo en Marbella la seduce mucho m\u00e1s que una fiesta local. Lo explic\u00f3 bastante segura: \u201c<em>Eso me copa a m\u00ed. No me gustar\u00eda como que todos se metan&#8230; Viste que critican que el vestido, que el lugar\u201d<\/em>. <\/p>\n<p>La charla tambi\u00e9n toc\u00f3 el tema de la maternidad, y Charlotte fue clara: no piensa tener hijos antes de casarse. Lo dijo como si se tratara de una regla personal que siempre respet\u00f3: \u201cNo tendr\u00eda hijos antes de casarme. Quiero primero casarme\u201d. A sus 32 a\u00f1os, asegur\u00f3 que est\u00e1 en un momento ideal para planificarlo y remarc\u00f3 que su pareja piensa igual: un \u201cchico serio\u201d con valores que, seg\u00fan ella, encajan perfecto con los suyos.<\/p>\n<p>As\u00ed, mientras sus planes avanzan con sigilo, Charlotte Caniggia reafirm\u00f3 que su boda ser\u00e1 a su estilo: reducida, sin show, sin conflictos familiares y sin la avalancha medi\u00e1tica que siempre rode\u00f3 a los Caniggia. Una elecci\u00f3n que sorprendi\u00f3 a muchos, pero que refleja, seg\u00fan ella misma, su deseo real de vivir un momento \u201ctranquilo y sincero\u201d, lejos del ruido que siempre la acompa\u00f1\u00f3.<\/p>\n<div class=\"mt-box \">\n<h4 class=\"mt-heading\">Mir\u00e1 Tambi\u00e9n<\/h4>\n<p><a href=\"https:\/\/www.paparazzi.com.ar\/romances\/el-hermoso-anuncio-de-nico-vazquez-y-dai-fernandez-que-emociono-a-todos-les-contamos-que\/\"><\/p>\n<div class=\"mt-content\">\n<div class=\"mt-image-container\"><img decoding=\"async\" src=\"https:\/\/www.paparazzi.com.ar\/wp-content\/uploads\/2025\/11\/El-hermoso-anuncio-de-Nico-Vazquez-y-Dai-Fernandez-que-emociono-a-todos-22Les-contamos-que.22-359x226.jpg\" alt=\"El hermoso anuncio de Nico V\u00e1zquez y Dai Fern\u00e1ndez que emocion\u00f3 a todos: &quot;Les contamos que...&quot;\" class=\"mt-image\" loading=\"lazy\" \/><\/div>\n<h5 class=\"mt-title\">El hermoso anuncio de Nico V\u00e1zquez y Dai Fern\u00e1ndez que emocion\u00f3 a todos: \u00abLes contamos que&#8230;\u00bb<\/h5>\n<\/div>\n<p><\/a><\/div>\n<div class=\"mt-box \">\n<h4 class=\"mt-heading\">Mir\u00e1 Tambi\u00e9n<\/h4>\n<p><a href=\"https:\/\/www.paparazzi.com.ar\/romances\/andrea-rincon-confirmo-que-tiene-nuevo-novio-las-fotos-con-el-misterioso-galan-que-la-conquisto\/\"><\/p>\n<div class=\"mt-content\">\n<div class=\"mt-image-container\"><img decoding=\"async\" src=\"https:\/\/www.paparazzi.com.ar\/wp-content\/uploads\/2024\/07\/andrea-rincon.jpg.webp\" alt=\"Andrea Rinc\u00f3n confirm\u00f3 que tiene nuevo novio: las fotos con el misterioso gal\u00e1n que la conquist\u00f3\" class=\"mt-image\" loading=\"lazy\" \/><\/div>\n<h5 class=\"mt-title\">Andrea Rinc\u00f3n confirm\u00f3 que tiene nuevo novio: las fotos con el misterioso gal\u00e1n que la conquist\u00f3<\/h5>\n<\/div>\n<p><\/a><\/div>\n<p>The post <a href=\"https:\/\/www.paparazzi.com.ar\/romances\/charlotte-caniggia-confirmo-como-sera-su-sorpresivo-casamiento-que-familiares-famosos-no-estaran-invitados\/\">Charlotte Caniggia confirm\u00f3 c\u00f3mo ser\u00e1 su sorpresivo casamiento: qu\u00e9 familiares famosos no estar\u00e1n invitados<\/a> appeared first on <a href=\"https:\/\/www.paparazzi.com.ar\">Revista Paparazzi<\/a>.<\/p>\n","protected":false},"excerpt":{"rendered":"<p>Charlotte Caniggia dej\u00f3 a todos sin palabras al contar, en pleno vivo, c\u00f3mo imagin\u00f3 su<\/p>\n","protected":false},"author":0,"featured_media":9403,"comment_status":"","ping_status":"","sticky":false,"template":"","format":"standard","meta":{"footnotes":""},"categories":[11],"tags":[],"class_list":["post-9402","post","type-post","status-publish","format-standard","has-post-thumbnail","hentry","category-destacadas"],"yoast_head":"<!-- This site is optimized with the Yoast SEO plugin v27.4 - https:\/\/yoast.com\/product\/yoast-seo-wordpress\/ -->\n<title>Charlotte Caniggia confirm\u00f3 c\u00f3mo ser\u00e1 su sorpresivo casamiento: qu\u00e9 familiares famosos no estar\u00e1n invitados - Fm Gente<\/title>\n<meta name=\"robots\" content=\"index, follow, max-snippet:-1, max-image-preview:large, max-video-preview:-1\" \/>\n<link rel=\"canonical\" href=\"https:\/\/fmgente.com.ar\/web\/charlotte-caniggia-confirmo-como-sera-su-sorpresivo-casamiento-que-familiares-famosos-no-estaran-invitados\/\" \/>\n<meta property=\"og:locale\" content=\"es_ES\" \/>\n<meta property=\"og:type\" content=\"article\" \/>\n<meta property=\"og:title\" content=\"Charlotte Caniggia confirm\u00f3 c\u00f3mo ser\u00e1 su sorpresivo casamiento: qu\u00e9 familiares famosos no estar\u00e1n invitados - Fm Gente\" \/>\n<meta property=\"og:description\" content=\"Charlotte Caniggia dej\u00f3 a todos sin palabras al contar, en pleno vivo, c\u00f3mo imagin\u00f3 su\" \/>\n<meta property=\"og:url\" content=\"https:\/\/fmgente.com.ar\/web\/charlotte-caniggia-confirmo-como-sera-su-sorpresivo-casamiento-que-familiares-famosos-no-estaran-invitados\/\" \/>\n<meta property=\"og:site_name\" content=\"Fm Gente\" \/>\n<meta property=\"article:published_time\" content=\"2025-11-12T01:05:11+00:00\" \/>\n<meta property=\"og:image\" content=\"https:\/\/fmgente.com.ar\/web\/wp-content\/uploads\/2025\/11\/Thiago-Medina-hospital-359x226-18.jpg\" \/>\n\t<meta property=\"og:image:width\" content=\"359\" \/>\n\t<meta property=\"og:image:height\" content=\"226\" \/>\n\t<meta property=\"og:image:type\" content=\"image\/jpeg\" \/>\n<meta name=\"twitter:card\" content=\"summary_large_image\" \/>\n<meta name=\"twitter:label1\" content=\"Tiempo de lectura\" \/>\n\t<meta name=\"twitter:data1\" content=\"2 minutos\" \/>\n<script type=\"application\/ld+json\" class=\"yoast-schema-graph\">{\"@context\":\"https:\\\/\\\/schema.org\",\"@graph\":[{\"@type\":\"Article\",\"@id\":\"https:\\\/\\\/fmgente.com.ar\\\/web\\\/charlotte-caniggia-confirmo-como-sera-su-sorpresivo-casamiento-que-familiares-famosos-no-estaran-invitados\\\/#article\",\"isPartOf\":{\"@id\":\"https:\\\/\\\/fmgente.com.ar\\\/web\\\/charlotte-caniggia-confirmo-como-sera-su-sorpresivo-casamiento-que-familiares-famosos-no-estaran-invitados\\\/\"},\"author\":{\"name\":\"\",\"@id\":\"\"},\"headline\":\"Charlotte Caniggia confirm\u00f3 c\u00f3mo ser\u00e1 su sorpresivo casamiento: qu\u00e9 familiares famosos no estar\u00e1n invitados\",\"datePublished\":\"2025-11-12T01:05:11+00:00\",\"mainEntityOfPage\":{\"@id\":\"https:\\\/\\\/fmgente.com.ar\\\/web\\\/charlotte-caniggia-confirmo-como-sera-su-sorpresivo-casamiento-que-familiares-famosos-no-estaran-invitados\\\/\"},\"wordCount\":512,\"publisher\":{\"@id\":\"https:\\\/\\\/fmgente.com.ar\\\/web\\\/#organization\"},\"image\":{\"@id\":\"https:\\\/\\\/fmgente.com.ar\\\/web\\\/charlotte-caniggia-confirmo-como-sera-su-sorpresivo-casamiento-que-familiares-famosos-no-estaran-invitados\\\/#primaryimage\"},\"thumbnailUrl\":\"https:\\\/\\\/fmgente.com.ar\\\/web\\\/wp-content\\\/uploads\\\/2025\\\/11\\\/Thiago-Medina-hospital-359x226-18.jpg\",\"articleSection\":[\"DESTACADAS\"],\"inLanguage\":\"es\"},{\"@type\":\"WebPage\",\"@id\":\"https:\\\/\\\/fmgente.com.ar\\\/web\\\/charlotte-caniggia-confirmo-como-sera-su-sorpresivo-casamiento-que-familiares-famosos-no-estaran-invitados\\\/\",\"url\":\"https:\\\/\\\/fmgente.com.ar\\\/web\\\/charlotte-caniggia-confirmo-como-sera-su-sorpresivo-casamiento-que-familiares-famosos-no-estaran-invitados\\\/\",\"name\":\"Charlotte Caniggia confirm\u00f3 c\u00f3mo ser\u00e1 su sorpresivo casamiento: qu\u00e9 familiares famosos no estar\u00e1n invitados - Fm Gente\",\"isPartOf\":{\"@id\":\"https:\\\/\\\/fmgente.com.ar\\\/web\\\/#website\"},\"primaryImageOfPage\":{\"@id\":\"https:\\\/\\\/fmgente.com.ar\\\/web\\\/charlotte-caniggia-confirmo-como-sera-su-sorpresivo-casamiento-que-familiares-famosos-no-estaran-invitados\\\/#primaryimage\"},\"image\":{\"@id\":\"https:\\\/\\\/fmgente.com.ar\\\/web\\\/charlotte-caniggia-confirmo-como-sera-su-sorpresivo-casamiento-que-familiares-famosos-no-estaran-invitados\\\/#primaryimage\"},\"thumbnailUrl\":\"https:\\\/\\\/fmgente.com.ar\\\/web\\\/wp-content\\\/uploads\\\/2025\\\/11\\\/Thiago-Medina-hospital-359x226-18.jpg\",\"datePublished\":\"2025-11-12T01:05:11+00:00\",\"inLanguage\":\"es\",\"potentialAction\":[{\"@type\":\"ReadAction\",\"target\":[\"https:\\\/\\\/fmgente.com.ar\\\/web\\\/charlotte-caniggia-confirmo-como-sera-su-sorpresivo-casamiento-que-familiares-famosos-no-estaran-invitados\\\/\"]}]},{\"@type\":\"ImageObject\",\"inLanguage\":\"es\",\"@id\":\"https:\\\/\\\/fmgente.com.ar\\\/web\\\/charlotte-caniggia-confirmo-como-sera-su-sorpresivo-casamiento-que-familiares-famosos-no-estaran-invitados\\\/#primaryimage\",\"url\":\"https:\\\/\\\/fmgente.com.ar\\\/web\\\/wp-content\\\/uploads\\\/2025\\\/11\\\/Thiago-Medina-hospital-359x226-18.jpg\",\"contentUrl\":\"https:\\\/\\\/fmgente.com.ar\\\/web\\\/wp-content\\\/uploads\\\/2025\\\/11\\\/Thiago-Medina-hospital-359x226-18.jpg\",\"width\":359,\"height\":226},{\"@type\":\"WebSite\",\"@id\":\"https:\\\/\\\/fmgente.com.ar\\\/web\\\/#website\",\"url\":\"https:\\\/\\\/fmgente.com.ar\\\/web\\\/\",\"name\":\"Fm Gente\",\"description\":\"- Jes\u00fas Mar\u00eda\",\"publisher\":{\"@id\":\"https:\\\/\\\/fmgente.com.ar\\\/web\\\/#organization\"},\"potentialAction\":[{\"@type\":\"SearchAction\",\"target\":{\"@type\":\"EntryPoint\",\"urlTemplate\":\"https:\\\/\\\/fmgente.com.ar\\\/web\\\/?s={search_term_string}\"},\"query-input\":{\"@type\":\"PropertyValueSpecification\",\"valueRequired\":true,\"valueName\":\"search_term_string\"}}],\"inLanguage\":\"es\"},{\"@type\":\"Organization\",\"@id\":\"https:\\\/\\\/fmgente.com.ar\\\/web\\\/#organization\",\"name\":\"Fm Gente\",\"url\":\"https:\\\/\\\/fmgente.com.ar\\\/web\\\/\",\"logo\":{\"@type\":\"ImageObject\",\"inLanguage\":\"es\",\"@id\":\"https:\\\/\\\/fmgente.com.ar\\\/web\\\/#\\\/schema\\\/logo\\\/image\\\/\",\"url\":\"https:\\\/\\\/fmgente.com.ar\\\/web\\\/wp-content\\\/uploads\\\/2023\\\/07\\\/cropped-cropped-logo-sombra2.png\",\"contentUrl\":\"https:\\\/\\\/fmgente.com.ar\\\/web\\\/wp-content\\\/uploads\\\/2023\\\/07\\\/cropped-cropped-logo-sombra2.png\",\"width\":1782,\"height\":1782,\"caption\":\"Fm Gente\"},\"image\":{\"@id\":\"https:\\\/\\\/fmgente.com.ar\\\/web\\\/#\\\/schema\\\/logo\\\/image\\\/\"}}]}<\/script>\n<!-- \/ Yoast SEO plugin. -->","yoast_head_json":{"title":"Charlotte Caniggia confirm\u00f3 c\u00f3mo ser\u00e1 su sorpresivo casamiento: qu\u00e9 familiares famosos no estar\u00e1n invitados - Fm Gente","robots":{"index":"index","follow":"follow","max-snippet":"max-snippet:-1","max-image-preview":"max-image-preview:large","max-video-preview":"max-video-preview:-1"},"canonical":"https:\/\/fmgente.com.ar\/web\/charlotte-caniggia-confirmo-como-sera-su-sorpresivo-casamiento-que-familiares-famosos-no-estaran-invitados\/","og_locale":"es_ES","og_type":"article","og_title":"Charlotte Caniggia confirm\u00f3 c\u00f3mo ser\u00e1 su sorpresivo casamiento: qu\u00e9 familiares famosos no estar\u00e1n invitados - Fm Gente","og_description":"Charlotte Caniggia dej\u00f3 a todos sin palabras al contar, en pleno vivo, c\u00f3mo imagin\u00f3 su","og_url":"https:\/\/fmgente.com.ar\/web\/charlotte-caniggia-confirmo-como-sera-su-sorpresivo-casamiento-que-familiares-famosos-no-estaran-invitados\/","og_site_name":"Fm Gente","article_published_time":"2025-11-12T01:05:11+00:00","og_image":[{"width":359,"height":226,"url":"https:\/\/fmgente.com.ar\/web\/wp-content\/uploads\/2025\/11\/Thiago-Medina-hospital-359x226-18.jpg","type":"image\/jpeg"}],"twitter_card":"summary_large_image","twitter_misc":{"Tiempo de lectura":"2 minutos"},"schema":{"@context":"https:\/\/schema.org","@graph":[{"@type":"Article","@id":"https:\/\/fmgente.com.ar\/web\/charlotte-caniggia-confirmo-como-sera-su-sorpresivo-casamiento-que-familiares-famosos-no-estaran-invitados\/#article","isPartOf":{"@id":"https:\/\/fmgente.com.ar\/web\/charlotte-caniggia-confirmo-como-sera-su-sorpresivo-casamiento-que-familiares-famosos-no-estaran-invitados\/"},"author":{"name":"","@id":""},"headline":"Charlotte Caniggia confirm\u00f3 c\u00f3mo ser\u00e1 su sorpresivo casamiento: qu\u00e9 familiares famosos no estar\u00e1n invitados","datePublished":"2025-11-12T01:05:11+00:00","mainEntityOfPage":{"@id":"https:\/\/fmgente.com.ar\/web\/charlotte-caniggia-confirmo-como-sera-su-sorpresivo-casamiento-que-familiares-famosos-no-estaran-invitados\/"},"wordCount":512,"publisher":{"@id":"https:\/\/fmgente.com.ar\/web\/#organization"},"image":{"@id":"https:\/\/fmgente.com.ar\/web\/charlotte-caniggia-confirmo-como-sera-su-sorpresivo-casamiento-que-familiares-famosos-no-estaran-invitados\/#primaryimage"},"thumbnailUrl":"https:\/\/fmgente.com.ar\/web\/wp-content\/uploads\/2025\/11\/Thiago-Medina-hospital-359x226-18.jpg","articleSection":["DESTACADAS"],"inLanguage":"es"},{"@type":"WebPage","@id":"https:\/\/fmgente.com.ar\/web\/charlotte-caniggia-confirmo-como-sera-su-sorpresivo-casamiento-que-familiares-famosos-no-estaran-invitados\/","url":"https:\/\/fmgente.com.ar\/web\/charlotte-caniggia-confirmo-como-sera-su-sorpresivo-casamiento-que-familiares-famosos-no-estaran-invitados\/","name":"Charlotte Caniggia confirm\u00f3 c\u00f3mo ser\u00e1 su sorpresivo casamiento: qu\u00e9 familiares famosos no estar\u00e1n invitados - Fm Gente","isPartOf":{"@id":"https:\/\/fmgente.com.ar\/web\/#website"},"primaryImageOfPage":{"@id":"https:\/\/fmgente.com.ar\/web\/charlotte-caniggia-confirmo-como-sera-su-sorpresivo-casamiento-que-familiares-famosos-no-estaran-invitados\/#primaryimage"},"image":{"@id":"https:\/\/fmgente.com.ar\/web\/charlotte-caniggia-confirmo-como-sera-su-sorpresivo-casamiento-que-familiares-famosos-no-estaran-invitados\/#primaryimage"},"thumbnailUrl":"https:\/\/fmgente.com.ar\/web\/wp-content\/uploads\/2025\/11\/Thiago-Medina-hospital-359x226-18.jpg","datePublished":"2025-11-12T01:05:11+00:00","inLanguage":"es","potentialAction":[{"@type":"ReadAction","target":["https:\/\/fmgente.com.ar\/web\/charlotte-caniggia-confirmo-como-sera-su-sorpresivo-casamiento-que-familiares-famosos-no-estaran-invitados\/"]}]},{"@type":"ImageObject","inLanguage":"es","@id":"https:\/\/fmgente.com.ar\/web\/charlotte-caniggia-confirmo-como-sera-su-sorpresivo-casamiento-que-familiares-famosos-no-estaran-invitados\/#primaryimage","url":"https:\/\/fmgente.com.ar\/web\/wp-content\/uploads\/2025\/11\/Thiago-Medina-hospital-359x226-18.jpg","contentUrl":"https:\/\/fmgente.com.ar\/web\/wp-content\/uploads\/2025\/11\/Thiago-Medina-hospital-359x226-18.jpg","width":359,"height":226},{"@type":"WebSite","@id":"https:\/\/fmgente.com.ar\/web\/#website","url":"https:\/\/fmgente.com.ar\/web\/","name":"Fm Gente","description":"- Jes\u00fas Mar\u00eda","publisher":{"@id":"https:\/\/fmgente.com.ar\/web\/#organization"},"potentialAction":[{"@type":"SearchAction","target":{"@type":"EntryPoint","urlTemplate":"https:\/\/fmgente.com.ar\/web\/?s={search_term_string}"},"query-input":{"@type":"PropertyValueSpecification","valueRequired":true,"valueName":"search_term_string"}}],"inLanguage":"es"},{"@type":"Organization","@id":"https:\/\/fmgente.com.ar\/web\/#organization","name":"Fm Gente","url":"https:\/\/fmgente.com.ar\/web\/","logo":{"@type":"ImageObject","inLanguage":"es","@id":"https:\/\/fmgente.com.ar\/web\/#\/schema\/logo\/image\/","url":"https:\/\/fmgente.com.ar\/web\/wp-content\/uploads\/2023\/07\/cropped-cropped-logo-sombra2.png","contentUrl":"https:\/\/fmgente.com.ar\/web\/wp-content\/uploads\/2023\/07\/cropped-cropped-logo-sombra2.png","width":1782,"height":1782,"caption":"Fm Gente"},"image":{"@id":"https:\/\/fmgente.com.ar\/web\/#\/schema\/logo\/image\/"}}]}},"_links":{"self":[{"href":"https:\/\/fmgente.com.ar\/web\/wp-json\/wp\/v2\/posts\/9402","targetHints":{"allow":["GET"]}}],"collection":[{"href":"https:\/\/fmgente.com.ar\/web\/wp-json\/wp\/v2\/posts"}],"about":[{"href":"https:\/\/fmgente.com.ar\/web\/wp-json\/wp\/v2\/types\/post"}],"replies":[{"embeddable":true,"href":"https:\/\/fmgente.com.ar\/web\/wp-json\/wp\/v2\/comments?post=9402"}],"version-history":[{"count":0,"href":"https:\/\/fmgente.com.ar\/web\/wp-json\/wp\/v2\/posts\/9402\/revisions"}],"wp:featuredmedia":[{"embeddable":true,"href":"https:\/\/fmgente.com.ar\/web\/wp-json\/wp\/v2\/media\/9403"}],"wp:attachment":[{"href":"https:\/\/fmgente.com.ar\/web\/wp-json\/wp\/v2\/media?parent=9402"}],"wp:term":[{"taxonomy":"category","embeddable":true,"href":"https:\/\/fmgente.com.ar\/web\/wp-json\/wp\/v2\/categories?post=9402"},{"taxonomy":"post_tag","embeddable":true,"href":"https:\/\/fmgente.com.ar\/web\/wp-json\/wp\/v2\/tags?post=9402"}],"curies":[{"name":"wp","href":"https:\/\/api.w.org\/{rel}","templated":true}]}}