{"id":9400,"date":"2025-11-11T22:05:10","date_gmt":"2025-11-12T01:05:10","guid":{"rendered":"https:\/\/fmgente.com.ar\/el-escandalo-que-armo-la-china-suarez-con-luzu-tv-las-exigencias-que-llevaron-a-nico-occhiato-a-cancelar-la-nota\/"},"modified":"2025-11-11T22:05:10","modified_gmt":"2025-11-12T01:05:10","slug":"el-escandalo-que-armo-la-china-suarez-con-luzu-tv-las-exigencias-que-llevaron-a-nico-occhiato-a-cancelar-la-nota","status":"publish","type":"post","link":"https:\/\/fmgente.com.ar\/web\/el-escandalo-que-armo-la-china-suarez-con-luzu-tv-las-exigencias-que-llevaron-a-nico-occhiato-a-cancelar-la-nota\/","title":{"rendered":"El esc\u00e1ndalo que arm\u00f3 la China Su\u00e1rez con Luzu TV: las exigencias que llevaron a Nico Occhiato a cancelar la nota"},"content":{"rendered":"<p>Aquella postura de un bajo perfil en lo personal se esfum\u00f3 hace mucho tiempo. Ahora, la <strong>China Su\u00e1rez <\/strong>exhibe una obsesi\u00f3n con mostrar las beldades de los lujos desmedidos que la ba\u00f1an, como efecto colateral, por su reciente pulsi\u00f3n de acompa\u00f1ar la vida millonaria de <strong><a href=\"https:\/\/www.paparazzi.com.ar\/romances\/la-abogada-de-mauro-icardi-conto-la-verdad-del-tenso-reencuentro-con-las-hijas-de-wanda-nara\/\">Mauro Icardi<\/a>.<\/strong><\/p>\n<p>La medi\u00e1tica abandon\u00f3 su tesitura de evitar los contenidos en redes sociales y ejecut\u00f3 la direcci\u00f3n contraria, porque se encarga de cargar una tonelada de fotos, y videos, de situaciones cotidianas en lugares ex\u00f3ticos y repletos de excentricidades, como viajar \u2018mil\u2019 veces por mes en un avi\u00f3n privado.<\/p>\n<p>Todas esas \u00ednfulas parece que tambi\u00e9n la impulsaron a pretender un tratamiento de diva. \u00bfQu\u00e9 pas\u00f3? Resulta que Mar\u00eda Eugenia retorn\u00f3 a Argentina exclusivamente para promocionar una serie y en ese sentido la plataforma arm\u00f3 un plan para pautarle entrevistas.&nbsp;<\/p>\n<div class=\"mt-box \">\n<h4 class=\"mt-heading\">Mir\u00e1 Tambi\u00e9n<\/h4>\n<p><a href=\"https:\/\/www.paparazzi.com.ar\/romances\/la-abogada-de-mauro-icardi-conto-la-verdad-del-tenso-reencuentro-con-las-hijas-de-wanda-nara\/\"><\/p>\n<div class=\"mt-content\">\n<div class=\"mt-image-container\"><img decoding=\"async\" src=\"https:\/\/www.paparazzi.com.ar\/wp-content\/uploads\/2025\/11\/Mauro-Icardi-Wanda-359x226.jpg\" alt=\"La abogada de Mauro Icardi cont\u00f3 la verdad del tenso reencuentro con las hijas de Wanda Nara\" class=\"mt-image\" loading=\"lazy\" \/><\/div>\n<h5 class=\"mt-title\">La abogada de Mauro Icardi cont\u00f3 la verdad del tenso reencuentro con las hijas de Wanda Nara<\/h5>\n<\/div>\n<p><\/a><\/div>\n<p>Claro que nadie imaginaba las exigencias que plantear\u00eda la actual novia de Icardi. La blonda provoc\u00f3 un cortocircuito con Olga y con Luzu TV. En ese sentido, Fede Boggiorno explic\u00f3: <em>\u201cLo que est\u00e1n contando Yanina, Guido, etc es verdad. La prensa de la serie quer\u00eda a La China en Luzu pero en Nadie Dice Nada respondieron que ya ten\u00edan la semana armada<\/em>\u201d.<\/p>\n<h2 class=\"wp-block-heading\">NICO OCCHIATO BAJ\u00d3 A LA CHINA SU\u00c1REZ DE LUZU TV POR SUS INCRE\u00cdBLES EXIGENCIAS DE DIVA<\/h2>\n<p><strong>Hasta que Yanina Latorre sac\u00f3 a la luz la maniobra m\u00e1s inentendible de Mar\u00eda Eugenia:<\/strong> \u201c<em>La China pidi\u00f3 que Nico Occhiato, creador y fundador de LuzuTV, tambi\u00e9n est\u00e9 en la entrevista con Leuco<\/em>\u201d. Por eso, el canal de Nicol\u00e1s opt\u00f3 por cancelar la nota.<\/p>\n<p>La angelita m\u00e1s exitosa a\u00f1adi\u00f3 m\u00e1s detalles: \u201c<em>Puso muchas condiciones para estar en Luzu, como querer manejar la situaci\u00f3n; la producci\u00f3n; el programa; el piso; quien entraba y qui\u00e9n sal\u00eda<\/em>\u00ab.\u00a0 Y luego, <a href=\"https:\/\/www.paparazzi.com.ar\/teve\/yanina-latorre-revelo-el-horrible-mensaje-privado-que-le-mando-la-china-suarez-sos-una-vieja-cornuda-y\/\">Latorre<\/a> explot\u00f3: \u00ab<em>Ni Susana Gim\u00e9nez se atrevi\u00f3 a tanto, que fue a Olga y se cag\u00f3 de la risa. Ven que les digo que La China no entiende el juego. Yo si fuera La China y estoy tan cancelada por todo el mundo, voy y me hago la simp\u00e1tica. Y me los compro<\/em>\u00ab.<\/p>\n<div class=\"mt-box \">\n<h4 class=\"mt-heading\">Mir\u00e1 Tambi\u00e9n<\/h4>\n<p><a href=\"https:\/\/www.paparazzi.com.ar\/teve\/yanina-latorre-revelo-el-horrible-mensaje-privado-que-le-mando-la-china-suarez-sos-una-vieja-cornuda-y\/\"><\/p>\n<div class=\"mt-content\">\n<div class=\"mt-image-container\"><img decoding=\"async\" src=\"https:\/\/www.paparazzi.com.ar\/wp-content\/uploads\/2025\/11\/China-Suarez-Yanina-Latorre-359x226.jpg\" alt=\"Yanina Latorre revel\u00f3 el horrible mensaje privado que le mand\u00f3 la China Su\u00e1rez: \u201cSos una vieja cornuda y\u2026\u201d\" class=\"mt-image\" loading=\"lazy\" \/><\/div>\n<h5 class=\"mt-title\">Yanina Latorre revel\u00f3 el horrible mensaje privado que le mand\u00f3 la China Su\u00e1rez: \u201cSos una vieja cornuda y\u2026\u201d<\/h5>\n<\/div>\n<p><\/a><\/div>\n<div class=\"mt-box \">\n<h4 class=\"mt-heading\">Mir\u00e1 Tambi\u00e9n<\/h4>\n<p><a href=\"https:\/\/www.paparazzi.com.ar\/romances\/yanina-latorre-revelo-cuando-la-china-suarez-le-va-a-dar-a-benjamin-vicuna-a-sus-dos-hijos-tras-45-dias-sin-verlos\/\"><\/p>\n<div class=\"mt-content\">\n<div class=\"mt-image-container\"><img decoding=\"async\" src=\"https:\/\/www.paparazzi.com.ar\/wp-content\/uploads\/2025\/11\/Benjamin-Vicuna-enfrenta-el-momento-mas-dramatico-con-sus-hijos-por-la-China-Suarez-Esta-sufriendo-359x226.jpeg\" alt=\"Yanina Latorre revel\u00f3 cu\u00e1ndo la China Su\u00e1rez le va a dar a Benjam\u00edn Vicu\u00f1a a sus dos hijos tras 45 d\u00edas sin verlos\" class=\"mt-image\" loading=\"lazy\" \/><\/div>\n<h5 class=\"mt-title\">Yanina Latorre revel\u00f3 cu\u00e1ndo la China Su\u00e1rez le va a dar a Benjam\u00edn Vicu\u00f1a a sus dos hijos tras 45 d\u00edas sin verlos<\/h5>\n<\/div>\n<p><\/a><\/div>\n<p>The post <a href=\"https:\/\/www.paparazzi.com.ar\/teve\/el-escandalo-que-armo-la-china-suarez-con-luzu-tv-las-exigencias-que-llevaron-a-nico-occhiato-a-cancelar-la-nota\/\">El esc\u00e1ndalo que arm\u00f3 la China Su\u00e1rez con Luzu TV: las exigencias que llevaron a Nico Occhiato a cancelar la nota<\/a> appeared first on <a href=\"https:\/\/www.paparazzi.com.ar\">Revista Paparazzi<\/a>.<\/p>\n","protected":false},"excerpt":{"rendered":"<p>Aquella postura de un bajo perfil en lo personal se esfum\u00f3 hace mucho tiempo. Ahora,<\/p>\n","protected":false},"author":0,"featured_media":9401,"comment_status":"","ping_status":"","sticky":false,"template":"","format":"standard","meta":{"footnotes":""},"categories":[11],"tags":[],"class_list":["post-9400","post","type-post","status-publish","format-standard","has-post-thumbnail","hentry","category-destacadas"],"yoast_head":"<!-- This site is optimized with the Yoast SEO plugin v27.4 - https:\/\/yoast.com\/product\/yoast-seo-wordpress\/ -->\n<title>El esc\u00e1ndalo que arm\u00f3 la China Su\u00e1rez con Luzu TV: las exigencias que llevaron a Nico Occhiato a cancelar la nota - Fm Gente<\/title>\n<meta name=\"robots\" content=\"index, follow, max-snippet:-1, max-image-preview:large, max-video-preview:-1\" \/>\n<link rel=\"canonical\" href=\"https:\/\/fmgente.com.ar\/web\/el-escandalo-que-armo-la-china-suarez-con-luzu-tv-las-exigencias-que-llevaron-a-nico-occhiato-a-cancelar-la-nota\/\" \/>\n<meta property=\"og:locale\" content=\"es_ES\" \/>\n<meta property=\"og:type\" content=\"article\" \/>\n<meta property=\"og:title\" content=\"El esc\u00e1ndalo que arm\u00f3 la China Su\u00e1rez con Luzu TV: las exigencias que llevaron a Nico Occhiato a cancelar la nota - Fm Gente\" \/>\n<meta property=\"og:description\" content=\"Aquella postura de un bajo perfil en lo personal se esfum\u00f3 hace mucho tiempo. Ahora,\" \/>\n<meta property=\"og:url\" content=\"https:\/\/fmgente.com.ar\/web\/el-escandalo-que-armo-la-china-suarez-con-luzu-tv-las-exigencias-que-llevaron-a-nico-occhiato-a-cancelar-la-nota\/\" \/>\n<meta property=\"og:site_name\" content=\"Fm Gente\" \/>\n<meta property=\"article:published_time\" content=\"2025-11-12T01:05:10+00:00\" \/>\n<meta property=\"og:image\" content=\"https:\/\/fmgente.com.ar\/web\/wp-content\/uploads\/2025\/11\/Mauro-Icardi-Wanda-359x226-4.jpg\" \/>\n\t<meta property=\"og:image:width\" content=\"359\" \/>\n\t<meta property=\"og:image:height\" content=\"226\" \/>\n\t<meta property=\"og:image:type\" content=\"image\/jpeg\" \/>\n<meta name=\"twitter:card\" content=\"summary_large_image\" \/>\n<meta name=\"twitter:label1\" content=\"Tiempo de lectura\" \/>\n\t<meta name=\"twitter:data1\" content=\"2 minutos\" \/>\n<script type=\"application\/ld+json\" class=\"yoast-schema-graph\">{\"@context\":\"https:\\\/\\\/schema.org\",\"@graph\":[{\"@type\":\"Article\",\"@id\":\"https:\\\/\\\/fmgente.com.ar\\\/web\\\/el-escandalo-que-armo-la-china-suarez-con-luzu-tv-las-exigencias-que-llevaron-a-nico-occhiato-a-cancelar-la-nota\\\/#article\",\"isPartOf\":{\"@id\":\"https:\\\/\\\/fmgente.com.ar\\\/web\\\/el-escandalo-que-armo-la-china-suarez-con-luzu-tv-las-exigencias-que-llevaron-a-nico-occhiato-a-cancelar-la-nota\\\/\"},\"author\":{\"name\":\"\",\"@id\":\"\"},\"headline\":\"El esc\u00e1ndalo que arm\u00f3 la China Su\u00e1rez con Luzu TV: las exigencias que llevaron a Nico Occhiato a cancelar la nota\",\"datePublished\":\"2025-11-12T01:05:10+00:00\",\"mainEntityOfPage\":{\"@id\":\"https:\\\/\\\/fmgente.com.ar\\\/web\\\/el-escandalo-que-armo-la-china-suarez-con-luzu-tv-las-exigencias-que-llevaron-a-nico-occhiato-a-cancelar-la-nota\\\/\"},\"wordCount\":498,\"publisher\":{\"@id\":\"https:\\\/\\\/fmgente.com.ar\\\/web\\\/#organization\"},\"image\":{\"@id\":\"https:\\\/\\\/fmgente.com.ar\\\/web\\\/el-escandalo-que-armo-la-china-suarez-con-luzu-tv-las-exigencias-que-llevaron-a-nico-occhiato-a-cancelar-la-nota\\\/#primaryimage\"},\"thumbnailUrl\":\"https:\\\/\\\/fmgente.com.ar\\\/web\\\/wp-content\\\/uploads\\\/2025\\\/11\\\/Mauro-Icardi-Wanda-359x226-4.jpg\",\"articleSection\":[\"DESTACADAS\"],\"inLanguage\":\"es\"},{\"@type\":\"WebPage\",\"@id\":\"https:\\\/\\\/fmgente.com.ar\\\/web\\\/el-escandalo-que-armo-la-china-suarez-con-luzu-tv-las-exigencias-que-llevaron-a-nico-occhiato-a-cancelar-la-nota\\\/\",\"url\":\"https:\\\/\\\/fmgente.com.ar\\\/web\\\/el-escandalo-que-armo-la-china-suarez-con-luzu-tv-las-exigencias-que-llevaron-a-nico-occhiato-a-cancelar-la-nota\\\/\",\"name\":\"El esc\u00e1ndalo que arm\u00f3 la China Su\u00e1rez con Luzu TV: las exigencias que llevaron a Nico Occhiato a cancelar la nota - Fm Gente\",\"isPartOf\":{\"@id\":\"https:\\\/\\\/fmgente.com.ar\\\/web\\\/#website\"},\"primaryImageOfPage\":{\"@id\":\"https:\\\/\\\/fmgente.com.ar\\\/web\\\/el-escandalo-que-armo-la-china-suarez-con-luzu-tv-las-exigencias-que-llevaron-a-nico-occhiato-a-cancelar-la-nota\\\/#primaryimage\"},\"image\":{\"@id\":\"https:\\\/\\\/fmgente.com.ar\\\/web\\\/el-escandalo-que-armo-la-china-suarez-con-luzu-tv-las-exigencias-que-llevaron-a-nico-occhiato-a-cancelar-la-nota\\\/#primaryimage\"},\"thumbnailUrl\":\"https:\\\/\\\/fmgente.com.ar\\\/web\\\/wp-content\\\/uploads\\\/2025\\\/11\\\/Mauro-Icardi-Wanda-359x226-4.jpg\",\"datePublished\":\"2025-11-12T01:05:10+00:00\",\"inLanguage\":\"es\",\"potentialAction\":[{\"@type\":\"ReadAction\",\"target\":[\"https:\\\/\\\/fmgente.com.ar\\\/web\\\/el-escandalo-que-armo-la-china-suarez-con-luzu-tv-las-exigencias-que-llevaron-a-nico-occhiato-a-cancelar-la-nota\\\/\"]}]},{\"@type\":\"ImageObject\",\"inLanguage\":\"es\",\"@id\":\"https:\\\/\\\/fmgente.com.ar\\\/web\\\/el-escandalo-que-armo-la-china-suarez-con-luzu-tv-las-exigencias-que-llevaron-a-nico-occhiato-a-cancelar-la-nota\\\/#primaryimage\",\"url\":\"https:\\\/\\\/fmgente.com.ar\\\/web\\\/wp-content\\\/uploads\\\/2025\\\/11\\\/Mauro-Icardi-Wanda-359x226-4.jpg\",\"contentUrl\":\"https:\\\/\\\/fmgente.com.ar\\\/web\\\/wp-content\\\/uploads\\\/2025\\\/11\\\/Mauro-Icardi-Wanda-359x226-4.jpg\",\"width\":359,\"height\":226},{\"@type\":\"WebSite\",\"@id\":\"https:\\\/\\\/fmgente.com.ar\\\/web\\\/#website\",\"url\":\"https:\\\/\\\/fmgente.com.ar\\\/web\\\/\",\"name\":\"Fm Gente\",\"description\":\"- Jes\u00fas Mar\u00eda\",\"publisher\":{\"@id\":\"https:\\\/\\\/fmgente.com.ar\\\/web\\\/#organization\"},\"potentialAction\":[{\"@type\":\"SearchAction\",\"target\":{\"@type\":\"EntryPoint\",\"urlTemplate\":\"https:\\\/\\\/fmgente.com.ar\\\/web\\\/?s={search_term_string}\"},\"query-input\":{\"@type\":\"PropertyValueSpecification\",\"valueRequired\":true,\"valueName\":\"search_term_string\"}}],\"inLanguage\":\"es\"},{\"@type\":\"Organization\",\"@id\":\"https:\\\/\\\/fmgente.com.ar\\\/web\\\/#organization\",\"name\":\"Fm Gente\",\"url\":\"https:\\\/\\\/fmgente.com.ar\\\/web\\\/\",\"logo\":{\"@type\":\"ImageObject\",\"inLanguage\":\"es\",\"@id\":\"https:\\\/\\\/fmgente.com.ar\\\/web\\\/#\\\/schema\\\/logo\\\/image\\\/\",\"url\":\"https:\\\/\\\/fmgente.com.ar\\\/web\\\/wp-content\\\/uploads\\\/2023\\\/07\\\/cropped-cropped-logo-sombra2.png\",\"contentUrl\":\"https:\\\/\\\/fmgente.com.ar\\\/web\\\/wp-content\\\/uploads\\\/2023\\\/07\\\/cropped-cropped-logo-sombra2.png\",\"width\":1782,\"height\":1782,\"caption\":\"Fm Gente\"},\"image\":{\"@id\":\"https:\\\/\\\/fmgente.com.ar\\\/web\\\/#\\\/schema\\\/logo\\\/image\\\/\"}}]}<\/script>\n<!-- \/ Yoast SEO plugin. -->","yoast_head_json":{"title":"El esc\u00e1ndalo que arm\u00f3 la China Su\u00e1rez con Luzu TV: las exigencias que llevaron a Nico Occhiato a cancelar la nota - Fm Gente","robots":{"index":"index","follow":"follow","max-snippet":"max-snippet:-1","max-image-preview":"max-image-preview:large","max-video-preview":"max-video-preview:-1"},"canonical":"https:\/\/fmgente.com.ar\/web\/el-escandalo-que-armo-la-china-suarez-con-luzu-tv-las-exigencias-que-llevaron-a-nico-occhiato-a-cancelar-la-nota\/","og_locale":"es_ES","og_type":"article","og_title":"El esc\u00e1ndalo que arm\u00f3 la China Su\u00e1rez con Luzu TV: las exigencias que llevaron a Nico Occhiato a cancelar la nota - Fm Gente","og_description":"Aquella postura de un bajo perfil en lo personal se esfum\u00f3 hace mucho tiempo. Ahora,","og_url":"https:\/\/fmgente.com.ar\/web\/el-escandalo-que-armo-la-china-suarez-con-luzu-tv-las-exigencias-que-llevaron-a-nico-occhiato-a-cancelar-la-nota\/","og_site_name":"Fm Gente","article_published_time":"2025-11-12T01:05:10+00:00","og_image":[{"width":359,"height":226,"url":"https:\/\/fmgente.com.ar\/web\/wp-content\/uploads\/2025\/11\/Mauro-Icardi-Wanda-359x226-4.jpg","type":"image\/jpeg"}],"twitter_card":"summary_large_image","twitter_misc":{"Tiempo de lectura":"2 minutos"},"schema":{"@context":"https:\/\/schema.org","@graph":[{"@type":"Article","@id":"https:\/\/fmgente.com.ar\/web\/el-escandalo-que-armo-la-china-suarez-con-luzu-tv-las-exigencias-que-llevaron-a-nico-occhiato-a-cancelar-la-nota\/#article","isPartOf":{"@id":"https:\/\/fmgente.com.ar\/web\/el-escandalo-que-armo-la-china-suarez-con-luzu-tv-las-exigencias-que-llevaron-a-nico-occhiato-a-cancelar-la-nota\/"},"author":{"name":"","@id":""},"headline":"El esc\u00e1ndalo que arm\u00f3 la China Su\u00e1rez con Luzu TV: las exigencias que llevaron a Nico Occhiato a cancelar la nota","datePublished":"2025-11-12T01:05:10+00:00","mainEntityOfPage":{"@id":"https:\/\/fmgente.com.ar\/web\/el-escandalo-que-armo-la-china-suarez-con-luzu-tv-las-exigencias-que-llevaron-a-nico-occhiato-a-cancelar-la-nota\/"},"wordCount":498,"publisher":{"@id":"https:\/\/fmgente.com.ar\/web\/#organization"},"image":{"@id":"https:\/\/fmgente.com.ar\/web\/el-escandalo-que-armo-la-china-suarez-con-luzu-tv-las-exigencias-que-llevaron-a-nico-occhiato-a-cancelar-la-nota\/#primaryimage"},"thumbnailUrl":"https:\/\/fmgente.com.ar\/web\/wp-content\/uploads\/2025\/11\/Mauro-Icardi-Wanda-359x226-4.jpg","articleSection":["DESTACADAS"],"inLanguage":"es"},{"@type":"WebPage","@id":"https:\/\/fmgente.com.ar\/web\/el-escandalo-que-armo-la-china-suarez-con-luzu-tv-las-exigencias-que-llevaron-a-nico-occhiato-a-cancelar-la-nota\/","url":"https:\/\/fmgente.com.ar\/web\/el-escandalo-que-armo-la-china-suarez-con-luzu-tv-las-exigencias-que-llevaron-a-nico-occhiato-a-cancelar-la-nota\/","name":"El esc\u00e1ndalo que arm\u00f3 la China Su\u00e1rez con Luzu TV: las exigencias que llevaron a Nico Occhiato a cancelar la nota - Fm Gente","isPartOf":{"@id":"https:\/\/fmgente.com.ar\/web\/#website"},"primaryImageOfPage":{"@id":"https:\/\/fmgente.com.ar\/web\/el-escandalo-que-armo-la-china-suarez-con-luzu-tv-las-exigencias-que-llevaron-a-nico-occhiato-a-cancelar-la-nota\/#primaryimage"},"image":{"@id":"https:\/\/fmgente.com.ar\/web\/el-escandalo-que-armo-la-china-suarez-con-luzu-tv-las-exigencias-que-llevaron-a-nico-occhiato-a-cancelar-la-nota\/#primaryimage"},"thumbnailUrl":"https:\/\/fmgente.com.ar\/web\/wp-content\/uploads\/2025\/11\/Mauro-Icardi-Wanda-359x226-4.jpg","datePublished":"2025-11-12T01:05:10+00:00","inLanguage":"es","potentialAction":[{"@type":"ReadAction","target":["https:\/\/fmgente.com.ar\/web\/el-escandalo-que-armo-la-china-suarez-con-luzu-tv-las-exigencias-que-llevaron-a-nico-occhiato-a-cancelar-la-nota\/"]}]},{"@type":"ImageObject","inLanguage":"es","@id":"https:\/\/fmgente.com.ar\/web\/el-escandalo-que-armo-la-china-suarez-con-luzu-tv-las-exigencias-que-llevaron-a-nico-occhiato-a-cancelar-la-nota\/#primaryimage","url":"https:\/\/fmgente.com.ar\/web\/wp-content\/uploads\/2025\/11\/Mauro-Icardi-Wanda-359x226-4.jpg","contentUrl":"https:\/\/fmgente.com.ar\/web\/wp-content\/uploads\/2025\/11\/Mauro-Icardi-Wanda-359x226-4.jpg","width":359,"height":226},{"@type":"WebSite","@id":"https:\/\/fmgente.com.ar\/web\/#website","url":"https:\/\/fmgente.com.ar\/web\/","name":"Fm Gente","description":"- Jes\u00fas Mar\u00eda","publisher":{"@id":"https:\/\/fmgente.com.ar\/web\/#organization"},"potentialAction":[{"@type":"SearchAction","target":{"@type":"EntryPoint","urlTemplate":"https:\/\/fmgente.com.ar\/web\/?s={search_term_string}"},"query-input":{"@type":"PropertyValueSpecification","valueRequired":true,"valueName":"search_term_string"}}],"inLanguage":"es"},{"@type":"Organization","@id":"https:\/\/fmgente.com.ar\/web\/#organization","name":"Fm Gente","url":"https:\/\/fmgente.com.ar\/web\/","logo":{"@type":"ImageObject","inLanguage":"es","@id":"https:\/\/fmgente.com.ar\/web\/#\/schema\/logo\/image\/","url":"https:\/\/fmgente.com.ar\/web\/wp-content\/uploads\/2023\/07\/cropped-cropped-logo-sombra2.png","contentUrl":"https:\/\/fmgente.com.ar\/web\/wp-content\/uploads\/2023\/07\/cropped-cropped-logo-sombra2.png","width":1782,"height":1782,"caption":"Fm Gente"},"image":{"@id":"https:\/\/fmgente.com.ar\/web\/#\/schema\/logo\/image\/"}}]}},"_links":{"self":[{"href":"https:\/\/fmgente.com.ar\/web\/wp-json\/wp\/v2\/posts\/9400","targetHints":{"allow":["GET"]}}],"collection":[{"href":"https:\/\/fmgente.com.ar\/web\/wp-json\/wp\/v2\/posts"}],"about":[{"href":"https:\/\/fmgente.com.ar\/web\/wp-json\/wp\/v2\/types\/post"}],"replies":[{"embeddable":true,"href":"https:\/\/fmgente.com.ar\/web\/wp-json\/wp\/v2\/comments?post=9400"}],"version-history":[{"count":0,"href":"https:\/\/fmgente.com.ar\/web\/wp-json\/wp\/v2\/posts\/9400\/revisions"}],"wp:featuredmedia":[{"embeddable":true,"href":"https:\/\/fmgente.com.ar\/web\/wp-json\/wp\/v2\/media\/9401"}],"wp:attachment":[{"href":"https:\/\/fmgente.com.ar\/web\/wp-json\/wp\/v2\/media?parent=9400"}],"wp:term":[{"taxonomy":"category","embeddable":true,"href":"https:\/\/fmgente.com.ar\/web\/wp-json\/wp\/v2\/categories?post=9400"},{"taxonomy":"post_tag","embeddable":true,"href":"https:\/\/fmgente.com.ar\/web\/wp-json\/wp\/v2\/tags?post=9400"}],"curies":[{"name":"wp","href":"https:\/\/api.w.org\/{rel}","templated":true}]}}