{"id":9396,"date":"2025-11-11T22:05:10","date_gmt":"2025-11-12T01:05:10","guid":{"rendered":"https:\/\/fmgente.com.ar\/como-fue-la-charla-de-masterchef-con-german-martitegui-por-sus-malos-tratos-a-los-participantes\/"},"modified":"2025-11-11T22:05:10","modified_gmt":"2025-11-12T01:05:10","slug":"como-fue-la-charla-de-masterchef-con-german-martitegui-por-sus-malos-tratos-a-los-participantes","status":"publish","type":"post","link":"https:\/\/fmgente.com.ar\/web\/como-fue-la-charla-de-masterchef-con-german-martitegui-por-sus-malos-tratos-a-los-participantes\/","title":{"rendered":"C\u00f3mo fue la charla de MasterChef con Germ\u00e1n Martitegui por sus malos tratos a los participantes"},"content":{"rendered":"<p>En el centro de la tormenta est\u00e1n <strong><a href=\"https:\/\/www.paparazzi.com.ar\/tag\/German-Martitegui\/\">Germ\u00e1n Martitegui<\/a><\/strong>, <strong>Eugenia Tobal<\/strong> y el <strong>Chino Leonis<\/strong>, protagonistas involuntarios del \u00faltimo temblor en MasterChef. La actriz, una de las preferidas del p\u00fablico, habr\u00eda llegado al l\u00edmite tras una devoluci\u00f3n que la dej\u00f3 al borde de abandonar el programa. El cruce no fue solo televisado: puertas adentro, aseguran, la tensi\u00f3n se siente y el clima ya no es el mismo en el estudio.<\/p>\n<p><em>\u201cNo es una carne que d\u00e9 un sabor espectacular. Es muy sutil. Hay que levantar los jugos, ir agregando cosas\u2026 Va haciendo que el sabor se refuerce para que no quede lavado, como est\u00e1 este\u201d<\/em>, fue parte de la devoluci\u00f3n que incomod\u00f3 a todos. La participante intent\u00f3 explicar sus decisiones, pero la respuesta habr\u00eda sonado a pared.<\/p>\n<p>El conflicto se amplific\u00f3 en d\u00edas posteriores, cuando trascendieron escenas que habr\u00edan sido m\u00e1s duras de lo que se vio al aire. All\u00ed entr\u00f3 en escena nuevamente <strong><a href=\"https:\/\/www.paparazzi.com.ar\/teve\/susana-roccasalvo-revelo-el-rumor-mas-fuerte-de-masterchef-lo-que-nadie-sabe-de-german-martitegui-y-eugenia-tobal\/\">Martitegui<\/a><\/strong>, cuestionado por la manera en que expresa sus cr\u00edticas. <em>\u201cA esta altura, un plato as\u00ed sin salsa\u2026 y despu\u00e9s veo tres manzanas que no est\u00e1n ni cocidas ni caramelizadas, con un br\u00f3coli pasado\u2026 No tiene nada que ver con lo que cont\u00e1s\u201d<\/em>, se escuch\u00f3 en una grabaci\u00f3n interna que circul\u00f3 entre el equipo.<\/p>\n<div class=\"mt-box \">\n<h4 class=\"mt-heading\">Mir\u00e1 Tambi\u00e9n<\/h4>\n<p><a href=\"https:\/\/www.paparazzi.com.ar\/teve\/exclusivo-el-video-de-la-salida-de-thiago-medina-del-hospital-que-famosos-lo-fueron-a-buscar\/\"><\/p>\n<div class=\"mt-content\">\n<div class=\"mt-image-container\"><img decoding=\"async\" src=\"https:\/\/www.paparazzi.com.ar\/wp-content\/uploads\/2025\/10\/Thiago-Medina-hospital-359x226.jpg\" alt=\"\u00a1Exclusivo! El video de la salida de Thiago Medina del hospital: qu\u00e9 famosos lo fueron a buscar\" class=\"mt-image\" loading=\"lazy\" \/><\/div>\n<h5 class=\"mt-title\">\u00a1Exclusivo! El video de la salida de Thiago Medina del hospital: qu\u00e9 famosos lo fueron a buscar<\/h5>\n<\/div>\n<p><\/a><\/div>\n<p>La situaci\u00f3n se agrav\u00f3 cuando la actriz prepar\u00f3 un postre ligado a un recuerdo familiar. El comentario habr\u00eda sido a\u00fan m\u00e1s filoso: <em>\u201c\u00bfQu\u00e9 ten\u00e9s en la cabeza? \u00bfC\u00f3mo vas a presentar esto?\u201d<\/em>. Seg\u00fan fuentes cercanas a la producci\u00f3n, ese d\u00eda la participante sali\u00f3 llorando y pidi\u00f3 irse del programa.<\/p>\n<h2 class=\"wp-block-heading\">LA CHARLA DE TELEFE CON MARTITEGUI<\/h2>\n<p>Ante esta escalada, <strong>Tobal<\/strong> habr\u00eda planteado directamente su malestar, lo que deriv\u00f3 en una reuni\u00f3n interna. La producci\u00f3n habr\u00eda llamado a <strong><a href=\"https:\/\/www.paparazzi.com.ar\/teve\/las-terribles-acusaciones-contra-german-martitegui-se-esta-por-comer-una-pina\/\">Martitegui<\/a><\/strong> para pedirle que modere sus devoluciones, especialmente con los participantes que llegan con carga emocional. <em>\u201cLo de Tobal me dijeron que es cierto. No renunci\u00f3, pero s\u00ed plante\u00f3 bronca con una persona del jurado\u201d<\/em>, trascendi\u00f3 en los pasillos.<\/p>\n<p><em>\u201cA m\u00ed me han dicho que hubo una charla entre la producci\u00f3n para matizar un poco las devoluciones y que no sean tan picantes. Yo no digo tirando orejas, pero s\u00ed una charla diciendo: \u2018Bueno, muy de cristal\u2019\u201d<\/em>, se coment\u00f3 en SQP, dejando claro que el fuego sigue encendido aunque frente a c\u00e1mara todo parezca bajo control.<\/p>\n<div class=\"mt-box \">\n<h4 class=\"mt-heading\">Mir\u00e1 Tambi\u00e9n<\/h4>\n<p><a href=\"https:\/\/www.paparazzi.com.ar\/teve\/benjamin-vicuna-tomo-una-drastica-decision-con-el-futuro-de-sus-hijos-y-dejo-en-shock-a-la-china-suarez\/\"><\/p>\n<div class=\"mt-content\">\n<div class=\"mt-image-container\"><img decoding=\"async\" src=\"https:\/\/www.paparazzi.com.ar\/wp-content\/uploads\/2025\/10\/La-China-Suarez-y-Benjamin-Vicuna-no-llegan-a-un-acuerdo-por-sus-hijos-y-la-mudanza-con-Icardi-22Hubo-una.22-359x226.jpg\" alt=\"Benjam\u00edn Vicu\u00f1a tom\u00f3 una dr\u00e1stica decisi\u00f3n con el futuro de sus hijos y dej\u00f3 en shock a la China Su\u00e1rez\" class=\"mt-image\" loading=\"lazy\" \/><\/div>\n<h5 class=\"mt-title\">Benjam\u00edn Vicu\u00f1a tom\u00f3 una dr\u00e1stica decisi\u00f3n con el futuro de sus hijos y dej\u00f3 en shock a la China Su\u00e1rez<\/h5>\n<\/div>\n<p><\/a><\/div>\n<div class=\"mt-box \">\n<h4 class=\"mt-heading\">Mir\u00e1 Tambi\u00e9n<\/h4>\n<p><a href=\"https:\/\/www.paparazzi.com.ar\/romances\/andrea-rincon-confirmo-que-tiene-nuevo-novio-las-fotos-con-el-misterioso-galan-que-la-conquisto\/\"><\/p>\n<div class=\"mt-content\">\n<div class=\"mt-image-container\"><img decoding=\"async\" src=\"https:\/\/www.paparazzi.com.ar\/wp-content\/uploads\/2024\/07\/andrea-rincon.jpg.webp\" alt=\"Andrea Rinc\u00f3n confirm\u00f3 que tiene nuevo novio: las fotos con el misterioso gal\u00e1n que la conquist\u00f3\" class=\"mt-image\" loading=\"lazy\" \/><\/div>\n<h5 class=\"mt-title\">Andrea Rinc\u00f3n confirm\u00f3 que tiene nuevo novio: las fotos con el misterioso gal\u00e1n que la conquist\u00f3<\/h5>\n<\/div>\n<p><\/a><\/div>\n<p>The post <a href=\"https:\/\/www.paparazzi.com.ar\/teve\/como-fue-la-charla-de-masterchef-con-german-martitegui-por-sus-malos-tratos-a-los-participantes\/\">C\u00f3mo fue la charla de MasterChef con Germ\u00e1n Martitegui por sus malos tratos a los participantes<\/a> appeared first on <a href=\"https:\/\/www.paparazzi.com.ar\">Revista Paparazzi<\/a>.<\/p>\n","protected":false},"excerpt":{"rendered":"<p>En el centro de la tormenta est\u00e1n Germ\u00e1n Martitegui, Eugenia Tobal y el Chino Leonis,<\/p>\n","protected":false},"author":0,"featured_media":9397,"comment_status":"","ping_status":"","sticky":false,"template":"","format":"standard","meta":{"footnotes":""},"categories":[11],"tags":[],"class_list":["post-9396","post","type-post","status-publish","format-standard","has-post-thumbnail","hentry","category-destacadas"],"yoast_head":"<!-- This site is optimized with the Yoast SEO plugin v27.4 - https:\/\/yoast.com\/product\/yoast-seo-wordpress\/ -->\n<title>C\u00f3mo fue la charla de MasterChef con Germ\u00e1n Martitegui por sus malos tratos a los participantes - Fm Gente<\/title>\n<meta name=\"robots\" content=\"index, follow, max-snippet:-1, max-image-preview:large, max-video-preview:-1\" \/>\n<link rel=\"canonical\" href=\"https:\/\/fmgente.com.ar\/web\/como-fue-la-charla-de-masterchef-con-german-martitegui-por-sus-malos-tratos-a-los-participantes\/\" \/>\n<meta property=\"og:locale\" content=\"es_ES\" \/>\n<meta property=\"og:type\" content=\"article\" \/>\n<meta property=\"og:title\" content=\"C\u00f3mo fue la charla de MasterChef con Germ\u00e1n Martitegui por sus malos tratos a los participantes - Fm Gente\" \/>\n<meta property=\"og:description\" content=\"En el centro de la tormenta est\u00e1n Germ\u00e1n Martitegui, Eugenia Tobal y el Chino Leonis,\" \/>\n<meta property=\"og:url\" content=\"https:\/\/fmgente.com.ar\/web\/como-fue-la-charla-de-masterchef-con-german-martitegui-por-sus-malos-tratos-a-los-participantes\/\" \/>\n<meta property=\"og:site_name\" content=\"Fm Gente\" \/>\n<meta property=\"article:published_time\" content=\"2025-11-12T01:05:10+00:00\" \/>\n<meta property=\"og:image\" content=\"https:\/\/fmgente.com.ar\/web\/wp-content\/uploads\/2025\/11\/Thiago-Medina-hospital-359x226-17.jpg\" \/>\n\t<meta property=\"og:image:width\" content=\"359\" \/>\n\t<meta property=\"og:image:height\" content=\"226\" \/>\n\t<meta property=\"og:image:type\" content=\"image\/jpeg\" \/>\n<meta name=\"twitter:card\" content=\"summary_large_image\" \/>\n<meta name=\"twitter:label1\" content=\"Tiempo de lectura\" \/>\n\t<meta name=\"twitter:data1\" content=\"3 minutos\" \/>\n<script type=\"application\/ld+json\" class=\"yoast-schema-graph\">{\"@context\":\"https:\\\/\\\/schema.org\",\"@graph\":[{\"@type\":\"Article\",\"@id\":\"https:\\\/\\\/fmgente.com.ar\\\/web\\\/como-fue-la-charla-de-masterchef-con-german-martitegui-por-sus-malos-tratos-a-los-participantes\\\/#article\",\"isPartOf\":{\"@id\":\"https:\\\/\\\/fmgente.com.ar\\\/web\\\/como-fue-la-charla-de-masterchef-con-german-martitegui-por-sus-malos-tratos-a-los-participantes\\\/\"},\"author\":{\"name\":\"\",\"@id\":\"\"},\"headline\":\"C\u00f3mo fue la charla de MasterChef con Germ\u00e1n Martitegui por sus malos tratos a los participantes\",\"datePublished\":\"2025-11-12T01:05:10+00:00\",\"mainEntityOfPage\":{\"@id\":\"https:\\\/\\\/fmgente.com.ar\\\/web\\\/como-fue-la-charla-de-masterchef-con-german-martitegui-por-sus-malos-tratos-a-los-participantes\\\/\"},\"wordCount\":525,\"publisher\":{\"@id\":\"https:\\\/\\\/fmgente.com.ar\\\/web\\\/#organization\"},\"image\":{\"@id\":\"https:\\\/\\\/fmgente.com.ar\\\/web\\\/como-fue-la-charla-de-masterchef-con-german-martitegui-por-sus-malos-tratos-a-los-participantes\\\/#primaryimage\"},\"thumbnailUrl\":\"https:\\\/\\\/fmgente.com.ar\\\/web\\\/wp-content\\\/uploads\\\/2025\\\/11\\\/Thiago-Medina-hospital-359x226-17.jpg\",\"articleSection\":[\"DESTACADAS\"],\"inLanguage\":\"es\"},{\"@type\":\"WebPage\",\"@id\":\"https:\\\/\\\/fmgente.com.ar\\\/web\\\/como-fue-la-charla-de-masterchef-con-german-martitegui-por-sus-malos-tratos-a-los-participantes\\\/\",\"url\":\"https:\\\/\\\/fmgente.com.ar\\\/web\\\/como-fue-la-charla-de-masterchef-con-german-martitegui-por-sus-malos-tratos-a-los-participantes\\\/\",\"name\":\"C\u00f3mo fue la charla de MasterChef con Germ\u00e1n Martitegui por sus malos tratos a los participantes - Fm Gente\",\"isPartOf\":{\"@id\":\"https:\\\/\\\/fmgente.com.ar\\\/web\\\/#website\"},\"primaryImageOfPage\":{\"@id\":\"https:\\\/\\\/fmgente.com.ar\\\/web\\\/como-fue-la-charla-de-masterchef-con-german-martitegui-por-sus-malos-tratos-a-los-participantes\\\/#primaryimage\"},\"image\":{\"@id\":\"https:\\\/\\\/fmgente.com.ar\\\/web\\\/como-fue-la-charla-de-masterchef-con-german-martitegui-por-sus-malos-tratos-a-los-participantes\\\/#primaryimage\"},\"thumbnailUrl\":\"https:\\\/\\\/fmgente.com.ar\\\/web\\\/wp-content\\\/uploads\\\/2025\\\/11\\\/Thiago-Medina-hospital-359x226-17.jpg\",\"datePublished\":\"2025-11-12T01:05:10+00:00\",\"inLanguage\":\"es\",\"potentialAction\":[{\"@type\":\"ReadAction\",\"target\":[\"https:\\\/\\\/fmgente.com.ar\\\/web\\\/como-fue-la-charla-de-masterchef-con-german-martitegui-por-sus-malos-tratos-a-los-participantes\\\/\"]}]},{\"@type\":\"ImageObject\",\"inLanguage\":\"es\",\"@id\":\"https:\\\/\\\/fmgente.com.ar\\\/web\\\/como-fue-la-charla-de-masterchef-con-german-martitegui-por-sus-malos-tratos-a-los-participantes\\\/#primaryimage\",\"url\":\"https:\\\/\\\/fmgente.com.ar\\\/web\\\/wp-content\\\/uploads\\\/2025\\\/11\\\/Thiago-Medina-hospital-359x226-17.jpg\",\"contentUrl\":\"https:\\\/\\\/fmgente.com.ar\\\/web\\\/wp-content\\\/uploads\\\/2025\\\/11\\\/Thiago-Medina-hospital-359x226-17.jpg\",\"width\":359,\"height\":226},{\"@type\":\"WebSite\",\"@id\":\"https:\\\/\\\/fmgente.com.ar\\\/web\\\/#website\",\"url\":\"https:\\\/\\\/fmgente.com.ar\\\/web\\\/\",\"name\":\"Fm Gente\",\"description\":\"- Jes\u00fas Mar\u00eda\",\"publisher\":{\"@id\":\"https:\\\/\\\/fmgente.com.ar\\\/web\\\/#organization\"},\"potentialAction\":[{\"@type\":\"SearchAction\",\"target\":{\"@type\":\"EntryPoint\",\"urlTemplate\":\"https:\\\/\\\/fmgente.com.ar\\\/web\\\/?s={search_term_string}\"},\"query-input\":{\"@type\":\"PropertyValueSpecification\",\"valueRequired\":true,\"valueName\":\"search_term_string\"}}],\"inLanguage\":\"es\"},{\"@type\":\"Organization\",\"@id\":\"https:\\\/\\\/fmgente.com.ar\\\/web\\\/#organization\",\"name\":\"Fm Gente\",\"url\":\"https:\\\/\\\/fmgente.com.ar\\\/web\\\/\",\"logo\":{\"@type\":\"ImageObject\",\"inLanguage\":\"es\",\"@id\":\"https:\\\/\\\/fmgente.com.ar\\\/web\\\/#\\\/schema\\\/logo\\\/image\\\/\",\"url\":\"https:\\\/\\\/fmgente.com.ar\\\/web\\\/wp-content\\\/uploads\\\/2023\\\/07\\\/cropped-cropped-logo-sombra2.png\",\"contentUrl\":\"https:\\\/\\\/fmgente.com.ar\\\/web\\\/wp-content\\\/uploads\\\/2023\\\/07\\\/cropped-cropped-logo-sombra2.png\",\"width\":1782,\"height\":1782,\"caption\":\"Fm Gente\"},\"image\":{\"@id\":\"https:\\\/\\\/fmgente.com.ar\\\/web\\\/#\\\/schema\\\/logo\\\/image\\\/\"}}]}<\/script>\n<!-- \/ Yoast SEO plugin. -->","yoast_head_json":{"title":"C\u00f3mo fue la charla de MasterChef con Germ\u00e1n Martitegui por sus malos tratos a los participantes - Fm Gente","robots":{"index":"index","follow":"follow","max-snippet":"max-snippet:-1","max-image-preview":"max-image-preview:large","max-video-preview":"max-video-preview:-1"},"canonical":"https:\/\/fmgente.com.ar\/web\/como-fue-la-charla-de-masterchef-con-german-martitegui-por-sus-malos-tratos-a-los-participantes\/","og_locale":"es_ES","og_type":"article","og_title":"C\u00f3mo fue la charla de MasterChef con Germ\u00e1n Martitegui por sus malos tratos a los participantes - Fm Gente","og_description":"En el centro de la tormenta est\u00e1n Germ\u00e1n Martitegui, Eugenia Tobal y el Chino Leonis,","og_url":"https:\/\/fmgente.com.ar\/web\/como-fue-la-charla-de-masterchef-con-german-martitegui-por-sus-malos-tratos-a-los-participantes\/","og_site_name":"Fm Gente","article_published_time":"2025-11-12T01:05:10+00:00","og_image":[{"width":359,"height":226,"url":"https:\/\/fmgente.com.ar\/web\/wp-content\/uploads\/2025\/11\/Thiago-Medina-hospital-359x226-17.jpg","type":"image\/jpeg"}],"twitter_card":"summary_large_image","twitter_misc":{"Tiempo de lectura":"3 minutos"},"schema":{"@context":"https:\/\/schema.org","@graph":[{"@type":"Article","@id":"https:\/\/fmgente.com.ar\/web\/como-fue-la-charla-de-masterchef-con-german-martitegui-por-sus-malos-tratos-a-los-participantes\/#article","isPartOf":{"@id":"https:\/\/fmgente.com.ar\/web\/como-fue-la-charla-de-masterchef-con-german-martitegui-por-sus-malos-tratos-a-los-participantes\/"},"author":{"name":"","@id":""},"headline":"C\u00f3mo fue la charla de MasterChef con Germ\u00e1n Martitegui por sus malos tratos a los participantes","datePublished":"2025-11-12T01:05:10+00:00","mainEntityOfPage":{"@id":"https:\/\/fmgente.com.ar\/web\/como-fue-la-charla-de-masterchef-con-german-martitegui-por-sus-malos-tratos-a-los-participantes\/"},"wordCount":525,"publisher":{"@id":"https:\/\/fmgente.com.ar\/web\/#organization"},"image":{"@id":"https:\/\/fmgente.com.ar\/web\/como-fue-la-charla-de-masterchef-con-german-martitegui-por-sus-malos-tratos-a-los-participantes\/#primaryimage"},"thumbnailUrl":"https:\/\/fmgente.com.ar\/web\/wp-content\/uploads\/2025\/11\/Thiago-Medina-hospital-359x226-17.jpg","articleSection":["DESTACADAS"],"inLanguage":"es"},{"@type":"WebPage","@id":"https:\/\/fmgente.com.ar\/web\/como-fue-la-charla-de-masterchef-con-german-martitegui-por-sus-malos-tratos-a-los-participantes\/","url":"https:\/\/fmgente.com.ar\/web\/como-fue-la-charla-de-masterchef-con-german-martitegui-por-sus-malos-tratos-a-los-participantes\/","name":"C\u00f3mo fue la charla de MasterChef con Germ\u00e1n Martitegui por sus malos tratos a los participantes - Fm Gente","isPartOf":{"@id":"https:\/\/fmgente.com.ar\/web\/#website"},"primaryImageOfPage":{"@id":"https:\/\/fmgente.com.ar\/web\/como-fue-la-charla-de-masterchef-con-german-martitegui-por-sus-malos-tratos-a-los-participantes\/#primaryimage"},"image":{"@id":"https:\/\/fmgente.com.ar\/web\/como-fue-la-charla-de-masterchef-con-german-martitegui-por-sus-malos-tratos-a-los-participantes\/#primaryimage"},"thumbnailUrl":"https:\/\/fmgente.com.ar\/web\/wp-content\/uploads\/2025\/11\/Thiago-Medina-hospital-359x226-17.jpg","datePublished":"2025-11-12T01:05:10+00:00","inLanguage":"es","potentialAction":[{"@type":"ReadAction","target":["https:\/\/fmgente.com.ar\/web\/como-fue-la-charla-de-masterchef-con-german-martitegui-por-sus-malos-tratos-a-los-participantes\/"]}]},{"@type":"ImageObject","inLanguage":"es","@id":"https:\/\/fmgente.com.ar\/web\/como-fue-la-charla-de-masterchef-con-german-martitegui-por-sus-malos-tratos-a-los-participantes\/#primaryimage","url":"https:\/\/fmgente.com.ar\/web\/wp-content\/uploads\/2025\/11\/Thiago-Medina-hospital-359x226-17.jpg","contentUrl":"https:\/\/fmgente.com.ar\/web\/wp-content\/uploads\/2025\/11\/Thiago-Medina-hospital-359x226-17.jpg","width":359,"height":226},{"@type":"WebSite","@id":"https:\/\/fmgente.com.ar\/web\/#website","url":"https:\/\/fmgente.com.ar\/web\/","name":"Fm Gente","description":"- Jes\u00fas Mar\u00eda","publisher":{"@id":"https:\/\/fmgente.com.ar\/web\/#organization"},"potentialAction":[{"@type":"SearchAction","target":{"@type":"EntryPoint","urlTemplate":"https:\/\/fmgente.com.ar\/web\/?s={search_term_string}"},"query-input":{"@type":"PropertyValueSpecification","valueRequired":true,"valueName":"search_term_string"}}],"inLanguage":"es"},{"@type":"Organization","@id":"https:\/\/fmgente.com.ar\/web\/#organization","name":"Fm Gente","url":"https:\/\/fmgente.com.ar\/web\/","logo":{"@type":"ImageObject","inLanguage":"es","@id":"https:\/\/fmgente.com.ar\/web\/#\/schema\/logo\/image\/","url":"https:\/\/fmgente.com.ar\/web\/wp-content\/uploads\/2023\/07\/cropped-cropped-logo-sombra2.png","contentUrl":"https:\/\/fmgente.com.ar\/web\/wp-content\/uploads\/2023\/07\/cropped-cropped-logo-sombra2.png","width":1782,"height":1782,"caption":"Fm Gente"},"image":{"@id":"https:\/\/fmgente.com.ar\/web\/#\/schema\/logo\/image\/"}}]}},"_links":{"self":[{"href":"https:\/\/fmgente.com.ar\/web\/wp-json\/wp\/v2\/posts\/9396","targetHints":{"allow":["GET"]}}],"collection":[{"href":"https:\/\/fmgente.com.ar\/web\/wp-json\/wp\/v2\/posts"}],"about":[{"href":"https:\/\/fmgente.com.ar\/web\/wp-json\/wp\/v2\/types\/post"}],"replies":[{"embeddable":true,"href":"https:\/\/fmgente.com.ar\/web\/wp-json\/wp\/v2\/comments?post=9396"}],"version-history":[{"count":0,"href":"https:\/\/fmgente.com.ar\/web\/wp-json\/wp\/v2\/posts\/9396\/revisions"}],"wp:featuredmedia":[{"embeddable":true,"href":"https:\/\/fmgente.com.ar\/web\/wp-json\/wp\/v2\/media\/9397"}],"wp:attachment":[{"href":"https:\/\/fmgente.com.ar\/web\/wp-json\/wp\/v2\/media?parent=9396"}],"wp:term":[{"taxonomy":"category","embeddable":true,"href":"https:\/\/fmgente.com.ar\/web\/wp-json\/wp\/v2\/categories?post=9396"},{"taxonomy":"post_tag","embeddable":true,"href":"https:\/\/fmgente.com.ar\/web\/wp-json\/wp\/v2\/tags?post=9396"}],"curies":[{"name":"wp","href":"https:\/\/api.w.org\/{rel}","templated":true}]}}