{"id":9394,"date":"2025-11-11T21:05:00","date_gmt":"2025-11-12T00:05:00","guid":{"rendered":"https:\/\/fmgente.com.ar\/benjamin-vicuna-tomo-una-drastica-decision-con-el-futuro-de-sus-hijos-y-dejo-en-shock-a-la-china-suarez\/"},"modified":"2025-11-11T21:05:00","modified_gmt":"2025-11-12T00:05:00","slug":"benjamin-vicuna-tomo-una-drastica-decision-con-el-futuro-de-sus-hijos-y-dejo-en-shock-a-la-china-suarez","status":"publish","type":"post","link":"https:\/\/fmgente.com.ar\/web\/benjamin-vicuna-tomo-una-drastica-decision-con-el-futuro-de-sus-hijos-y-dejo-en-shock-a-la-china-suarez\/","title":{"rendered":"Benjam\u00edn Vicu\u00f1a tom\u00f3 una dr\u00e1stica decisi\u00f3n con el futuro de sus hijos y dej\u00f3 en shock a la China Su\u00e1rez"},"content":{"rendered":"<p>El regreso de <strong><a href=\"https:\/\/www.paparazzi.com.ar\/?s=Benjam%C3%ADn+Vicu%C3%B1a\">Benjam\u00edn Vicu\u00f1a<\/a><\/strong> a la Argentina no solo trajo <a href=\"https:\/\/www.paparazzi.com.ar\/teve\/mauro-icardi-se-reencontro-sus-hijas-en-pleno-escandalo-con-wanda-nara-que-paso-con-la-china-suarez\/\">reencuentros y emociones<\/a>, sino tambi\u00e9n una fuerte decisi\u00f3n que podr\u00eda cambiar los planes familiares de la <strong><a href=\"https:\/\/www.paparazzi.com.ar\/?s=China+Su%C3%A1rez\">China Su\u00e1rez<\/a><\/strong>. Seg\u00fan revel\u00f3 <strong>Yanina Latorre<\/strong>, los hijos menores del actor y la actriz, Magnolia y Amancio, no volver\u00e1n por ahora a Estambul, donde la ex Casi \u00c1ngeles vive desde hace meses junto a <strong>Mauro Icardi<\/strong>.<\/p>\n<p>Luego de 50 d\u00edas sin verlos, Vicu\u00f1a finalmente se reencontr\u00f3 con los peque\u00f1os de 7 y 5 a\u00f1os durante la noche del lunes, un encuentro lleno de ternura que, sin embargo, vino acompa\u00f1ado de un giro inesperado: el actor no firmar\u00eda el permiso para que los chicos regresen a Turqu\u00eda hasta fines de diciembre.<\/p>\n<p><em>\u201cBenjam\u00edn decidi\u00f3 que los nenes se queden en Buenos Aires hasta que termine el a\u00f1o escolar. Quiere que terminen el ciclo ac\u00e1, que vean a sus compa\u00f1eros, y tambi\u00e9n que puedan compartir tiempo con sus hermanos mayores\u201d<\/em>, cont\u00f3 Yanina Latorre en <em>LAM (Am\u00e9rica TV)<\/em>.<\/p>\n<div class=\"mt-box \">\n<h4 class=\"mt-heading\">Mir\u00e1 Tambi\u00e9n<\/h4>\n<p><a href=\"https:\/\/www.paparazzi.com.ar\/teve\/exclusivo-las-fotos-de-johnny-deep-llegando-a-argentina-en-medio-de-un-enorme-operativo-de-seguridad\/\"><\/p>\n<div class=\"mt-content\">\n<div class=\"mt-image-container\"><img decoding=\"async\" src=\"https:\/\/www.paparazzi.com.ar\/wp-content\/uploads\/2025\/11\/Jhonny-Deep-359x226.jpg\" alt=\"\u00a1Exclusivo! Las fotos de Johnny Deep llegando a Argentina en medio de un enorme operativo de seguridad\" class=\"mt-image\" loading=\"lazy\" \/><\/div>\n<h5 class=\"mt-title\">\u00a1Exclusivo! Las fotos de Johnny Deep llegando a Argentina en medio de un enorme operativo de seguridad<\/h5>\n<\/div>\n<p><\/a><\/div>\n<p>La informaci\u00f3n sorprendi\u00f3 a todos, ya que hasta hace unos d\u00edas se daba por hecho que los chicos permanecer\u00edan en Argentina solo hasta fin de mes, coincidiendo con el cumplea\u00f1os n\u00famero 47 de Vicu\u00f1a el 29 de noviembre. Sin embargo, esta nueva decisi\u00f3n cambiar\u00eda por completo la agenda de la actriz.<\/p>\n<p>Por lo pronto, la China Su\u00e1rez tendr\u00eda que reorganizar sus compromisos en Turqu\u00eda, donde se instal\u00f3 temporalmente junto a Mauro Icardi, y donde sus hijos estaban comenzando una rutina educativa y social. <\/p>\n<div class=\"mt-box \">\n<h4 class=\"mt-heading\">Mir\u00e1 Tambi\u00e9n<\/h4>\n<p><a href=\"https:\/\/www.paparazzi.com.ar\/romances\/yanina-latorre-revelo-cuando-la-china-suarez-le-va-a-dar-a-benjamin-vicuna-a-sus-dos-hijos-tras-45-dias-sin-verlos\/\"><\/p>\n<div class=\"mt-content\">\n<div class=\"mt-image-container\"><img decoding=\"async\" src=\"https:\/\/www.paparazzi.com.ar\/wp-content\/uploads\/2025\/11\/Benjamin-Vicuna-enfrenta-el-momento-mas-dramatico-con-sus-hijos-por-la-China-Suarez-Esta-sufriendo-359x226.jpeg\" alt=\"Yanina Latorre revel\u00f3 cu\u00e1ndo la China Su\u00e1rez le va a dar a Benjam\u00edn Vicu\u00f1a a sus dos hijos tras 45 d\u00edas sin verlos\" class=\"mt-image\" loading=\"lazy\" \/><\/div>\n<h5 class=\"mt-title\">Yanina Latorre revel\u00f3 cu\u00e1ndo la China Su\u00e1rez le va a dar a Benjam\u00edn Vicu\u00f1a a sus dos hijos tras 45 d\u00edas sin verlos<\/h5>\n<\/div>\n<p><\/a><\/div>\n<p>La actriz tiene previsto participar en una conferencia de prensa el pr\u00f3ximo lunes por el lanzamiento de <em>\u201cHija del fuego\u201d<\/em>, la serie que grab\u00f3 para Disney Plus el a\u00f1o pasado. Adem\u00e1s, ten\u00eda en agenda regresar a Estambul a fines de noviembre, pero todo indica que ese plan quedar\u00e1 en suspenso.<\/p>\n<p>De confirmarse la decisi\u00f3n de Vicu\u00f1a, Magnolia y Amancio permanecer\u00e1n en Buenos Aires al menos hasta el cierre del ciclo lectivo, algo que el actor considera fundamental para su estabilidad emocional y su v\u00ednculo con los hijos que tiene con Pampita: Bautista, Beltr\u00e1n y Benicio.<\/p>\n<div class=\"mt-box \">\n<h4 class=\"mt-heading\">Mir\u00e1 Tambi\u00e9n<\/h4>\n<p><a href=\"https:\/\/www.paparazzi.com.ar\/teve\/benjamin-vicuna-revelo-cuando-la-china-suarez-le-devolvera-a-sus-dos-hijos-tras-40-dias-en-turquia\/\"><\/p>\n<div class=\"mt-content\">\n<div class=\"mt-image-container\"><img decoding=\"async\" src=\"https:\/\/www.paparazzi.com.ar\/wp-content\/uploads\/2025\/11\/Benjamin-Vicuna-359x226.jpg\" alt=\"Benjam\u00edn Vicu\u00f1a revel\u00f3 cu\u00e1ndo la China Su\u00e1rez le devolver\u00e1 a sus dos hijos tras 40 d\u00edas en Turqu\u00eda\" class=\"mt-image\" loading=\"lazy\" \/><\/div>\n<h5 class=\"mt-title\">Benjam\u00edn Vicu\u00f1a revel\u00f3 cu\u00e1ndo la China Su\u00e1rez le devolver\u00e1 a sus dos hijos tras 40 d\u00edas en Turqu\u00eda<\/h5>\n<\/div>\n<p><\/a><\/div>\n<p><em>\u201c\u00c9l siente que los chicos necesitan un poco de calma, volver a su entorno de siempre y tener continuidad con su colegio y sus amigos. Despu\u00e9s se ver\u00e1 qu\u00e9 pasa con Turqu\u00eda\u201d<\/em>, agreg\u00f3 Latorre.<\/p>\n<p>Mientras tanto, la China Su\u00e1rez mantiene el perfil bajo y evita hablar p\u00fablicamente del tema, aunque cerca suyo aseguran que la decisi\u00f3n la tom\u00f3 por sorpresa y que est\u00e1 intentando mantener la calma para evitar un nuevo esc\u00e1ndalo medi\u00e1tico.<\/p>\n<div class=\"mt-box \">\n<h4 class=\"mt-heading\">Mir\u00e1 Tambi\u00e9n<\/h4>\n<p><a href=\"https:\/\/www.paparazzi.com.ar\/teve\/igualitos-que-hizo-benjamin-vicuna-para-parecerse-a-wanda-nara-despues-de-su-separacion-de-la-china-suarez\/\"><\/p>\n<div class=\"mt-content\">\n<div class=\"mt-image-container\"><img decoding=\"async\" src=\"https:\/\/www.paparazzi.com.ar\/wp-content\/uploads\/2021\/12\/china-benjamin-wanda.jpg.webp\" alt=\"\u00a1Igualitos! Qu\u00e9 hizo Benjam\u00edn Vicu\u00f1a para parecerse a Wanda Nara despu\u00e9s de su separaci\u00f3n de la China Su\u00e1rez\" class=\"mt-image\" loading=\"lazy\" \/><\/div>\n<h5 class=\"mt-title\">\u00a1Igualitos! Qu\u00e9 hizo Benjam\u00edn Vicu\u00f1a para parecerse a Wanda Nara despu\u00e9s de su separaci\u00f3n de la China Su\u00e1rez<\/h5>\n<\/div>\n<p><\/a><\/div>\n<p>En paralelo, <strong>Rufina Cabr\u00e9<\/strong>, la hija mayor de la actriz, fue vista acompa\u00f1ando a la futura esposa de su pap\u00e1, Roc\u00edo Pardo, a probarse su vestido de novia. Un gesto que refleja c\u00f3mo cada integrante del clan Su\u00e1rez-Vicu\u00f1a atraviesa sus propios cambios y nuevos comienzos.<\/p>\n<p>Lo cierto es que, una vez m\u00e1s, la novela entre la China y Vicu\u00f1a suma un nuevo cap\u00edtulo. Y como suele suceder con ellos, nada parece estar escrito del todo.<\/p>\n<div class=\"mt-box \">\n<h4 class=\"mt-heading\">Mir\u00e1 Tambi\u00e9n<\/h4>\n<p><a href=\"https:\/\/www.paparazzi.com.ar\/romances\/benjamin-vicuna-conto-su-verdadero-problema-con-la-china-suarez-por-sus-hijos-es-grave-que\/\"><\/p>\n<div class=\"mt-content\">\n<div class=\"mt-image-container\"><img decoding=\"async\" src=\"https:\/\/www.paparazzi.com.ar\/wp-content\/uploads\/2025\/07\/Benjamin-Vicuna-China-Suarez-hijos-3.jpg.webp\" alt=\"Benjam\u00edn Vicu\u00f1a cont\u00f3 su verdadero problema con la China Su\u00e1rez por sus hijos: \u201cEs grave que\u2026\u201d\" class=\"mt-image\" loading=\"lazy\" \/><\/div>\n<h5 class=\"mt-title\">Benjam\u00edn Vicu\u00f1a cont\u00f3 su verdadero problema con la China Su\u00e1rez por sus hijos: \u201cEs grave que\u2026\u201d<\/h5>\n<\/div>\n<p><\/a><\/div>\n<p>The post <a href=\"https:\/\/www.paparazzi.com.ar\/teve\/benjamin-vicuna-tomo-una-drastica-decision-con-el-futuro-de-sus-hijos-y-dejo-en-shock-a-la-china-suarez\/\">Benjam\u00edn Vicu\u00f1a tom\u00f3 una dr\u00e1stica decisi\u00f3n con el futuro de sus hijos y dej\u00f3 en shock a la China Su\u00e1rez<\/a> appeared first on <a href=\"https:\/\/www.paparazzi.com.ar\">Revista Paparazzi<\/a>.<\/p>\n","protected":false},"excerpt":{"rendered":"<p>El regreso de Benjam\u00edn Vicu\u00f1a a la Argentina no solo trajo reencuentros y emociones, sino<\/p>\n","protected":false},"author":0,"featured_media":9395,"comment_status":"","ping_status":"","sticky":false,"template":"","format":"standard","meta":{"footnotes":""},"categories":[11],"tags":[],"class_list":["post-9394","post","type-post","status-publish","format-standard","has-post-thumbnail","hentry","category-destacadas"],"yoast_head":"<!-- This site is optimized with the Yoast SEO plugin v27.4 - https:\/\/yoast.com\/product\/yoast-seo-wordpress\/ -->\n<title>Benjam\u00edn Vicu\u00f1a tom\u00f3 una dr\u00e1stica decisi\u00f3n con el futuro de sus hijos y dej\u00f3 en shock a la China Su\u00e1rez - Fm Gente<\/title>\n<meta name=\"robots\" content=\"index, follow, max-snippet:-1, max-image-preview:large, max-video-preview:-1\" \/>\n<link rel=\"canonical\" href=\"https:\/\/fmgente.com.ar\/web\/benjamin-vicuna-tomo-una-drastica-decision-con-el-futuro-de-sus-hijos-y-dejo-en-shock-a-la-china-suarez\/\" \/>\n<meta property=\"og:locale\" content=\"es_ES\" \/>\n<meta property=\"og:type\" content=\"article\" \/>\n<meta property=\"og:title\" content=\"Benjam\u00edn Vicu\u00f1a tom\u00f3 una dr\u00e1stica decisi\u00f3n con el futuro de sus hijos y dej\u00f3 en shock a la China Su\u00e1rez - Fm Gente\" \/>\n<meta property=\"og:description\" content=\"El regreso de Benjam\u00edn Vicu\u00f1a a la Argentina no solo trajo reencuentros y emociones, sino\" \/>\n<meta property=\"og:url\" content=\"https:\/\/fmgente.com.ar\/web\/benjamin-vicuna-tomo-una-drastica-decision-con-el-futuro-de-sus-hijos-y-dejo-en-shock-a-la-china-suarez\/\" \/>\n<meta property=\"og:site_name\" content=\"Fm Gente\" \/>\n<meta property=\"article:published_time\" content=\"2025-11-12T00:05:00+00:00\" \/>\n<meta property=\"og:image\" content=\"https:\/\/fmgente.com.ar\/web\/wp-content\/uploads\/2025\/11\/Jhonny-Deep-359x226-8.jpg\" \/>\n\t<meta property=\"og:image:width\" content=\"359\" \/>\n\t<meta property=\"og:image:height\" content=\"226\" \/>\n\t<meta property=\"og:image:type\" content=\"image\/jpeg\" \/>\n<meta name=\"twitter:card\" content=\"summary_large_image\" \/>\n<meta name=\"twitter:label1\" content=\"Tiempo de lectura\" \/>\n\t<meta name=\"twitter:data1\" content=\"3 minutos\" \/>\n<script type=\"application\/ld+json\" class=\"yoast-schema-graph\">{\"@context\":\"https:\\\/\\\/schema.org\",\"@graph\":[{\"@type\":\"Article\",\"@id\":\"https:\\\/\\\/fmgente.com.ar\\\/web\\\/benjamin-vicuna-tomo-una-drastica-decision-con-el-futuro-de-sus-hijos-y-dejo-en-shock-a-la-china-suarez\\\/#article\",\"isPartOf\":{\"@id\":\"https:\\\/\\\/fmgente.com.ar\\\/web\\\/benjamin-vicuna-tomo-una-drastica-decision-con-el-futuro-de-sus-hijos-y-dejo-en-shock-a-la-china-suarez\\\/\"},\"author\":{\"name\":\"\",\"@id\":\"\"},\"headline\":\"Benjam\u00edn Vicu\u00f1a tom\u00f3 una dr\u00e1stica decisi\u00f3n con el futuro de sus hijos y dej\u00f3 en shock a la China Su\u00e1rez\",\"datePublished\":\"2025-11-12T00:05:00+00:00\",\"mainEntityOfPage\":{\"@id\":\"https:\\\/\\\/fmgente.com.ar\\\/web\\\/benjamin-vicuna-tomo-una-drastica-decision-con-el-futuro-de-sus-hijos-y-dejo-en-shock-a-la-china-suarez\\\/\"},\"wordCount\":718,\"publisher\":{\"@id\":\"https:\\\/\\\/fmgente.com.ar\\\/web\\\/#organization\"},\"image\":{\"@id\":\"https:\\\/\\\/fmgente.com.ar\\\/web\\\/benjamin-vicuna-tomo-una-drastica-decision-con-el-futuro-de-sus-hijos-y-dejo-en-shock-a-la-china-suarez\\\/#primaryimage\"},\"thumbnailUrl\":\"https:\\\/\\\/fmgente.com.ar\\\/web\\\/wp-content\\\/uploads\\\/2025\\\/11\\\/Jhonny-Deep-359x226-8.jpg\",\"articleSection\":[\"DESTACADAS\"],\"inLanguage\":\"es\"},{\"@type\":\"WebPage\",\"@id\":\"https:\\\/\\\/fmgente.com.ar\\\/web\\\/benjamin-vicuna-tomo-una-drastica-decision-con-el-futuro-de-sus-hijos-y-dejo-en-shock-a-la-china-suarez\\\/\",\"url\":\"https:\\\/\\\/fmgente.com.ar\\\/web\\\/benjamin-vicuna-tomo-una-drastica-decision-con-el-futuro-de-sus-hijos-y-dejo-en-shock-a-la-china-suarez\\\/\",\"name\":\"Benjam\u00edn Vicu\u00f1a tom\u00f3 una dr\u00e1stica decisi\u00f3n con el futuro de sus hijos y dej\u00f3 en shock a la China Su\u00e1rez - Fm Gente\",\"isPartOf\":{\"@id\":\"https:\\\/\\\/fmgente.com.ar\\\/web\\\/#website\"},\"primaryImageOfPage\":{\"@id\":\"https:\\\/\\\/fmgente.com.ar\\\/web\\\/benjamin-vicuna-tomo-una-drastica-decision-con-el-futuro-de-sus-hijos-y-dejo-en-shock-a-la-china-suarez\\\/#primaryimage\"},\"image\":{\"@id\":\"https:\\\/\\\/fmgente.com.ar\\\/web\\\/benjamin-vicuna-tomo-una-drastica-decision-con-el-futuro-de-sus-hijos-y-dejo-en-shock-a-la-china-suarez\\\/#primaryimage\"},\"thumbnailUrl\":\"https:\\\/\\\/fmgente.com.ar\\\/web\\\/wp-content\\\/uploads\\\/2025\\\/11\\\/Jhonny-Deep-359x226-8.jpg\",\"datePublished\":\"2025-11-12T00:05:00+00:00\",\"inLanguage\":\"es\",\"potentialAction\":[{\"@type\":\"ReadAction\",\"target\":[\"https:\\\/\\\/fmgente.com.ar\\\/web\\\/benjamin-vicuna-tomo-una-drastica-decision-con-el-futuro-de-sus-hijos-y-dejo-en-shock-a-la-china-suarez\\\/\"]}]},{\"@type\":\"ImageObject\",\"inLanguage\":\"es\",\"@id\":\"https:\\\/\\\/fmgente.com.ar\\\/web\\\/benjamin-vicuna-tomo-una-drastica-decision-con-el-futuro-de-sus-hijos-y-dejo-en-shock-a-la-china-suarez\\\/#primaryimage\",\"url\":\"https:\\\/\\\/fmgente.com.ar\\\/web\\\/wp-content\\\/uploads\\\/2025\\\/11\\\/Jhonny-Deep-359x226-8.jpg\",\"contentUrl\":\"https:\\\/\\\/fmgente.com.ar\\\/web\\\/wp-content\\\/uploads\\\/2025\\\/11\\\/Jhonny-Deep-359x226-8.jpg\",\"width\":359,\"height\":226},{\"@type\":\"WebSite\",\"@id\":\"https:\\\/\\\/fmgente.com.ar\\\/web\\\/#website\",\"url\":\"https:\\\/\\\/fmgente.com.ar\\\/web\\\/\",\"name\":\"Fm Gente\",\"description\":\"- Jes\u00fas Mar\u00eda\",\"publisher\":{\"@id\":\"https:\\\/\\\/fmgente.com.ar\\\/web\\\/#organization\"},\"potentialAction\":[{\"@type\":\"SearchAction\",\"target\":{\"@type\":\"EntryPoint\",\"urlTemplate\":\"https:\\\/\\\/fmgente.com.ar\\\/web\\\/?s={search_term_string}\"},\"query-input\":{\"@type\":\"PropertyValueSpecification\",\"valueRequired\":true,\"valueName\":\"search_term_string\"}}],\"inLanguage\":\"es\"},{\"@type\":\"Organization\",\"@id\":\"https:\\\/\\\/fmgente.com.ar\\\/web\\\/#organization\",\"name\":\"Fm Gente\",\"url\":\"https:\\\/\\\/fmgente.com.ar\\\/web\\\/\",\"logo\":{\"@type\":\"ImageObject\",\"inLanguage\":\"es\",\"@id\":\"https:\\\/\\\/fmgente.com.ar\\\/web\\\/#\\\/schema\\\/logo\\\/image\\\/\",\"url\":\"https:\\\/\\\/fmgente.com.ar\\\/web\\\/wp-content\\\/uploads\\\/2023\\\/07\\\/cropped-cropped-logo-sombra2.png\",\"contentUrl\":\"https:\\\/\\\/fmgente.com.ar\\\/web\\\/wp-content\\\/uploads\\\/2023\\\/07\\\/cropped-cropped-logo-sombra2.png\",\"width\":1782,\"height\":1782,\"caption\":\"Fm Gente\"},\"image\":{\"@id\":\"https:\\\/\\\/fmgente.com.ar\\\/web\\\/#\\\/schema\\\/logo\\\/image\\\/\"}}]}<\/script>\n<!-- \/ Yoast SEO plugin. -->","yoast_head_json":{"title":"Benjam\u00edn Vicu\u00f1a tom\u00f3 una dr\u00e1stica decisi\u00f3n con el futuro de sus hijos y dej\u00f3 en shock a la China Su\u00e1rez - Fm Gente","robots":{"index":"index","follow":"follow","max-snippet":"max-snippet:-1","max-image-preview":"max-image-preview:large","max-video-preview":"max-video-preview:-1"},"canonical":"https:\/\/fmgente.com.ar\/web\/benjamin-vicuna-tomo-una-drastica-decision-con-el-futuro-de-sus-hijos-y-dejo-en-shock-a-la-china-suarez\/","og_locale":"es_ES","og_type":"article","og_title":"Benjam\u00edn Vicu\u00f1a tom\u00f3 una dr\u00e1stica decisi\u00f3n con el futuro de sus hijos y dej\u00f3 en shock a la China Su\u00e1rez - Fm Gente","og_description":"El regreso de Benjam\u00edn Vicu\u00f1a a la Argentina no solo trajo reencuentros y emociones, sino","og_url":"https:\/\/fmgente.com.ar\/web\/benjamin-vicuna-tomo-una-drastica-decision-con-el-futuro-de-sus-hijos-y-dejo-en-shock-a-la-china-suarez\/","og_site_name":"Fm Gente","article_published_time":"2025-11-12T00:05:00+00:00","og_image":[{"width":359,"height":226,"url":"https:\/\/fmgente.com.ar\/web\/wp-content\/uploads\/2025\/11\/Jhonny-Deep-359x226-8.jpg","type":"image\/jpeg"}],"twitter_card":"summary_large_image","twitter_misc":{"Tiempo de lectura":"3 minutos"},"schema":{"@context":"https:\/\/schema.org","@graph":[{"@type":"Article","@id":"https:\/\/fmgente.com.ar\/web\/benjamin-vicuna-tomo-una-drastica-decision-con-el-futuro-de-sus-hijos-y-dejo-en-shock-a-la-china-suarez\/#article","isPartOf":{"@id":"https:\/\/fmgente.com.ar\/web\/benjamin-vicuna-tomo-una-drastica-decision-con-el-futuro-de-sus-hijos-y-dejo-en-shock-a-la-china-suarez\/"},"author":{"name":"","@id":""},"headline":"Benjam\u00edn Vicu\u00f1a tom\u00f3 una dr\u00e1stica decisi\u00f3n con el futuro de sus hijos y dej\u00f3 en shock a la China Su\u00e1rez","datePublished":"2025-11-12T00:05:00+00:00","mainEntityOfPage":{"@id":"https:\/\/fmgente.com.ar\/web\/benjamin-vicuna-tomo-una-drastica-decision-con-el-futuro-de-sus-hijos-y-dejo-en-shock-a-la-china-suarez\/"},"wordCount":718,"publisher":{"@id":"https:\/\/fmgente.com.ar\/web\/#organization"},"image":{"@id":"https:\/\/fmgente.com.ar\/web\/benjamin-vicuna-tomo-una-drastica-decision-con-el-futuro-de-sus-hijos-y-dejo-en-shock-a-la-china-suarez\/#primaryimage"},"thumbnailUrl":"https:\/\/fmgente.com.ar\/web\/wp-content\/uploads\/2025\/11\/Jhonny-Deep-359x226-8.jpg","articleSection":["DESTACADAS"],"inLanguage":"es"},{"@type":"WebPage","@id":"https:\/\/fmgente.com.ar\/web\/benjamin-vicuna-tomo-una-drastica-decision-con-el-futuro-de-sus-hijos-y-dejo-en-shock-a-la-china-suarez\/","url":"https:\/\/fmgente.com.ar\/web\/benjamin-vicuna-tomo-una-drastica-decision-con-el-futuro-de-sus-hijos-y-dejo-en-shock-a-la-china-suarez\/","name":"Benjam\u00edn Vicu\u00f1a tom\u00f3 una dr\u00e1stica decisi\u00f3n con el futuro de sus hijos y dej\u00f3 en shock a la China Su\u00e1rez - Fm Gente","isPartOf":{"@id":"https:\/\/fmgente.com.ar\/web\/#website"},"primaryImageOfPage":{"@id":"https:\/\/fmgente.com.ar\/web\/benjamin-vicuna-tomo-una-drastica-decision-con-el-futuro-de-sus-hijos-y-dejo-en-shock-a-la-china-suarez\/#primaryimage"},"image":{"@id":"https:\/\/fmgente.com.ar\/web\/benjamin-vicuna-tomo-una-drastica-decision-con-el-futuro-de-sus-hijos-y-dejo-en-shock-a-la-china-suarez\/#primaryimage"},"thumbnailUrl":"https:\/\/fmgente.com.ar\/web\/wp-content\/uploads\/2025\/11\/Jhonny-Deep-359x226-8.jpg","datePublished":"2025-11-12T00:05:00+00:00","inLanguage":"es","potentialAction":[{"@type":"ReadAction","target":["https:\/\/fmgente.com.ar\/web\/benjamin-vicuna-tomo-una-drastica-decision-con-el-futuro-de-sus-hijos-y-dejo-en-shock-a-la-china-suarez\/"]}]},{"@type":"ImageObject","inLanguage":"es","@id":"https:\/\/fmgente.com.ar\/web\/benjamin-vicuna-tomo-una-drastica-decision-con-el-futuro-de-sus-hijos-y-dejo-en-shock-a-la-china-suarez\/#primaryimage","url":"https:\/\/fmgente.com.ar\/web\/wp-content\/uploads\/2025\/11\/Jhonny-Deep-359x226-8.jpg","contentUrl":"https:\/\/fmgente.com.ar\/web\/wp-content\/uploads\/2025\/11\/Jhonny-Deep-359x226-8.jpg","width":359,"height":226},{"@type":"WebSite","@id":"https:\/\/fmgente.com.ar\/web\/#website","url":"https:\/\/fmgente.com.ar\/web\/","name":"Fm Gente","description":"- Jes\u00fas Mar\u00eda","publisher":{"@id":"https:\/\/fmgente.com.ar\/web\/#organization"},"potentialAction":[{"@type":"SearchAction","target":{"@type":"EntryPoint","urlTemplate":"https:\/\/fmgente.com.ar\/web\/?s={search_term_string}"},"query-input":{"@type":"PropertyValueSpecification","valueRequired":true,"valueName":"search_term_string"}}],"inLanguage":"es"},{"@type":"Organization","@id":"https:\/\/fmgente.com.ar\/web\/#organization","name":"Fm Gente","url":"https:\/\/fmgente.com.ar\/web\/","logo":{"@type":"ImageObject","inLanguage":"es","@id":"https:\/\/fmgente.com.ar\/web\/#\/schema\/logo\/image\/","url":"https:\/\/fmgente.com.ar\/web\/wp-content\/uploads\/2023\/07\/cropped-cropped-logo-sombra2.png","contentUrl":"https:\/\/fmgente.com.ar\/web\/wp-content\/uploads\/2023\/07\/cropped-cropped-logo-sombra2.png","width":1782,"height":1782,"caption":"Fm Gente"},"image":{"@id":"https:\/\/fmgente.com.ar\/web\/#\/schema\/logo\/image\/"}}]}},"_links":{"self":[{"href":"https:\/\/fmgente.com.ar\/web\/wp-json\/wp\/v2\/posts\/9394","targetHints":{"allow":["GET"]}}],"collection":[{"href":"https:\/\/fmgente.com.ar\/web\/wp-json\/wp\/v2\/posts"}],"about":[{"href":"https:\/\/fmgente.com.ar\/web\/wp-json\/wp\/v2\/types\/post"}],"replies":[{"embeddable":true,"href":"https:\/\/fmgente.com.ar\/web\/wp-json\/wp\/v2\/comments?post=9394"}],"version-history":[{"count":0,"href":"https:\/\/fmgente.com.ar\/web\/wp-json\/wp\/v2\/posts\/9394\/revisions"}],"wp:featuredmedia":[{"embeddable":true,"href":"https:\/\/fmgente.com.ar\/web\/wp-json\/wp\/v2\/media\/9395"}],"wp:attachment":[{"href":"https:\/\/fmgente.com.ar\/web\/wp-json\/wp\/v2\/media?parent=9394"}],"wp:term":[{"taxonomy":"category","embeddable":true,"href":"https:\/\/fmgente.com.ar\/web\/wp-json\/wp\/v2\/categories?post=9394"},{"taxonomy":"post_tag","embeddable":true,"href":"https:\/\/fmgente.com.ar\/web\/wp-json\/wp\/v2\/tags?post=9394"}],"curies":[{"name":"wp","href":"https:\/\/api.w.org\/{rel}","templated":true}]}}