{"id":9390,"date":"2025-11-11T21:04:58","date_gmt":"2025-11-12T00:04:58","guid":{"rendered":"https:\/\/fmgente.com.ar\/donde-sera-el-polemico-casamiento-de-marianela-mirra-y-jose-alperovich\/"},"modified":"2025-11-11T21:04:58","modified_gmt":"2025-11-12T00:04:58","slug":"donde-sera-el-polemico-casamiento-de-marianela-mirra-y-jose-alperovich","status":"publish","type":"post","link":"https:\/\/fmgente.com.ar\/web\/donde-sera-el-polemico-casamiento-de-marianela-mirra-y-jose-alperovich\/","title":{"rendered":"D\u00f3nde ser\u00e1 el pol\u00e9mico casamiento de Marianela Mirra y Jos\u00e9 Alperovich"},"content":{"rendered":"<p>El casamiento entre <strong><a href=\"https:\/\/www.paparazzi.com.ar\/tag\/marianela-mirra\/\">Marianela Mirra<\/a><\/strong> y <strong>Jos\u00e9 Alperovich<\/strong> avanza en silencio pero con detalles concretos: la celebraci\u00f3n se realizar\u00eda en dos departamentos unidos en pleno Puerto Madero, con una lista de apenas treinta invitados y un hermetismo absoluto. La noticia gener\u00f3 sorpresa en el c\u00edrculo social del espect\u00e1culo, donde el clima se volvi\u00f3 espeso y lleno de comentarios cruzados.<\/p>\n<p><em>\u201cLas versiones del casamiento son reales, pero circulan distintas versiones sobre la situaci\u00f3n legal y personal. Yo cuento una, despu\u00e9s cada quien la desmentir\u00e1 como pueda\u201d<\/em>, contaron en A la Tarde, marcando desde el inicio que la uni\u00f3n no estar\u00eda libre de pol\u00e9mica y versiones enfrentadas dentro y fuera del entorno cercano.<\/p>\n<p>En el centro de la escena aparece <strong>Beatriz Rojk\u00e9s<\/strong>, exesposa de <strong><a href=\"https:\/\/www.paparazzi.com.ar\/romances\/marianela-mirra-confirmo-que-se-casa-con-jose-alperovich-la-boda-sera-en-la-carcel\/\">Alperovich<\/a><\/strong>, cuya posici\u00f3n se mantiene firme y sin estridencias p\u00fablicas. <em>\u201cLo que me cuentan es que sab\u00edan que esto iba a explotar medi\u00e1ticamente. Hubo malestar familiar. Fue una decisi\u00f3n tomada de manera individual, sin consensos como sol\u00eda hacerse antes. Pide el 80% de los bienes\u201d<\/em>, revelaron.<\/p>\n<div class=\"mt-box \">\n<h4 class=\"mt-heading\">Mir\u00e1 Tambi\u00e9n<\/h4>\n<p><a href=\"https:\/\/www.paparazzi.com.ar\/teve\/thiago-medina-eligio-la-ppz-fest-para-su-primera-salida-de-noche-los-doctores-me-dijeron-que\/\"><\/p>\n<div class=\"mt-content\">\n<div class=\"mt-image-container\"><img decoding=\"async\" src=\"https:\/\/www.paparazzi.com.ar\/wp-content\/uploads\/2025\/10\/Thiago-Medina-3-359x226.jpg\" alt=\"Thiago Medina eligi\u00f3 la PPZ Fest para su primera salida de noche: \u201cLos doctores me dijeron que\u2026\u201d\" class=\"mt-image\" loading=\"lazy\" \/><\/div>\n<h5 class=\"mt-title\">Thiago Medina eligi\u00f3 la PPZ Fest para su primera salida de noche: \u201cLos doctores me dijeron que\u2026\u201d<\/h5>\n<\/div>\n<p><\/a><\/div>\n<p>Mientras tanto, los encuentros dominicales en el barrio acomodado de San Miguel contin\u00faan, pero bajo un clima de tensiones sutiles. <em>\u201cMe hablan de propiedades importantes y extensas, pero prefiero no acreditarlo sin la verificaci\u00f3n correspondiente. Tienen la propiedad en Hierbabuena y campos por m\u00e1s de dos mil hect\u00e1reas\u201d<\/em>, deslizaron.<\/p>\n<h2 class=\"wp-block-heading\">DETALLES DEL CASAMIENTO<\/h2>\n<p>Los preparativos en Puerto Madero, sin embargo, siguen su curso. La lista de invitados ser\u00e1 m\u00ednima y el catering provendr\u00e1 de un hotel de alto nivel. <em>\u201cAhora hablan de un catering para 30 personas preparado por un importante hotel de la zona de Puerto Madero\u201d<\/em>, se coment\u00f3 al aire, dando por hecho el car\u00e1cter \u00edntimo y selecto del evento.<\/p>\n<p><em>\u201cLa fiesta va a ser en dos departamentos unidos y son m\u00e1s de 500 metros cuadrados cubiertos; no es un lugar peque\u00f1o, es un espacio pensado para recibir sin que se note el movimiento\u201d<\/em>, relataron en A la Tarde sobre el casamiento de <strong><a href=\"https:\/\/www.paparazzi.com.ar\/romances\/la-fuerte-revelacion-de-marianela-mirra-sobre-su-relacion-con-jose-alperovich-que-dejo-a-todos-sin-palabras-el-27-de-noviembre\/\">Marianela Mirra<\/a><\/strong> y <strong>Jos\u00e9 Alperovich<\/strong>.<\/p>\n<div class=\"mt-box \">\n<h4 class=\"mt-heading\">Mir\u00e1 Tambi\u00e9n<\/h4>\n<p><a href=\"https:\/\/www.paparazzi.com.ar\/deportes\/el-emotivo-mensaje-de-antonela-roccuzzo-a-lionel-messi-por-su-vuelta-al-barcelona\/\"><\/p>\n<div class=\"mt-content\">\n<div class=\"mt-image-container\"><img decoding=\"async\" src=\"https:\/\/www.paparazzi.com.ar\/wp-content\/uploads\/2025\/11\/antonela-roccuzzo-lionel-messi-359x226.png\" alt=\"El emotivo mensaje de Antonela Roccuzzo a Lionel Messi por su vuelta al Barcelona\" class=\"mt-image\" loading=\"lazy\" \/><\/div>\n<h5 class=\"mt-title\">El emotivo mensaje de Antonela Roccuzzo a Lionel Messi por su vuelta al Barcelona<\/h5>\n<\/div>\n<p><\/a><\/div>\n<div class=\"mt-box \">\n<h4 class=\"mt-heading\">Mir\u00e1 Tambi\u00e9n<\/h4>\n<p><a href=\"https:\/\/www.paparazzi.com.ar\/teve\/asi-fue-el-sorpresivo-viaje-de-marcela-kloosterboer-a-donde-se-fue-sola\/\"><\/p>\n<div class=\"mt-content\">\n<div class=\"mt-image-container\"><img decoding=\"async\" src=\"https:\/\/www.paparazzi.com.ar\/wp-content\/uploads\/2025\/11\/Marcela-Kloosterboer-359x226.png\" alt=\"As\u00ed fue el sorpresivo viaje de Marcela Kloosterboer: a d\u00f3nde se fue sola\" class=\"mt-image\" loading=\"lazy\" \/><\/div>\n<h5 class=\"mt-title\">As\u00ed fue el sorpresivo viaje de Marcela Kloosterboer: a d\u00f3nde se fue sola<\/h5>\n<\/div>\n<p><\/a><\/div>\n<p>The post <a href=\"https:\/\/www.paparazzi.com.ar\/romances\/donde-sera-el-polemico-casamiento-de-marianela-mirra-y-jose-alperovich\/\">D\u00f3nde ser\u00e1 el pol\u00e9mico casamiento de Marianela Mirra y Jos\u00e9 Alperovich<\/a> appeared first on <a href=\"https:\/\/www.paparazzi.com.ar\">Revista Paparazzi<\/a>.<\/p>\n","protected":false},"excerpt":{"rendered":"<p>El casamiento entre Marianela Mirra y Jos\u00e9 Alperovich avanza en silencio pero con detalles concretos:<\/p>\n","protected":false},"author":0,"featured_media":9391,"comment_status":"","ping_status":"","sticky":false,"template":"","format":"standard","meta":{"footnotes":""},"categories":[11],"tags":[],"class_list":["post-9390","post","type-post","status-publish","format-standard","has-post-thumbnail","hentry","category-destacadas"],"yoast_head":"<!-- This site is optimized with the Yoast SEO plugin v27.4 - https:\/\/yoast.com\/product\/yoast-seo-wordpress\/ -->\n<title>D\u00f3nde ser\u00e1 el pol\u00e9mico casamiento de Marianela Mirra y Jos\u00e9 Alperovich - Fm Gente<\/title>\n<meta name=\"robots\" content=\"index, follow, max-snippet:-1, max-image-preview:large, max-video-preview:-1\" \/>\n<link rel=\"canonical\" href=\"https:\/\/fmgente.com.ar\/web\/donde-sera-el-polemico-casamiento-de-marianela-mirra-y-jose-alperovich\/\" \/>\n<meta property=\"og:locale\" content=\"es_ES\" \/>\n<meta property=\"og:type\" content=\"article\" \/>\n<meta property=\"og:title\" content=\"D\u00f3nde ser\u00e1 el pol\u00e9mico casamiento de Marianela Mirra y Jos\u00e9 Alperovich - Fm Gente\" \/>\n<meta property=\"og:description\" content=\"El casamiento entre Marianela Mirra y Jos\u00e9 Alperovich avanza en silencio pero con detalles concretos:\" \/>\n<meta property=\"og:url\" content=\"https:\/\/fmgente.com.ar\/web\/donde-sera-el-polemico-casamiento-de-marianela-mirra-y-jose-alperovich\/\" \/>\n<meta property=\"og:site_name\" content=\"Fm Gente\" \/>\n<meta property=\"article:published_time\" content=\"2025-11-12T00:04:58+00:00\" \/>\n<meta property=\"og:image\" content=\"https:\/\/fmgente.com.ar\/web\/wp-content\/uploads\/2025\/11\/Thiago-Medina-3-359x226-19.jpg\" \/>\n\t<meta property=\"og:image:width\" content=\"359\" \/>\n\t<meta property=\"og:image:height\" content=\"226\" \/>\n\t<meta property=\"og:image:type\" content=\"image\/jpeg\" \/>\n<meta name=\"twitter:card\" content=\"summary_large_image\" \/>\n<meta name=\"twitter:label1\" content=\"Tiempo de lectura\" \/>\n\t<meta name=\"twitter:data1\" content=\"2 minutos\" \/>\n<script type=\"application\/ld+json\" class=\"yoast-schema-graph\">{\"@context\":\"https:\\\/\\\/schema.org\",\"@graph\":[{\"@type\":\"Article\",\"@id\":\"https:\\\/\\\/fmgente.com.ar\\\/web\\\/donde-sera-el-polemico-casamiento-de-marianela-mirra-y-jose-alperovich\\\/#article\",\"isPartOf\":{\"@id\":\"https:\\\/\\\/fmgente.com.ar\\\/web\\\/donde-sera-el-polemico-casamiento-de-marianela-mirra-y-jose-alperovich\\\/\"},\"author\":{\"name\":\"\",\"@id\":\"\"},\"headline\":\"D\u00f3nde ser\u00e1 el pol\u00e9mico casamiento de Marianela Mirra y Jos\u00e9 Alperovich\",\"datePublished\":\"2025-11-12T00:04:58+00:00\",\"mainEntityOfPage\":{\"@id\":\"https:\\\/\\\/fmgente.com.ar\\\/web\\\/donde-sera-el-polemico-casamiento-de-marianela-mirra-y-jose-alperovich\\\/\"},\"wordCount\":435,\"publisher\":{\"@id\":\"https:\\\/\\\/fmgente.com.ar\\\/web\\\/#organization\"},\"image\":{\"@id\":\"https:\\\/\\\/fmgente.com.ar\\\/web\\\/donde-sera-el-polemico-casamiento-de-marianela-mirra-y-jose-alperovich\\\/#primaryimage\"},\"thumbnailUrl\":\"https:\\\/\\\/fmgente.com.ar\\\/web\\\/wp-content\\\/uploads\\\/2025\\\/11\\\/Thiago-Medina-3-359x226-19.jpg\",\"articleSection\":[\"DESTACADAS\"],\"inLanguage\":\"es\"},{\"@type\":\"WebPage\",\"@id\":\"https:\\\/\\\/fmgente.com.ar\\\/web\\\/donde-sera-el-polemico-casamiento-de-marianela-mirra-y-jose-alperovich\\\/\",\"url\":\"https:\\\/\\\/fmgente.com.ar\\\/web\\\/donde-sera-el-polemico-casamiento-de-marianela-mirra-y-jose-alperovich\\\/\",\"name\":\"D\u00f3nde ser\u00e1 el pol\u00e9mico casamiento de Marianela Mirra y Jos\u00e9 Alperovich - Fm Gente\",\"isPartOf\":{\"@id\":\"https:\\\/\\\/fmgente.com.ar\\\/web\\\/#website\"},\"primaryImageOfPage\":{\"@id\":\"https:\\\/\\\/fmgente.com.ar\\\/web\\\/donde-sera-el-polemico-casamiento-de-marianela-mirra-y-jose-alperovich\\\/#primaryimage\"},\"image\":{\"@id\":\"https:\\\/\\\/fmgente.com.ar\\\/web\\\/donde-sera-el-polemico-casamiento-de-marianela-mirra-y-jose-alperovich\\\/#primaryimage\"},\"thumbnailUrl\":\"https:\\\/\\\/fmgente.com.ar\\\/web\\\/wp-content\\\/uploads\\\/2025\\\/11\\\/Thiago-Medina-3-359x226-19.jpg\",\"datePublished\":\"2025-11-12T00:04:58+00:00\",\"inLanguage\":\"es\",\"potentialAction\":[{\"@type\":\"ReadAction\",\"target\":[\"https:\\\/\\\/fmgente.com.ar\\\/web\\\/donde-sera-el-polemico-casamiento-de-marianela-mirra-y-jose-alperovich\\\/\"]}]},{\"@type\":\"ImageObject\",\"inLanguage\":\"es\",\"@id\":\"https:\\\/\\\/fmgente.com.ar\\\/web\\\/donde-sera-el-polemico-casamiento-de-marianela-mirra-y-jose-alperovich\\\/#primaryimage\",\"url\":\"https:\\\/\\\/fmgente.com.ar\\\/web\\\/wp-content\\\/uploads\\\/2025\\\/11\\\/Thiago-Medina-3-359x226-19.jpg\",\"contentUrl\":\"https:\\\/\\\/fmgente.com.ar\\\/web\\\/wp-content\\\/uploads\\\/2025\\\/11\\\/Thiago-Medina-3-359x226-19.jpg\",\"width\":359,\"height\":226},{\"@type\":\"WebSite\",\"@id\":\"https:\\\/\\\/fmgente.com.ar\\\/web\\\/#website\",\"url\":\"https:\\\/\\\/fmgente.com.ar\\\/web\\\/\",\"name\":\"Fm Gente\",\"description\":\"- Jes\u00fas Mar\u00eda\",\"publisher\":{\"@id\":\"https:\\\/\\\/fmgente.com.ar\\\/web\\\/#organization\"},\"potentialAction\":[{\"@type\":\"SearchAction\",\"target\":{\"@type\":\"EntryPoint\",\"urlTemplate\":\"https:\\\/\\\/fmgente.com.ar\\\/web\\\/?s={search_term_string}\"},\"query-input\":{\"@type\":\"PropertyValueSpecification\",\"valueRequired\":true,\"valueName\":\"search_term_string\"}}],\"inLanguage\":\"es\"},{\"@type\":\"Organization\",\"@id\":\"https:\\\/\\\/fmgente.com.ar\\\/web\\\/#organization\",\"name\":\"Fm Gente\",\"url\":\"https:\\\/\\\/fmgente.com.ar\\\/web\\\/\",\"logo\":{\"@type\":\"ImageObject\",\"inLanguage\":\"es\",\"@id\":\"https:\\\/\\\/fmgente.com.ar\\\/web\\\/#\\\/schema\\\/logo\\\/image\\\/\",\"url\":\"https:\\\/\\\/fmgente.com.ar\\\/web\\\/wp-content\\\/uploads\\\/2023\\\/07\\\/cropped-cropped-logo-sombra2.png\",\"contentUrl\":\"https:\\\/\\\/fmgente.com.ar\\\/web\\\/wp-content\\\/uploads\\\/2023\\\/07\\\/cropped-cropped-logo-sombra2.png\",\"width\":1782,\"height\":1782,\"caption\":\"Fm Gente\"},\"image\":{\"@id\":\"https:\\\/\\\/fmgente.com.ar\\\/web\\\/#\\\/schema\\\/logo\\\/image\\\/\"}}]}<\/script>\n<!-- \/ Yoast SEO plugin. -->","yoast_head_json":{"title":"D\u00f3nde ser\u00e1 el pol\u00e9mico casamiento de Marianela Mirra y Jos\u00e9 Alperovich - Fm Gente","robots":{"index":"index","follow":"follow","max-snippet":"max-snippet:-1","max-image-preview":"max-image-preview:large","max-video-preview":"max-video-preview:-1"},"canonical":"https:\/\/fmgente.com.ar\/web\/donde-sera-el-polemico-casamiento-de-marianela-mirra-y-jose-alperovich\/","og_locale":"es_ES","og_type":"article","og_title":"D\u00f3nde ser\u00e1 el pol\u00e9mico casamiento de Marianela Mirra y Jos\u00e9 Alperovich - Fm Gente","og_description":"El casamiento entre Marianela Mirra y Jos\u00e9 Alperovich avanza en silencio pero con detalles concretos:","og_url":"https:\/\/fmgente.com.ar\/web\/donde-sera-el-polemico-casamiento-de-marianela-mirra-y-jose-alperovich\/","og_site_name":"Fm Gente","article_published_time":"2025-11-12T00:04:58+00:00","og_image":[{"width":359,"height":226,"url":"https:\/\/fmgente.com.ar\/web\/wp-content\/uploads\/2025\/11\/Thiago-Medina-3-359x226-19.jpg","type":"image\/jpeg"}],"twitter_card":"summary_large_image","twitter_misc":{"Tiempo de lectura":"2 minutos"},"schema":{"@context":"https:\/\/schema.org","@graph":[{"@type":"Article","@id":"https:\/\/fmgente.com.ar\/web\/donde-sera-el-polemico-casamiento-de-marianela-mirra-y-jose-alperovich\/#article","isPartOf":{"@id":"https:\/\/fmgente.com.ar\/web\/donde-sera-el-polemico-casamiento-de-marianela-mirra-y-jose-alperovich\/"},"author":{"name":"","@id":""},"headline":"D\u00f3nde ser\u00e1 el pol\u00e9mico casamiento de Marianela Mirra y Jos\u00e9 Alperovich","datePublished":"2025-11-12T00:04:58+00:00","mainEntityOfPage":{"@id":"https:\/\/fmgente.com.ar\/web\/donde-sera-el-polemico-casamiento-de-marianela-mirra-y-jose-alperovich\/"},"wordCount":435,"publisher":{"@id":"https:\/\/fmgente.com.ar\/web\/#organization"},"image":{"@id":"https:\/\/fmgente.com.ar\/web\/donde-sera-el-polemico-casamiento-de-marianela-mirra-y-jose-alperovich\/#primaryimage"},"thumbnailUrl":"https:\/\/fmgente.com.ar\/web\/wp-content\/uploads\/2025\/11\/Thiago-Medina-3-359x226-19.jpg","articleSection":["DESTACADAS"],"inLanguage":"es"},{"@type":"WebPage","@id":"https:\/\/fmgente.com.ar\/web\/donde-sera-el-polemico-casamiento-de-marianela-mirra-y-jose-alperovich\/","url":"https:\/\/fmgente.com.ar\/web\/donde-sera-el-polemico-casamiento-de-marianela-mirra-y-jose-alperovich\/","name":"D\u00f3nde ser\u00e1 el pol\u00e9mico casamiento de Marianela Mirra y Jos\u00e9 Alperovich - Fm Gente","isPartOf":{"@id":"https:\/\/fmgente.com.ar\/web\/#website"},"primaryImageOfPage":{"@id":"https:\/\/fmgente.com.ar\/web\/donde-sera-el-polemico-casamiento-de-marianela-mirra-y-jose-alperovich\/#primaryimage"},"image":{"@id":"https:\/\/fmgente.com.ar\/web\/donde-sera-el-polemico-casamiento-de-marianela-mirra-y-jose-alperovich\/#primaryimage"},"thumbnailUrl":"https:\/\/fmgente.com.ar\/web\/wp-content\/uploads\/2025\/11\/Thiago-Medina-3-359x226-19.jpg","datePublished":"2025-11-12T00:04:58+00:00","inLanguage":"es","potentialAction":[{"@type":"ReadAction","target":["https:\/\/fmgente.com.ar\/web\/donde-sera-el-polemico-casamiento-de-marianela-mirra-y-jose-alperovich\/"]}]},{"@type":"ImageObject","inLanguage":"es","@id":"https:\/\/fmgente.com.ar\/web\/donde-sera-el-polemico-casamiento-de-marianela-mirra-y-jose-alperovich\/#primaryimage","url":"https:\/\/fmgente.com.ar\/web\/wp-content\/uploads\/2025\/11\/Thiago-Medina-3-359x226-19.jpg","contentUrl":"https:\/\/fmgente.com.ar\/web\/wp-content\/uploads\/2025\/11\/Thiago-Medina-3-359x226-19.jpg","width":359,"height":226},{"@type":"WebSite","@id":"https:\/\/fmgente.com.ar\/web\/#website","url":"https:\/\/fmgente.com.ar\/web\/","name":"Fm Gente","description":"- Jes\u00fas Mar\u00eda","publisher":{"@id":"https:\/\/fmgente.com.ar\/web\/#organization"},"potentialAction":[{"@type":"SearchAction","target":{"@type":"EntryPoint","urlTemplate":"https:\/\/fmgente.com.ar\/web\/?s={search_term_string}"},"query-input":{"@type":"PropertyValueSpecification","valueRequired":true,"valueName":"search_term_string"}}],"inLanguage":"es"},{"@type":"Organization","@id":"https:\/\/fmgente.com.ar\/web\/#organization","name":"Fm Gente","url":"https:\/\/fmgente.com.ar\/web\/","logo":{"@type":"ImageObject","inLanguage":"es","@id":"https:\/\/fmgente.com.ar\/web\/#\/schema\/logo\/image\/","url":"https:\/\/fmgente.com.ar\/web\/wp-content\/uploads\/2023\/07\/cropped-cropped-logo-sombra2.png","contentUrl":"https:\/\/fmgente.com.ar\/web\/wp-content\/uploads\/2023\/07\/cropped-cropped-logo-sombra2.png","width":1782,"height":1782,"caption":"Fm Gente"},"image":{"@id":"https:\/\/fmgente.com.ar\/web\/#\/schema\/logo\/image\/"}}]}},"_links":{"self":[{"href":"https:\/\/fmgente.com.ar\/web\/wp-json\/wp\/v2\/posts\/9390","targetHints":{"allow":["GET"]}}],"collection":[{"href":"https:\/\/fmgente.com.ar\/web\/wp-json\/wp\/v2\/posts"}],"about":[{"href":"https:\/\/fmgente.com.ar\/web\/wp-json\/wp\/v2\/types\/post"}],"replies":[{"embeddable":true,"href":"https:\/\/fmgente.com.ar\/web\/wp-json\/wp\/v2\/comments?post=9390"}],"version-history":[{"count":0,"href":"https:\/\/fmgente.com.ar\/web\/wp-json\/wp\/v2\/posts\/9390\/revisions"}],"wp:featuredmedia":[{"embeddable":true,"href":"https:\/\/fmgente.com.ar\/web\/wp-json\/wp\/v2\/media\/9391"}],"wp:attachment":[{"href":"https:\/\/fmgente.com.ar\/web\/wp-json\/wp\/v2\/media?parent=9390"}],"wp:term":[{"taxonomy":"category","embeddable":true,"href":"https:\/\/fmgente.com.ar\/web\/wp-json\/wp\/v2\/categories?post=9390"},{"taxonomy":"post_tag","embeddable":true,"href":"https:\/\/fmgente.com.ar\/web\/wp-json\/wp\/v2\/tags?post=9390"}],"curies":[{"name":"wp","href":"https:\/\/api.w.org\/{rel}","templated":true}]}}