{"id":9388,"date":"2025-11-11T20:04:53","date_gmt":"2025-11-11T23:04:53","guid":{"rendered":"https:\/\/fmgente.com.ar\/araceli-gonzalez-recordo-a-su-madre-con-una-emotiva-foto-a-7-anos-de-su-muerte\/"},"modified":"2025-11-11T20:04:53","modified_gmt":"2025-11-11T23:04:53","slug":"araceli-gonzalez-recordo-a-su-madre-con-una-emotiva-foto-a-7-anos-de-su-muerte","status":"publish","type":"post","link":"https:\/\/fmgente.com.ar\/web\/araceli-gonzalez-recordo-a-su-madre-con-una-emotiva-foto-a-7-anos-de-su-muerte\/","title":{"rendered":"Araceli Gonz\u00e1lez record\u00f3 a su madre con una emotiva foto a 7 a\u00f1os de su muerte"},"content":{"rendered":"<p><a href=\"https:\/\/www.paparazzi.com.ar\/?s=Araceli+Gonz%C3%A1lez\">Araceli Gonz\u00e1lez<\/a> volvi\u00f3 a estremecer a sus seguidores al compartir una foto antigua para recordar a su mam\u00e1, a siete a\u00f1os de su muerte. El 10 de septiembre de 2018 marc\u00f3 un quiebre en su vida: ese d\u00eda perdi\u00f3 a <strong>Rosa<\/strong>, quien enfrent\u00f3 durante a\u00f1os una dura batalla contra el lupus. <\/p>\n<p>Con una imagen en blanco y negro y un mensaje cargado de memoria, la actriz abri\u00f3 una puerta a un pasado donde la fortaleza materna sostuvo todo. <em>\u201c\u00a1El recuerdo de nosotros tres es eterno! Ella. En silencio am\u00f3 hasta las entra\u00f1as. En silencio y con mucha dignidad cuid\u00f3 de nosotros. Sola. Nadie puede medir la intensidad con la que muchas mujeres en silencio accionan\u201d<\/em>.<\/p>\n<p><strong>Araceli <\/strong>record\u00f3 que su mam\u00e1 la ense\u00f1\u00f3 a levantarse cada d\u00eda y enfrentar lo que viniera sin perder dignidad ni amor propio: \u201c<em>Ella me ense\u00f1\u00f3 a levantarme cada d\u00eda para encarar la vida con todos los logros de cada tr\u00e1nsito\u201d. Y sigui\u00f3 con una reflexi\u00f3n que dej\u00f3 huella.<\/em><\/p>\n<div class=\"mt-box \">\n<h4 class=\"mt-heading\">Mir\u00e1 Tambi\u00e9n<\/h4>\n<p><a href=\"https:\/\/www.paparazzi.com.ar\/videos\/exclusivo-luis-ventura-conto-por-que-jorge-rial-le-tiene-miedo-me-quiere-borrar-porque\/\"><\/p>\n<div class=\"mt-content\">\n<div class=\"mt-image-container\"><img decoding=\"async\" src=\"https:\/\/www.paparazzi.com.ar\/wp-content\/uploads\/2025\/11\/Ventura-dos-1-359x226.jpg\" alt=\"\u00a1Exclusivo! Luis Ventura cont\u00f3 por qu\u00e9 Jorge Rial le tiene miedo: \u201cMe quiere borrar porque\u2026\u201d\" class=\"mt-image\" loading=\"lazy\" \/><\/div>\n<h5 class=\"mt-title\">\u00a1Exclusivo! Luis Ventura cont\u00f3 por qu\u00e9 Jorge Rial le tiene miedo: \u201cMe quiere borrar porque\u2026\u201d<\/h5>\n<\/div>\n<p><\/a><\/div>\n<p>Fue entonces que escribi\u00f3: <em>\u201cMe ense\u00f1\u00f3 que sola elijo y decido. Que amar y creer no es algo que debemos descartar por miedo a la plena soledad con tus sentimientos<\/em>\u201d. La actriz cerr\u00f3 con un mensaje que resume su presente: \u201c<em>\u00a1Estoy feliz, mis logros son infinitos y todav\u00eda voy por m\u00e1s!\u201d.<\/em><\/p>\n<h2 class=\"wp-block-heading\">LOS MENSAJES QUE RECIBI\u00d3 ARACELI <\/h2>\n<p>Cientos de mujeres respondieron con sus propias historias de lucha, maternidad en soledad y resiliencia. Una seguidora le escribi\u00f3: \u201c<em>Hermoso mensaje Ara querida, yo soy mam\u00e1 soltera y la crio sola a mi hija\u2026 las mujeres podemos cuidar de nuestros hijos solas<\/em>\u201d. Otra sum\u00f3 su voz: <em>\u201cYo tambi\u00e9n pas\u00e9 por lo mismo\u2026 mi mam\u00e1 nos cuid\u00f3 sin un padre, hace dos a\u00f1os que la perd\u00ed. Entiendo tu dolor<\/em>\u201d. <\/p>\n<p>En los comentarios tambi\u00e9n hubo palabras que ampliaron la dimensi\u00f3n del homenaje. \u201c<em>Somos muchas las que luchamos solas\u2026 tu mam\u00e1 vive en vos y en tus hijos. Ese legado no lo borra nada<\/em>\u201d, expres\u00f3 otra usuaria. El posteo se convirti\u00f3 en un espacio donde las historias personales se reflejaron unas en otras.<\/p>\n<figure class=\"wp-block-image size-full\"><img decoding=\"async\" width=\"992\" height=\"558\" src=\"https:\/\/www.paparazzi.com.ar\/wp-content\/uploads\/2025\/11\/image-137.png.webp\" loading=\"lazy\" alt=\"\" class=\"wp-image-452683\" \/><\/figure>\n<figure class=\"wp-block-image size-full\"><img decoding=\"async\" width=\"992\" height=\"980\" src=\"https:\/\/www.paparazzi.com.ar\/wp-content\/uploads\/2025\/11\/image-136.png.webp\" loading=\"lazy\" alt=\"\" class=\"wp-image-452682\" \/><\/figure>\n<figure class=\"wp-block-image size-full\"><img decoding=\"async\" width=\"992\" height=\"1018\" src=\"https:\/\/www.paparazzi.com.ar\/wp-content\/uploads\/2025\/11\/image-135.png.webp\" loading=\"lazy\" alt=\"\" class=\"wp-image-452680\" \/><\/figure>\n<div class=\"mt-box \">\n<h4 class=\"mt-heading\">Mir\u00e1 Tambi\u00e9n<\/h4>\n<p><a href=\"https:\/\/www.paparazzi.com.ar\/teve\/asi-fue-el-sorpresivo-viaje-de-marcela-kloosterboer-a-donde-se-fue-sola\/\"><\/p>\n<div class=\"mt-content\">\n<div class=\"mt-image-container\"><img decoding=\"async\" src=\"https:\/\/www.paparazzi.com.ar\/wp-content\/uploads\/2025\/11\/Marcela-Kloosterboer-359x226.png\" alt=\"As\u00ed fue el sorpresivo viaje de Marcela Kloosterboer: a d\u00f3nde se fue sola\" class=\"mt-image\" loading=\"lazy\" \/><\/div>\n<h5 class=\"mt-title\">As\u00ed fue el sorpresivo viaje de Marcela Kloosterboer: a d\u00f3nde se fue sola<\/h5>\n<\/div>\n<p><\/a><\/div>\n<div class=\"mt-box \">\n<h4 class=\"mt-heading\">Mir\u00e1 Tambi\u00e9n<\/h4>\n<p><a href=\"https:\/\/www.paparazzi.com.ar\/teve\/wanda-nara-se-puso-firme-con-sus-hijas-por-icardi-la-prohibicion-a-la-china-suarez-que-anticipa-un-escandalo\/\"><\/p>\n<div class=\"mt-content\">\n<div class=\"mt-image-container\"><img decoding=\"async\" src=\"https:\/\/www.paparazzi.com.ar\/wp-content\/uploads\/2025\/11\/Wanda-Nara-se-puso-firme-con-sus-hijas-por-Icardi-la-prohibicion-a-la-China-Suarez-que-anticipa-un-escandalo-359x226.jpg\" alt=\"Wanda Nara se puso firme con sus hijas por Icardi: la prohibici\u00f3n a la China Su\u00e1rez que anticipa un esc\u00e1ndalo\" class=\"mt-image\" loading=\"lazy\" \/><\/div>\n<h5 class=\"mt-title\">Wanda Nara se puso firme con sus hijas por Icardi: la prohibici\u00f3n a la China Su\u00e1rez que anticipa un esc\u00e1ndalo<\/h5>\n<\/div>\n<p><\/a><\/div>\n<p>The post <a href=\"https:\/\/www.paparazzi.com.ar\/teve\/araceli-gonzalez-recordo-a-su-madre-con-una-emotiva-foto-a-7-anos-de-su-muerte\/\">Araceli Gonz\u00e1lez record\u00f3 a su madre con una emotiva foto a 7 a\u00f1os de su muerte<\/a> appeared first on <a href=\"https:\/\/www.paparazzi.com.ar\">Revista Paparazzi<\/a>.<\/p>\n","protected":false},"excerpt":{"rendered":"<p>Araceli Gonz\u00e1lez volvi\u00f3 a estremecer a sus seguidores al compartir una foto antigua para recordar<\/p>\n","protected":false},"author":0,"featured_media":9389,"comment_status":"","ping_status":"","sticky":false,"template":"","format":"standard","meta":{"footnotes":""},"categories":[11],"tags":[],"class_list":["post-9388","post","type-post","status-publish","format-standard","has-post-thumbnail","hentry","category-destacadas"],"yoast_head":"<!-- This site is optimized with the Yoast SEO plugin v27.4 - https:\/\/yoast.com\/product\/yoast-seo-wordpress\/ -->\n<title>Araceli Gonz\u00e1lez record\u00f3 a su madre con una emotiva foto a 7 a\u00f1os de su muerte - Fm Gente<\/title>\n<meta name=\"robots\" content=\"index, follow, max-snippet:-1, max-image-preview:large, max-video-preview:-1\" \/>\n<link rel=\"canonical\" href=\"https:\/\/fmgente.com.ar\/web\/araceli-gonzalez-recordo-a-su-madre-con-una-emotiva-foto-a-7-anos-de-su-muerte\/\" \/>\n<meta property=\"og:locale\" content=\"es_ES\" \/>\n<meta property=\"og:type\" content=\"article\" \/>\n<meta property=\"og:title\" content=\"Araceli Gonz\u00e1lez record\u00f3 a su madre con una emotiva foto a 7 a\u00f1os de su muerte - Fm Gente\" \/>\n<meta property=\"og:description\" content=\"Araceli Gonz\u00e1lez volvi\u00f3 a estremecer a sus seguidores al compartir una foto antigua para recordar\" \/>\n<meta property=\"og:url\" content=\"https:\/\/fmgente.com.ar\/web\/araceli-gonzalez-recordo-a-su-madre-con-una-emotiva-foto-a-7-anos-de-su-muerte\/\" \/>\n<meta property=\"og:site_name\" content=\"Fm Gente\" \/>\n<meta property=\"article:published_time\" content=\"2025-11-11T23:04:53+00:00\" \/>\n<meta property=\"og:image\" content=\"https:\/\/fmgente.com.ar\/web\/wp-content\/uploads\/2025\/11\/Ventura-dos-1-359x226-42.jpg\" \/>\n\t<meta property=\"og:image:width\" content=\"359\" \/>\n\t<meta property=\"og:image:height\" content=\"226\" \/>\n\t<meta property=\"og:image:type\" content=\"image\/jpeg\" \/>\n<meta name=\"twitter:card\" content=\"summary_large_image\" \/>\n<meta name=\"twitter:label1\" content=\"Tiempo de lectura\" \/>\n\t<meta name=\"twitter:data1\" content=\"2 minutos\" \/>\n<script type=\"application\/ld+json\" class=\"yoast-schema-graph\">{\"@context\":\"https:\\\/\\\/schema.org\",\"@graph\":[{\"@type\":\"Article\",\"@id\":\"https:\\\/\\\/fmgente.com.ar\\\/web\\\/araceli-gonzalez-recordo-a-su-madre-con-una-emotiva-foto-a-7-anos-de-su-muerte\\\/#article\",\"isPartOf\":{\"@id\":\"https:\\\/\\\/fmgente.com.ar\\\/web\\\/araceli-gonzalez-recordo-a-su-madre-con-una-emotiva-foto-a-7-anos-de-su-muerte\\\/\"},\"author\":{\"name\":\"\",\"@id\":\"\"},\"headline\":\"Araceli Gonz\u00e1lez record\u00f3 a su madre con una emotiva foto a 7 a\u00f1os de su muerte\",\"datePublished\":\"2025-11-11T23:04:53+00:00\",\"mainEntityOfPage\":{\"@id\":\"https:\\\/\\\/fmgente.com.ar\\\/web\\\/araceli-gonzalez-recordo-a-su-madre-con-una-emotiva-foto-a-7-anos-de-su-muerte\\\/\"},\"wordCount\":454,\"publisher\":{\"@id\":\"https:\\\/\\\/fmgente.com.ar\\\/web\\\/#organization\"},\"image\":{\"@id\":\"https:\\\/\\\/fmgente.com.ar\\\/web\\\/araceli-gonzalez-recordo-a-su-madre-con-una-emotiva-foto-a-7-anos-de-su-muerte\\\/#primaryimage\"},\"thumbnailUrl\":\"https:\\\/\\\/fmgente.com.ar\\\/web\\\/wp-content\\\/uploads\\\/2025\\\/11\\\/Ventura-dos-1-359x226-42.jpg\",\"articleSection\":[\"DESTACADAS\"],\"inLanguage\":\"es\"},{\"@type\":\"WebPage\",\"@id\":\"https:\\\/\\\/fmgente.com.ar\\\/web\\\/araceli-gonzalez-recordo-a-su-madre-con-una-emotiva-foto-a-7-anos-de-su-muerte\\\/\",\"url\":\"https:\\\/\\\/fmgente.com.ar\\\/web\\\/araceli-gonzalez-recordo-a-su-madre-con-una-emotiva-foto-a-7-anos-de-su-muerte\\\/\",\"name\":\"Araceli Gonz\u00e1lez record\u00f3 a su madre con una emotiva foto a 7 a\u00f1os de su muerte - Fm Gente\",\"isPartOf\":{\"@id\":\"https:\\\/\\\/fmgente.com.ar\\\/web\\\/#website\"},\"primaryImageOfPage\":{\"@id\":\"https:\\\/\\\/fmgente.com.ar\\\/web\\\/araceli-gonzalez-recordo-a-su-madre-con-una-emotiva-foto-a-7-anos-de-su-muerte\\\/#primaryimage\"},\"image\":{\"@id\":\"https:\\\/\\\/fmgente.com.ar\\\/web\\\/araceli-gonzalez-recordo-a-su-madre-con-una-emotiva-foto-a-7-anos-de-su-muerte\\\/#primaryimage\"},\"thumbnailUrl\":\"https:\\\/\\\/fmgente.com.ar\\\/web\\\/wp-content\\\/uploads\\\/2025\\\/11\\\/Ventura-dos-1-359x226-42.jpg\",\"datePublished\":\"2025-11-11T23:04:53+00:00\",\"inLanguage\":\"es\",\"potentialAction\":[{\"@type\":\"ReadAction\",\"target\":[\"https:\\\/\\\/fmgente.com.ar\\\/web\\\/araceli-gonzalez-recordo-a-su-madre-con-una-emotiva-foto-a-7-anos-de-su-muerte\\\/\"]}]},{\"@type\":\"ImageObject\",\"inLanguage\":\"es\",\"@id\":\"https:\\\/\\\/fmgente.com.ar\\\/web\\\/araceli-gonzalez-recordo-a-su-madre-con-una-emotiva-foto-a-7-anos-de-su-muerte\\\/#primaryimage\",\"url\":\"https:\\\/\\\/fmgente.com.ar\\\/web\\\/wp-content\\\/uploads\\\/2025\\\/11\\\/Ventura-dos-1-359x226-42.jpg\",\"contentUrl\":\"https:\\\/\\\/fmgente.com.ar\\\/web\\\/wp-content\\\/uploads\\\/2025\\\/11\\\/Ventura-dos-1-359x226-42.jpg\",\"width\":359,\"height\":226},{\"@type\":\"WebSite\",\"@id\":\"https:\\\/\\\/fmgente.com.ar\\\/web\\\/#website\",\"url\":\"https:\\\/\\\/fmgente.com.ar\\\/web\\\/\",\"name\":\"Fm Gente\",\"description\":\"- Jes\u00fas Mar\u00eda\",\"publisher\":{\"@id\":\"https:\\\/\\\/fmgente.com.ar\\\/web\\\/#organization\"},\"potentialAction\":[{\"@type\":\"SearchAction\",\"target\":{\"@type\":\"EntryPoint\",\"urlTemplate\":\"https:\\\/\\\/fmgente.com.ar\\\/web\\\/?s={search_term_string}\"},\"query-input\":{\"@type\":\"PropertyValueSpecification\",\"valueRequired\":true,\"valueName\":\"search_term_string\"}}],\"inLanguage\":\"es\"},{\"@type\":\"Organization\",\"@id\":\"https:\\\/\\\/fmgente.com.ar\\\/web\\\/#organization\",\"name\":\"Fm Gente\",\"url\":\"https:\\\/\\\/fmgente.com.ar\\\/web\\\/\",\"logo\":{\"@type\":\"ImageObject\",\"inLanguage\":\"es\",\"@id\":\"https:\\\/\\\/fmgente.com.ar\\\/web\\\/#\\\/schema\\\/logo\\\/image\\\/\",\"url\":\"https:\\\/\\\/fmgente.com.ar\\\/web\\\/wp-content\\\/uploads\\\/2023\\\/07\\\/cropped-cropped-logo-sombra2.png\",\"contentUrl\":\"https:\\\/\\\/fmgente.com.ar\\\/web\\\/wp-content\\\/uploads\\\/2023\\\/07\\\/cropped-cropped-logo-sombra2.png\",\"width\":1782,\"height\":1782,\"caption\":\"Fm Gente\"},\"image\":{\"@id\":\"https:\\\/\\\/fmgente.com.ar\\\/web\\\/#\\\/schema\\\/logo\\\/image\\\/\"}}]}<\/script>\n<!-- \/ Yoast SEO plugin. -->","yoast_head_json":{"title":"Araceli Gonz\u00e1lez record\u00f3 a su madre con una emotiva foto a 7 a\u00f1os de su muerte - Fm Gente","robots":{"index":"index","follow":"follow","max-snippet":"max-snippet:-1","max-image-preview":"max-image-preview:large","max-video-preview":"max-video-preview:-1"},"canonical":"https:\/\/fmgente.com.ar\/web\/araceli-gonzalez-recordo-a-su-madre-con-una-emotiva-foto-a-7-anos-de-su-muerte\/","og_locale":"es_ES","og_type":"article","og_title":"Araceli Gonz\u00e1lez record\u00f3 a su madre con una emotiva foto a 7 a\u00f1os de su muerte - Fm Gente","og_description":"Araceli Gonz\u00e1lez volvi\u00f3 a estremecer a sus seguidores al compartir una foto antigua para recordar","og_url":"https:\/\/fmgente.com.ar\/web\/araceli-gonzalez-recordo-a-su-madre-con-una-emotiva-foto-a-7-anos-de-su-muerte\/","og_site_name":"Fm Gente","article_published_time":"2025-11-11T23:04:53+00:00","og_image":[{"width":359,"height":226,"url":"https:\/\/fmgente.com.ar\/web\/wp-content\/uploads\/2025\/11\/Ventura-dos-1-359x226-42.jpg","type":"image\/jpeg"}],"twitter_card":"summary_large_image","twitter_misc":{"Tiempo de lectura":"2 minutos"},"schema":{"@context":"https:\/\/schema.org","@graph":[{"@type":"Article","@id":"https:\/\/fmgente.com.ar\/web\/araceli-gonzalez-recordo-a-su-madre-con-una-emotiva-foto-a-7-anos-de-su-muerte\/#article","isPartOf":{"@id":"https:\/\/fmgente.com.ar\/web\/araceli-gonzalez-recordo-a-su-madre-con-una-emotiva-foto-a-7-anos-de-su-muerte\/"},"author":{"name":"","@id":""},"headline":"Araceli Gonz\u00e1lez record\u00f3 a su madre con una emotiva foto a 7 a\u00f1os de su muerte","datePublished":"2025-11-11T23:04:53+00:00","mainEntityOfPage":{"@id":"https:\/\/fmgente.com.ar\/web\/araceli-gonzalez-recordo-a-su-madre-con-una-emotiva-foto-a-7-anos-de-su-muerte\/"},"wordCount":454,"publisher":{"@id":"https:\/\/fmgente.com.ar\/web\/#organization"},"image":{"@id":"https:\/\/fmgente.com.ar\/web\/araceli-gonzalez-recordo-a-su-madre-con-una-emotiva-foto-a-7-anos-de-su-muerte\/#primaryimage"},"thumbnailUrl":"https:\/\/fmgente.com.ar\/web\/wp-content\/uploads\/2025\/11\/Ventura-dos-1-359x226-42.jpg","articleSection":["DESTACADAS"],"inLanguage":"es"},{"@type":"WebPage","@id":"https:\/\/fmgente.com.ar\/web\/araceli-gonzalez-recordo-a-su-madre-con-una-emotiva-foto-a-7-anos-de-su-muerte\/","url":"https:\/\/fmgente.com.ar\/web\/araceli-gonzalez-recordo-a-su-madre-con-una-emotiva-foto-a-7-anos-de-su-muerte\/","name":"Araceli Gonz\u00e1lez record\u00f3 a su madre con una emotiva foto a 7 a\u00f1os de su muerte - Fm Gente","isPartOf":{"@id":"https:\/\/fmgente.com.ar\/web\/#website"},"primaryImageOfPage":{"@id":"https:\/\/fmgente.com.ar\/web\/araceli-gonzalez-recordo-a-su-madre-con-una-emotiva-foto-a-7-anos-de-su-muerte\/#primaryimage"},"image":{"@id":"https:\/\/fmgente.com.ar\/web\/araceli-gonzalez-recordo-a-su-madre-con-una-emotiva-foto-a-7-anos-de-su-muerte\/#primaryimage"},"thumbnailUrl":"https:\/\/fmgente.com.ar\/web\/wp-content\/uploads\/2025\/11\/Ventura-dos-1-359x226-42.jpg","datePublished":"2025-11-11T23:04:53+00:00","inLanguage":"es","potentialAction":[{"@type":"ReadAction","target":["https:\/\/fmgente.com.ar\/web\/araceli-gonzalez-recordo-a-su-madre-con-una-emotiva-foto-a-7-anos-de-su-muerte\/"]}]},{"@type":"ImageObject","inLanguage":"es","@id":"https:\/\/fmgente.com.ar\/web\/araceli-gonzalez-recordo-a-su-madre-con-una-emotiva-foto-a-7-anos-de-su-muerte\/#primaryimage","url":"https:\/\/fmgente.com.ar\/web\/wp-content\/uploads\/2025\/11\/Ventura-dos-1-359x226-42.jpg","contentUrl":"https:\/\/fmgente.com.ar\/web\/wp-content\/uploads\/2025\/11\/Ventura-dos-1-359x226-42.jpg","width":359,"height":226},{"@type":"WebSite","@id":"https:\/\/fmgente.com.ar\/web\/#website","url":"https:\/\/fmgente.com.ar\/web\/","name":"Fm Gente","description":"- Jes\u00fas Mar\u00eda","publisher":{"@id":"https:\/\/fmgente.com.ar\/web\/#organization"},"potentialAction":[{"@type":"SearchAction","target":{"@type":"EntryPoint","urlTemplate":"https:\/\/fmgente.com.ar\/web\/?s={search_term_string}"},"query-input":{"@type":"PropertyValueSpecification","valueRequired":true,"valueName":"search_term_string"}}],"inLanguage":"es"},{"@type":"Organization","@id":"https:\/\/fmgente.com.ar\/web\/#organization","name":"Fm Gente","url":"https:\/\/fmgente.com.ar\/web\/","logo":{"@type":"ImageObject","inLanguage":"es","@id":"https:\/\/fmgente.com.ar\/web\/#\/schema\/logo\/image\/","url":"https:\/\/fmgente.com.ar\/web\/wp-content\/uploads\/2023\/07\/cropped-cropped-logo-sombra2.png","contentUrl":"https:\/\/fmgente.com.ar\/web\/wp-content\/uploads\/2023\/07\/cropped-cropped-logo-sombra2.png","width":1782,"height":1782,"caption":"Fm Gente"},"image":{"@id":"https:\/\/fmgente.com.ar\/web\/#\/schema\/logo\/image\/"}}]}},"_links":{"self":[{"href":"https:\/\/fmgente.com.ar\/web\/wp-json\/wp\/v2\/posts\/9388","targetHints":{"allow":["GET"]}}],"collection":[{"href":"https:\/\/fmgente.com.ar\/web\/wp-json\/wp\/v2\/posts"}],"about":[{"href":"https:\/\/fmgente.com.ar\/web\/wp-json\/wp\/v2\/types\/post"}],"replies":[{"embeddable":true,"href":"https:\/\/fmgente.com.ar\/web\/wp-json\/wp\/v2\/comments?post=9388"}],"version-history":[{"count":0,"href":"https:\/\/fmgente.com.ar\/web\/wp-json\/wp\/v2\/posts\/9388\/revisions"}],"wp:featuredmedia":[{"embeddable":true,"href":"https:\/\/fmgente.com.ar\/web\/wp-json\/wp\/v2\/media\/9389"}],"wp:attachment":[{"href":"https:\/\/fmgente.com.ar\/web\/wp-json\/wp\/v2\/media?parent=9388"}],"wp:term":[{"taxonomy":"category","embeddable":true,"href":"https:\/\/fmgente.com.ar\/web\/wp-json\/wp\/v2\/categories?post=9388"},{"taxonomy":"post_tag","embeddable":true,"href":"https:\/\/fmgente.com.ar\/web\/wp-json\/wp\/v2\/tags?post=9388"}],"curies":[{"name":"wp","href":"https:\/\/api.w.org\/{rel}","templated":true}]}}