{"id":9386,"date":"2025-11-11T20:04:53","date_gmt":"2025-11-11T23:04:53","guid":{"rendered":"https:\/\/fmgente.com.ar\/un-famoso-deportista-denuncio-que-morena-rial-lo-estafo-cuantos-miles-de-dolares-le-saco\/"},"modified":"2025-11-11T20:04:53","modified_gmt":"2025-11-11T23:04:53","slug":"un-famoso-deportista-denuncio-que-morena-rial-lo-estafo-cuantos-miles-de-dolares-le-saco","status":"publish","type":"post","link":"https:\/\/fmgente.com.ar\/web\/un-famoso-deportista-denuncio-que-morena-rial-lo-estafo-cuantos-miles-de-dolares-le-saco\/","title":{"rendered":"Un famoso deportista denunci\u00f3 que Morena Rial lo estaf\u00f3: cu\u00e1ntos miles de d\u00f3lares le sac\u00f3"},"content":{"rendered":"<p>En la oscuridad de una celda, sin contacto con la realidad y aislada de la libertad. En ese contexto se encuentra <strong>Morena Rial<\/strong>, que contin\u00faa recluida en una <a href=\"https:\/\/www.paparazzi.com.ar\/teve\/denuncian-que-morena-rial-sufrio-una-tortura-en-la-carcel-no-la-atendio-ni-un-medico-tras-el-ataque\/\">prisi\u00f3n<\/a> en la localidad bonaerense de Magdalena, mientras avanza la investigaci\u00f3n sobre su posible participaci\u00f3n en diversos robos de propiedades.<\/p>\n<p>En ese panorama, la hija de Jorge Rial acumula otra denuncia, que refiere a un accionar espurio, dado que un boxeador sali\u00f3 al plano p\u00fablico a narrar una circunstancia que padeci\u00f3 hace un tiempo y que involucra una supuesta estafa y en moneda extranjera.<\/p>\n<p>Resulta que <strong>Nat\u00e1n Bianco <\/strong>habl\u00f3 con <strong>Juan Etchegoyen<\/strong> para contar su traum\u00e1tica experiencia con la medi\u00e1tica. En primera instancia, el deportista explic\u00f3: \u201c<em>Me sorprendi\u00f3 mucho cuando vi que la dejaban detenida y es una persona que yo no banco para nada por la mala actitud que tuvo conmigo<\/em>\u201d.<\/p>\n<div class=\"mt-box \">\n<h4 class=\"mt-heading\">Mir\u00e1 Tambi\u00e9n<\/h4>\n<p><a href=\"https:\/\/www.paparazzi.com.ar\/romances\/la-abogada-de-mauro-icardi-conto-la-verdad-del-tenso-reencuentro-con-las-hijas-de-wanda-nara\/\"><\/p>\n<div class=\"mt-content\">\n<div class=\"mt-image-container\"><img decoding=\"async\" src=\"https:\/\/www.paparazzi.com.ar\/wp-content\/uploads\/2025\/11\/Mauro-Icardi-Wanda-359x226.jpg\" alt=\"La abogada de Mauro Icardi cont\u00f3 la verdad del tenso reencuentro con las hijas de Wanda Nara\" class=\"mt-image\" loading=\"lazy\" \/><\/div>\n<h5 class=\"mt-title\">La abogada de Mauro Icardi cont\u00f3 la verdad del tenso reencuentro con las hijas de Wanda Nara<\/h5>\n<\/div>\n<p><\/a><\/div>\n<p>As\u00ed, el atleta, que dispone una monta\u00f1a de seguidores en sus redes sociales, <strong>confirm\u00f3 el monto que le entreg\u00f3 de buena voluntad<\/strong>. \u201c<em>Me rob\u00f3 2500 d\u00f3lares en la cara literalmente<\/em>\u201d. Y luego a\u00f1adi\u00f3 que la transacci\u00f3n se enrola en la necesidad de verificar su cuenta de Instagram.<\/p>\n<h2 class=\"wp-block-heading\">DENUNCIAN A MORENA RIAL POR ESTAFA<\/h2>\n<p>\u201c<em>Me dijo que ten\u00eda el contacto para conseguirlo pero que ten\u00eda un costo. Yo confi\u00e9 en ella porque era alguien de la televisi\u00f3n<\/em>\u201d, exterioriz\u00f3. E inmediatamente describi\u00f3 el d\u00eda de esa entrega de dinero y la reacci\u00f3n de Morena: \u201c<em>Le pagu\u00e9 y me bloque\u00f3 de todos lados\u201d<\/em>.\u00a0<\/p>\n<p>Incluso, Nat\u00e1n a\u00f1adi\u00f3 m\u00e1s pormenores del encuentro con <a href=\"https:\/\/www.paparazzi.com.ar\/teve\/revelaron-el-pedido-del-fiscal-contra-morena-rial-es-grave-lo-que-dice-el-expediente\/\">Morena<\/a>: \u201c<em>Ella vino f\u00edsicamente con otra persona famosa que prefiero no nombrar y me cobr\u00f3 los 2500 d\u00f3lares. Me dijo que tardaba unos d\u00edas y apenas se fue del country, me bloque<\/em>\u00f3\u201d. Y despu\u00e9s corrobor\u00f3 que<strong> Jorge Rial <\/strong>intervino: \u201c<em>Me devolvieron una parte, pero no todo lo que le di. Fue una locura y ah\u00ed entend\u00ed que no hab\u00eda que confiar en nadie. Ella se merece estar en la c\u00e1rcel para que recapacite<\/em>\u201d.<\/p>\n<div class=\"mt-box \">\n<h4 class=\"mt-heading\">Mir\u00e1 Tambi\u00e9n<\/h4>\n<p><a href=\"https:\/\/www.paparazzi.com.ar\/teve\/denuncian-que-morena-rial-sufrio-una-tortura-en-la-carcel-no-la-atendio-ni-un-medico-tras-el-ataque\/\"><\/p>\n<div class=\"mt-content\">\n<div class=\"mt-image-container\"><img decoding=\"async\" src=\"https:\/\/www.paparazzi.com.ar\/wp-content\/uploads\/2025\/10\/Morena-Rial-presa-359x226.jpg\" alt=\"Denuncian que Morena Rial sufri\u00f3 una \u2018tortura\u2019 en la c\u00e1rcel: \u201cNo la atendi\u00f3 ni un m\u00e9dico tras el ataque\u201d\" class=\"mt-image\" loading=\"lazy\" \/><\/div>\n<h5 class=\"mt-title\">Denuncian que Morena Rial sufri\u00f3 una \u2018tortura\u2019 en la c\u00e1rcel: \u201cNo la atendi\u00f3 ni un m\u00e9dico tras el ataque\u201d<\/h5>\n<\/div>\n<p><\/a><\/div>\n<div class=\"mt-box \">\n<h4 class=\"mt-heading\">Mir\u00e1 Tambi\u00e9n<\/h4>\n<p><a href=\"https:\/\/www.paparazzi.com.ar\/teve\/revelaron-el-pedido-del-fiscal-contra-morena-rial-es-grave-lo-que-dice-el-expediente\/\"><\/p>\n<div class=\"mt-content\">\n<div class=\"mt-image-container\"><img decoding=\"async\" src=\"https:\/\/www.paparazzi.com.ar\/wp-content\/uploads\/2025\/10\/Morena-Rial-consiguio-un-celular-en-la-carcel-y-armo-un-escandalo-el-resto-de-las-presas-22Estan-muy-enojadas-y.22--359x226.jpg\" alt=\"Morena Rial a un paso de recibir la peor noticia en la c\u00e1rcel: &quot;Pidieron la prisi\u00f3n preventiva&quot;\" class=\"mt-image\" loading=\"lazy\" \/><\/div>\n<h5 class=\"mt-title\">Morena Rial a un paso de recibir la peor noticia en la c\u00e1rcel: \u00abPidieron la prisi\u00f3n preventiva\u00bb<\/h5>\n<\/div>\n<p><\/a><\/div>\n<p>The post <a href=\"https:\/\/www.paparazzi.com.ar\/teve\/un-famoso-deportista-denuncio-que-morena-rial-lo-estafo-cuantos-miles-de-dolares-le-saco\/\">Un famoso deportista denunci\u00f3 que Morena Rial lo estaf\u00f3: cu\u00e1ntos miles de d\u00f3lares le sac\u00f3<\/a> appeared first on <a href=\"https:\/\/www.paparazzi.com.ar\">Revista Paparazzi<\/a>.<\/p>\n","protected":false},"excerpt":{"rendered":"<p>En la oscuridad de una celda, sin contacto con la realidad y aislada de la<\/p>\n","protected":false},"author":0,"featured_media":9387,"comment_status":"","ping_status":"","sticky":false,"template":"","format":"standard","meta":{"footnotes":""},"categories":[11],"tags":[],"class_list":["post-9386","post","type-post","status-publish","format-standard","has-post-thumbnail","hentry","category-destacadas"],"yoast_head":"<!-- This site is optimized with the Yoast SEO plugin v27.4 - https:\/\/yoast.com\/product\/yoast-seo-wordpress\/ -->\n<title>Un famoso deportista denunci\u00f3 que Morena Rial lo estaf\u00f3: cu\u00e1ntos miles de d\u00f3lares le sac\u00f3 - Fm Gente<\/title>\n<meta name=\"robots\" content=\"index, follow, max-snippet:-1, max-image-preview:large, max-video-preview:-1\" \/>\n<link rel=\"canonical\" href=\"https:\/\/fmgente.com.ar\/web\/un-famoso-deportista-denuncio-que-morena-rial-lo-estafo-cuantos-miles-de-dolares-le-saco\/\" \/>\n<meta property=\"og:locale\" content=\"es_ES\" \/>\n<meta property=\"og:type\" content=\"article\" \/>\n<meta property=\"og:title\" content=\"Un famoso deportista denunci\u00f3 que Morena Rial lo estaf\u00f3: cu\u00e1ntos miles de d\u00f3lares le sac\u00f3 - Fm Gente\" \/>\n<meta property=\"og:description\" content=\"En la oscuridad de una celda, sin contacto con la realidad y aislada de la\" \/>\n<meta property=\"og:url\" content=\"https:\/\/fmgente.com.ar\/web\/un-famoso-deportista-denuncio-que-morena-rial-lo-estafo-cuantos-miles-de-dolares-le-saco\/\" \/>\n<meta property=\"og:site_name\" content=\"Fm Gente\" \/>\n<meta property=\"article:published_time\" content=\"2025-11-11T23:04:53+00:00\" \/>\n<meta property=\"og:image\" content=\"https:\/\/fmgente.com.ar\/web\/wp-content\/uploads\/2025\/11\/Mauro-Icardi-Wanda-359x226-3.jpg\" \/>\n\t<meta property=\"og:image:width\" content=\"359\" \/>\n\t<meta property=\"og:image:height\" content=\"226\" \/>\n\t<meta property=\"og:image:type\" content=\"image\/jpeg\" \/>\n<meta name=\"twitter:card\" content=\"summary_large_image\" \/>\n<meta name=\"twitter:label1\" content=\"Tiempo de lectura\" \/>\n\t<meta name=\"twitter:data1\" content=\"2 minutos\" \/>\n<script type=\"application\/ld+json\" class=\"yoast-schema-graph\">{\"@context\":\"https:\\\/\\\/schema.org\",\"@graph\":[{\"@type\":\"Article\",\"@id\":\"https:\\\/\\\/fmgente.com.ar\\\/web\\\/un-famoso-deportista-denuncio-que-morena-rial-lo-estafo-cuantos-miles-de-dolares-le-saco\\\/#article\",\"isPartOf\":{\"@id\":\"https:\\\/\\\/fmgente.com.ar\\\/web\\\/un-famoso-deportista-denuncio-que-morena-rial-lo-estafo-cuantos-miles-de-dolares-le-saco\\\/\"},\"author\":{\"name\":\"\",\"@id\":\"\"},\"headline\":\"Un famoso deportista denunci\u00f3 que Morena Rial lo estaf\u00f3: cu\u00e1ntos miles de d\u00f3lares le sac\u00f3\",\"datePublished\":\"2025-11-11T23:04:53+00:00\",\"mainEntityOfPage\":{\"@id\":\"https:\\\/\\\/fmgente.com.ar\\\/web\\\/un-famoso-deportista-denuncio-que-morena-rial-lo-estafo-cuantos-miles-de-dolares-le-saco\\\/\"},\"wordCount\":452,\"publisher\":{\"@id\":\"https:\\\/\\\/fmgente.com.ar\\\/web\\\/#organization\"},\"image\":{\"@id\":\"https:\\\/\\\/fmgente.com.ar\\\/web\\\/un-famoso-deportista-denuncio-que-morena-rial-lo-estafo-cuantos-miles-de-dolares-le-saco\\\/#primaryimage\"},\"thumbnailUrl\":\"https:\\\/\\\/fmgente.com.ar\\\/web\\\/wp-content\\\/uploads\\\/2025\\\/11\\\/Mauro-Icardi-Wanda-359x226-3.jpg\",\"articleSection\":[\"DESTACADAS\"],\"inLanguage\":\"es\"},{\"@type\":\"WebPage\",\"@id\":\"https:\\\/\\\/fmgente.com.ar\\\/web\\\/un-famoso-deportista-denuncio-que-morena-rial-lo-estafo-cuantos-miles-de-dolares-le-saco\\\/\",\"url\":\"https:\\\/\\\/fmgente.com.ar\\\/web\\\/un-famoso-deportista-denuncio-que-morena-rial-lo-estafo-cuantos-miles-de-dolares-le-saco\\\/\",\"name\":\"Un famoso deportista denunci\u00f3 que Morena Rial lo estaf\u00f3: cu\u00e1ntos miles de d\u00f3lares le sac\u00f3 - Fm Gente\",\"isPartOf\":{\"@id\":\"https:\\\/\\\/fmgente.com.ar\\\/web\\\/#website\"},\"primaryImageOfPage\":{\"@id\":\"https:\\\/\\\/fmgente.com.ar\\\/web\\\/un-famoso-deportista-denuncio-que-morena-rial-lo-estafo-cuantos-miles-de-dolares-le-saco\\\/#primaryimage\"},\"image\":{\"@id\":\"https:\\\/\\\/fmgente.com.ar\\\/web\\\/un-famoso-deportista-denuncio-que-morena-rial-lo-estafo-cuantos-miles-de-dolares-le-saco\\\/#primaryimage\"},\"thumbnailUrl\":\"https:\\\/\\\/fmgente.com.ar\\\/web\\\/wp-content\\\/uploads\\\/2025\\\/11\\\/Mauro-Icardi-Wanda-359x226-3.jpg\",\"datePublished\":\"2025-11-11T23:04:53+00:00\",\"inLanguage\":\"es\",\"potentialAction\":[{\"@type\":\"ReadAction\",\"target\":[\"https:\\\/\\\/fmgente.com.ar\\\/web\\\/un-famoso-deportista-denuncio-que-morena-rial-lo-estafo-cuantos-miles-de-dolares-le-saco\\\/\"]}]},{\"@type\":\"ImageObject\",\"inLanguage\":\"es\",\"@id\":\"https:\\\/\\\/fmgente.com.ar\\\/web\\\/un-famoso-deportista-denuncio-que-morena-rial-lo-estafo-cuantos-miles-de-dolares-le-saco\\\/#primaryimage\",\"url\":\"https:\\\/\\\/fmgente.com.ar\\\/web\\\/wp-content\\\/uploads\\\/2025\\\/11\\\/Mauro-Icardi-Wanda-359x226-3.jpg\",\"contentUrl\":\"https:\\\/\\\/fmgente.com.ar\\\/web\\\/wp-content\\\/uploads\\\/2025\\\/11\\\/Mauro-Icardi-Wanda-359x226-3.jpg\",\"width\":359,\"height\":226},{\"@type\":\"WebSite\",\"@id\":\"https:\\\/\\\/fmgente.com.ar\\\/web\\\/#website\",\"url\":\"https:\\\/\\\/fmgente.com.ar\\\/web\\\/\",\"name\":\"Fm Gente\",\"description\":\"- Jes\u00fas Mar\u00eda\",\"publisher\":{\"@id\":\"https:\\\/\\\/fmgente.com.ar\\\/web\\\/#organization\"},\"potentialAction\":[{\"@type\":\"SearchAction\",\"target\":{\"@type\":\"EntryPoint\",\"urlTemplate\":\"https:\\\/\\\/fmgente.com.ar\\\/web\\\/?s={search_term_string}\"},\"query-input\":{\"@type\":\"PropertyValueSpecification\",\"valueRequired\":true,\"valueName\":\"search_term_string\"}}],\"inLanguage\":\"es\"},{\"@type\":\"Organization\",\"@id\":\"https:\\\/\\\/fmgente.com.ar\\\/web\\\/#organization\",\"name\":\"Fm Gente\",\"url\":\"https:\\\/\\\/fmgente.com.ar\\\/web\\\/\",\"logo\":{\"@type\":\"ImageObject\",\"inLanguage\":\"es\",\"@id\":\"https:\\\/\\\/fmgente.com.ar\\\/web\\\/#\\\/schema\\\/logo\\\/image\\\/\",\"url\":\"https:\\\/\\\/fmgente.com.ar\\\/web\\\/wp-content\\\/uploads\\\/2023\\\/07\\\/cropped-cropped-logo-sombra2.png\",\"contentUrl\":\"https:\\\/\\\/fmgente.com.ar\\\/web\\\/wp-content\\\/uploads\\\/2023\\\/07\\\/cropped-cropped-logo-sombra2.png\",\"width\":1782,\"height\":1782,\"caption\":\"Fm Gente\"},\"image\":{\"@id\":\"https:\\\/\\\/fmgente.com.ar\\\/web\\\/#\\\/schema\\\/logo\\\/image\\\/\"}}]}<\/script>\n<!-- \/ Yoast SEO plugin. -->","yoast_head_json":{"title":"Un famoso deportista denunci\u00f3 que Morena Rial lo estaf\u00f3: cu\u00e1ntos miles de d\u00f3lares le sac\u00f3 - Fm Gente","robots":{"index":"index","follow":"follow","max-snippet":"max-snippet:-1","max-image-preview":"max-image-preview:large","max-video-preview":"max-video-preview:-1"},"canonical":"https:\/\/fmgente.com.ar\/web\/un-famoso-deportista-denuncio-que-morena-rial-lo-estafo-cuantos-miles-de-dolares-le-saco\/","og_locale":"es_ES","og_type":"article","og_title":"Un famoso deportista denunci\u00f3 que Morena Rial lo estaf\u00f3: cu\u00e1ntos miles de d\u00f3lares le sac\u00f3 - Fm Gente","og_description":"En la oscuridad de una celda, sin contacto con la realidad y aislada de la","og_url":"https:\/\/fmgente.com.ar\/web\/un-famoso-deportista-denuncio-que-morena-rial-lo-estafo-cuantos-miles-de-dolares-le-saco\/","og_site_name":"Fm Gente","article_published_time":"2025-11-11T23:04:53+00:00","og_image":[{"width":359,"height":226,"url":"https:\/\/fmgente.com.ar\/web\/wp-content\/uploads\/2025\/11\/Mauro-Icardi-Wanda-359x226-3.jpg","type":"image\/jpeg"}],"twitter_card":"summary_large_image","twitter_misc":{"Tiempo de lectura":"2 minutos"},"schema":{"@context":"https:\/\/schema.org","@graph":[{"@type":"Article","@id":"https:\/\/fmgente.com.ar\/web\/un-famoso-deportista-denuncio-que-morena-rial-lo-estafo-cuantos-miles-de-dolares-le-saco\/#article","isPartOf":{"@id":"https:\/\/fmgente.com.ar\/web\/un-famoso-deportista-denuncio-que-morena-rial-lo-estafo-cuantos-miles-de-dolares-le-saco\/"},"author":{"name":"","@id":""},"headline":"Un famoso deportista denunci\u00f3 que Morena Rial lo estaf\u00f3: cu\u00e1ntos miles de d\u00f3lares le sac\u00f3","datePublished":"2025-11-11T23:04:53+00:00","mainEntityOfPage":{"@id":"https:\/\/fmgente.com.ar\/web\/un-famoso-deportista-denuncio-que-morena-rial-lo-estafo-cuantos-miles-de-dolares-le-saco\/"},"wordCount":452,"publisher":{"@id":"https:\/\/fmgente.com.ar\/web\/#organization"},"image":{"@id":"https:\/\/fmgente.com.ar\/web\/un-famoso-deportista-denuncio-que-morena-rial-lo-estafo-cuantos-miles-de-dolares-le-saco\/#primaryimage"},"thumbnailUrl":"https:\/\/fmgente.com.ar\/web\/wp-content\/uploads\/2025\/11\/Mauro-Icardi-Wanda-359x226-3.jpg","articleSection":["DESTACADAS"],"inLanguage":"es"},{"@type":"WebPage","@id":"https:\/\/fmgente.com.ar\/web\/un-famoso-deportista-denuncio-que-morena-rial-lo-estafo-cuantos-miles-de-dolares-le-saco\/","url":"https:\/\/fmgente.com.ar\/web\/un-famoso-deportista-denuncio-que-morena-rial-lo-estafo-cuantos-miles-de-dolares-le-saco\/","name":"Un famoso deportista denunci\u00f3 que Morena Rial lo estaf\u00f3: cu\u00e1ntos miles de d\u00f3lares le sac\u00f3 - Fm Gente","isPartOf":{"@id":"https:\/\/fmgente.com.ar\/web\/#website"},"primaryImageOfPage":{"@id":"https:\/\/fmgente.com.ar\/web\/un-famoso-deportista-denuncio-que-morena-rial-lo-estafo-cuantos-miles-de-dolares-le-saco\/#primaryimage"},"image":{"@id":"https:\/\/fmgente.com.ar\/web\/un-famoso-deportista-denuncio-que-morena-rial-lo-estafo-cuantos-miles-de-dolares-le-saco\/#primaryimage"},"thumbnailUrl":"https:\/\/fmgente.com.ar\/web\/wp-content\/uploads\/2025\/11\/Mauro-Icardi-Wanda-359x226-3.jpg","datePublished":"2025-11-11T23:04:53+00:00","inLanguage":"es","potentialAction":[{"@type":"ReadAction","target":["https:\/\/fmgente.com.ar\/web\/un-famoso-deportista-denuncio-que-morena-rial-lo-estafo-cuantos-miles-de-dolares-le-saco\/"]}]},{"@type":"ImageObject","inLanguage":"es","@id":"https:\/\/fmgente.com.ar\/web\/un-famoso-deportista-denuncio-que-morena-rial-lo-estafo-cuantos-miles-de-dolares-le-saco\/#primaryimage","url":"https:\/\/fmgente.com.ar\/web\/wp-content\/uploads\/2025\/11\/Mauro-Icardi-Wanda-359x226-3.jpg","contentUrl":"https:\/\/fmgente.com.ar\/web\/wp-content\/uploads\/2025\/11\/Mauro-Icardi-Wanda-359x226-3.jpg","width":359,"height":226},{"@type":"WebSite","@id":"https:\/\/fmgente.com.ar\/web\/#website","url":"https:\/\/fmgente.com.ar\/web\/","name":"Fm Gente","description":"- Jes\u00fas Mar\u00eda","publisher":{"@id":"https:\/\/fmgente.com.ar\/web\/#organization"},"potentialAction":[{"@type":"SearchAction","target":{"@type":"EntryPoint","urlTemplate":"https:\/\/fmgente.com.ar\/web\/?s={search_term_string}"},"query-input":{"@type":"PropertyValueSpecification","valueRequired":true,"valueName":"search_term_string"}}],"inLanguage":"es"},{"@type":"Organization","@id":"https:\/\/fmgente.com.ar\/web\/#organization","name":"Fm Gente","url":"https:\/\/fmgente.com.ar\/web\/","logo":{"@type":"ImageObject","inLanguage":"es","@id":"https:\/\/fmgente.com.ar\/web\/#\/schema\/logo\/image\/","url":"https:\/\/fmgente.com.ar\/web\/wp-content\/uploads\/2023\/07\/cropped-cropped-logo-sombra2.png","contentUrl":"https:\/\/fmgente.com.ar\/web\/wp-content\/uploads\/2023\/07\/cropped-cropped-logo-sombra2.png","width":1782,"height":1782,"caption":"Fm Gente"},"image":{"@id":"https:\/\/fmgente.com.ar\/web\/#\/schema\/logo\/image\/"}}]}},"_links":{"self":[{"href":"https:\/\/fmgente.com.ar\/web\/wp-json\/wp\/v2\/posts\/9386","targetHints":{"allow":["GET"]}}],"collection":[{"href":"https:\/\/fmgente.com.ar\/web\/wp-json\/wp\/v2\/posts"}],"about":[{"href":"https:\/\/fmgente.com.ar\/web\/wp-json\/wp\/v2\/types\/post"}],"replies":[{"embeddable":true,"href":"https:\/\/fmgente.com.ar\/web\/wp-json\/wp\/v2\/comments?post=9386"}],"version-history":[{"count":0,"href":"https:\/\/fmgente.com.ar\/web\/wp-json\/wp\/v2\/posts\/9386\/revisions"}],"wp:featuredmedia":[{"embeddable":true,"href":"https:\/\/fmgente.com.ar\/web\/wp-json\/wp\/v2\/media\/9387"}],"wp:attachment":[{"href":"https:\/\/fmgente.com.ar\/web\/wp-json\/wp\/v2\/media?parent=9386"}],"wp:term":[{"taxonomy":"category","embeddable":true,"href":"https:\/\/fmgente.com.ar\/web\/wp-json\/wp\/v2\/categories?post=9386"},{"taxonomy":"post_tag","embeddable":true,"href":"https:\/\/fmgente.com.ar\/web\/wp-json\/wp\/v2\/tags?post=9386"}],"curies":[{"name":"wp","href":"https:\/\/api.w.org\/{rel}","templated":true}]}}