{"id":9384,"date":"2025-11-11T20:04:53","date_gmt":"2025-11-11T23:04:53","guid":{"rendered":"https:\/\/fmgente.com.ar\/exclusivo-las-fotos-de-wanda-nara-y-johnny-depp-que-encendio-la-furia-total-de-mauro-icardi\/"},"modified":"2025-11-11T20:04:53","modified_gmt":"2025-11-11T23:04:53","slug":"exclusivo-las-fotos-de-wanda-nara-y-johnny-depp-que-encendio-la-furia-total-de-mauro-icardi","status":"publish","type":"post","link":"https:\/\/fmgente.com.ar\/web\/exclusivo-las-fotos-de-wanda-nara-y-johnny-depp-que-encendio-la-furia-total-de-mauro-icardi\/","title":{"rendered":"\u00a1Exclusivo! Las fotos de Wanda Nara y Johnny Depp que encendi\u00f3 la furia total de Mauro Icardi"},"content":{"rendered":"<p><strong><a href=\"https:\/\/www.paparazzi.com.ar\/?s=Johnny+Depp\">Johnny Depp<\/a><\/strong> aterriz\u00f3 en Buenos Aires y desat\u00f3 la locura entre sus fan\u00e1ticos. Desde que trascendi\u00f3 que el actor de <em>Piratas del Caribe<\/em> <a href=\"https:\/\/www.paparazzi.com.ar\/internacionales\/johnny-depp-en-la-argentina-filtran-todo-lo-que-el-actor-va-a-hacer-en-su-visita\/\">visitar\u00eda los estudios de Telefe<\/a> para <a href=\"https:\/\/www.paparazzi.com.ar\/teve\/vero-lozano-conto-como-reciben-a-johnny-depp-en-su-casa-le-doy-mi\/\">una entrevista con <strong>Ver\u00f3nica Lozano<\/strong><\/a>, decenas de seguidores se agolparon en la puerta del canal con banderas, carteles y celulares en mano para capturar el momento. <\/p>\n<p>Las im\u00e1genes del \u00eddolo saludando al p\u00fablico, sonriente y con su inconfundible look \u2014sombrero marr\u00f3n, gafas oscuras y chaqueta de gamuza\u2014 se viralizaron en cuesti\u00f3n de minutos. Sin embargo, lo que comenz\u00f3 como una simple visita al programa termin\u00f3 convirti\u00e9ndose en uno de los episodios m\u00e1s comentados del d\u00eda&#8230;<\/p>\n<p>El inesperado cruce de Johnny con <strong>Wanda Nara<\/strong> en los pasillos de Telefe. La conductora de <em>MasterChef Celebrity<\/em> no dud\u00f3 en compartir el momento en redes y public\u00f3 dos fotos: <em>\u201cUn d\u00eda casual en el canal. Johnny Depp, gracias por tus amables palabras\u201d<\/em>, escribi\u00f3 la empresaria junto a las im\u00e1genes donde se la ve sonriente junto al actor y luego Depp le da un beso en la mejilla.<\/p>\n<div class=\"mt-box \">\n<h4 class=\"mt-heading\">Mir\u00e1 Tambi\u00e9n<\/h4>\n<p><a href=\"https:\/\/www.paparazzi.com.ar\/teve\/exclusivo-las-fotos-de-johnny-deep-llegando-a-argentina-en-medio-de-un-enorme-operativo-de-seguridad\/\"><\/p>\n<div class=\"mt-content\">\n<div class=\"mt-image-container\"><img decoding=\"async\" src=\"https:\/\/www.paparazzi.com.ar\/wp-content\/uploads\/2025\/11\/Jhonny-Deep-359x226.jpg\" alt=\"\u00a1Exclusivo! Las fotos de Johnny Deep llegando a Argentina en medio de un enorme operativo de seguridad\" class=\"mt-image\" loading=\"lazy\" \/><\/div>\n<h5 class=\"mt-title\">\u00a1Exclusivo! Las fotos de Johnny Deep llegando a Argentina en medio de un enorme operativo de seguridad<\/h5>\n<\/div>\n<p><\/a><\/div>\n<p>La publicaci\u00f3n dur\u00f3 pocos minutos antes de ser borrada, pero fue suficiente para desatar un torbellino digital. Los fan\u00e1ticos interpretaron la foto como una jugada cargada de simbolismo, especialmente en medio del conflicto legal y medi\u00e1tico que enfrenta a Wanda con <strong>Mauro Icardi<\/strong>.<\/p>\n<p>Y es que no fue un gesto inocente: durante los momentos m\u00e1s tensos de su separaci\u00f3n, el delantero del Galatasaray hab\u00eda publicado varias veces im\u00e1genes de Johnny Depp como s\u00edmbolo de su propia <em>\u201cbatalla por la verdad\u201d,<\/em> en clara referencia al juicio del actor contra <strong>Amber Heard<\/strong>. Cada posteo estaba acompa\u00f1ado por una frase que ya es marca registrada: <em>\u201cTic Tac\u201d.<\/em><\/p>\n<div class=\"mt-box \">\n<h4 class=\"mt-heading\">Mir\u00e1 Tambi\u00e9n<\/h4>\n<p><a href=\"https:\/\/www.paparazzi.com.ar\/romances\/el-terrible-mensaje-de-mauro-icardi-contra-wanda-nara-en-un-mes-me-veran-en-un-lamborghini-rosa-y\/\"><\/p>\n<div class=\"mt-content\">\n<div class=\"mt-image-container\"><img decoding=\"async\" src=\"https:\/\/www.paparazzi.com.ar\/wp-content\/uploads\/2025\/05\/Mauro-Icardi-Wanda-Nara-ok.jpg.webp\" alt=\"El terrible mensaje de Mauro Icardi contra Wanda Nara: \u201cEn un mes me ver\u00e1n en un Lamborghini rosa y\u2026\u201d\" class=\"mt-image\" loading=\"lazy\" \/><\/div>\n<h5 class=\"mt-title\">El terrible mensaje de Mauro Icardi contra Wanda Nara: \u201cEn un mes me ver\u00e1n en un Lamborghini rosa y\u2026\u201d<\/h5>\n<\/div>\n<p><\/a><\/div>\n<p>Por eso, el encuentro de Wanda con Depp fue le\u00eddo como una provocaci\u00f3n directa. <em>\u201cWanda Nara ten\u00eda que hacer una sola cosa bien y lo hizo\u2026 Tic Tac Johnny\u201d, \u201cReina del show\u201d, \u201cWanda siempre un paso adelante\u201d,<\/em> fueron algunos de los comentarios que inundaron las redes tras la viralizaci\u00f3n del posteo.<\/p>\n<p>Mientras tanto, Mauro Icardi viv\u00eda otro cap\u00edtulo emocional: el reencuentro con sus hijas despu\u00e9s de cinco meses sin verlas. El momento fue registrado por las c\u00e1maras de <em>Intrusos<\/em> a la salida del colegio Lincoln College de Vicente L\u00f3pez, donde fue acompa\u00f1ado por su abogada, <strong>Elba Marcovecchio<\/strong>.<\/p>\n<div class=\"mt-box \">\n<h4 class=\"mt-heading\">Mir\u00e1 Tambi\u00e9n<\/h4>\n<p><a href=\"https:\/\/www.paparazzi.com.ar\/teve\/wanda-nara-se-puso-firme-con-sus-hijas-por-icardi-la-prohibicion-a-la-china-suarez-que-anticipa-un-escandalo\/\"><\/p>\n<div class=\"mt-content\">\n<div class=\"mt-image-container\"><img decoding=\"async\" src=\"https:\/\/www.paparazzi.com.ar\/wp-content\/uploads\/2025\/11\/Wanda-Nara-se-puso-firme-con-sus-hijas-por-Icardi-la-prohibicion-a-la-China-Suarez-que-anticipa-un-escandalo-359x226.jpg\" alt=\"Wanda Nara se puso firme con sus hijas por Icardi: la prohibici\u00f3n a la China Su\u00e1rez que anticipa un esc\u00e1ndalo\" class=\"mt-image\" loading=\"lazy\" \/><\/div>\n<h5 class=\"mt-title\">Wanda Nara se puso firme con sus hijas por Icardi: la prohibici\u00f3n a la China Su\u00e1rez que anticipa un esc\u00e1ndalo<\/h5>\n<\/div>\n<p><\/a><\/div>\n<p>Elba, muy emocionada por el paso que dio su cliente, asegur\u00f3 firme:<em> \u201cFue hermoso. Era importante que salgan tranquilos porque era un encuentro muy esperado. Mauro es un padre impecable\u201d.<\/em><\/p>\n<p>As\u00ed, mientras Wanda Nara revolucionaba Telefe con Johnny Depp y las redes ard\u00edan, Mauro buscaba recomponer su v\u00ednculo familiar. Dos escenas opuestas, cargadas de simbolismo, que volvieron a poner a la pareja m\u00e1s medi\u00e1tica del pa\u00eds en el centro de todos los titulares.<\/p>\n<h2 class=\"wp-block-heading\">La foto de Wanda Nara con Jhonny Deep:<\/h2>\n<figure class=\"wp-block-image size-large\"><img decoding=\"async\" src=\"https:\/\/www.paparazzi.com.ar\/wp-content\/uploads\/2025\/11\/Wanda-Nara-con-Jhonny-Deep-894x1024.jpeg.webp\" loading=\"lazy\" alt=\"\" class=\"wp-image-452633\" \/><\/figure>\n<figure class=\"wp-block-image size-large\"><img decoding=\"async\" src=\"https:\/\/www.paparazzi.com.ar\/wp-content\/uploads\/2025\/11\/image-133-842x1024.png.webp\" loading=\"lazy\" alt=\"\" class=\"wp-image-452634\" \/><\/figure>\n<h2 class=\"wp-block-heading\">Las fotos de Jhonny Deep revolucionando a sus fans en la puerta de Telefe:<\/h2>\n<figure class=\"wp-block-image size-large\"><img decoding=\"async\" src=\"https:\/\/www.paparazzi.com.ar\/wp-content\/uploads\/2025\/11\/Exclusivo-paparazzi-34-724x1024.jpg.webp\" loading=\"lazy\" alt=\"\" class=\"wp-image-452654\" \/><\/figure>\n<figure class=\"wp-block-image size-large\"><img decoding=\"async\" src=\"https:\/\/www.paparazzi.com.ar\/wp-content\/uploads\/2025\/11\/Exclusivo-paparazzi-35-724x1024.jpg.webp\" loading=\"lazy\" alt=\"\" class=\"wp-image-452655\" \/><\/figure>\n<figure class=\"wp-block-image size-large\"><img decoding=\"async\" src=\"https:\/\/www.paparazzi.com.ar\/wp-content\/uploads\/2025\/11\/Exclusivo-paparazzi-36-724x1024.jpg.webp\" loading=\"lazy\" alt=\"\" class=\"wp-image-452656\" \/><\/figure>\n<figure class=\"wp-block-image size-large\"><img decoding=\"async\" src=\"https:\/\/www.paparazzi.com.ar\/wp-content\/uploads\/2025\/11\/Exclusivo-paparazzi-37-724x1024.jpg.webp\" loading=\"lazy\" alt=\"\" class=\"wp-image-452657\" \/><\/figure>\n<figure class=\"wp-block-image size-large\"><img decoding=\"async\" src=\"https:\/\/www.paparazzi.com.ar\/wp-content\/uploads\/2025\/11\/Exclusivo-paparazzi-38-724x1024.jpg.webp\" loading=\"lazy\" alt=\"\" class=\"wp-image-452658\" \/><\/figure>\n<figure class=\"wp-block-image size-large\"><img decoding=\"async\" src=\"https:\/\/www.paparazzi.com.ar\/wp-content\/uploads\/2025\/11\/Exclusivo-paparazzi-39-724x1024.jpg.webp\" loading=\"lazy\" alt=\"\" class=\"wp-image-452660\" \/><\/figure>\n<figure class=\"wp-block-image size-large\"><img decoding=\"async\" src=\"https:\/\/www.paparazzi.com.ar\/wp-content\/uploads\/2025\/11\/Exclusivo-paparazzi-40-724x1024.jpg.webp\" loading=\"lazy\" alt=\"\" class=\"wp-image-452661\" \/><\/figure>\n<figure class=\"wp-block-image size-large\"><img decoding=\"async\" src=\"https:\/\/www.paparazzi.com.ar\/wp-content\/uploads\/2025\/11\/Exclusivo-paparazzi-41-724x1024.jpg.webp\" loading=\"lazy\" alt=\"\" class=\"wp-image-452662\" \/><\/figure>\n<figure class=\"wp-block-image size-large\"><img decoding=\"async\" src=\"https:\/\/www.paparazzi.com.ar\/wp-content\/uploads\/2025\/11\/Exclusivo-paparazzi-42-724x1024.jpg.webp\" loading=\"lazy\" alt=\"\" class=\"wp-image-452663\" \/><\/figure>\n<figure class=\"wp-block-image size-large\"><img decoding=\"async\" src=\"https:\/\/www.paparazzi.com.ar\/wp-content\/uploads\/2025\/11\/Exclusivo-paparazzi-43-724x1024.jpg.webp\" loading=\"lazy\" alt=\"\" class=\"wp-image-452664\" \/><\/figure>\n<figure class=\"wp-block-image size-large\"><img decoding=\"async\" src=\"https:\/\/www.paparazzi.com.ar\/wp-content\/uploads\/2025\/11\/Exclusivo-paparazzi-44-724x1024.jpg.webp\" loading=\"lazy\" alt=\"\" class=\"wp-image-452665\" \/><\/figure>\n<figure class=\"wp-block-image size-large\"><img decoding=\"async\" src=\"https:\/\/www.paparazzi.com.ar\/wp-content\/uploads\/2025\/11\/Exclusivo-paparazzi-45-724x1024.jpg.webp\" loading=\"lazy\" alt=\"\" class=\"wp-image-452666\" \/><\/figure>\n<figure class=\"wp-block-image size-large\"><img decoding=\"async\" src=\"https:\/\/www.paparazzi.com.ar\/wp-content\/uploads\/2025\/11\/Exclusivo-paparazzi-46-724x1024.jpg.webp\" loading=\"lazy\" alt=\"\" class=\"wp-image-452667\" \/><\/figure>\n<figure class=\"wp-block-image size-large\"><img decoding=\"async\" src=\"https:\/\/www.paparazzi.com.ar\/wp-content\/uploads\/2025\/11\/Exclusivo-paparazzi-46-1-724x1024.jpg.webp\" loading=\"lazy\" alt=\"\" class=\"wp-image-452668\" \/><\/figure>\n<figure class=\"wp-block-image size-large\"><img decoding=\"async\" src=\"https:\/\/www.paparazzi.com.ar\/wp-content\/uploads\/2025\/11\/Exclusivo-paparazzi-47-724x1024.jpg.webp\" loading=\"lazy\" alt=\"\" class=\"wp-image-452669\" \/><\/figure>\n<figure class=\"wp-block-image size-large\"><img decoding=\"async\" src=\"https:\/\/www.paparazzi.com.ar\/wp-content\/uploads\/2025\/11\/Exclusivo-paparazzi-724x1024.png.webp\" loading=\"lazy\" alt=\"\" class=\"wp-image-452670\" \/><\/figure>\n<div class=\"mt-box \">\n<h4 class=\"mt-heading\">Mir\u00e1 Tambi\u00e9n<\/h4>\n<p><a href=\"https:\/\/www.paparazzi.com.ar\/teve\/el-fogoso-coqueteo-entre-wanda-nara-y-maxi-lopez-en-masterchef-que-causo-un-caos-en-sus-parejas\/\"><\/p>\n<div class=\"mt-content\">\n<div class=\"mt-image-container\"><img decoding=\"async\" src=\"https:\/\/www.paparazzi.com.ar\/wp-content\/uploads\/2025\/11\/Wanda-Nara-Maxi-Lopez-359x226.jpg\" alt=\"El fogoso coqueteo entre Wanda Nara y Maxi L\u00f3pez en MasterChef que caus\u00f3 un caos en sus parejas\" class=\"mt-image\" loading=\"lazy\" \/><\/div>\n<h5 class=\"mt-title\">El fogoso coqueteo entre Wanda Nara y Maxi L\u00f3pez en MasterChef que caus\u00f3 un caos en sus parejas<\/h5>\n<\/div>\n<p><\/a><\/div>\n<div class=\"mt-box \">\n<h4 class=\"mt-heading\">Mir\u00e1 Tambi\u00e9n<\/h4>\n<p><a href=\"https:\/\/www.paparazzi.com.ar\/teve\/wanda-nara-se-despidio-de-sus-hijas-el-desgarrador-mensaje-y-la-foto-antes-de-entregarselas-a-mauro-icardi\/\"><\/p>\n<div class=\"mt-content\">\n<div class=\"mt-image-container\"><img decoding=\"async\" src=\"https:\/\/www.paparazzi.com.ar\/wp-content\/uploads\/2025\/11\/wanda-nara-mauro-icardi-francesca-isabella-359x226.jpg\" alt=\"Wanda Nara se despidi\u00f3 de sus hijas: el desgarrador mensaje y la foto antes de entreg\u00e1rselas a Mauro Icardi\" class=\"mt-image\" loading=\"lazy\" \/><\/div>\n<h5 class=\"mt-title\">Wanda Nara se despidi\u00f3 de sus hijas: el desgarrador mensaje y la foto antes de entreg\u00e1rselas a Mauro Icardi<\/h5>\n<\/div>\n<p><\/a><\/div>\n<p>The post <a href=\"https:\/\/www.paparazzi.com.ar\/teve\/exclusivo-las-fotos-de-wanda-nara-y-johnny-depp-que-encendio-la-furia-total-de-mauro-icardi\/\">\u00a1Exclusivo! Las fotos de Wanda Nara y Johnny Depp que encendi\u00f3 la furia total de Mauro Icardi<\/a> appeared first on <a href=\"https:\/\/www.paparazzi.com.ar\">Revista Paparazzi<\/a>.<\/p>\n","protected":false},"excerpt":{"rendered":"<p>Johnny Depp aterriz\u00f3 en Buenos Aires y desat\u00f3 la locura entre sus fan\u00e1ticos. Desde que<\/p>\n","protected":false},"author":0,"featured_media":9385,"comment_status":"","ping_status":"","sticky":false,"template":"","format":"standard","meta":{"footnotes":""},"categories":[11],"tags":[],"class_list":["post-9384","post","type-post","status-publish","format-standard","has-post-thumbnail","hentry","category-destacadas"],"yoast_head":"<!-- This site is optimized with the Yoast SEO plugin v27.4 - https:\/\/yoast.com\/product\/yoast-seo-wordpress\/ -->\n<title>\u00a1Exclusivo! Las fotos de Wanda Nara y Johnny Depp que encendi\u00f3 la furia total de Mauro Icardi - Fm Gente<\/title>\n<meta name=\"robots\" content=\"index, follow, max-snippet:-1, max-image-preview:large, max-video-preview:-1\" \/>\n<link rel=\"canonical\" href=\"https:\/\/fmgente.com.ar\/web\/exclusivo-las-fotos-de-wanda-nara-y-johnny-depp-que-encendio-la-furia-total-de-mauro-icardi\/\" \/>\n<meta property=\"og:locale\" content=\"es_ES\" \/>\n<meta property=\"og:type\" content=\"article\" \/>\n<meta property=\"og:title\" content=\"\u00a1Exclusivo! Las fotos de Wanda Nara y Johnny Depp que encendi\u00f3 la furia total de Mauro Icardi - Fm Gente\" \/>\n<meta property=\"og:description\" content=\"Johnny Depp aterriz\u00f3 en Buenos Aires y desat\u00f3 la locura entre sus fan\u00e1ticos. Desde que\" \/>\n<meta property=\"og:url\" content=\"https:\/\/fmgente.com.ar\/web\/exclusivo-las-fotos-de-wanda-nara-y-johnny-depp-que-encendio-la-furia-total-de-mauro-icardi\/\" \/>\n<meta property=\"og:site_name\" content=\"Fm Gente\" \/>\n<meta property=\"article:published_time\" content=\"2025-11-11T23:04:53+00:00\" \/>\n<meta property=\"og:image\" content=\"https:\/\/fmgente.com.ar\/web\/wp-content\/uploads\/2025\/11\/Jhonny-Deep-359x226-6.jpg\" \/>\n\t<meta property=\"og:image:width\" content=\"359\" \/>\n\t<meta property=\"og:image:height\" content=\"226\" \/>\n\t<meta property=\"og:image:type\" content=\"image\/jpeg\" \/>\n<meta name=\"twitter:card\" content=\"summary_large_image\" \/>\n<meta name=\"twitter:label1\" content=\"Tiempo de lectura\" \/>\n\t<meta name=\"twitter:data1\" content=\"3 minutos\" \/>\n<script type=\"application\/ld+json\" class=\"yoast-schema-graph\">{\"@context\":\"https:\\\/\\\/schema.org\",\"@graph\":[{\"@type\":\"Article\",\"@id\":\"https:\\\/\\\/fmgente.com.ar\\\/web\\\/exclusivo-las-fotos-de-wanda-nara-y-johnny-depp-que-encendio-la-furia-total-de-mauro-icardi\\\/#article\",\"isPartOf\":{\"@id\":\"https:\\\/\\\/fmgente.com.ar\\\/web\\\/exclusivo-las-fotos-de-wanda-nara-y-johnny-depp-que-encendio-la-furia-total-de-mauro-icardi\\\/\"},\"author\":{\"name\":\"\",\"@id\":\"\"},\"headline\":\"\u00a1Exclusivo! Las fotos de Wanda Nara y Johnny Depp que encendi\u00f3 la furia total de Mauro Icardi\",\"datePublished\":\"2025-11-11T23:04:53+00:00\",\"mainEntityOfPage\":{\"@id\":\"https:\\\/\\\/fmgente.com.ar\\\/web\\\/exclusivo-las-fotos-de-wanda-nara-y-johnny-depp-que-encendio-la-furia-total-de-mauro-icardi\\\/\"},\"wordCount\":659,\"publisher\":{\"@id\":\"https:\\\/\\\/fmgente.com.ar\\\/web\\\/#organization\"},\"image\":{\"@id\":\"https:\\\/\\\/fmgente.com.ar\\\/web\\\/exclusivo-las-fotos-de-wanda-nara-y-johnny-depp-que-encendio-la-furia-total-de-mauro-icardi\\\/#primaryimage\"},\"thumbnailUrl\":\"https:\\\/\\\/fmgente.com.ar\\\/web\\\/wp-content\\\/uploads\\\/2025\\\/11\\\/Jhonny-Deep-359x226-6.jpg\",\"articleSection\":[\"DESTACADAS\"],\"inLanguage\":\"es\"},{\"@type\":\"WebPage\",\"@id\":\"https:\\\/\\\/fmgente.com.ar\\\/web\\\/exclusivo-las-fotos-de-wanda-nara-y-johnny-depp-que-encendio-la-furia-total-de-mauro-icardi\\\/\",\"url\":\"https:\\\/\\\/fmgente.com.ar\\\/web\\\/exclusivo-las-fotos-de-wanda-nara-y-johnny-depp-que-encendio-la-furia-total-de-mauro-icardi\\\/\",\"name\":\"\u00a1Exclusivo! Las fotos de Wanda Nara y Johnny Depp que encendi\u00f3 la furia total de Mauro Icardi - Fm Gente\",\"isPartOf\":{\"@id\":\"https:\\\/\\\/fmgente.com.ar\\\/web\\\/#website\"},\"primaryImageOfPage\":{\"@id\":\"https:\\\/\\\/fmgente.com.ar\\\/web\\\/exclusivo-las-fotos-de-wanda-nara-y-johnny-depp-que-encendio-la-furia-total-de-mauro-icardi\\\/#primaryimage\"},\"image\":{\"@id\":\"https:\\\/\\\/fmgente.com.ar\\\/web\\\/exclusivo-las-fotos-de-wanda-nara-y-johnny-depp-que-encendio-la-furia-total-de-mauro-icardi\\\/#primaryimage\"},\"thumbnailUrl\":\"https:\\\/\\\/fmgente.com.ar\\\/web\\\/wp-content\\\/uploads\\\/2025\\\/11\\\/Jhonny-Deep-359x226-6.jpg\",\"datePublished\":\"2025-11-11T23:04:53+00:00\",\"inLanguage\":\"es\",\"potentialAction\":[{\"@type\":\"ReadAction\",\"target\":[\"https:\\\/\\\/fmgente.com.ar\\\/web\\\/exclusivo-las-fotos-de-wanda-nara-y-johnny-depp-que-encendio-la-furia-total-de-mauro-icardi\\\/\"]}]},{\"@type\":\"ImageObject\",\"inLanguage\":\"es\",\"@id\":\"https:\\\/\\\/fmgente.com.ar\\\/web\\\/exclusivo-las-fotos-de-wanda-nara-y-johnny-depp-que-encendio-la-furia-total-de-mauro-icardi\\\/#primaryimage\",\"url\":\"https:\\\/\\\/fmgente.com.ar\\\/web\\\/wp-content\\\/uploads\\\/2025\\\/11\\\/Jhonny-Deep-359x226-6.jpg\",\"contentUrl\":\"https:\\\/\\\/fmgente.com.ar\\\/web\\\/wp-content\\\/uploads\\\/2025\\\/11\\\/Jhonny-Deep-359x226-6.jpg\",\"width\":359,\"height\":226},{\"@type\":\"WebSite\",\"@id\":\"https:\\\/\\\/fmgente.com.ar\\\/web\\\/#website\",\"url\":\"https:\\\/\\\/fmgente.com.ar\\\/web\\\/\",\"name\":\"Fm Gente\",\"description\":\"- Jes\u00fas Mar\u00eda\",\"publisher\":{\"@id\":\"https:\\\/\\\/fmgente.com.ar\\\/web\\\/#organization\"},\"potentialAction\":[{\"@type\":\"SearchAction\",\"target\":{\"@type\":\"EntryPoint\",\"urlTemplate\":\"https:\\\/\\\/fmgente.com.ar\\\/web\\\/?s={search_term_string}\"},\"query-input\":{\"@type\":\"PropertyValueSpecification\",\"valueRequired\":true,\"valueName\":\"search_term_string\"}}],\"inLanguage\":\"es\"},{\"@type\":\"Organization\",\"@id\":\"https:\\\/\\\/fmgente.com.ar\\\/web\\\/#organization\",\"name\":\"Fm Gente\",\"url\":\"https:\\\/\\\/fmgente.com.ar\\\/web\\\/\",\"logo\":{\"@type\":\"ImageObject\",\"inLanguage\":\"es\",\"@id\":\"https:\\\/\\\/fmgente.com.ar\\\/web\\\/#\\\/schema\\\/logo\\\/image\\\/\",\"url\":\"https:\\\/\\\/fmgente.com.ar\\\/web\\\/wp-content\\\/uploads\\\/2023\\\/07\\\/cropped-cropped-logo-sombra2.png\",\"contentUrl\":\"https:\\\/\\\/fmgente.com.ar\\\/web\\\/wp-content\\\/uploads\\\/2023\\\/07\\\/cropped-cropped-logo-sombra2.png\",\"width\":1782,\"height\":1782,\"caption\":\"Fm Gente\"},\"image\":{\"@id\":\"https:\\\/\\\/fmgente.com.ar\\\/web\\\/#\\\/schema\\\/logo\\\/image\\\/\"}}]}<\/script>\n<!-- \/ Yoast SEO plugin. -->","yoast_head_json":{"title":"\u00a1Exclusivo! Las fotos de Wanda Nara y Johnny Depp que encendi\u00f3 la furia total de Mauro Icardi - Fm Gente","robots":{"index":"index","follow":"follow","max-snippet":"max-snippet:-1","max-image-preview":"max-image-preview:large","max-video-preview":"max-video-preview:-1"},"canonical":"https:\/\/fmgente.com.ar\/web\/exclusivo-las-fotos-de-wanda-nara-y-johnny-depp-que-encendio-la-furia-total-de-mauro-icardi\/","og_locale":"es_ES","og_type":"article","og_title":"\u00a1Exclusivo! Las fotos de Wanda Nara y Johnny Depp que encendi\u00f3 la furia total de Mauro Icardi - Fm Gente","og_description":"Johnny Depp aterriz\u00f3 en Buenos Aires y desat\u00f3 la locura entre sus fan\u00e1ticos. Desde que","og_url":"https:\/\/fmgente.com.ar\/web\/exclusivo-las-fotos-de-wanda-nara-y-johnny-depp-que-encendio-la-furia-total-de-mauro-icardi\/","og_site_name":"Fm Gente","article_published_time":"2025-11-11T23:04:53+00:00","og_image":[{"width":359,"height":226,"url":"https:\/\/fmgente.com.ar\/web\/wp-content\/uploads\/2025\/11\/Jhonny-Deep-359x226-6.jpg","type":"image\/jpeg"}],"twitter_card":"summary_large_image","twitter_misc":{"Tiempo de lectura":"3 minutos"},"schema":{"@context":"https:\/\/schema.org","@graph":[{"@type":"Article","@id":"https:\/\/fmgente.com.ar\/web\/exclusivo-las-fotos-de-wanda-nara-y-johnny-depp-que-encendio-la-furia-total-de-mauro-icardi\/#article","isPartOf":{"@id":"https:\/\/fmgente.com.ar\/web\/exclusivo-las-fotos-de-wanda-nara-y-johnny-depp-que-encendio-la-furia-total-de-mauro-icardi\/"},"author":{"name":"","@id":""},"headline":"\u00a1Exclusivo! Las fotos de Wanda Nara y Johnny Depp que encendi\u00f3 la furia total de Mauro Icardi","datePublished":"2025-11-11T23:04:53+00:00","mainEntityOfPage":{"@id":"https:\/\/fmgente.com.ar\/web\/exclusivo-las-fotos-de-wanda-nara-y-johnny-depp-que-encendio-la-furia-total-de-mauro-icardi\/"},"wordCount":659,"publisher":{"@id":"https:\/\/fmgente.com.ar\/web\/#organization"},"image":{"@id":"https:\/\/fmgente.com.ar\/web\/exclusivo-las-fotos-de-wanda-nara-y-johnny-depp-que-encendio-la-furia-total-de-mauro-icardi\/#primaryimage"},"thumbnailUrl":"https:\/\/fmgente.com.ar\/web\/wp-content\/uploads\/2025\/11\/Jhonny-Deep-359x226-6.jpg","articleSection":["DESTACADAS"],"inLanguage":"es"},{"@type":"WebPage","@id":"https:\/\/fmgente.com.ar\/web\/exclusivo-las-fotos-de-wanda-nara-y-johnny-depp-que-encendio-la-furia-total-de-mauro-icardi\/","url":"https:\/\/fmgente.com.ar\/web\/exclusivo-las-fotos-de-wanda-nara-y-johnny-depp-que-encendio-la-furia-total-de-mauro-icardi\/","name":"\u00a1Exclusivo! Las fotos de Wanda Nara y Johnny Depp que encendi\u00f3 la furia total de Mauro Icardi - Fm Gente","isPartOf":{"@id":"https:\/\/fmgente.com.ar\/web\/#website"},"primaryImageOfPage":{"@id":"https:\/\/fmgente.com.ar\/web\/exclusivo-las-fotos-de-wanda-nara-y-johnny-depp-que-encendio-la-furia-total-de-mauro-icardi\/#primaryimage"},"image":{"@id":"https:\/\/fmgente.com.ar\/web\/exclusivo-las-fotos-de-wanda-nara-y-johnny-depp-que-encendio-la-furia-total-de-mauro-icardi\/#primaryimage"},"thumbnailUrl":"https:\/\/fmgente.com.ar\/web\/wp-content\/uploads\/2025\/11\/Jhonny-Deep-359x226-6.jpg","datePublished":"2025-11-11T23:04:53+00:00","inLanguage":"es","potentialAction":[{"@type":"ReadAction","target":["https:\/\/fmgente.com.ar\/web\/exclusivo-las-fotos-de-wanda-nara-y-johnny-depp-que-encendio-la-furia-total-de-mauro-icardi\/"]}]},{"@type":"ImageObject","inLanguage":"es","@id":"https:\/\/fmgente.com.ar\/web\/exclusivo-las-fotos-de-wanda-nara-y-johnny-depp-que-encendio-la-furia-total-de-mauro-icardi\/#primaryimage","url":"https:\/\/fmgente.com.ar\/web\/wp-content\/uploads\/2025\/11\/Jhonny-Deep-359x226-6.jpg","contentUrl":"https:\/\/fmgente.com.ar\/web\/wp-content\/uploads\/2025\/11\/Jhonny-Deep-359x226-6.jpg","width":359,"height":226},{"@type":"WebSite","@id":"https:\/\/fmgente.com.ar\/web\/#website","url":"https:\/\/fmgente.com.ar\/web\/","name":"Fm Gente","description":"- Jes\u00fas Mar\u00eda","publisher":{"@id":"https:\/\/fmgente.com.ar\/web\/#organization"},"potentialAction":[{"@type":"SearchAction","target":{"@type":"EntryPoint","urlTemplate":"https:\/\/fmgente.com.ar\/web\/?s={search_term_string}"},"query-input":{"@type":"PropertyValueSpecification","valueRequired":true,"valueName":"search_term_string"}}],"inLanguage":"es"},{"@type":"Organization","@id":"https:\/\/fmgente.com.ar\/web\/#organization","name":"Fm Gente","url":"https:\/\/fmgente.com.ar\/web\/","logo":{"@type":"ImageObject","inLanguage":"es","@id":"https:\/\/fmgente.com.ar\/web\/#\/schema\/logo\/image\/","url":"https:\/\/fmgente.com.ar\/web\/wp-content\/uploads\/2023\/07\/cropped-cropped-logo-sombra2.png","contentUrl":"https:\/\/fmgente.com.ar\/web\/wp-content\/uploads\/2023\/07\/cropped-cropped-logo-sombra2.png","width":1782,"height":1782,"caption":"Fm Gente"},"image":{"@id":"https:\/\/fmgente.com.ar\/web\/#\/schema\/logo\/image\/"}}]}},"_links":{"self":[{"href":"https:\/\/fmgente.com.ar\/web\/wp-json\/wp\/v2\/posts\/9384","targetHints":{"allow":["GET"]}}],"collection":[{"href":"https:\/\/fmgente.com.ar\/web\/wp-json\/wp\/v2\/posts"}],"about":[{"href":"https:\/\/fmgente.com.ar\/web\/wp-json\/wp\/v2\/types\/post"}],"replies":[{"embeddable":true,"href":"https:\/\/fmgente.com.ar\/web\/wp-json\/wp\/v2\/comments?post=9384"}],"version-history":[{"count":0,"href":"https:\/\/fmgente.com.ar\/web\/wp-json\/wp\/v2\/posts\/9384\/revisions"}],"wp:featuredmedia":[{"embeddable":true,"href":"https:\/\/fmgente.com.ar\/web\/wp-json\/wp\/v2\/media\/9385"}],"wp:attachment":[{"href":"https:\/\/fmgente.com.ar\/web\/wp-json\/wp\/v2\/media?parent=9384"}],"wp:term":[{"taxonomy":"category","embeddable":true,"href":"https:\/\/fmgente.com.ar\/web\/wp-json\/wp\/v2\/categories?post=9384"},{"taxonomy":"post_tag","embeddable":true,"href":"https:\/\/fmgente.com.ar\/web\/wp-json\/wp\/v2\/tags?post=9384"}],"curies":[{"name":"wp","href":"https:\/\/api.w.org\/{rel}","templated":true}]}}