{"id":9381,"date":"2025-11-11T19:05:26","date_gmt":"2025-11-11T22:05:26","guid":{"rendered":"https:\/\/fmgente.com.ar\/preocupacion-en-carlos-paz-por-el-paradero-de-una-mujer-de-27-anos\/"},"modified":"2025-11-11T19:05:26","modified_gmt":"2025-11-11T22:05:26","slug":"preocupacion-en-carlos-paz-por-el-paradero-de-una-mujer-de-27-anos","status":"publish","type":"post","link":"https:\/\/fmgente.com.ar\/web\/preocupacion-en-carlos-paz-por-el-paradero-de-una-mujer-de-27-anos\/","title":{"rendered":"Preocupaci\u00f3n en Carlos Paz por el paradero de una mujer de 27 a\u00f1os"},"content":{"rendered":"<p>La Fiscal\u00eda de Instrucci\u00f3n del 1er turno de la ciudad de Villa Carlos Paz, solicita colaboraci\u00f3n para dar con el paradero de \u00c1ngela Messina de 27 a\u00f1os de edad, quien se encuentra desaparecida desde el 10 de noviembre de 2025. Es de contextura f\u00edsica delgada, de 1.65mts aproximadamente, de tez color clara, cabello color casta\u00f1o, sin cicatrices visibles en el rostro. Cualquier informaci\u00f3n sobre el paradero puede informarse al tel\u00e9fono de la Unidad Judicial de Villa Carlos Paz (03541-428181 int. 55801\/2\/4), o a cualquier dependencia policial o judicial m\u00e1s cercana.<\/p>\n","protected":false},"excerpt":{"rendered":"<p>La Fiscal\u00eda de Instrucci\u00f3n del 1er turno de la ciudad de Villa Carlos Paz, solicita<\/p>\n","protected":false},"author":0,"featured_media":0,"comment_status":"","ping_status":"","sticky":false,"template":"","format":"standard","meta":{"footnotes":""},"categories":[1794],"tags":[],"class_list":["post-9381","post","type-post","status-publish","format-standard","hentry","category-policiales"],"yoast_head":"<!-- This site is optimized with the Yoast SEO plugin v27.4 - https:\/\/yoast.com\/product\/yoast-seo-wordpress\/ -->\n<title>Preocupaci\u00f3n en Carlos Paz por el paradero de una mujer de 27 a\u00f1os - Fm Gente<\/title>\n<meta name=\"robots\" content=\"index, follow, max-snippet:-1, max-image-preview:large, max-video-preview:-1\" \/>\n<link rel=\"canonical\" href=\"https:\/\/fmgente.com.ar\/web\/preocupacion-en-carlos-paz-por-el-paradero-de-una-mujer-de-27-anos\/\" \/>\n<meta property=\"og:locale\" content=\"es_ES\" \/>\n<meta property=\"og:type\" content=\"article\" \/>\n<meta property=\"og:title\" content=\"Preocupaci\u00f3n en Carlos Paz por el paradero de una mujer de 27 a\u00f1os - Fm Gente\" \/>\n<meta property=\"og:description\" content=\"La Fiscal\u00eda de Instrucci\u00f3n del 1er turno de la ciudad de Villa Carlos Paz, solicita\" \/>\n<meta property=\"og:url\" content=\"https:\/\/fmgente.com.ar\/web\/preocupacion-en-carlos-paz-por-el-paradero-de-una-mujer-de-27-anos\/\" \/>\n<meta property=\"og:site_name\" content=\"Fm Gente\" \/>\n<meta property=\"article:published_time\" content=\"2025-11-11T22:05:26+00:00\" \/>\n<meta name=\"twitter:card\" content=\"summary_large_image\" \/>\n<script type=\"application\/ld+json\" class=\"yoast-schema-graph\">{\"@context\":\"https:\\\/\\\/schema.org\",\"@graph\":[{\"@type\":\"Article\",\"@id\":\"https:\\\/\\\/fmgente.com.ar\\\/web\\\/preocupacion-en-carlos-paz-por-el-paradero-de-una-mujer-de-27-anos\\\/#article\",\"isPartOf\":{\"@id\":\"https:\\\/\\\/fmgente.com.ar\\\/web\\\/preocupacion-en-carlos-paz-por-el-paradero-de-una-mujer-de-27-anos\\\/\"},\"author\":{\"name\":\"\",\"@id\":\"\"},\"headline\":\"Preocupaci\u00f3n en Carlos Paz por el paradero de una mujer de 27 a\u00f1os\",\"datePublished\":\"2025-11-11T22:05:26+00:00\",\"mainEntityOfPage\":{\"@id\":\"https:\\\/\\\/fmgente.com.ar\\\/web\\\/preocupacion-en-carlos-paz-por-el-paradero-de-una-mujer-de-27-anos\\\/\"},\"wordCount\":109,\"publisher\":{\"@id\":\"https:\\\/\\\/fmgente.com.ar\\\/web\\\/#organization\"},\"articleSection\":[\"POLICIALES\"],\"inLanguage\":\"es\"},{\"@type\":\"WebPage\",\"@id\":\"https:\\\/\\\/fmgente.com.ar\\\/web\\\/preocupacion-en-carlos-paz-por-el-paradero-de-una-mujer-de-27-anos\\\/\",\"url\":\"https:\\\/\\\/fmgente.com.ar\\\/web\\\/preocupacion-en-carlos-paz-por-el-paradero-de-una-mujer-de-27-anos\\\/\",\"name\":\"Preocupaci\u00f3n en Carlos Paz por el paradero de una mujer de 27 a\u00f1os - Fm Gente\",\"isPartOf\":{\"@id\":\"https:\\\/\\\/fmgente.com.ar\\\/web\\\/#website\"},\"datePublished\":\"2025-11-11T22:05:26+00:00\",\"inLanguage\":\"es\",\"potentialAction\":[{\"@type\":\"ReadAction\",\"target\":[\"https:\\\/\\\/fmgente.com.ar\\\/web\\\/preocupacion-en-carlos-paz-por-el-paradero-de-una-mujer-de-27-anos\\\/\"]}]},{\"@type\":\"WebSite\",\"@id\":\"https:\\\/\\\/fmgente.com.ar\\\/web\\\/#website\",\"url\":\"https:\\\/\\\/fmgente.com.ar\\\/web\\\/\",\"name\":\"Fm Gente\",\"description\":\"- Jes\u00fas Mar\u00eda\",\"publisher\":{\"@id\":\"https:\\\/\\\/fmgente.com.ar\\\/web\\\/#organization\"},\"potentialAction\":[{\"@type\":\"SearchAction\",\"target\":{\"@type\":\"EntryPoint\",\"urlTemplate\":\"https:\\\/\\\/fmgente.com.ar\\\/web\\\/?s={search_term_string}\"},\"query-input\":{\"@type\":\"PropertyValueSpecification\",\"valueRequired\":true,\"valueName\":\"search_term_string\"}}],\"inLanguage\":\"es\"},{\"@type\":\"Organization\",\"@id\":\"https:\\\/\\\/fmgente.com.ar\\\/web\\\/#organization\",\"name\":\"Fm Gente\",\"url\":\"https:\\\/\\\/fmgente.com.ar\\\/web\\\/\",\"logo\":{\"@type\":\"ImageObject\",\"inLanguage\":\"es\",\"@id\":\"https:\\\/\\\/fmgente.com.ar\\\/web\\\/#\\\/schema\\\/logo\\\/image\\\/\",\"url\":\"https:\\\/\\\/fmgente.com.ar\\\/web\\\/wp-content\\\/uploads\\\/2023\\\/07\\\/cropped-cropped-logo-sombra2.png\",\"contentUrl\":\"https:\\\/\\\/fmgente.com.ar\\\/web\\\/wp-content\\\/uploads\\\/2023\\\/07\\\/cropped-cropped-logo-sombra2.png\",\"width\":1782,\"height\":1782,\"caption\":\"Fm Gente\"},\"image\":{\"@id\":\"https:\\\/\\\/fmgente.com.ar\\\/web\\\/#\\\/schema\\\/logo\\\/image\\\/\"}}]}<\/script>\n<!-- \/ Yoast SEO plugin. -->","yoast_head_json":{"title":"Preocupaci\u00f3n en Carlos Paz por el paradero de una mujer de 27 a\u00f1os - Fm Gente","robots":{"index":"index","follow":"follow","max-snippet":"max-snippet:-1","max-image-preview":"max-image-preview:large","max-video-preview":"max-video-preview:-1"},"canonical":"https:\/\/fmgente.com.ar\/web\/preocupacion-en-carlos-paz-por-el-paradero-de-una-mujer-de-27-anos\/","og_locale":"es_ES","og_type":"article","og_title":"Preocupaci\u00f3n en Carlos Paz por el paradero de una mujer de 27 a\u00f1os - Fm Gente","og_description":"La Fiscal\u00eda de Instrucci\u00f3n del 1er turno de la ciudad de Villa Carlos Paz, solicita","og_url":"https:\/\/fmgente.com.ar\/web\/preocupacion-en-carlos-paz-por-el-paradero-de-una-mujer-de-27-anos\/","og_site_name":"Fm Gente","article_published_time":"2025-11-11T22:05:26+00:00","twitter_card":"summary_large_image","schema":{"@context":"https:\/\/schema.org","@graph":[{"@type":"Article","@id":"https:\/\/fmgente.com.ar\/web\/preocupacion-en-carlos-paz-por-el-paradero-de-una-mujer-de-27-anos\/#article","isPartOf":{"@id":"https:\/\/fmgente.com.ar\/web\/preocupacion-en-carlos-paz-por-el-paradero-de-una-mujer-de-27-anos\/"},"author":{"name":"","@id":""},"headline":"Preocupaci\u00f3n en Carlos Paz por el paradero de una mujer de 27 a\u00f1os","datePublished":"2025-11-11T22:05:26+00:00","mainEntityOfPage":{"@id":"https:\/\/fmgente.com.ar\/web\/preocupacion-en-carlos-paz-por-el-paradero-de-una-mujer-de-27-anos\/"},"wordCount":109,"publisher":{"@id":"https:\/\/fmgente.com.ar\/web\/#organization"},"articleSection":["POLICIALES"],"inLanguage":"es"},{"@type":"WebPage","@id":"https:\/\/fmgente.com.ar\/web\/preocupacion-en-carlos-paz-por-el-paradero-de-una-mujer-de-27-anos\/","url":"https:\/\/fmgente.com.ar\/web\/preocupacion-en-carlos-paz-por-el-paradero-de-una-mujer-de-27-anos\/","name":"Preocupaci\u00f3n en Carlos Paz por el paradero de una mujer de 27 a\u00f1os - Fm Gente","isPartOf":{"@id":"https:\/\/fmgente.com.ar\/web\/#website"},"datePublished":"2025-11-11T22:05:26+00:00","inLanguage":"es","potentialAction":[{"@type":"ReadAction","target":["https:\/\/fmgente.com.ar\/web\/preocupacion-en-carlos-paz-por-el-paradero-de-una-mujer-de-27-anos\/"]}]},{"@type":"WebSite","@id":"https:\/\/fmgente.com.ar\/web\/#website","url":"https:\/\/fmgente.com.ar\/web\/","name":"Fm Gente","description":"- Jes\u00fas Mar\u00eda","publisher":{"@id":"https:\/\/fmgente.com.ar\/web\/#organization"},"potentialAction":[{"@type":"SearchAction","target":{"@type":"EntryPoint","urlTemplate":"https:\/\/fmgente.com.ar\/web\/?s={search_term_string}"},"query-input":{"@type":"PropertyValueSpecification","valueRequired":true,"valueName":"search_term_string"}}],"inLanguage":"es"},{"@type":"Organization","@id":"https:\/\/fmgente.com.ar\/web\/#organization","name":"Fm Gente","url":"https:\/\/fmgente.com.ar\/web\/","logo":{"@type":"ImageObject","inLanguage":"es","@id":"https:\/\/fmgente.com.ar\/web\/#\/schema\/logo\/image\/","url":"https:\/\/fmgente.com.ar\/web\/wp-content\/uploads\/2023\/07\/cropped-cropped-logo-sombra2.png","contentUrl":"https:\/\/fmgente.com.ar\/web\/wp-content\/uploads\/2023\/07\/cropped-cropped-logo-sombra2.png","width":1782,"height":1782,"caption":"Fm Gente"},"image":{"@id":"https:\/\/fmgente.com.ar\/web\/#\/schema\/logo\/image\/"}}]}},"_links":{"self":[{"href":"https:\/\/fmgente.com.ar\/web\/wp-json\/wp\/v2\/posts\/9381","targetHints":{"allow":["GET"]}}],"collection":[{"href":"https:\/\/fmgente.com.ar\/web\/wp-json\/wp\/v2\/posts"}],"about":[{"href":"https:\/\/fmgente.com.ar\/web\/wp-json\/wp\/v2\/types\/post"}],"replies":[{"embeddable":true,"href":"https:\/\/fmgente.com.ar\/web\/wp-json\/wp\/v2\/comments?post=9381"}],"version-history":[{"count":0,"href":"https:\/\/fmgente.com.ar\/web\/wp-json\/wp\/v2\/posts\/9381\/revisions"}],"wp:attachment":[{"href":"https:\/\/fmgente.com.ar\/web\/wp-json\/wp\/v2\/media?parent=9381"}],"wp:term":[{"taxonomy":"category","embeddable":true,"href":"https:\/\/fmgente.com.ar\/web\/wp-json\/wp\/v2\/categories?post=9381"},{"taxonomy":"post_tag","embeddable":true,"href":"https:\/\/fmgente.com.ar\/web\/wp-json\/wp\/v2\/tags?post=9381"}],"curies":[{"name":"wp","href":"https:\/\/api.w.org\/{rel}","templated":true}]}}