{"id":9377,"date":"2025-11-11T19:05:17","date_gmt":"2025-11-11T22:05:17","guid":{"rendered":"https:\/\/fmgente.com.ar\/asi-fue-el-sorpresivo-viaje-de-marcela-kloosterboer-a-donde-se-fue-sola\/"},"modified":"2025-11-11T19:05:17","modified_gmt":"2025-11-11T22:05:17","slug":"asi-fue-el-sorpresivo-viaje-de-marcela-kloosterboer-a-donde-se-fue-sola","status":"publish","type":"post","link":"https:\/\/fmgente.com.ar\/web\/asi-fue-el-sorpresivo-viaje-de-marcela-kloosterboer-a-donde-se-fue-sola\/","title":{"rendered":"As\u00ed fue el sorpresivo viaje de Marcela Kloosterboer: a d\u00f3nde se fue sola"},"content":{"rendered":"<p><a href=\"https:\/\/www.paparazzi.com.ar\/?s=Marcela+Kloosterboer\">Marcela Kloosterboer<\/a> sorprendi\u00f3 a todos cuando apareci\u00f3 en redes con un mensaje que rompi\u00f3 la rutina: \u201c<em>Una semanita de vacaciones sola, a visitar a mi pap\u00e1 y descansar\u201d<\/em>. Con esa frase simple, la actriz confirm\u00f3 un viaje que no hac\u00eda desde hac\u00eda diez a\u00f1os y que dej\u00f3 a sus seguidores con la boca abierta. <\/p>\n<p>El destino elegido fue Miami, donde vive su pap\u00e1. <strong>Marcela<\/strong> viaj\u00f3 sin equipos de grabaci\u00f3n, sin compromisos laborales y sin el ritmo familiar que suele marcar sus d\u00edas. Seg\u00fan cont\u00f3, necesitaba un par\u00e9ntesis real. En Instagram comparti\u00f3 paisajes de playa, desayunos frente al mar y una sonrisa distinta.<\/p>\n<p>\u201c<em>Hace diez a\u00f1os que no ven\u00eda sin mis hijos. Gracias a Juani, Otto, Fer, a mi mam\u00e1, Adri, mi suegra, mis amigas y mis amigas mamis por el aguante. Tengo una gran red que me acompa\u00f1a, y yo a ellas<\/em>\u201d, escribi\u00f3 emocionada. La actriz tambi\u00e9n agradeci\u00f3 a su familia en Miami con otro mensaje.<\/p>\n<div class=\"mt-box \">\n<h4 class=\"mt-heading\">Mir\u00e1 Tambi\u00e9n<\/h4>\n<p><a href=\"https:\/\/www.paparazzi.com.ar\/videos\/exclusivo-la-sensible-revelacion-de-luis-ventura-sobre-sus-noches-duermo-con-los-seres-queridos-que-ya-partieron\/\"><\/p>\n<div class=\"mt-content\">\n<div class=\"mt-image-container\"><img decoding=\"async\" src=\"https:\/\/www.paparazzi.com.ar\/wp-content\/uploads\/2025\/11\/Ventura-1-359x226.jpg\" alt=\"\u00a1Exclusivo! La sensible revelaci\u00f3n de Luis Ventura sobre sus noches: &quot;Duermo con los seres queridos que ya partieron&quot;\" class=\"mt-image\" loading=\"lazy\" \/><\/div>\n<h5 class=\"mt-title\">\u00a1Exclusivo! La sensible revelaci\u00f3n de Luis Ventura sobre sus noches: \u00abDuermo con los seres queridos que ya partieron\u00bb<\/h5>\n<\/div>\n<p><\/a><\/div>\n<p><em>\u201cY a mi pap\u00e1 y Maru por recibirme con tanto amor siempre. Gracias, gracias, gracias\u201d<\/em>, expres\u00f3. En las fotos se la vio relajada, andando en moto con su pap\u00e1, leyendo junto a la pileta y posando despu\u00e9s de un partido de paddle. Uno de los momentos m\u00e1s divertidos mostr\u00f3 a <strong>Marcela <\/strong>acostada en la cama, la valija abierta y su pap\u00e1 haci\u00e9ndole un masaje.<\/p>\n<h2 class=\"wp-block-heading\">LA FOTO DE MARCELA QUE ENLOQUECI\u00d3 A SUS FANS<\/h2>\n<p>Adem\u00e1s de su descanso, <strong>Marcela <\/strong>volvi\u00f3 a encender el radar de la moda. Desde una ducha al aire libre, pos\u00f3 con una microbikini negra de tri\u00e1ngulo y breteles finos que combin\u00f3 con un collar de caracoles. Eligi\u00f3 un look totalmente natural, con el pelo mojado y sin maquillaje, algo que sus seguidores celebraron m\u00e1s que nunca.<\/p>\n<p>El posteo explot\u00f3 en segundos y los comentarios se multiplicaron. En la red social se leyeron frases como \u201c<em>Indiscutiblemente, la mujer m\u00e1s linda de la Rep\u00fablica Argentina\u201d, \u201cLa m\u00e1s hermosa, perfecta y natural\u201d o \u201cEst\u00e1s igual que en Verano del 98\u201d.<\/em> <\/p>\n<figure class=\"wp-block-image size-large\"><img decoding=\"async\" src=\"https:\/\/www.paparazzi.com.ar\/wp-content\/uploads\/2025\/11\/SaveClip.App_580475436_18420568336116897_5478277512889292796_n-770x1024.jpg.webp\" loading=\"lazy\" alt=\"\" class=\"wp-image-452649\" \/><\/figure>\n<figure class=\"wp-block-image size-large\"><img decoding=\"async\" src=\"https:\/\/www.paparazzi.com.ar\/wp-content\/uploads\/2025\/11\/SaveClip.App_580998063_18420568327116897_1689840504658458951_n-768x1024.jpg.webp\" loading=\"lazy\" alt=\"\" class=\"wp-image-452650\" \/><\/figure>\n<figure class=\"wp-block-image size-large\"><img decoding=\"async\" src=\"https:\/\/www.paparazzi.com.ar\/wp-content\/uploads\/2025\/11\/SaveClip.App_581359126_18420568354116897_3884264368134807970_n-768x1024.jpg.webp\" loading=\"lazy\" alt=\"\" class=\"wp-image-452648\" \/><\/figure>\n<figure class=\"wp-block-image size-large\"><img decoding=\"async\" src=\"https:\/\/www.paparazzi.com.ar\/wp-content\/uploads\/2025\/11\/SaveClip.App_580794670_18420568300116897_2143235004882926121_n-770x1024.jpg.webp\" loading=\"lazy\" alt=\"\" class=\"wp-image-452647\" \/><\/figure>\n<figure class=\"wp-block-image size-large\"><img decoding=\"async\" src=\"https:\/\/www.paparazzi.com.ar\/wp-content\/uploads\/2025\/11\/SaveClip.App_581310692_18420568309116897_3796685556884397506_n-1-768x1024.jpg.webp\" loading=\"lazy\" alt=\"\" class=\"wp-image-452646\" \/><\/figure>\n<figure class=\"wp-block-image size-large\"><img decoding=\"async\" src=\"https:\/\/www.paparazzi.com.ar\/wp-content\/uploads\/2025\/11\/SaveClip.App_576535299_18420568318116897_1415470556839900897_n-768x1024.jpg.webp\" loading=\"lazy\" alt=\"\" class=\"wp-image-452645\" \/><\/figure>\n<figure class=\"wp-block-image size-large\"><img decoding=\"async\" src=\"https:\/\/www.paparazzi.com.ar\/wp-content\/uploads\/2025\/11\/SaveClip.App_579662467_18420568246116897_8402304675832626394_n-768x1024.jpg.webp\" loading=\"lazy\" alt=\"\" class=\"wp-image-452643\" \/><\/figure>\n<figure class=\"wp-block-image size-large\"><img decoding=\"async\" src=\"https:\/\/www.paparazzi.com.ar\/wp-content\/uploads\/2025\/11\/SaveClip.App_579681955_18420568270116897_554908201640192383_n-768x1024.jpg.webp\" loading=\"lazy\" alt=\"\" class=\"wp-image-452642\" \/><\/figure>\n<figure class=\"wp-block-image size-large\"><img decoding=\"async\" src=\"https:\/\/www.paparazzi.com.ar\/wp-content\/uploads\/2025\/11\/SaveClip.App_580236135_18420568288116897_6771891075881397228_n-768x1024.jpg.webp\" loading=\"lazy\" alt=\"\" class=\"wp-image-452641\" \/><\/figure>\n<div class=\"mt-box \">\n<h4 class=\"mt-heading\">Mir\u00e1 Tambi\u00e9n<\/h4>\n<p><a href=\"https:\/\/www.paparazzi.com.ar\/romances\/mensaje-china-suarez-rocio-pardo-video-rufina\/\"><\/p>\n<div class=\"mt-content\">\n<div class=\"mt-image-container\"><img decoding=\"async\" src=\"https:\/\/www.paparazzi.com.ar\/wp-content\/uploads\/2025\/11\/rufina-cabre-rocio-pardo-china-suarez-359x226.jpg\" alt=\"\u00bfCelosa? El mensaje de la China Su\u00e1rez a Roc\u00edo Pardo luego de verla con su hija Rufina: \u201cSiempre tan\u2026\u201d\" class=\"mt-image\" loading=\"lazy\" \/><\/div>\n<h5 class=\"mt-title\">\u00bfCelosa? El mensaje de la China Su\u00e1rez a Roc\u00edo Pardo luego de verla con su hija Rufina: \u201cSiempre tan\u2026\u201d<\/h5>\n<\/div>\n<p><\/a><\/div>\n<div class=\"mt-box \">\n<h4 class=\"mt-heading\">Mir\u00e1 Tambi\u00e9n<\/h4>\n<p><a href=\"https:\/\/www.paparazzi.com.ar\/teve\/marcelo-tinelli-vuelve-a-su-programa-tras-el-mega-escandalo-familiar-va-a-hablar-y\/\"><\/p>\n<div class=\"mt-content\">\n<div class=\"mt-image-container\"><img decoding=\"async\" src=\"https:\/\/www.paparazzi.com.ar\/wp-content\/uploads\/2025\/09\/Marcelo-Tinelli-stream-1.jpg.webp\" alt=\"Marcelo Tinelli vuelve a su programa tras el mega esc\u00e1ndalo familiar: \u201cVa a hablar y\u2026\u201d\" class=\"mt-image\" loading=\"lazy\" \/><\/div>\n<h5 class=\"mt-title\">Marcelo Tinelli vuelve a su programa tras el mega esc\u00e1ndalo familiar: \u201cVa a hablar y\u2026\u201d<\/h5>\n<\/div>\n<p><\/a><\/div>\n<p>The post <a href=\"https:\/\/www.paparazzi.com.ar\/teve\/asi-fue-el-sorpresivo-viaje-de-marcela-kloosterboer-a-donde-se-fue-sola\/\">As\u00ed fue el sorpresivo viaje de Marcela Kloosterboer: a d\u00f3nde se fue sola<\/a> appeared first on <a href=\"https:\/\/www.paparazzi.com.ar\">Revista Paparazzi<\/a>.<\/p>\n","protected":false},"excerpt":{"rendered":"<p>Marcela Kloosterboer sorprendi\u00f3 a todos cuando apareci\u00f3 en redes con un mensaje que rompi\u00f3 la<\/p>\n","protected":false},"author":0,"featured_media":9378,"comment_status":"","ping_status":"","sticky":false,"template":"","format":"standard","meta":{"footnotes":""},"categories":[11],"tags":[],"class_list":["post-9377","post","type-post","status-publish","format-standard","has-post-thumbnail","hentry","category-destacadas"],"yoast_head":"<!-- This site is optimized with the Yoast SEO plugin v27.4 - https:\/\/yoast.com\/product\/yoast-seo-wordpress\/ -->\n<title>As\u00ed fue el sorpresivo viaje de Marcela Kloosterboer: a d\u00f3nde se fue sola - Fm Gente<\/title>\n<meta name=\"robots\" content=\"index, follow, max-snippet:-1, max-image-preview:large, max-video-preview:-1\" \/>\n<link rel=\"canonical\" href=\"https:\/\/fmgente.com.ar\/web\/asi-fue-el-sorpresivo-viaje-de-marcela-kloosterboer-a-donde-se-fue-sola\/\" \/>\n<meta property=\"og:locale\" content=\"es_ES\" \/>\n<meta property=\"og:type\" content=\"article\" \/>\n<meta property=\"og:title\" content=\"As\u00ed fue el sorpresivo viaje de Marcela Kloosterboer: a d\u00f3nde se fue sola - Fm Gente\" \/>\n<meta property=\"og:description\" content=\"Marcela Kloosterboer sorprendi\u00f3 a todos cuando apareci\u00f3 en redes con un mensaje que rompi\u00f3 la\" \/>\n<meta property=\"og:url\" content=\"https:\/\/fmgente.com.ar\/web\/asi-fue-el-sorpresivo-viaje-de-marcela-kloosterboer-a-donde-se-fue-sola\/\" \/>\n<meta property=\"og:site_name\" content=\"Fm Gente\" \/>\n<meta property=\"article:published_time\" content=\"2025-11-11T22:05:17+00:00\" \/>\n<meta property=\"og:image\" content=\"https:\/\/fmgente.com.ar\/web\/wp-content\/uploads\/2025\/11\/Ventura-1-359x226-3.jpg\" \/>\n\t<meta property=\"og:image:width\" content=\"359\" \/>\n\t<meta property=\"og:image:height\" content=\"226\" \/>\n\t<meta property=\"og:image:type\" content=\"image\/jpeg\" \/>\n<meta name=\"twitter:card\" content=\"summary_large_image\" \/>\n<meta name=\"twitter:label1\" content=\"Tiempo de lectura\" \/>\n\t<meta name=\"twitter:data1\" content=\"2 minutos\" \/>\n<script type=\"application\/ld+json\" class=\"yoast-schema-graph\">{\"@context\":\"https:\\\/\\\/schema.org\",\"@graph\":[{\"@type\":\"Article\",\"@id\":\"https:\\\/\\\/fmgente.com.ar\\\/web\\\/asi-fue-el-sorpresivo-viaje-de-marcela-kloosterboer-a-donde-se-fue-sola\\\/#article\",\"isPartOf\":{\"@id\":\"https:\\\/\\\/fmgente.com.ar\\\/web\\\/asi-fue-el-sorpresivo-viaje-de-marcela-kloosterboer-a-donde-se-fue-sola\\\/\"},\"author\":{\"name\":\"\",\"@id\":\"\"},\"headline\":\"As\u00ed fue el sorpresivo viaje de Marcela Kloosterboer: a d\u00f3nde se fue sola\",\"datePublished\":\"2025-11-11T22:05:17+00:00\",\"mainEntityOfPage\":{\"@id\":\"https:\\\/\\\/fmgente.com.ar\\\/web\\\/asi-fue-el-sorpresivo-viaje-de-marcela-kloosterboer-a-donde-se-fue-sola\\\/\"},\"wordCount\":446,\"publisher\":{\"@id\":\"https:\\\/\\\/fmgente.com.ar\\\/web\\\/#organization\"},\"image\":{\"@id\":\"https:\\\/\\\/fmgente.com.ar\\\/web\\\/asi-fue-el-sorpresivo-viaje-de-marcela-kloosterboer-a-donde-se-fue-sola\\\/#primaryimage\"},\"thumbnailUrl\":\"https:\\\/\\\/fmgente.com.ar\\\/web\\\/wp-content\\\/uploads\\\/2025\\\/11\\\/Ventura-1-359x226-3.jpg\",\"articleSection\":[\"DESTACADAS\"],\"inLanguage\":\"es\"},{\"@type\":\"WebPage\",\"@id\":\"https:\\\/\\\/fmgente.com.ar\\\/web\\\/asi-fue-el-sorpresivo-viaje-de-marcela-kloosterboer-a-donde-se-fue-sola\\\/\",\"url\":\"https:\\\/\\\/fmgente.com.ar\\\/web\\\/asi-fue-el-sorpresivo-viaje-de-marcela-kloosterboer-a-donde-se-fue-sola\\\/\",\"name\":\"As\u00ed fue el sorpresivo viaje de Marcela Kloosterboer: a d\u00f3nde se fue sola - Fm Gente\",\"isPartOf\":{\"@id\":\"https:\\\/\\\/fmgente.com.ar\\\/web\\\/#website\"},\"primaryImageOfPage\":{\"@id\":\"https:\\\/\\\/fmgente.com.ar\\\/web\\\/asi-fue-el-sorpresivo-viaje-de-marcela-kloosterboer-a-donde-se-fue-sola\\\/#primaryimage\"},\"image\":{\"@id\":\"https:\\\/\\\/fmgente.com.ar\\\/web\\\/asi-fue-el-sorpresivo-viaje-de-marcela-kloosterboer-a-donde-se-fue-sola\\\/#primaryimage\"},\"thumbnailUrl\":\"https:\\\/\\\/fmgente.com.ar\\\/web\\\/wp-content\\\/uploads\\\/2025\\\/11\\\/Ventura-1-359x226-3.jpg\",\"datePublished\":\"2025-11-11T22:05:17+00:00\",\"inLanguage\":\"es\",\"potentialAction\":[{\"@type\":\"ReadAction\",\"target\":[\"https:\\\/\\\/fmgente.com.ar\\\/web\\\/asi-fue-el-sorpresivo-viaje-de-marcela-kloosterboer-a-donde-se-fue-sola\\\/\"]}]},{\"@type\":\"ImageObject\",\"inLanguage\":\"es\",\"@id\":\"https:\\\/\\\/fmgente.com.ar\\\/web\\\/asi-fue-el-sorpresivo-viaje-de-marcela-kloosterboer-a-donde-se-fue-sola\\\/#primaryimage\",\"url\":\"https:\\\/\\\/fmgente.com.ar\\\/web\\\/wp-content\\\/uploads\\\/2025\\\/11\\\/Ventura-1-359x226-3.jpg\",\"contentUrl\":\"https:\\\/\\\/fmgente.com.ar\\\/web\\\/wp-content\\\/uploads\\\/2025\\\/11\\\/Ventura-1-359x226-3.jpg\",\"width\":359,\"height\":226},{\"@type\":\"WebSite\",\"@id\":\"https:\\\/\\\/fmgente.com.ar\\\/web\\\/#website\",\"url\":\"https:\\\/\\\/fmgente.com.ar\\\/web\\\/\",\"name\":\"Fm Gente\",\"description\":\"- Jes\u00fas Mar\u00eda\",\"publisher\":{\"@id\":\"https:\\\/\\\/fmgente.com.ar\\\/web\\\/#organization\"},\"potentialAction\":[{\"@type\":\"SearchAction\",\"target\":{\"@type\":\"EntryPoint\",\"urlTemplate\":\"https:\\\/\\\/fmgente.com.ar\\\/web\\\/?s={search_term_string}\"},\"query-input\":{\"@type\":\"PropertyValueSpecification\",\"valueRequired\":true,\"valueName\":\"search_term_string\"}}],\"inLanguage\":\"es\"},{\"@type\":\"Organization\",\"@id\":\"https:\\\/\\\/fmgente.com.ar\\\/web\\\/#organization\",\"name\":\"Fm Gente\",\"url\":\"https:\\\/\\\/fmgente.com.ar\\\/web\\\/\",\"logo\":{\"@type\":\"ImageObject\",\"inLanguage\":\"es\",\"@id\":\"https:\\\/\\\/fmgente.com.ar\\\/web\\\/#\\\/schema\\\/logo\\\/image\\\/\",\"url\":\"https:\\\/\\\/fmgente.com.ar\\\/web\\\/wp-content\\\/uploads\\\/2023\\\/07\\\/cropped-cropped-logo-sombra2.png\",\"contentUrl\":\"https:\\\/\\\/fmgente.com.ar\\\/web\\\/wp-content\\\/uploads\\\/2023\\\/07\\\/cropped-cropped-logo-sombra2.png\",\"width\":1782,\"height\":1782,\"caption\":\"Fm Gente\"},\"image\":{\"@id\":\"https:\\\/\\\/fmgente.com.ar\\\/web\\\/#\\\/schema\\\/logo\\\/image\\\/\"}}]}<\/script>\n<!-- \/ Yoast SEO plugin. -->","yoast_head_json":{"title":"As\u00ed fue el sorpresivo viaje de Marcela Kloosterboer: a d\u00f3nde se fue sola - Fm Gente","robots":{"index":"index","follow":"follow","max-snippet":"max-snippet:-1","max-image-preview":"max-image-preview:large","max-video-preview":"max-video-preview:-1"},"canonical":"https:\/\/fmgente.com.ar\/web\/asi-fue-el-sorpresivo-viaje-de-marcela-kloosterboer-a-donde-se-fue-sola\/","og_locale":"es_ES","og_type":"article","og_title":"As\u00ed fue el sorpresivo viaje de Marcela Kloosterboer: a d\u00f3nde se fue sola - Fm Gente","og_description":"Marcela Kloosterboer sorprendi\u00f3 a todos cuando apareci\u00f3 en redes con un mensaje que rompi\u00f3 la","og_url":"https:\/\/fmgente.com.ar\/web\/asi-fue-el-sorpresivo-viaje-de-marcela-kloosterboer-a-donde-se-fue-sola\/","og_site_name":"Fm Gente","article_published_time":"2025-11-11T22:05:17+00:00","og_image":[{"width":359,"height":226,"url":"https:\/\/fmgente.com.ar\/web\/wp-content\/uploads\/2025\/11\/Ventura-1-359x226-3.jpg","type":"image\/jpeg"}],"twitter_card":"summary_large_image","twitter_misc":{"Tiempo de lectura":"2 minutos"},"schema":{"@context":"https:\/\/schema.org","@graph":[{"@type":"Article","@id":"https:\/\/fmgente.com.ar\/web\/asi-fue-el-sorpresivo-viaje-de-marcela-kloosterboer-a-donde-se-fue-sola\/#article","isPartOf":{"@id":"https:\/\/fmgente.com.ar\/web\/asi-fue-el-sorpresivo-viaje-de-marcela-kloosterboer-a-donde-se-fue-sola\/"},"author":{"name":"","@id":""},"headline":"As\u00ed fue el sorpresivo viaje de Marcela Kloosterboer: a d\u00f3nde se fue sola","datePublished":"2025-11-11T22:05:17+00:00","mainEntityOfPage":{"@id":"https:\/\/fmgente.com.ar\/web\/asi-fue-el-sorpresivo-viaje-de-marcela-kloosterboer-a-donde-se-fue-sola\/"},"wordCount":446,"publisher":{"@id":"https:\/\/fmgente.com.ar\/web\/#organization"},"image":{"@id":"https:\/\/fmgente.com.ar\/web\/asi-fue-el-sorpresivo-viaje-de-marcela-kloosterboer-a-donde-se-fue-sola\/#primaryimage"},"thumbnailUrl":"https:\/\/fmgente.com.ar\/web\/wp-content\/uploads\/2025\/11\/Ventura-1-359x226-3.jpg","articleSection":["DESTACADAS"],"inLanguage":"es"},{"@type":"WebPage","@id":"https:\/\/fmgente.com.ar\/web\/asi-fue-el-sorpresivo-viaje-de-marcela-kloosterboer-a-donde-se-fue-sola\/","url":"https:\/\/fmgente.com.ar\/web\/asi-fue-el-sorpresivo-viaje-de-marcela-kloosterboer-a-donde-se-fue-sola\/","name":"As\u00ed fue el sorpresivo viaje de Marcela Kloosterboer: a d\u00f3nde se fue sola - Fm Gente","isPartOf":{"@id":"https:\/\/fmgente.com.ar\/web\/#website"},"primaryImageOfPage":{"@id":"https:\/\/fmgente.com.ar\/web\/asi-fue-el-sorpresivo-viaje-de-marcela-kloosterboer-a-donde-se-fue-sola\/#primaryimage"},"image":{"@id":"https:\/\/fmgente.com.ar\/web\/asi-fue-el-sorpresivo-viaje-de-marcela-kloosterboer-a-donde-se-fue-sola\/#primaryimage"},"thumbnailUrl":"https:\/\/fmgente.com.ar\/web\/wp-content\/uploads\/2025\/11\/Ventura-1-359x226-3.jpg","datePublished":"2025-11-11T22:05:17+00:00","inLanguage":"es","potentialAction":[{"@type":"ReadAction","target":["https:\/\/fmgente.com.ar\/web\/asi-fue-el-sorpresivo-viaje-de-marcela-kloosterboer-a-donde-se-fue-sola\/"]}]},{"@type":"ImageObject","inLanguage":"es","@id":"https:\/\/fmgente.com.ar\/web\/asi-fue-el-sorpresivo-viaje-de-marcela-kloosterboer-a-donde-se-fue-sola\/#primaryimage","url":"https:\/\/fmgente.com.ar\/web\/wp-content\/uploads\/2025\/11\/Ventura-1-359x226-3.jpg","contentUrl":"https:\/\/fmgente.com.ar\/web\/wp-content\/uploads\/2025\/11\/Ventura-1-359x226-3.jpg","width":359,"height":226},{"@type":"WebSite","@id":"https:\/\/fmgente.com.ar\/web\/#website","url":"https:\/\/fmgente.com.ar\/web\/","name":"Fm Gente","description":"- Jes\u00fas Mar\u00eda","publisher":{"@id":"https:\/\/fmgente.com.ar\/web\/#organization"},"potentialAction":[{"@type":"SearchAction","target":{"@type":"EntryPoint","urlTemplate":"https:\/\/fmgente.com.ar\/web\/?s={search_term_string}"},"query-input":{"@type":"PropertyValueSpecification","valueRequired":true,"valueName":"search_term_string"}}],"inLanguage":"es"},{"@type":"Organization","@id":"https:\/\/fmgente.com.ar\/web\/#organization","name":"Fm Gente","url":"https:\/\/fmgente.com.ar\/web\/","logo":{"@type":"ImageObject","inLanguage":"es","@id":"https:\/\/fmgente.com.ar\/web\/#\/schema\/logo\/image\/","url":"https:\/\/fmgente.com.ar\/web\/wp-content\/uploads\/2023\/07\/cropped-cropped-logo-sombra2.png","contentUrl":"https:\/\/fmgente.com.ar\/web\/wp-content\/uploads\/2023\/07\/cropped-cropped-logo-sombra2.png","width":1782,"height":1782,"caption":"Fm Gente"},"image":{"@id":"https:\/\/fmgente.com.ar\/web\/#\/schema\/logo\/image\/"}}]}},"_links":{"self":[{"href":"https:\/\/fmgente.com.ar\/web\/wp-json\/wp\/v2\/posts\/9377","targetHints":{"allow":["GET"]}}],"collection":[{"href":"https:\/\/fmgente.com.ar\/web\/wp-json\/wp\/v2\/posts"}],"about":[{"href":"https:\/\/fmgente.com.ar\/web\/wp-json\/wp\/v2\/types\/post"}],"replies":[{"embeddable":true,"href":"https:\/\/fmgente.com.ar\/web\/wp-json\/wp\/v2\/comments?post=9377"}],"version-history":[{"count":0,"href":"https:\/\/fmgente.com.ar\/web\/wp-json\/wp\/v2\/posts\/9377\/revisions"}],"wp:featuredmedia":[{"embeddable":true,"href":"https:\/\/fmgente.com.ar\/web\/wp-json\/wp\/v2\/media\/9378"}],"wp:attachment":[{"href":"https:\/\/fmgente.com.ar\/web\/wp-json\/wp\/v2\/media?parent=9377"}],"wp:term":[{"taxonomy":"category","embeddable":true,"href":"https:\/\/fmgente.com.ar\/web\/wp-json\/wp\/v2\/categories?post=9377"},{"taxonomy":"post_tag","embeddable":true,"href":"https:\/\/fmgente.com.ar\/web\/wp-json\/wp\/v2\/tags?post=9377"}],"curies":[{"name":"wp","href":"https:\/\/api.w.org\/{rel}","templated":true}]}}