{"id":9375,"date":"2025-11-11T19:05:16","date_gmt":"2025-11-11T22:05:16","guid":{"rendered":"https:\/\/fmgente.com.ar\/el-emotivo-mensaje-de-antonela-roccuzzo-a-lionel-messi-por-su-vuelta-al-barcelona\/"},"modified":"2025-11-11T19:05:16","modified_gmt":"2025-11-11T22:05:16","slug":"el-emotivo-mensaje-de-antonela-roccuzzo-a-lionel-messi-por-su-vuelta-al-barcelona","status":"publish","type":"post","link":"https:\/\/fmgente.com.ar\/web\/el-emotivo-mensaje-de-antonela-roccuzzo-a-lionel-messi-por-su-vuelta-al-barcelona\/","title":{"rendered":"El emotivo mensaje de Antonela Roccuzzo a Lionel Messi por su vuelta al Barcelona"},"content":{"rendered":"<p>El sorpresivo posteo de <strong><a href=\"https:\/\/www.paparazzi.com.ar\/tag\/lionel-messi\/\">Lionel Messi<\/a><\/strong> desde el Camp Nou desat\u00f3 una ola de nostalgia entre los hinchas del Barcelona y tambi\u00e9n en su propia casa. Las cinco fotos dentro del estadio, algunas mirando al campo y otras de espaldas, fueron suficientes para que los fan\u00e1ticos volvieran a so\u00f1ar. El detalle m\u00e1s comentado, sin embargo, fue la reacci\u00f3n de <strong>Antonela Roccuzzo<\/strong>, quien acompa\u00f1\u00f3 la publicaci\u00f3n con dos emojis: una carita triste y un coraz\u00f3n, un gesto m\u00ednimo pero cargado de lectura sentimental.<\/p>\n<p><em>\u201cUn lugar donde fui inmensamente feliz, donde me hicieron sentir mil veces la persona m\u00e1s feliz del mundo\u201d<\/em>, escribi\u00f3 el capit\u00e1n argentino, dejando ver una fibra todav\u00eda sensible. No hizo falta nombrar ni al pasado ni a la salida turbulenta del club: el recuerdo habl\u00f3 solo, y el silencio emocional tambi\u00e9n.<\/p>\n<p>En el c\u00edrculo cercano de <strong><a href=\"https:\/\/www.paparazzi.com.ar\/teve\/el-negocio-millonario-de-lionel-messi-que-marca-su-carrera-como-empresario-en-argentina\/\">Messi<\/a><\/strong> y <strong>Roccuzzo<\/strong>, la palabra que m\u00e1s se repite es \u201cnostalgia\u201d. Barcelona fue el escenario de su vida familiar, del crecimiento de sus hijos y de la construcci\u00f3n de una identidad que, m\u00e1s all\u00e1 del f\u00fatbol, dif\u00edcilmente encuentre reemplazo. El comentario de ella no fue casual: fue el modo m\u00e1s sint\u00e9tico de decir \u201cyo tambi\u00e9n lo extra\u00f1o\u201d.<\/p>\n<div class=\"mt-box \">\n<h4 class=\"mt-heading\">Mir\u00e1 Tambi\u00e9n<\/h4>\n<p><a href=\"https:\/\/www.paparazzi.com.ar\/videos\/exclusivo-luis-ventura-conto-por-que-jorge-rial-le-tiene-miedo-me-quiere-borrar-porque\/\"><\/p>\n<div class=\"mt-content\">\n<div class=\"mt-image-container\"><img decoding=\"async\" src=\"https:\/\/www.paparazzi.com.ar\/wp-content\/uploads\/2025\/11\/Ventura-dos-1-359x226.jpg\" alt=\"\u00a1Exclusivo! Luis Ventura cont\u00f3 por qu\u00e9 Jorge Rial le tiene miedo: \u201cMe quiere borrar porque\u2026\u201d\" class=\"mt-image\" loading=\"lazy\" \/><\/div>\n<h5 class=\"mt-title\">\u00a1Exclusivo! Luis Ventura cont\u00f3 por qu\u00e9 Jorge Rial le tiene miedo: \u201cMe quiere borrar porque\u2026\u201d<\/h5>\n<\/div>\n<p><\/a><\/div>\n<p>Mientras tanto, los fan\u00e1ticos del Barcelona ya comenzaron a tejer ilusiones. Algunos aseguran que una historia as\u00ed no puede cerrarse sin un regreso; otros prefieren no ilusionarse demasiado para no volver a sentir el golpe de la despedida. Aun as\u00ed, la puerta qued\u00f3 entreabierta.<\/p>\n<h2 class=\"wp-block-heading\">EL REGRESO DE LIONEL MESSI AL CAMP NOU<\/h2>\n<p>La visita al Camp Nou no fue improvisada. <strong><a href=\"https:\/\/www.paparazzi.com.ar\/deportes\/sorpresa-mundial-lionel-messi-impacto-desde-barcelona-con-una-inesperada-declaracion-sobre-su-futuro\/\">Messi<\/a><\/strong> viaj\u00f3 a Espa\u00f1a en vuelo privado junto a <strong>Rodrigo De Paul<\/strong>, se aloj\u00f3 en un hotel con vista al estadio y luego se acerc\u00f3 al campo para tomar las fotos que hoy recorren el mundo. Un gesto simple, pero medido.<\/p>\n<p>Y lo que termin\u00f3 de encender los corazones fue la frase final, dicha como quien lanza una verdad que se ven\u00eda conteniendo: <em>\u201cAnoche volv\u00ed a un lugar que extra\u00f1o con el alma\u201d<\/em>.<\/p>\n<figure class=\"wp-block-image size-large\"><img decoding=\"async\" width=\"1024\" height=\"512\" src=\"https:\/\/www.paparazzi.com.ar\/wp-content\/uploads\/2025\/11\/1000158514-1024x512.webp\" loading=\"lazy\" alt=\"\" class=\"wp-image-452610\" \/><\/figure>\n<div class=\"mt-box \">\n<h4 class=\"mt-heading\">Mir\u00e1 Tambi\u00e9n<\/h4>\n<p><a href=\"https:\/\/www.paparazzi.com.ar\/teve\/mauro-icardi-se-reencontro-sus-hijas-en-pleno-escandalo-con-wanda-nara-que-paso-con-la-china-suarez\/\"><\/p>\n<div class=\"mt-content\">\n<div class=\"mt-image-container\"><img decoding=\"async\" src=\"https:\/\/www.paparazzi.com.ar\/wp-content\/uploads\/2025\/08\/La-escandalosa-frase-que-Mauro-Icardi-le-dijo-a-sus-hijas-sobre-Wanda-Nara-22Su-mama-es-una\u202622.jpg.webp\" alt=\"Mauro Icardi se reencontr\u00f3 sus hijas en pleno esc\u00e1ndalo con Wanda Nara: qu\u00e9 pas\u00f3 con la China Su\u00e1rez\" class=\"mt-image\" loading=\"lazy\" \/><\/div>\n<h5 class=\"mt-title\">Mauro Icardi se reencontr\u00f3 sus hijas en pleno esc\u00e1ndalo con Wanda Nara: qu\u00e9 pas\u00f3 con la China Su\u00e1rez<\/h5>\n<\/div>\n<p><\/a><\/div>\n<div class=\"mt-box \">\n<h4 class=\"mt-heading\">Mir\u00e1 Tambi\u00e9n<\/h4>\n<p><a href=\"https:\/\/www.paparazzi.com.ar\/teve\/yanina-latorre-desnudo-sus-confesiones-mas-intimas-me-calienta-incluir-una-mina-y\/\"><\/p>\n<div class=\"mt-content\">\n<div class=\"mt-image-container\"><img decoding=\"async\" src=\"https:\/\/www.paparazzi.com.ar\/wp-content\/uploads\/2025\/11\/yanina-latorre-359x226.jpg\" alt=\"Yanina Latorre desnud\u00f3 sus confesiones m\u00e1s \u00edntimas: \u201cMe calienta incluir una mina y\u2026\u201d\" class=\"mt-image\" loading=\"lazy\" \/><\/div>\n<h5 class=\"mt-title\">Yanina Latorre desnud\u00f3 sus confesiones m\u00e1s \u00edntimas: \u201cMe calienta incluir una mina y\u2026\u201d<\/h5>\n<\/div>\n<p><\/a><\/div>\n<p>The post <a href=\"https:\/\/www.paparazzi.com.ar\/deportes\/el-emotivo-mensaje-de-antonela-roccuzzo-a-lionel-messi-por-su-vuelta-al-barcelona\/\">El emotivo mensaje de Antonela Roccuzzo a Lionel Messi por su vuelta al Barcelona<\/a> appeared first on <a href=\"https:\/\/www.paparazzi.com.ar\">Revista Paparazzi<\/a>.<\/p>\n","protected":false},"excerpt":{"rendered":"<p>El sorpresivo posteo de Lionel Messi desde el Camp Nou desat\u00f3 una ola de nostalgia<\/p>\n","protected":false},"author":0,"featured_media":9376,"comment_status":"","ping_status":"","sticky":false,"template":"","format":"standard","meta":{"footnotes":""},"categories":[11],"tags":[],"class_list":["post-9375","post","type-post","status-publish","format-standard","has-post-thumbnail","hentry","category-destacadas"],"yoast_head":"<!-- This site is optimized with the Yoast SEO plugin v27.4 - https:\/\/yoast.com\/product\/yoast-seo-wordpress\/ -->\n<title>El emotivo mensaje de Antonela Roccuzzo a Lionel Messi por su vuelta al Barcelona - Fm Gente<\/title>\n<meta name=\"robots\" content=\"index, follow, max-snippet:-1, max-image-preview:large, max-video-preview:-1\" \/>\n<link rel=\"canonical\" href=\"https:\/\/fmgente.com.ar\/web\/el-emotivo-mensaje-de-antonela-roccuzzo-a-lionel-messi-por-su-vuelta-al-barcelona\/\" \/>\n<meta property=\"og:locale\" content=\"es_ES\" \/>\n<meta property=\"og:type\" content=\"article\" \/>\n<meta property=\"og:title\" content=\"El emotivo mensaje de Antonela Roccuzzo a Lionel Messi por su vuelta al Barcelona - Fm Gente\" \/>\n<meta property=\"og:description\" content=\"El sorpresivo posteo de Lionel Messi desde el Camp Nou desat\u00f3 una ola de nostalgia\" \/>\n<meta property=\"og:url\" content=\"https:\/\/fmgente.com.ar\/web\/el-emotivo-mensaje-de-antonela-roccuzzo-a-lionel-messi-por-su-vuelta-al-barcelona\/\" \/>\n<meta property=\"og:site_name\" content=\"Fm Gente\" \/>\n<meta property=\"article:published_time\" content=\"2025-11-11T22:05:16+00:00\" \/>\n<meta property=\"og:image\" content=\"https:\/\/fmgente.com.ar\/web\/wp-content\/uploads\/2025\/11\/Ventura-dos-1-359x226-41.jpg\" \/>\n\t<meta property=\"og:image:width\" content=\"359\" \/>\n\t<meta property=\"og:image:height\" content=\"226\" \/>\n\t<meta property=\"og:image:type\" content=\"image\/jpeg\" \/>\n<meta name=\"twitter:card\" content=\"summary_large_image\" \/>\n<meta name=\"twitter:label1\" content=\"Tiempo de lectura\" \/>\n\t<meta name=\"twitter:data1\" content=\"2 minutos\" \/>\n<script type=\"application\/ld+json\" class=\"yoast-schema-graph\">{\"@context\":\"https:\\\/\\\/schema.org\",\"@graph\":[{\"@type\":\"Article\",\"@id\":\"https:\\\/\\\/fmgente.com.ar\\\/web\\\/el-emotivo-mensaje-de-antonela-roccuzzo-a-lionel-messi-por-su-vuelta-al-barcelona\\\/#article\",\"isPartOf\":{\"@id\":\"https:\\\/\\\/fmgente.com.ar\\\/web\\\/el-emotivo-mensaje-de-antonela-roccuzzo-a-lionel-messi-por-su-vuelta-al-barcelona\\\/\"},\"author\":{\"name\":\"\",\"@id\":\"\"},\"headline\":\"El emotivo mensaje de Antonela Roccuzzo a Lionel Messi por su vuelta al Barcelona\",\"datePublished\":\"2025-11-11T22:05:16+00:00\",\"mainEntityOfPage\":{\"@id\":\"https:\\\/\\\/fmgente.com.ar\\\/web\\\/el-emotivo-mensaje-de-antonela-roccuzzo-a-lionel-messi-por-su-vuelta-al-barcelona\\\/\"},\"wordCount\":447,\"publisher\":{\"@id\":\"https:\\\/\\\/fmgente.com.ar\\\/web\\\/#organization\"},\"image\":{\"@id\":\"https:\\\/\\\/fmgente.com.ar\\\/web\\\/el-emotivo-mensaje-de-antonela-roccuzzo-a-lionel-messi-por-su-vuelta-al-barcelona\\\/#primaryimage\"},\"thumbnailUrl\":\"https:\\\/\\\/fmgente.com.ar\\\/web\\\/wp-content\\\/uploads\\\/2025\\\/11\\\/Ventura-dos-1-359x226-41.jpg\",\"articleSection\":[\"DESTACADAS\"],\"inLanguage\":\"es\"},{\"@type\":\"WebPage\",\"@id\":\"https:\\\/\\\/fmgente.com.ar\\\/web\\\/el-emotivo-mensaje-de-antonela-roccuzzo-a-lionel-messi-por-su-vuelta-al-barcelona\\\/\",\"url\":\"https:\\\/\\\/fmgente.com.ar\\\/web\\\/el-emotivo-mensaje-de-antonela-roccuzzo-a-lionel-messi-por-su-vuelta-al-barcelona\\\/\",\"name\":\"El emotivo mensaje de Antonela Roccuzzo a Lionel Messi por su vuelta al Barcelona - Fm Gente\",\"isPartOf\":{\"@id\":\"https:\\\/\\\/fmgente.com.ar\\\/web\\\/#website\"},\"primaryImageOfPage\":{\"@id\":\"https:\\\/\\\/fmgente.com.ar\\\/web\\\/el-emotivo-mensaje-de-antonela-roccuzzo-a-lionel-messi-por-su-vuelta-al-barcelona\\\/#primaryimage\"},\"image\":{\"@id\":\"https:\\\/\\\/fmgente.com.ar\\\/web\\\/el-emotivo-mensaje-de-antonela-roccuzzo-a-lionel-messi-por-su-vuelta-al-barcelona\\\/#primaryimage\"},\"thumbnailUrl\":\"https:\\\/\\\/fmgente.com.ar\\\/web\\\/wp-content\\\/uploads\\\/2025\\\/11\\\/Ventura-dos-1-359x226-41.jpg\",\"datePublished\":\"2025-11-11T22:05:16+00:00\",\"inLanguage\":\"es\",\"potentialAction\":[{\"@type\":\"ReadAction\",\"target\":[\"https:\\\/\\\/fmgente.com.ar\\\/web\\\/el-emotivo-mensaje-de-antonela-roccuzzo-a-lionel-messi-por-su-vuelta-al-barcelona\\\/\"]}]},{\"@type\":\"ImageObject\",\"inLanguage\":\"es\",\"@id\":\"https:\\\/\\\/fmgente.com.ar\\\/web\\\/el-emotivo-mensaje-de-antonela-roccuzzo-a-lionel-messi-por-su-vuelta-al-barcelona\\\/#primaryimage\",\"url\":\"https:\\\/\\\/fmgente.com.ar\\\/web\\\/wp-content\\\/uploads\\\/2025\\\/11\\\/Ventura-dos-1-359x226-41.jpg\",\"contentUrl\":\"https:\\\/\\\/fmgente.com.ar\\\/web\\\/wp-content\\\/uploads\\\/2025\\\/11\\\/Ventura-dos-1-359x226-41.jpg\",\"width\":359,\"height\":226},{\"@type\":\"WebSite\",\"@id\":\"https:\\\/\\\/fmgente.com.ar\\\/web\\\/#website\",\"url\":\"https:\\\/\\\/fmgente.com.ar\\\/web\\\/\",\"name\":\"Fm Gente\",\"description\":\"- Jes\u00fas Mar\u00eda\",\"publisher\":{\"@id\":\"https:\\\/\\\/fmgente.com.ar\\\/web\\\/#organization\"},\"potentialAction\":[{\"@type\":\"SearchAction\",\"target\":{\"@type\":\"EntryPoint\",\"urlTemplate\":\"https:\\\/\\\/fmgente.com.ar\\\/web\\\/?s={search_term_string}\"},\"query-input\":{\"@type\":\"PropertyValueSpecification\",\"valueRequired\":true,\"valueName\":\"search_term_string\"}}],\"inLanguage\":\"es\"},{\"@type\":\"Organization\",\"@id\":\"https:\\\/\\\/fmgente.com.ar\\\/web\\\/#organization\",\"name\":\"Fm Gente\",\"url\":\"https:\\\/\\\/fmgente.com.ar\\\/web\\\/\",\"logo\":{\"@type\":\"ImageObject\",\"inLanguage\":\"es\",\"@id\":\"https:\\\/\\\/fmgente.com.ar\\\/web\\\/#\\\/schema\\\/logo\\\/image\\\/\",\"url\":\"https:\\\/\\\/fmgente.com.ar\\\/web\\\/wp-content\\\/uploads\\\/2023\\\/07\\\/cropped-cropped-logo-sombra2.png\",\"contentUrl\":\"https:\\\/\\\/fmgente.com.ar\\\/web\\\/wp-content\\\/uploads\\\/2023\\\/07\\\/cropped-cropped-logo-sombra2.png\",\"width\":1782,\"height\":1782,\"caption\":\"Fm Gente\"},\"image\":{\"@id\":\"https:\\\/\\\/fmgente.com.ar\\\/web\\\/#\\\/schema\\\/logo\\\/image\\\/\"}}]}<\/script>\n<!-- \/ Yoast SEO plugin. -->","yoast_head_json":{"title":"El emotivo mensaje de Antonela Roccuzzo a Lionel Messi por su vuelta al Barcelona - Fm Gente","robots":{"index":"index","follow":"follow","max-snippet":"max-snippet:-1","max-image-preview":"max-image-preview:large","max-video-preview":"max-video-preview:-1"},"canonical":"https:\/\/fmgente.com.ar\/web\/el-emotivo-mensaje-de-antonela-roccuzzo-a-lionel-messi-por-su-vuelta-al-barcelona\/","og_locale":"es_ES","og_type":"article","og_title":"El emotivo mensaje de Antonela Roccuzzo a Lionel Messi por su vuelta al Barcelona - Fm Gente","og_description":"El sorpresivo posteo de Lionel Messi desde el Camp Nou desat\u00f3 una ola de nostalgia","og_url":"https:\/\/fmgente.com.ar\/web\/el-emotivo-mensaje-de-antonela-roccuzzo-a-lionel-messi-por-su-vuelta-al-barcelona\/","og_site_name":"Fm Gente","article_published_time":"2025-11-11T22:05:16+00:00","og_image":[{"width":359,"height":226,"url":"https:\/\/fmgente.com.ar\/web\/wp-content\/uploads\/2025\/11\/Ventura-dos-1-359x226-41.jpg","type":"image\/jpeg"}],"twitter_card":"summary_large_image","twitter_misc":{"Tiempo de lectura":"2 minutos"},"schema":{"@context":"https:\/\/schema.org","@graph":[{"@type":"Article","@id":"https:\/\/fmgente.com.ar\/web\/el-emotivo-mensaje-de-antonela-roccuzzo-a-lionel-messi-por-su-vuelta-al-barcelona\/#article","isPartOf":{"@id":"https:\/\/fmgente.com.ar\/web\/el-emotivo-mensaje-de-antonela-roccuzzo-a-lionel-messi-por-su-vuelta-al-barcelona\/"},"author":{"name":"","@id":""},"headline":"El emotivo mensaje de Antonela Roccuzzo a Lionel Messi por su vuelta al Barcelona","datePublished":"2025-11-11T22:05:16+00:00","mainEntityOfPage":{"@id":"https:\/\/fmgente.com.ar\/web\/el-emotivo-mensaje-de-antonela-roccuzzo-a-lionel-messi-por-su-vuelta-al-barcelona\/"},"wordCount":447,"publisher":{"@id":"https:\/\/fmgente.com.ar\/web\/#organization"},"image":{"@id":"https:\/\/fmgente.com.ar\/web\/el-emotivo-mensaje-de-antonela-roccuzzo-a-lionel-messi-por-su-vuelta-al-barcelona\/#primaryimage"},"thumbnailUrl":"https:\/\/fmgente.com.ar\/web\/wp-content\/uploads\/2025\/11\/Ventura-dos-1-359x226-41.jpg","articleSection":["DESTACADAS"],"inLanguage":"es"},{"@type":"WebPage","@id":"https:\/\/fmgente.com.ar\/web\/el-emotivo-mensaje-de-antonela-roccuzzo-a-lionel-messi-por-su-vuelta-al-barcelona\/","url":"https:\/\/fmgente.com.ar\/web\/el-emotivo-mensaje-de-antonela-roccuzzo-a-lionel-messi-por-su-vuelta-al-barcelona\/","name":"El emotivo mensaje de Antonela Roccuzzo a Lionel Messi por su vuelta al Barcelona - Fm Gente","isPartOf":{"@id":"https:\/\/fmgente.com.ar\/web\/#website"},"primaryImageOfPage":{"@id":"https:\/\/fmgente.com.ar\/web\/el-emotivo-mensaje-de-antonela-roccuzzo-a-lionel-messi-por-su-vuelta-al-barcelona\/#primaryimage"},"image":{"@id":"https:\/\/fmgente.com.ar\/web\/el-emotivo-mensaje-de-antonela-roccuzzo-a-lionel-messi-por-su-vuelta-al-barcelona\/#primaryimage"},"thumbnailUrl":"https:\/\/fmgente.com.ar\/web\/wp-content\/uploads\/2025\/11\/Ventura-dos-1-359x226-41.jpg","datePublished":"2025-11-11T22:05:16+00:00","inLanguage":"es","potentialAction":[{"@type":"ReadAction","target":["https:\/\/fmgente.com.ar\/web\/el-emotivo-mensaje-de-antonela-roccuzzo-a-lionel-messi-por-su-vuelta-al-barcelona\/"]}]},{"@type":"ImageObject","inLanguage":"es","@id":"https:\/\/fmgente.com.ar\/web\/el-emotivo-mensaje-de-antonela-roccuzzo-a-lionel-messi-por-su-vuelta-al-barcelona\/#primaryimage","url":"https:\/\/fmgente.com.ar\/web\/wp-content\/uploads\/2025\/11\/Ventura-dos-1-359x226-41.jpg","contentUrl":"https:\/\/fmgente.com.ar\/web\/wp-content\/uploads\/2025\/11\/Ventura-dos-1-359x226-41.jpg","width":359,"height":226},{"@type":"WebSite","@id":"https:\/\/fmgente.com.ar\/web\/#website","url":"https:\/\/fmgente.com.ar\/web\/","name":"Fm Gente","description":"- Jes\u00fas Mar\u00eda","publisher":{"@id":"https:\/\/fmgente.com.ar\/web\/#organization"},"potentialAction":[{"@type":"SearchAction","target":{"@type":"EntryPoint","urlTemplate":"https:\/\/fmgente.com.ar\/web\/?s={search_term_string}"},"query-input":{"@type":"PropertyValueSpecification","valueRequired":true,"valueName":"search_term_string"}}],"inLanguage":"es"},{"@type":"Organization","@id":"https:\/\/fmgente.com.ar\/web\/#organization","name":"Fm Gente","url":"https:\/\/fmgente.com.ar\/web\/","logo":{"@type":"ImageObject","inLanguage":"es","@id":"https:\/\/fmgente.com.ar\/web\/#\/schema\/logo\/image\/","url":"https:\/\/fmgente.com.ar\/web\/wp-content\/uploads\/2023\/07\/cropped-cropped-logo-sombra2.png","contentUrl":"https:\/\/fmgente.com.ar\/web\/wp-content\/uploads\/2023\/07\/cropped-cropped-logo-sombra2.png","width":1782,"height":1782,"caption":"Fm Gente"},"image":{"@id":"https:\/\/fmgente.com.ar\/web\/#\/schema\/logo\/image\/"}}]}},"_links":{"self":[{"href":"https:\/\/fmgente.com.ar\/web\/wp-json\/wp\/v2\/posts\/9375","targetHints":{"allow":["GET"]}}],"collection":[{"href":"https:\/\/fmgente.com.ar\/web\/wp-json\/wp\/v2\/posts"}],"about":[{"href":"https:\/\/fmgente.com.ar\/web\/wp-json\/wp\/v2\/types\/post"}],"replies":[{"embeddable":true,"href":"https:\/\/fmgente.com.ar\/web\/wp-json\/wp\/v2\/comments?post=9375"}],"version-history":[{"count":0,"href":"https:\/\/fmgente.com.ar\/web\/wp-json\/wp\/v2\/posts\/9375\/revisions"}],"wp:featuredmedia":[{"embeddable":true,"href":"https:\/\/fmgente.com.ar\/web\/wp-json\/wp\/v2\/media\/9376"}],"wp:attachment":[{"href":"https:\/\/fmgente.com.ar\/web\/wp-json\/wp\/v2\/media?parent=9375"}],"wp:term":[{"taxonomy":"category","embeddable":true,"href":"https:\/\/fmgente.com.ar\/web\/wp-json\/wp\/v2\/categories?post=9375"},{"taxonomy":"post_tag","embeddable":true,"href":"https:\/\/fmgente.com.ar\/web\/wp-json\/wp\/v2\/tags?post=9375"}],"curies":[{"name":"wp","href":"https:\/\/api.w.org\/{rel}","templated":true}]}}