{"id":9277,"date":"2025-11-10T19:05:12","date_gmt":"2025-11-10T22:05:12","guid":{"rendered":"https:\/\/fmgente.com.ar\/la-furia-de-wanda-nara-por-el-trato-que-tiene-con-sus-hijas-nadie-me-va-a-ensenar-a-ser-mama\/"},"modified":"2025-11-10T19:05:12","modified_gmt":"2025-11-10T22:05:12","slug":"la-furia-de-wanda-nara-por-el-trato-que-tiene-con-sus-hijas-nadie-me-va-a-ensenar-a-ser-mama","status":"publish","type":"post","link":"https:\/\/fmgente.com.ar\/web\/la-furia-de-wanda-nara-por-el-trato-que-tiene-con-sus-hijas-nadie-me-va-a-ensenar-a-ser-mama\/","title":{"rendered":"La furia de Wanda Nara por el trato que tiene con sus hijas: \u201cNadie me va a ense\u00f1ar a ser mam\u00e1&#8230;\u201d"},"content":{"rendered":"<p>La llegada de la <strong>China Su\u00e1rez <\/strong>y <strong>Mauro Icardi<\/strong> a la Argentina desat\u00f3 un nuevo esc\u00e1ndalo en la eterna pelea que tienen contra <strong>Wanda Nara<\/strong>. El futbolista regres\u00f3 al pa\u00eds para reencontrarse con sus dos hijas -Francesca e Isabella-, pero en medio de todo aparecen los cruces medi\u00e1ticos, las chicanas por redes y una ola de pol\u00e9micas que definitivamente embarran la cancha.<\/p>\n<p>Est\u00e1 claro que, para los tres protagonistas de la novela, el enojo y la bronca puede mucho m\u00e1s que cualquier sentimiento positivo. Y aunque en alg\u00fan momento tendr\u00e1n que dar vuelta de p\u00e1gina, hoy siempre existe alguna indirecta o provocaci\u00f3n que desata fuertes tormentas. Una de las \u00faltimas en hacerlo fue <strong><a href=\"https:\/\/www.paparazzi.com.ar\/romances\/wanda-nara-recibio-la-peor-noticia-de-la-china-suarez-por-sus-hijas-y-el-escandalo-es-total-el-juez-ya-firmo-que\/\">Wanda<\/a><\/strong>, que se present\u00f3 en el show de Mart\u00edn Cirio y destap\u00f3 un esc\u00e1ndalo.<\/p>\n<p>La presencia de <strong><a href=\"https:\/\/www.paparazzi.com.ar\/romances\/el-polemico-regalo-que-recibio-wanda-nara-de-su-novio-tras-proponerle-casamiento-muy-celoso\/\">Wanda<\/a><\/strong> en el show de Cirio fue tan inesperada como contundente. Lo m\u00e1s fuerte de esa aparici\u00f3n es que lo hizo acompa\u00f1ada por sus dos hijas -Francesca e Isabella-, y que aprovech\u00f3 el momento para volver a pegarle a Icardi p\u00fablicamente. Ahora bien, esto no evit\u00f3 que recibiera miles de cr\u00edticas, por su accionar y tambi\u00e9n por exponer a las ni\u00f1as a este esc\u00e1ndalo.<\/p>\n<div class=\"mt-box \">\n<h4 class=\"mt-heading\">Mir\u00e1 Tambi\u00e9n<\/h4>\n<p><a href=\"https:\/\/www.paparazzi.com.ar\/videos\/exclusivo-luis-ventura-conto-por-que-jorge-rial-le-tiene-miedo-me-quiere-borrar-porque\/\"><\/p>\n<div class=\"mt-content\">\n<div class=\"mt-image-container\"><img decoding=\"async\" src=\"https:\/\/www.paparazzi.com.ar\/wp-content\/uploads\/2025\/11\/Ventura-dos-1-359x226.jpg\" alt=\"\u00a1Exclusivo! Luis Ventura cont\u00f3 por qu\u00e9 Jorge Rial le tiene miedo: \u201cMe quiere borrar porque\u2026\u201d\" class=\"mt-image\" loading=\"lazy\" \/><\/div>\n<h5 class=\"mt-title\">\u00a1Exclusivo! Luis Ventura cont\u00f3 por qu\u00e9 Jorge Rial le tiene miedo: \u201cMe quiere borrar porque\u2026\u201d<\/h5>\n<\/div>\n<p><\/a><\/div>\n<p>Lo que est\u00e1 claro es que <strong>Wanda<\/strong> hizo un fuerte movimiento. Sabiendo que horas despu\u00e9s ser\u00eda <strong><a href=\"https:\/\/www.paparazzi.com.ar\/romances\/el-acuerdo-de-valentina-cervantes-por-sus-hijos-con-enzo-fernandez-tras-la-pelea-con-wanda-nara\/\">Icardi<\/a><\/strong> junto a la <strong>China<\/strong> quienes llegar\u00edan al pa\u00eds, la medi\u00e1tica decidi\u00f3 plantar bandera y sacar varios trapitos al sol. Sin ir m\u00e1s lejos, reclamar la cuota alimentaria y diferentes gastos de los que ella se est\u00e1 haciendo cargo sola de sus hijas.<\/p>\n<h2 class=\"wp-block-heading\">EL POSTEO DE WANDA NARA ANTE LAS CR\u00cdTICAS QUE RECIBI\u00d3 POR SU ROL DE MADRE<\/h2>\n<p>Sin embargo, empez\u00f3 a recibir muchos cuestionamientos. Y a trav\u00e9s de su cuenta de X, <strong>Wanda<\/strong> no titube\u00f3 en lanzar un crudo mensaje contra aquellos que le vienen arrojando hate. <em>\u201cNadie me va a ense\u00f1ar a ser mam\u00e1, si hay algo que soy es muy buena cuidando, haci\u00e9ndome cargo y educando\u201d<\/em>, comenz\u00f3 escribiendo.<\/p>\n<p>Por otro lado, aclar\u00f3 qu\u00e9 sucedi\u00f3 con sus hijas <strong>Isabella<\/strong> y <strong>Francesca<\/strong> mientras ella apuntaba contra <strong>Icardi<\/strong> en el escenario. <em>\u201cMis hijas solo vieron mi canci\u00f3n y estuvieron con amiguitas de su edad en mi camar\u00edn donde no se escucha ni se ve nada\u201d<\/em>.<\/p>\n<div class=\"mt-box \">\n<h4 class=\"mt-heading\">Mir\u00e1 Tambi\u00e9n<\/h4>\n<p><a href=\"https:\/\/www.paparazzi.com.ar\/romances\/wanda-nara-recibio-la-peor-noticia-de-la-china-suarez-por-sus-hijas-y-el-escandalo-es-total-el-juez-ya-firmo-que\/\"><\/p>\n<div class=\"mt-content\">\n<div class=\"mt-image-container\"><img decoding=\"async\" src=\"https:\/\/www.paparazzi.com.ar\/wp-content\/uploads\/2025\/06\/China-Suarez-Wanda-Nara-Mauro-Icardi.jpg.webp\" alt=\"Wanda Nara recibi\u00f3 la peor noticia de la China Su\u00e1rez por sus hijas y el esc\u00e1ndalo es total: \u201cEl juez ya firm\u00f3 que\u2026\u201d\" class=\"mt-image\" loading=\"lazy\" \/><\/div>\n<h5 class=\"mt-title\">Wanda Nara recibi\u00f3 la peor noticia de la China Su\u00e1rez por sus hijas y el esc\u00e1ndalo es total: \u201cEl juez ya firm\u00f3 que\u2026\u201d<\/h5>\n<\/div>\n<p><\/a><\/div>\n<p>Y sentenci\u00f3: <em>\u201cA los que quieren instalar mentiras como siempre, trabajen de algo m\u00e1s digno que pedir dinero a un pap\u00e1 que hace 13 meses no se hace cargo de sus obligaciones para ensuciar a una mam\u00e1 que s\u00ed se ocupa de todo\u201d<\/em>. Definitivamente, esto reci\u00e9n arranca y ahora habr\u00e1 que ver c\u00f3mo se da el reencuentro de <strong>Mauro<\/strong> con las ni\u00f1as, estipulado para este martes 11 de noviembre en horas del mediod\u00eda.<\/p>\n<figure class=\"wp-block-image size-large\"><img decoding=\"async\" src=\"https:\/\/www.paparazzi.com.ar\/wp-content\/uploads\/2025\/11\/wanda-nara-1-1024x948.jpeg.webp\" loading=\"lazy\" alt=\"\" class=\"wp-image-452451\" \/><\/figure>\n<div class=\"mt-box \">\n<h4 class=\"mt-heading\">Mir\u00e1 Tambi\u00e9n<\/h4>\n<p><a href=\"https:\/\/www.paparazzi.com.ar\/romances\/el-polemico-regalo-que-recibio-wanda-nara-de-su-novio-tras-proponerle-casamiento-muy-celoso\/\"><\/p>\n<div class=\"mt-content\">\n<div class=\"mt-image-container\"><img decoding=\"async\" src=\"https:\/\/www.paparazzi.com.ar\/wp-content\/uploads\/2025\/10\/Wanda-nara-Martin-migueles-1-359x226.jpg\" alt=\"El pol\u00e9mico regalo que recibi\u00f3 Wanda Nara de su novio tras proponerle casamiento: \u201cMuy celoso\u201d\" class=\"mt-image\" loading=\"lazy\" \/><\/div>\n<h5 class=\"mt-title\">El pol\u00e9mico regalo que recibi\u00f3 Wanda Nara de su novio tras proponerle casamiento: \u201cMuy celoso\u201d<\/h5>\n<\/div>\n<p><\/a><\/div>\n<div class=\"mt-box \">\n<h4 class=\"mt-heading\">Mir\u00e1 Tambi\u00e9n<\/h4>\n<p><a href=\"https:\/\/www.paparazzi.com.ar\/romances\/el-acuerdo-de-valentina-cervantes-por-sus-hijos-con-enzo-fernandez-tras-la-pelea-con-wanda-nara\/\"><\/p>\n<div class=\"mt-content\">\n<div class=\"mt-image-container\"><img decoding=\"async\" src=\"https:\/\/www.paparazzi.com.ar\/wp-content\/uploads\/2025\/11\/Valentina-Cervantes-Enzo-Fernandez-Wanda-Nara-359x226.jpg\" alt=\"El acuerdo de Valentina Cervantes por sus hijos con Enzo Fern\u00e1ndez tras la pelea con Wanda Nara\" class=\"mt-image\" loading=\"lazy\" \/><\/div>\n<h5 class=\"mt-title\">El acuerdo de Valentina Cervantes por sus hijos con Enzo Fern\u00e1ndez tras la pelea con Wanda Nara<\/h5>\n<\/div>\n<p><\/a><\/div>\n<p>The post <a href=\"https:\/\/www.paparazzi.com.ar\/teve\/la-furia-de-wanda-nara-por-el-trato-que-tiene-con-sus-hijas-nadie-me-va-a-ensenar-a-ser-mama\/\">La furia de Wanda Nara por el trato que tiene con sus hijas: \u201cNadie me va a ense\u00f1ar a ser mam\u00e1&#8230;\u201d<\/a> appeared first on <a href=\"https:\/\/www.paparazzi.com.ar\">Revista Paparazzi<\/a>.<\/p>\n","protected":false},"excerpt":{"rendered":"<p>La llegada de la China Su\u00e1rez y Mauro Icardi a la Argentina desat\u00f3 un nuevo<\/p>\n","protected":false},"author":0,"featured_media":9278,"comment_status":"","ping_status":"","sticky":false,"template":"","format":"standard","meta":{"footnotes":""},"categories":[11],"tags":[],"class_list":["post-9277","post","type-post","status-publish","format-standard","has-post-thumbnail","hentry","category-destacadas"],"yoast_head":"<!-- This site is optimized with the Yoast SEO plugin v27.4 - https:\/\/yoast.com\/product\/yoast-seo-wordpress\/ -->\n<title>La furia de Wanda Nara por el trato que tiene con sus hijas: \u201cNadie me va a ense\u00f1ar a ser mam\u00e1...\u201d - Fm Gente<\/title>\n<meta name=\"robots\" content=\"index, follow, max-snippet:-1, max-image-preview:large, max-video-preview:-1\" \/>\n<link rel=\"canonical\" href=\"https:\/\/fmgente.com.ar\/web\/la-furia-de-wanda-nara-por-el-trato-que-tiene-con-sus-hijas-nadie-me-va-a-ensenar-a-ser-mama\/\" \/>\n<meta property=\"og:locale\" content=\"es_ES\" \/>\n<meta property=\"og:type\" content=\"article\" \/>\n<meta property=\"og:title\" content=\"La furia de Wanda Nara por el trato que tiene con sus hijas: \u201cNadie me va a ense\u00f1ar a ser mam\u00e1...\u201d - Fm Gente\" \/>\n<meta property=\"og:description\" content=\"La llegada de la China Su\u00e1rez y Mauro Icardi a la Argentina desat\u00f3 un nuevo\" \/>\n<meta property=\"og:url\" content=\"https:\/\/fmgente.com.ar\/web\/la-furia-de-wanda-nara-por-el-trato-que-tiene-con-sus-hijas-nadie-me-va-a-ensenar-a-ser-mama\/\" \/>\n<meta property=\"og:site_name\" content=\"Fm Gente\" \/>\n<meta property=\"article:published_time\" content=\"2025-11-10T22:05:12+00:00\" \/>\n<meta property=\"og:image\" content=\"https:\/\/fmgente.com.ar\/web\/wp-content\/uploads\/2025\/11\/Ventura-dos-1-359x226-34.jpg\" \/>\n\t<meta property=\"og:image:width\" content=\"359\" \/>\n\t<meta property=\"og:image:height\" content=\"226\" \/>\n\t<meta property=\"og:image:type\" content=\"image\/jpeg\" \/>\n<meta name=\"twitter:card\" content=\"summary_large_image\" \/>\n<meta name=\"twitter:label1\" content=\"Tiempo de lectura\" \/>\n\t<meta name=\"twitter:data1\" content=\"3 minutos\" \/>\n<script type=\"application\/ld+json\" class=\"yoast-schema-graph\">{\"@context\":\"https:\\\/\\\/schema.org\",\"@graph\":[{\"@type\":\"Article\",\"@id\":\"https:\\\/\\\/fmgente.com.ar\\\/web\\\/la-furia-de-wanda-nara-por-el-trato-que-tiene-con-sus-hijas-nadie-me-va-a-ensenar-a-ser-mama\\\/#article\",\"isPartOf\":{\"@id\":\"https:\\\/\\\/fmgente.com.ar\\\/web\\\/la-furia-de-wanda-nara-por-el-trato-que-tiene-con-sus-hijas-nadie-me-va-a-ensenar-a-ser-mama\\\/\"},\"author\":{\"name\":\"\",\"@id\":\"\"},\"headline\":\"La furia de Wanda Nara por el trato que tiene con sus hijas: \u201cNadie me va a ense\u00f1ar a ser mam\u00e1&#8230;\u201d\",\"datePublished\":\"2025-11-10T22:05:12+00:00\",\"mainEntityOfPage\":{\"@id\":\"https:\\\/\\\/fmgente.com.ar\\\/web\\\/la-furia-de-wanda-nara-por-el-trato-que-tiene-con-sus-hijas-nadie-me-va-a-ensenar-a-ser-mama\\\/\"},\"wordCount\":610,\"publisher\":{\"@id\":\"https:\\\/\\\/fmgente.com.ar\\\/web\\\/#organization\"},\"image\":{\"@id\":\"https:\\\/\\\/fmgente.com.ar\\\/web\\\/la-furia-de-wanda-nara-por-el-trato-que-tiene-con-sus-hijas-nadie-me-va-a-ensenar-a-ser-mama\\\/#primaryimage\"},\"thumbnailUrl\":\"https:\\\/\\\/fmgente.com.ar\\\/web\\\/wp-content\\\/uploads\\\/2025\\\/11\\\/Ventura-dos-1-359x226-34.jpg\",\"articleSection\":[\"DESTACADAS\"],\"inLanguage\":\"es\"},{\"@type\":\"WebPage\",\"@id\":\"https:\\\/\\\/fmgente.com.ar\\\/web\\\/la-furia-de-wanda-nara-por-el-trato-que-tiene-con-sus-hijas-nadie-me-va-a-ensenar-a-ser-mama\\\/\",\"url\":\"https:\\\/\\\/fmgente.com.ar\\\/web\\\/la-furia-de-wanda-nara-por-el-trato-que-tiene-con-sus-hijas-nadie-me-va-a-ensenar-a-ser-mama\\\/\",\"name\":\"La furia de Wanda Nara por el trato que tiene con sus hijas: \u201cNadie me va a ense\u00f1ar a ser mam\u00e1...\u201d - Fm Gente\",\"isPartOf\":{\"@id\":\"https:\\\/\\\/fmgente.com.ar\\\/web\\\/#website\"},\"primaryImageOfPage\":{\"@id\":\"https:\\\/\\\/fmgente.com.ar\\\/web\\\/la-furia-de-wanda-nara-por-el-trato-que-tiene-con-sus-hijas-nadie-me-va-a-ensenar-a-ser-mama\\\/#primaryimage\"},\"image\":{\"@id\":\"https:\\\/\\\/fmgente.com.ar\\\/web\\\/la-furia-de-wanda-nara-por-el-trato-que-tiene-con-sus-hijas-nadie-me-va-a-ensenar-a-ser-mama\\\/#primaryimage\"},\"thumbnailUrl\":\"https:\\\/\\\/fmgente.com.ar\\\/web\\\/wp-content\\\/uploads\\\/2025\\\/11\\\/Ventura-dos-1-359x226-34.jpg\",\"datePublished\":\"2025-11-10T22:05:12+00:00\",\"inLanguage\":\"es\",\"potentialAction\":[{\"@type\":\"ReadAction\",\"target\":[\"https:\\\/\\\/fmgente.com.ar\\\/web\\\/la-furia-de-wanda-nara-por-el-trato-que-tiene-con-sus-hijas-nadie-me-va-a-ensenar-a-ser-mama\\\/\"]}]},{\"@type\":\"ImageObject\",\"inLanguage\":\"es\",\"@id\":\"https:\\\/\\\/fmgente.com.ar\\\/web\\\/la-furia-de-wanda-nara-por-el-trato-que-tiene-con-sus-hijas-nadie-me-va-a-ensenar-a-ser-mama\\\/#primaryimage\",\"url\":\"https:\\\/\\\/fmgente.com.ar\\\/web\\\/wp-content\\\/uploads\\\/2025\\\/11\\\/Ventura-dos-1-359x226-34.jpg\",\"contentUrl\":\"https:\\\/\\\/fmgente.com.ar\\\/web\\\/wp-content\\\/uploads\\\/2025\\\/11\\\/Ventura-dos-1-359x226-34.jpg\",\"width\":359,\"height\":226},{\"@type\":\"WebSite\",\"@id\":\"https:\\\/\\\/fmgente.com.ar\\\/web\\\/#website\",\"url\":\"https:\\\/\\\/fmgente.com.ar\\\/web\\\/\",\"name\":\"Fm Gente\",\"description\":\"- Jes\u00fas Mar\u00eda\",\"publisher\":{\"@id\":\"https:\\\/\\\/fmgente.com.ar\\\/web\\\/#organization\"},\"potentialAction\":[{\"@type\":\"SearchAction\",\"target\":{\"@type\":\"EntryPoint\",\"urlTemplate\":\"https:\\\/\\\/fmgente.com.ar\\\/web\\\/?s={search_term_string}\"},\"query-input\":{\"@type\":\"PropertyValueSpecification\",\"valueRequired\":true,\"valueName\":\"search_term_string\"}}],\"inLanguage\":\"es\"},{\"@type\":\"Organization\",\"@id\":\"https:\\\/\\\/fmgente.com.ar\\\/web\\\/#organization\",\"name\":\"Fm Gente\",\"url\":\"https:\\\/\\\/fmgente.com.ar\\\/web\\\/\",\"logo\":{\"@type\":\"ImageObject\",\"inLanguage\":\"es\",\"@id\":\"https:\\\/\\\/fmgente.com.ar\\\/web\\\/#\\\/schema\\\/logo\\\/image\\\/\",\"url\":\"https:\\\/\\\/fmgente.com.ar\\\/web\\\/wp-content\\\/uploads\\\/2023\\\/07\\\/cropped-cropped-logo-sombra2.png\",\"contentUrl\":\"https:\\\/\\\/fmgente.com.ar\\\/web\\\/wp-content\\\/uploads\\\/2023\\\/07\\\/cropped-cropped-logo-sombra2.png\",\"width\":1782,\"height\":1782,\"caption\":\"Fm Gente\"},\"image\":{\"@id\":\"https:\\\/\\\/fmgente.com.ar\\\/web\\\/#\\\/schema\\\/logo\\\/image\\\/\"}}]}<\/script>\n<!-- \/ Yoast SEO plugin. -->","yoast_head_json":{"title":"La furia de Wanda Nara por el trato que tiene con sus hijas: \u201cNadie me va a ense\u00f1ar a ser mam\u00e1...\u201d - Fm Gente","robots":{"index":"index","follow":"follow","max-snippet":"max-snippet:-1","max-image-preview":"max-image-preview:large","max-video-preview":"max-video-preview:-1"},"canonical":"https:\/\/fmgente.com.ar\/web\/la-furia-de-wanda-nara-por-el-trato-que-tiene-con-sus-hijas-nadie-me-va-a-ensenar-a-ser-mama\/","og_locale":"es_ES","og_type":"article","og_title":"La furia de Wanda Nara por el trato que tiene con sus hijas: \u201cNadie me va a ense\u00f1ar a ser mam\u00e1...\u201d - Fm Gente","og_description":"La llegada de la China Su\u00e1rez y Mauro Icardi a la Argentina desat\u00f3 un nuevo","og_url":"https:\/\/fmgente.com.ar\/web\/la-furia-de-wanda-nara-por-el-trato-que-tiene-con-sus-hijas-nadie-me-va-a-ensenar-a-ser-mama\/","og_site_name":"Fm Gente","article_published_time":"2025-11-10T22:05:12+00:00","og_image":[{"width":359,"height":226,"url":"https:\/\/fmgente.com.ar\/web\/wp-content\/uploads\/2025\/11\/Ventura-dos-1-359x226-34.jpg","type":"image\/jpeg"}],"twitter_card":"summary_large_image","twitter_misc":{"Tiempo de lectura":"3 minutos"},"schema":{"@context":"https:\/\/schema.org","@graph":[{"@type":"Article","@id":"https:\/\/fmgente.com.ar\/web\/la-furia-de-wanda-nara-por-el-trato-que-tiene-con-sus-hijas-nadie-me-va-a-ensenar-a-ser-mama\/#article","isPartOf":{"@id":"https:\/\/fmgente.com.ar\/web\/la-furia-de-wanda-nara-por-el-trato-que-tiene-con-sus-hijas-nadie-me-va-a-ensenar-a-ser-mama\/"},"author":{"name":"","@id":""},"headline":"La furia de Wanda Nara por el trato que tiene con sus hijas: \u201cNadie me va a ense\u00f1ar a ser mam\u00e1&#8230;\u201d","datePublished":"2025-11-10T22:05:12+00:00","mainEntityOfPage":{"@id":"https:\/\/fmgente.com.ar\/web\/la-furia-de-wanda-nara-por-el-trato-que-tiene-con-sus-hijas-nadie-me-va-a-ensenar-a-ser-mama\/"},"wordCount":610,"publisher":{"@id":"https:\/\/fmgente.com.ar\/web\/#organization"},"image":{"@id":"https:\/\/fmgente.com.ar\/web\/la-furia-de-wanda-nara-por-el-trato-que-tiene-con-sus-hijas-nadie-me-va-a-ensenar-a-ser-mama\/#primaryimage"},"thumbnailUrl":"https:\/\/fmgente.com.ar\/web\/wp-content\/uploads\/2025\/11\/Ventura-dos-1-359x226-34.jpg","articleSection":["DESTACADAS"],"inLanguage":"es"},{"@type":"WebPage","@id":"https:\/\/fmgente.com.ar\/web\/la-furia-de-wanda-nara-por-el-trato-que-tiene-con-sus-hijas-nadie-me-va-a-ensenar-a-ser-mama\/","url":"https:\/\/fmgente.com.ar\/web\/la-furia-de-wanda-nara-por-el-trato-que-tiene-con-sus-hijas-nadie-me-va-a-ensenar-a-ser-mama\/","name":"La furia de Wanda Nara por el trato que tiene con sus hijas: \u201cNadie me va a ense\u00f1ar a ser mam\u00e1...\u201d - Fm Gente","isPartOf":{"@id":"https:\/\/fmgente.com.ar\/web\/#website"},"primaryImageOfPage":{"@id":"https:\/\/fmgente.com.ar\/web\/la-furia-de-wanda-nara-por-el-trato-que-tiene-con-sus-hijas-nadie-me-va-a-ensenar-a-ser-mama\/#primaryimage"},"image":{"@id":"https:\/\/fmgente.com.ar\/web\/la-furia-de-wanda-nara-por-el-trato-que-tiene-con-sus-hijas-nadie-me-va-a-ensenar-a-ser-mama\/#primaryimage"},"thumbnailUrl":"https:\/\/fmgente.com.ar\/web\/wp-content\/uploads\/2025\/11\/Ventura-dos-1-359x226-34.jpg","datePublished":"2025-11-10T22:05:12+00:00","inLanguage":"es","potentialAction":[{"@type":"ReadAction","target":["https:\/\/fmgente.com.ar\/web\/la-furia-de-wanda-nara-por-el-trato-que-tiene-con-sus-hijas-nadie-me-va-a-ensenar-a-ser-mama\/"]}]},{"@type":"ImageObject","inLanguage":"es","@id":"https:\/\/fmgente.com.ar\/web\/la-furia-de-wanda-nara-por-el-trato-que-tiene-con-sus-hijas-nadie-me-va-a-ensenar-a-ser-mama\/#primaryimage","url":"https:\/\/fmgente.com.ar\/web\/wp-content\/uploads\/2025\/11\/Ventura-dos-1-359x226-34.jpg","contentUrl":"https:\/\/fmgente.com.ar\/web\/wp-content\/uploads\/2025\/11\/Ventura-dos-1-359x226-34.jpg","width":359,"height":226},{"@type":"WebSite","@id":"https:\/\/fmgente.com.ar\/web\/#website","url":"https:\/\/fmgente.com.ar\/web\/","name":"Fm Gente","description":"- Jes\u00fas Mar\u00eda","publisher":{"@id":"https:\/\/fmgente.com.ar\/web\/#organization"},"potentialAction":[{"@type":"SearchAction","target":{"@type":"EntryPoint","urlTemplate":"https:\/\/fmgente.com.ar\/web\/?s={search_term_string}"},"query-input":{"@type":"PropertyValueSpecification","valueRequired":true,"valueName":"search_term_string"}}],"inLanguage":"es"},{"@type":"Organization","@id":"https:\/\/fmgente.com.ar\/web\/#organization","name":"Fm Gente","url":"https:\/\/fmgente.com.ar\/web\/","logo":{"@type":"ImageObject","inLanguage":"es","@id":"https:\/\/fmgente.com.ar\/web\/#\/schema\/logo\/image\/","url":"https:\/\/fmgente.com.ar\/web\/wp-content\/uploads\/2023\/07\/cropped-cropped-logo-sombra2.png","contentUrl":"https:\/\/fmgente.com.ar\/web\/wp-content\/uploads\/2023\/07\/cropped-cropped-logo-sombra2.png","width":1782,"height":1782,"caption":"Fm Gente"},"image":{"@id":"https:\/\/fmgente.com.ar\/web\/#\/schema\/logo\/image\/"}}]}},"_links":{"self":[{"href":"https:\/\/fmgente.com.ar\/web\/wp-json\/wp\/v2\/posts\/9277","targetHints":{"allow":["GET"]}}],"collection":[{"href":"https:\/\/fmgente.com.ar\/web\/wp-json\/wp\/v2\/posts"}],"about":[{"href":"https:\/\/fmgente.com.ar\/web\/wp-json\/wp\/v2\/types\/post"}],"replies":[{"embeddable":true,"href":"https:\/\/fmgente.com.ar\/web\/wp-json\/wp\/v2\/comments?post=9277"}],"version-history":[{"count":0,"href":"https:\/\/fmgente.com.ar\/web\/wp-json\/wp\/v2\/posts\/9277\/revisions"}],"wp:featuredmedia":[{"embeddable":true,"href":"https:\/\/fmgente.com.ar\/web\/wp-json\/wp\/v2\/media\/9278"}],"wp:attachment":[{"href":"https:\/\/fmgente.com.ar\/web\/wp-json\/wp\/v2\/media?parent=9277"}],"wp:term":[{"taxonomy":"category","embeddable":true,"href":"https:\/\/fmgente.com.ar\/web\/wp-json\/wp\/v2\/categories?post=9277"},{"taxonomy":"post_tag","embeddable":true,"href":"https:\/\/fmgente.com.ar\/web\/wp-json\/wp\/v2\/tags?post=9277"}],"curies":[{"name":"wp","href":"https:\/\/api.w.org\/{rel}","templated":true}]}}