{"id":9275,"date":"2025-11-10T19:05:12","date_gmt":"2025-11-10T22:05:12","guid":{"rendered":"https:\/\/fmgente.com.ar\/el-durisimo-mensaje-que-lourdes-fernandez-publico-contra-su-ex-y-que-despues-borro\/"},"modified":"2025-11-10T19:05:12","modified_gmt":"2025-11-10T22:05:12","slug":"el-durisimo-mensaje-que-lourdes-fernandez-publico-contra-su-ex-y-que-despues-borro","status":"publish","type":"post","link":"https:\/\/fmgente.com.ar\/web\/el-durisimo-mensaje-que-lourdes-fernandez-publico-contra-su-ex-y-que-despues-borro\/","title":{"rendered":"El dur\u00edsimo mensaje que Lourdes Fern\u00e1ndez public\u00f3 contra su ex y que despu\u00e9s borr\u00f3"},"content":{"rendered":"<p>En las \u00faltimas horas, <strong><a href=\"https:\/\/www.paparazzi.com.ar\/tag\/lourdes-fernandez\/\">Lourdes Fern\u00e1ndez<\/a><\/strong> volvi\u00f3 a quedar en el centro de la escena tras publicar en sus redes un mensaje donde desment\u00eda ser querellante en la causa contra su expareja, <strong>Leandro Garc\u00eda G\u00f3mez<\/strong>. La artista subi\u00f3 a sus historias la captura de una nota period\u00edstica y la neg\u00f3 de manera directa. Sin embargo, la publicaci\u00f3n estuvo online apenas unos minutos antes de ser eliminada, lo que encendi\u00f3 especulaciones y an\u00e1lisis en televisi\u00f3n, incluyendo comentarios del periodista <strong>Gustavo M\u00e9ndez<\/strong> y la influencer <strong>Ioja<\/strong>.<\/p>\n<p>La reacci\u00f3n en redes fue inmediata. Muchos vieron la publicaci\u00f3n y desaparici\u00f3n como una se\u00f1al contradictoria. En la historia, la cantante hab\u00eda escrito de forma categ\u00f3rica: <em>\u201cEsto no es cierto\u201d<\/em>. El gesto, breve pero contundente, dej\u00f3 flotando dudas sobre motivaciones, presiones o simplemente una marcha atr\u00e1s en caliente.<\/p>\n<p>La conversaci\u00f3n pas\u00f3 r\u00e1pidamente a la pantalla chica, donde <strong>Gustavo M\u00e9ndez<\/strong> no solo mostr\u00f3 la captura del posteo, sino que cont\u00f3 que <strong><a href=\"https:\/\/www.paparazzi.com.ar\/teve\/se-filtro-la-escalofriante-amenaza-del-ex-de-lowrdez-de-bandana-gorda-te-voy-a-volar-la-cabeza-y\/\">Ioja<\/a><\/strong>, amiga cercana de la cantante, habr\u00eda deslizado la posibilidad de que, una vez superada la situaci\u00f3n judicial, un acercamiento entre la pareja no estar\u00eda del todo descartado. Ese comentario encendi\u00f3 a\u00fan m\u00e1s la pol\u00e9mica.<\/p>\n<div class=\"mt-box \">\n<h4 class=\"mt-heading\">Mir\u00e1 Tambi\u00e9n<\/h4>\n<p><a href=\"https:\/\/www.paparazzi.com.ar\/teve\/el-rumor-del-romance-mas-escandaloso-que-se-confirmo-en-la-ppz-fest\/\"><\/p>\n<div class=\"mt-content\">\n<div class=\"mt-image-container\"><img decoding=\"async\" src=\"https:\/\/www.paparazzi.com.ar\/wp-content\/uploads\/2025\/10\/Zoe-Bogach-ok-ok-359x226.jpg\" alt=\"El rumor del romance m\u00e1s escandaloso que se confirm\u00f3 en la PPZ Fest\" class=\"mt-image\" loading=\"lazy\" \/><\/div>\n<h5 class=\"mt-title\">El rumor del romance m\u00e1s escandaloso que se confirm\u00f3 en la PPZ Fest<\/h5>\n<\/div>\n<p><\/a><\/div>\n<p>La eliminaci\u00f3n del mensaje gener\u00f3 teor\u00edas de todos los colores. Algunos interpretaron la decisi\u00f3n como una estrategia para evitar quedar involucrada en cuestiones legales. Otros prefirieron leerlo como una se\u00f1al emocional, m\u00e1s \u00edntima y menos racional, vinculada a v\u00ednculos que a\u00fan no estar\u00edan del todo resueltos.<\/p>\n<h2 class=\"wp-block-heading\">EL MOMENTO DE LOURDES FERN\u00c1NDEZ<\/h2>\n<p>En paralelo, el entorno de <strong><a href=\"https:\/\/www.paparazzi.com.ar\/teve\/prision-preventiva-y-embargo-millonario-la-condena-que-recibio-el-ex-de-lourdes-fernandez\/\">Lourdes Fern\u00e1ndez<\/a><\/strong> mantiene absoluto hermetismo. No hubo comunicados ni aclaraciones posteriores, mientras la situaci\u00f3n de <strong>Leandro Garc\u00eda G\u00f3mez<\/strong> contin\u00faa bajo la \u00f3rbita judicial. El contexto no podr\u00eda ser m\u00e1s delicado: la cantante atraviesa un proceso personal intenso y cualquier gesto p\u00fablico se amplifica al m\u00e1ximo.<\/p>\n<p>El eco del mensaje sigue circulando en capturas, comentarios y programas de espect\u00e1culos, recordando aquella frase que, aunque borrada, qued\u00f3 resonando en todos lados: <em>\u201ctal vez cuando \u00e9l salga de la detenci\u00f3n, no descarta que vuelvan\u201d<\/em>.<\/p>\n<div class=\"mt-box \">\n<h4 class=\"mt-heading\">Mir\u00e1 Tambi\u00e9n<\/h4>\n<p><a href=\"https:\/\/www.paparazzi.com.ar\/romances\/empezo-el-escandalo-mauro-icardi-y-la-china-suarez-ya-estan-en-la-argentina-la-tremenda-chicana-a-wanda-nara\/\"><\/p>\n<div class=\"mt-content\">\n<div class=\"mt-image-container\"><img decoding=\"async\" src=\"https:\/\/www.paparazzi.com.ar\/wp-content\/uploads\/2025\/11\/maruro-icardi-china-wanda-nara-359x226.jpg\" alt=\"\u00a1Empez\u00f3 el esc\u00e1ndalo! Mauro Icardi y la China Su\u00e1rez ya est\u00e1n en la Argentina: la tremenda chicana a Wanda Nara\" class=\"mt-image\" loading=\"lazy\" \/><\/div>\n<h5 class=\"mt-title\">\u00a1Empez\u00f3 el esc\u00e1ndalo! Mauro Icardi y la China Su\u00e1rez ya est\u00e1n en la Argentina: la tremenda chicana a Wanda Nara<\/h5>\n<\/div>\n<p><\/a><\/div>\n<div class=\"mt-box \">\n<h4 class=\"mt-heading\">Mir\u00e1 Tambi\u00e9n<\/h4>\n<p><a href=\"https:\/\/www.paparazzi.com.ar\/teve\/jorge-rial-tomo-una-decision-clave-que-le-cambiara-la-vida-para-siempre-me-voy-a-los-64-anos-necesito-descansar\/\"><\/p>\n<div class=\"mt-content\">\n<div class=\"mt-image-container\"><img decoding=\"async\" src=\"https:\/\/www.paparazzi.com.ar\/wp-content\/uploads\/2025\/11\/Rial-1-359x226.jpg\" alt=\"Jorge Rial tom\u00f3 una decisi\u00f3n clave que le cambiar\u00e1 la vida para siempre: &quot;Me voy, a los 64 a\u00f1os necesito descansar&quot;\" class=\"mt-image\" loading=\"lazy\" \/><\/div>\n<h5 class=\"mt-title\">Jorge Rial tom\u00f3 una decisi\u00f3n clave que le cambiar\u00e1 la vida para siempre: \u00abMe voy, a los 64 a\u00f1os necesito descansar\u00bb<\/h5>\n<\/div>\n<p><\/a><\/div>\n<p>The post <a href=\"https:\/\/www.paparazzi.com.ar\/teve\/el-durisimo-mensaje-que-lourdes-fernandez-publico-contra-su-ex-y-que-despues-borro\/\">El dur\u00edsimo mensaje que Lourdes Fern\u00e1ndez public\u00f3 contra su ex y que despu\u00e9s borr\u00f3<\/a> appeared first on <a href=\"https:\/\/www.paparazzi.com.ar\">Revista Paparazzi<\/a>.<\/p>\n","protected":false},"excerpt":{"rendered":"<p>En las \u00faltimas horas, Lourdes Fern\u00e1ndez volvi\u00f3 a quedar en el centro de la escena<\/p>\n","protected":false},"author":0,"featured_media":9276,"comment_status":"","ping_status":"","sticky":false,"template":"","format":"standard","meta":{"footnotes":""},"categories":[11],"tags":[],"class_list":["post-9275","post","type-post","status-publish","format-standard","has-post-thumbnail","hentry","category-destacadas"],"yoast_head":"<!-- This site is optimized with the Yoast SEO plugin v27.4 - https:\/\/yoast.com\/product\/yoast-seo-wordpress\/ -->\n<title>El dur\u00edsimo mensaje que Lourdes Fern\u00e1ndez public\u00f3 contra su ex y que despu\u00e9s borr\u00f3 - Fm Gente<\/title>\n<meta name=\"robots\" content=\"index, follow, max-snippet:-1, max-image-preview:large, max-video-preview:-1\" \/>\n<link rel=\"canonical\" href=\"https:\/\/fmgente.com.ar\/web\/el-durisimo-mensaje-que-lourdes-fernandez-publico-contra-su-ex-y-que-despues-borro\/\" \/>\n<meta property=\"og:locale\" content=\"es_ES\" \/>\n<meta property=\"og:type\" content=\"article\" \/>\n<meta property=\"og:title\" content=\"El dur\u00edsimo mensaje que Lourdes Fern\u00e1ndez public\u00f3 contra su ex y que despu\u00e9s borr\u00f3 - Fm Gente\" \/>\n<meta property=\"og:description\" content=\"En las \u00faltimas horas, Lourdes Fern\u00e1ndez volvi\u00f3 a quedar en el centro de la escena\" \/>\n<meta property=\"og:url\" content=\"https:\/\/fmgente.com.ar\/web\/el-durisimo-mensaje-que-lourdes-fernandez-publico-contra-su-ex-y-que-despues-borro\/\" \/>\n<meta property=\"og:site_name\" content=\"Fm Gente\" \/>\n<meta property=\"article:published_time\" content=\"2025-11-10T22:05:12+00:00\" \/>\n<meta property=\"og:image\" content=\"https:\/\/fmgente.com.ar\/web\/wp-content\/uploads\/2025\/11\/Zoe-Bogach-ok-ok-359x226-65.jpg\" \/>\n\t<meta property=\"og:image:width\" content=\"359\" \/>\n\t<meta property=\"og:image:height\" content=\"226\" \/>\n\t<meta property=\"og:image:type\" content=\"image\/jpeg\" \/>\n<meta name=\"twitter:card\" content=\"summary_large_image\" \/>\n<meta name=\"twitter:label1\" content=\"Tiempo de lectura\" \/>\n\t<meta name=\"twitter:data1\" content=\"2 minutos\" \/>\n<script type=\"application\/ld+json\" class=\"yoast-schema-graph\">{\"@context\":\"https:\\\/\\\/schema.org\",\"@graph\":[{\"@type\":\"Article\",\"@id\":\"https:\\\/\\\/fmgente.com.ar\\\/web\\\/el-durisimo-mensaje-que-lourdes-fernandez-publico-contra-su-ex-y-que-despues-borro\\\/#article\",\"isPartOf\":{\"@id\":\"https:\\\/\\\/fmgente.com.ar\\\/web\\\/el-durisimo-mensaje-que-lourdes-fernandez-publico-contra-su-ex-y-que-despues-borro\\\/\"},\"author\":{\"name\":\"\",\"@id\":\"\"},\"headline\":\"El dur\u00edsimo mensaje que Lourdes Fern\u00e1ndez public\u00f3 contra su ex y que despu\u00e9s borr\u00f3\",\"datePublished\":\"2025-11-10T22:05:12+00:00\",\"mainEntityOfPage\":{\"@id\":\"https:\\\/\\\/fmgente.com.ar\\\/web\\\/el-durisimo-mensaje-que-lourdes-fernandez-publico-contra-su-ex-y-que-despues-borro\\\/\"},\"wordCount\":480,\"publisher\":{\"@id\":\"https:\\\/\\\/fmgente.com.ar\\\/web\\\/#organization\"},\"image\":{\"@id\":\"https:\\\/\\\/fmgente.com.ar\\\/web\\\/el-durisimo-mensaje-que-lourdes-fernandez-publico-contra-su-ex-y-que-despues-borro\\\/#primaryimage\"},\"thumbnailUrl\":\"https:\\\/\\\/fmgente.com.ar\\\/web\\\/wp-content\\\/uploads\\\/2025\\\/11\\\/Zoe-Bogach-ok-ok-359x226-65.jpg\",\"articleSection\":[\"DESTACADAS\"],\"inLanguage\":\"es\"},{\"@type\":\"WebPage\",\"@id\":\"https:\\\/\\\/fmgente.com.ar\\\/web\\\/el-durisimo-mensaje-que-lourdes-fernandez-publico-contra-su-ex-y-que-despues-borro\\\/\",\"url\":\"https:\\\/\\\/fmgente.com.ar\\\/web\\\/el-durisimo-mensaje-que-lourdes-fernandez-publico-contra-su-ex-y-que-despues-borro\\\/\",\"name\":\"El dur\u00edsimo mensaje que Lourdes Fern\u00e1ndez public\u00f3 contra su ex y que despu\u00e9s borr\u00f3 - Fm Gente\",\"isPartOf\":{\"@id\":\"https:\\\/\\\/fmgente.com.ar\\\/web\\\/#website\"},\"primaryImageOfPage\":{\"@id\":\"https:\\\/\\\/fmgente.com.ar\\\/web\\\/el-durisimo-mensaje-que-lourdes-fernandez-publico-contra-su-ex-y-que-despues-borro\\\/#primaryimage\"},\"image\":{\"@id\":\"https:\\\/\\\/fmgente.com.ar\\\/web\\\/el-durisimo-mensaje-que-lourdes-fernandez-publico-contra-su-ex-y-que-despues-borro\\\/#primaryimage\"},\"thumbnailUrl\":\"https:\\\/\\\/fmgente.com.ar\\\/web\\\/wp-content\\\/uploads\\\/2025\\\/11\\\/Zoe-Bogach-ok-ok-359x226-65.jpg\",\"datePublished\":\"2025-11-10T22:05:12+00:00\",\"inLanguage\":\"es\",\"potentialAction\":[{\"@type\":\"ReadAction\",\"target\":[\"https:\\\/\\\/fmgente.com.ar\\\/web\\\/el-durisimo-mensaje-que-lourdes-fernandez-publico-contra-su-ex-y-que-despues-borro\\\/\"]}]},{\"@type\":\"ImageObject\",\"inLanguage\":\"es\",\"@id\":\"https:\\\/\\\/fmgente.com.ar\\\/web\\\/el-durisimo-mensaje-que-lourdes-fernandez-publico-contra-su-ex-y-que-despues-borro\\\/#primaryimage\",\"url\":\"https:\\\/\\\/fmgente.com.ar\\\/web\\\/wp-content\\\/uploads\\\/2025\\\/11\\\/Zoe-Bogach-ok-ok-359x226-65.jpg\",\"contentUrl\":\"https:\\\/\\\/fmgente.com.ar\\\/web\\\/wp-content\\\/uploads\\\/2025\\\/11\\\/Zoe-Bogach-ok-ok-359x226-65.jpg\",\"width\":359,\"height\":226},{\"@type\":\"WebSite\",\"@id\":\"https:\\\/\\\/fmgente.com.ar\\\/web\\\/#website\",\"url\":\"https:\\\/\\\/fmgente.com.ar\\\/web\\\/\",\"name\":\"Fm Gente\",\"description\":\"- Jes\u00fas Mar\u00eda\",\"publisher\":{\"@id\":\"https:\\\/\\\/fmgente.com.ar\\\/web\\\/#organization\"},\"potentialAction\":[{\"@type\":\"SearchAction\",\"target\":{\"@type\":\"EntryPoint\",\"urlTemplate\":\"https:\\\/\\\/fmgente.com.ar\\\/web\\\/?s={search_term_string}\"},\"query-input\":{\"@type\":\"PropertyValueSpecification\",\"valueRequired\":true,\"valueName\":\"search_term_string\"}}],\"inLanguage\":\"es\"},{\"@type\":\"Organization\",\"@id\":\"https:\\\/\\\/fmgente.com.ar\\\/web\\\/#organization\",\"name\":\"Fm Gente\",\"url\":\"https:\\\/\\\/fmgente.com.ar\\\/web\\\/\",\"logo\":{\"@type\":\"ImageObject\",\"inLanguage\":\"es\",\"@id\":\"https:\\\/\\\/fmgente.com.ar\\\/web\\\/#\\\/schema\\\/logo\\\/image\\\/\",\"url\":\"https:\\\/\\\/fmgente.com.ar\\\/web\\\/wp-content\\\/uploads\\\/2023\\\/07\\\/cropped-cropped-logo-sombra2.png\",\"contentUrl\":\"https:\\\/\\\/fmgente.com.ar\\\/web\\\/wp-content\\\/uploads\\\/2023\\\/07\\\/cropped-cropped-logo-sombra2.png\",\"width\":1782,\"height\":1782,\"caption\":\"Fm Gente\"},\"image\":{\"@id\":\"https:\\\/\\\/fmgente.com.ar\\\/web\\\/#\\\/schema\\\/logo\\\/image\\\/\"}}]}<\/script>\n<!-- \/ Yoast SEO plugin. -->","yoast_head_json":{"title":"El dur\u00edsimo mensaje que Lourdes Fern\u00e1ndez public\u00f3 contra su ex y que despu\u00e9s borr\u00f3 - Fm Gente","robots":{"index":"index","follow":"follow","max-snippet":"max-snippet:-1","max-image-preview":"max-image-preview:large","max-video-preview":"max-video-preview:-1"},"canonical":"https:\/\/fmgente.com.ar\/web\/el-durisimo-mensaje-que-lourdes-fernandez-publico-contra-su-ex-y-que-despues-borro\/","og_locale":"es_ES","og_type":"article","og_title":"El dur\u00edsimo mensaje que Lourdes Fern\u00e1ndez public\u00f3 contra su ex y que despu\u00e9s borr\u00f3 - Fm Gente","og_description":"En las \u00faltimas horas, Lourdes Fern\u00e1ndez volvi\u00f3 a quedar en el centro de la escena","og_url":"https:\/\/fmgente.com.ar\/web\/el-durisimo-mensaje-que-lourdes-fernandez-publico-contra-su-ex-y-que-despues-borro\/","og_site_name":"Fm Gente","article_published_time":"2025-11-10T22:05:12+00:00","og_image":[{"width":359,"height":226,"url":"https:\/\/fmgente.com.ar\/web\/wp-content\/uploads\/2025\/11\/Zoe-Bogach-ok-ok-359x226-65.jpg","type":"image\/jpeg"}],"twitter_card":"summary_large_image","twitter_misc":{"Tiempo de lectura":"2 minutos"},"schema":{"@context":"https:\/\/schema.org","@graph":[{"@type":"Article","@id":"https:\/\/fmgente.com.ar\/web\/el-durisimo-mensaje-que-lourdes-fernandez-publico-contra-su-ex-y-que-despues-borro\/#article","isPartOf":{"@id":"https:\/\/fmgente.com.ar\/web\/el-durisimo-mensaje-que-lourdes-fernandez-publico-contra-su-ex-y-que-despues-borro\/"},"author":{"name":"","@id":""},"headline":"El dur\u00edsimo mensaje que Lourdes Fern\u00e1ndez public\u00f3 contra su ex y que despu\u00e9s borr\u00f3","datePublished":"2025-11-10T22:05:12+00:00","mainEntityOfPage":{"@id":"https:\/\/fmgente.com.ar\/web\/el-durisimo-mensaje-que-lourdes-fernandez-publico-contra-su-ex-y-que-despues-borro\/"},"wordCount":480,"publisher":{"@id":"https:\/\/fmgente.com.ar\/web\/#organization"},"image":{"@id":"https:\/\/fmgente.com.ar\/web\/el-durisimo-mensaje-que-lourdes-fernandez-publico-contra-su-ex-y-que-despues-borro\/#primaryimage"},"thumbnailUrl":"https:\/\/fmgente.com.ar\/web\/wp-content\/uploads\/2025\/11\/Zoe-Bogach-ok-ok-359x226-65.jpg","articleSection":["DESTACADAS"],"inLanguage":"es"},{"@type":"WebPage","@id":"https:\/\/fmgente.com.ar\/web\/el-durisimo-mensaje-que-lourdes-fernandez-publico-contra-su-ex-y-que-despues-borro\/","url":"https:\/\/fmgente.com.ar\/web\/el-durisimo-mensaje-que-lourdes-fernandez-publico-contra-su-ex-y-que-despues-borro\/","name":"El dur\u00edsimo mensaje que Lourdes Fern\u00e1ndez public\u00f3 contra su ex y que despu\u00e9s borr\u00f3 - Fm Gente","isPartOf":{"@id":"https:\/\/fmgente.com.ar\/web\/#website"},"primaryImageOfPage":{"@id":"https:\/\/fmgente.com.ar\/web\/el-durisimo-mensaje-que-lourdes-fernandez-publico-contra-su-ex-y-que-despues-borro\/#primaryimage"},"image":{"@id":"https:\/\/fmgente.com.ar\/web\/el-durisimo-mensaje-que-lourdes-fernandez-publico-contra-su-ex-y-que-despues-borro\/#primaryimage"},"thumbnailUrl":"https:\/\/fmgente.com.ar\/web\/wp-content\/uploads\/2025\/11\/Zoe-Bogach-ok-ok-359x226-65.jpg","datePublished":"2025-11-10T22:05:12+00:00","inLanguage":"es","potentialAction":[{"@type":"ReadAction","target":["https:\/\/fmgente.com.ar\/web\/el-durisimo-mensaje-que-lourdes-fernandez-publico-contra-su-ex-y-que-despues-borro\/"]}]},{"@type":"ImageObject","inLanguage":"es","@id":"https:\/\/fmgente.com.ar\/web\/el-durisimo-mensaje-que-lourdes-fernandez-publico-contra-su-ex-y-que-despues-borro\/#primaryimage","url":"https:\/\/fmgente.com.ar\/web\/wp-content\/uploads\/2025\/11\/Zoe-Bogach-ok-ok-359x226-65.jpg","contentUrl":"https:\/\/fmgente.com.ar\/web\/wp-content\/uploads\/2025\/11\/Zoe-Bogach-ok-ok-359x226-65.jpg","width":359,"height":226},{"@type":"WebSite","@id":"https:\/\/fmgente.com.ar\/web\/#website","url":"https:\/\/fmgente.com.ar\/web\/","name":"Fm Gente","description":"- Jes\u00fas Mar\u00eda","publisher":{"@id":"https:\/\/fmgente.com.ar\/web\/#organization"},"potentialAction":[{"@type":"SearchAction","target":{"@type":"EntryPoint","urlTemplate":"https:\/\/fmgente.com.ar\/web\/?s={search_term_string}"},"query-input":{"@type":"PropertyValueSpecification","valueRequired":true,"valueName":"search_term_string"}}],"inLanguage":"es"},{"@type":"Organization","@id":"https:\/\/fmgente.com.ar\/web\/#organization","name":"Fm Gente","url":"https:\/\/fmgente.com.ar\/web\/","logo":{"@type":"ImageObject","inLanguage":"es","@id":"https:\/\/fmgente.com.ar\/web\/#\/schema\/logo\/image\/","url":"https:\/\/fmgente.com.ar\/web\/wp-content\/uploads\/2023\/07\/cropped-cropped-logo-sombra2.png","contentUrl":"https:\/\/fmgente.com.ar\/web\/wp-content\/uploads\/2023\/07\/cropped-cropped-logo-sombra2.png","width":1782,"height":1782,"caption":"Fm Gente"},"image":{"@id":"https:\/\/fmgente.com.ar\/web\/#\/schema\/logo\/image\/"}}]}},"_links":{"self":[{"href":"https:\/\/fmgente.com.ar\/web\/wp-json\/wp\/v2\/posts\/9275","targetHints":{"allow":["GET"]}}],"collection":[{"href":"https:\/\/fmgente.com.ar\/web\/wp-json\/wp\/v2\/posts"}],"about":[{"href":"https:\/\/fmgente.com.ar\/web\/wp-json\/wp\/v2\/types\/post"}],"replies":[{"embeddable":true,"href":"https:\/\/fmgente.com.ar\/web\/wp-json\/wp\/v2\/comments?post=9275"}],"version-history":[{"count":0,"href":"https:\/\/fmgente.com.ar\/web\/wp-json\/wp\/v2\/posts\/9275\/revisions"}],"wp:featuredmedia":[{"embeddable":true,"href":"https:\/\/fmgente.com.ar\/web\/wp-json\/wp\/v2\/media\/9276"}],"wp:attachment":[{"href":"https:\/\/fmgente.com.ar\/web\/wp-json\/wp\/v2\/media?parent=9275"}],"wp:term":[{"taxonomy":"category","embeddable":true,"href":"https:\/\/fmgente.com.ar\/web\/wp-json\/wp\/v2\/categories?post=9275"},{"taxonomy":"post_tag","embeddable":true,"href":"https:\/\/fmgente.com.ar\/web\/wp-json\/wp\/v2\/tags?post=9275"}],"curies":[{"name":"wp","href":"https:\/\/api.w.org\/{rel}","templated":true}]}}