{"id":9273,"date":"2025-11-10T19:05:11","date_gmt":"2025-11-10T22:05:11","guid":{"rendered":"https:\/\/fmgente.com.ar\/impactante-el-hallazgo-en-plena-busqueda-de-los-jubilados-desaparecidos-en-chubut-que-puede-cambiar-todo\/"},"modified":"2025-11-10T19:05:11","modified_gmt":"2025-11-10T22:05:11","slug":"impactante-el-hallazgo-en-plena-busqueda-de-los-jubilados-desaparecidos-en-chubut-que-puede-cambiar-todo","status":"publish","type":"post","link":"https:\/\/fmgente.com.ar\/web\/impactante-el-hallazgo-en-plena-busqueda-de-los-jubilados-desaparecidos-en-chubut-que-puede-cambiar-todo\/","title":{"rendered":"Impactante: el hallazgo en plena b\u00fasqueda de los jubilados desaparecidos en Chubut que puede cambiar todo"},"content":{"rendered":"<p>A casi un mes de la misteriosa desaparici\u00f3n de <strong><a href=\"https:\/\/www.paparazzi.com.ar\/?s=Pedro+Kreder\">Pedro Kreder<\/a><\/strong> y <strong><a href=\"https:\/\/www.paparazzi.com.ar\/?s=Juana+Morales\">Juana Morales<\/a><\/strong>, un nuevo hallazgo renueva las esperanzas de avanzar en la investigaci\u00f3n. La b\u00fasqueda de los jubilados, que desaparecieron en Chubut mientras viajaban desde Comodoro Rivadavia hacia Camarones, entr\u00f3 en una etapa crucial.<\/p>\n<p>Luego de que las autoridades confirmaran el hallazgo de dos objetos que podr\u00edan estar vinculados con la pareja, se desataron nuevas versiones que dan que hablar. El descubrimiento se produjo durante un operativo encabezado por el gobierno provincial, en el que participaron polic\u00edas, bomberos, efectivos del Grupo GEOP, personal de la Divisi\u00f3n B\u00fasqueda de Personas y canes adiestrados. <\/p>\n<p>Los objetos fueron encontrados cerca de una desembocadura mar\u00edtima, tras haber sido arrastrados por el mar, seg\u00fan se inform\u00f3 oficialmente. Una mujer encargada del establecimiento Lamar fue quien guio a los equipos hacia el lugar, donde el operativo se despleg\u00f3 en un radio de cuatro kil\u00f3metros. <\/p>\n<div class=\"mt-box \">\n<h4 class=\"mt-heading\">Mir\u00e1 Tambi\u00e9n<\/h4>\n<p><a href=\"https:\/\/www.paparazzi.com.ar\/internacionales\/exclusivo-las-fotos-de-dua-lipa-en-la-bombonera-viendo-el-superclasico-entre-boca-y-river\/\"><\/p>\n<div class=\"mt-content\">\n<div class=\"mt-image-container\"><img decoding=\"async\" src=\"https:\/\/www.paparazzi.com.ar\/wp-content\/uploads\/2025\/11\/dua-lipa-359x226.png\" alt=\"\u00a1Exclusivo! Las fotos de Dua Lipa en la Bombonera viendo el Supercl\u00e1sico entre Boca y River\" class=\"mt-image\" loading=\"lazy\" \/><\/div>\n<h5 class=\"mt-title\">\u00a1Exclusivo! Las fotos de Dua Lipa en la Bombonera viendo el Supercl\u00e1sico entre Boca y River<\/h5>\n<\/div>\n<p><\/a><\/div>\n<p>Desde all\u00ed, los investigadores trazaron dos cuadr\u00edculas \u2014una hacia el norte y otra hacia el sur\u2014 con el objetivo de cubrir toda la zona costera y revisar zanjones y sectores de dif\u00edcil acceso. A pesar del esfuerzo de las fuerzas que participaron en el operativo, los resultados siguen siendo negativos en cuanto a la localizaci\u00f3n de Pedro y Juana.<\/p>\n<p>La b\u00fasqueda cont\u00f3 con apoyo a\u00e9reo, drones y veh\u00edculos todoterreno para rastrear el terreno irregular que rodea Rocas Coloradas, una de las \u00e1reas m\u00e1s inh\u00f3spitas y extensas de la regi\u00f3n. Semanas atr\u00e1s, la camioneta Toyota Hilux de la pareja hab\u00eda sido hallada en ese mismo sector.<\/p>\n<div class=\"mt-box \">\n<h4 class=\"mt-heading\">Mir\u00e1 Tambi\u00e9n<\/h4>\n<p><a href=\"https:\/\/www.paparazzi.com.ar\/teve\/el-video-final-la-ultimo-imagen-de-los-jubilados-desaparecidos-en-chubut-pedro-kreder-y-juana-morales\/\"><\/p>\n<div class=\"mt-content\">\n<div class=\"mt-image-container\"><img decoding=\"async\" src=\"https:\/\/www.paparazzi.com.ar\/wp-content\/uploads\/2025\/10\/pedro-kreder-juana-ines-morales-359x226.jpg\" alt=\"El video final: la \u00faltimo imagen de los jubilados desaparecidos en Chubut, Pedro Kreder y Juana Morales\" class=\"mt-image\" loading=\"lazy\" \/><\/div>\n<h5 class=\"mt-title\">El video final: la \u00faltimo imagen de los jubilados desaparecidos en Chubut, Pedro Kreder y Juana Morales<\/h5>\n<\/div>\n<p><\/a><\/div>\n<p>Lo m\u00e1s inquietante fue que el veh\u00edculo no presentaba signos de violencia y conservaba las pertenencias personales en su interior. Este detalle, sumado a la desaparici\u00f3n simult\u00e1nea de ambos y la falta de rastros claros, mantiene la investigaci\u00f3n abierta bajo m\u00faltiples hip\u00f3tesis.<\/p>\n<p>El ministro de Seguridad de Chubut, H\u00e9ctor Iturrioz, reconoci\u00f3 recientemente que el operativo pas\u00f3 de una b\u00fasqueda de rescate a una de recuperaci\u00f3n de cuerpos, y confirm\u00f3 que las pericias biol\u00f3gicas y de ADN sobre la camioneta ser\u00e1n determinantes para avanzar en el caso.<\/p>\n<div class=\"mt-box \">\n<h4 class=\"mt-heading\">Mir\u00e1 Tambi\u00e9n<\/h4>\n<p><a href=\"https:\/\/www.paparazzi.com.ar\/teve\/el-dato-desolador-que-confirmaron-sobre-los-jubilados-desaparecidos-en-chubut-se-dirigio-directamente-al-mar\/\"><\/p>\n<div class=\"mt-content\">\n<div class=\"mt-image-container\"><img decoding=\"async\" src=\"https:\/\/www.paparazzi.com.ar\/wp-content\/uploads\/2025\/10\/El-dato-desolador-que-confirmaron-sobre-los-jubilados-desaparecidos-en-Chubut-22Se-dirigio-directamente-al-mar22-359x226.jpg\" alt=\"El dato desolador que confirmaron sobre los jubilados desaparecidos en Chubut: &quot;Se dirigi\u00f3 directamente al mar&quot;\" class=\"mt-image\" loading=\"lazy\" \/><\/div>\n<h5 class=\"mt-title\">El dato desolador que confirmaron sobre los jubilados desaparecidos en Chubut: \u00abSe dirigi\u00f3 directamente al mar\u00bb<\/h5>\n<\/div>\n<p><\/a><\/div>\n<p>Mientras tanto, <a href=\"https:\/\/www.paparazzi.com.ar\/teve\/el-dolor-de-la-hija-de-juana-morales-una-de-los-jubilados-desaparecidos-en-chubut-no-puedo-describir-en-palabras\/\">la familia de Juana y Pedro contin\u00faa acompa\u00f1ando los rastrillajes<\/a>, aferr\u00e1ndose a la esperanza de obtener respuestas. <em>\u201cNo hay un solo d\u00eda en que no pensemos en ellos\u201d<\/em>, expres\u00f3 una de las hijas d\u00edas atr\u00e1s, visiblemente conmovida.<\/p>\n<p>La desaparici\u00f3n de la pareja, vista por \u00faltima vez el 11 de octubre, mantiene en vilo a todo el pa\u00eds y se convirti\u00f3 en uno de los misterios m\u00e1s impactantes del a\u00f1o. Con el hallazgo reciente de los dos objetos, la investigaci\u00f3n podr\u00eda entrar en un nuevo cap\u00edtulo decisivo, donde cada pista es analizada con precisi\u00f3n en busca de la verdad sobre qu\u00e9 pas\u00f3 con los jubilados de Chubut.<\/p>\n<h2 class=\"wp-block-heading\">Las fotos del intenso rastrillaje de los jubilados desaparecidos:<\/h2>\n<figure class=\"wp-block-image size-full\"><img decoding=\"async\" width=\"485\" height=\"715\" src=\"https:\/\/www.paparazzi.com.ar\/wp-content\/uploads\/2025\/11\/image-127.png.webp\" loading=\"lazy\" alt=\"\" class=\"wp-image-452437\" \/><\/figure>\n<figure class=\"wp-block-image size-full\"><img decoding=\"async\" width=\"723\" height=\"405\" src=\"https:\/\/www.paparazzi.com.ar\/wp-content\/uploads\/2025\/11\/image-128.png.webp\" loading=\"lazy\" alt=\"\" class=\"wp-image-452439\" \/><\/figure>\n<figure class=\"wp-block-image size-large\"><img decoding=\"async\" src=\"https:\/\/www.paparazzi.com.ar\/wp-content\/uploads\/2025\/11\/image-129-1024x473.png.webp\" loading=\"lazy\" alt=\"\" class=\"wp-image-452440\" \/><\/figure>\n<figure class=\"wp-block-image size-full\"><img decoding=\"async\" width=\"1024\" height=\"573\" src=\"https:\/\/www.paparazzi.com.ar\/wp-content\/uploads\/2025\/11\/image-130.png.webp\" loading=\"lazy\" alt=\"\" class=\"wp-image-452441\" \/><\/figure>\n<div class=\"mt-box \">\n<h4 class=\"mt-heading\">Mir\u00e1 Tambi\u00e9n<\/h4>\n<p><a href=\"https:\/\/www.paparazzi.com.ar\/teve\/maxima-alerta-en-la-busqueda-de-los-jubilados-desaparecidos-en-chubut-el-peor-de-los-escenarios\/\"><\/p>\n<div class=\"mt-content\">\n<div class=\"mt-image-container\"><img decoding=\"async\" src=\"https:\/\/www.paparazzi.com.ar\/wp-content\/uploads\/2025\/10\/Maxima-alerta-en-la-busqueda-de-los-jubilados-desaparecidos-en-Chubut-22El-peor-de-los-escenarios22-359x226.jpg\" alt=\"M\u00e1xima alerta en la b\u00fasqueda de los jubilados desaparecidos en Chubut: &quot;El peor de los escenarios&quot;\" class=\"mt-image\" loading=\"lazy\" \/><\/div>\n<h5 class=\"mt-title\">M\u00e1xima alerta en la b\u00fasqueda de los jubilados desaparecidos en Chubut: \u00abEl peor de los escenarios\u00bb<\/h5>\n<\/div>\n<p><\/a><\/div>\n<div class=\"mt-box \">\n<h4 class=\"mt-heading\">Mir\u00e1 Tambi\u00e9n<\/h4>\n<p><a href=\"https:\/\/www.paparazzi.com.ar\/teve\/la-siniestra-hipotesis-sobre-los-jubilados-desaparecidos-en-chubut-un-delito-que-termino-en\/\"><\/p>\n<div class=\"mt-content\">\n<div class=\"mt-image-container\"><img decoding=\"async\" src=\"https:\/\/www.paparazzi.com.ar\/wp-content\/uploads\/2025\/10\/pedro-kreder-juana-morales-1-359x226.jpg\" alt=\"La siniestra hip\u00f3tesis sobre los jubilados desaparecidos en Chubut: \u201cUn delito que termin\u00f3 en\u2026\u201d\" class=\"mt-image\" loading=\"lazy\" \/><\/div>\n<h5 class=\"mt-title\">La siniestra hip\u00f3tesis sobre los jubilados desaparecidos en Chubut: \u201cUn delito que termin\u00f3 en\u2026\u201d<\/h5>\n<\/div>\n<p><\/a><\/div>\n<p>The post <a href=\"https:\/\/www.paparazzi.com.ar\/teve\/impactante-el-hallazgo-en-plena-busqueda-de-los-jubilados-desaparecidos-en-chubut-que-puede-cambiar-todo\/\">Impactante: el hallazgo en plena b\u00fasqueda de los jubilados desaparecidos en Chubut que puede cambiar todo<\/a> appeared first on <a href=\"https:\/\/www.paparazzi.com.ar\">Revista Paparazzi<\/a>.<\/p>\n","protected":false},"excerpt":{"rendered":"<p>A casi un mes de la misteriosa desaparici\u00f3n de Pedro Kreder y Juana Morales, un<\/p>\n","protected":false},"author":0,"featured_media":9274,"comment_status":"","ping_status":"","sticky":false,"template":"","format":"standard","meta":{"footnotes":""},"categories":[11],"tags":[],"class_list":["post-9273","post","type-post","status-publish","format-standard","has-post-thumbnail","hentry","category-destacadas"],"yoast_head":"<!-- This site is optimized with the Yoast SEO plugin v27.4 - https:\/\/yoast.com\/product\/yoast-seo-wordpress\/ -->\n<title>Impactante: el hallazgo en plena b\u00fasqueda de los jubilados desaparecidos en Chubut que puede cambiar todo - Fm Gente<\/title>\n<meta name=\"robots\" content=\"index, follow, max-snippet:-1, max-image-preview:large, max-video-preview:-1\" \/>\n<link rel=\"canonical\" href=\"https:\/\/fmgente.com.ar\/web\/impactante-el-hallazgo-en-plena-busqueda-de-los-jubilados-desaparecidos-en-chubut-que-puede-cambiar-todo\/\" \/>\n<meta property=\"og:locale\" content=\"es_ES\" \/>\n<meta property=\"og:type\" content=\"article\" \/>\n<meta property=\"og:title\" content=\"Impactante: el hallazgo en plena b\u00fasqueda de los jubilados desaparecidos en Chubut que puede cambiar todo - Fm Gente\" \/>\n<meta property=\"og:description\" content=\"A casi un mes de la misteriosa desaparici\u00f3n de Pedro Kreder y Juana Morales, un\" \/>\n<meta property=\"og:url\" content=\"https:\/\/fmgente.com.ar\/web\/impactante-el-hallazgo-en-plena-busqueda-de-los-jubilados-desaparecidos-en-chubut-que-puede-cambiar-todo\/\" \/>\n<meta property=\"og:site_name\" content=\"Fm Gente\" \/>\n<meta property=\"article:published_time\" content=\"2025-11-10T22:05:11+00:00\" \/>\n<meta property=\"og:image\" content=\"https:\/\/fmgente.com.ar\/web\/wp-content\/uploads\/2025\/11\/dua-lipa-359x226-7.png\" \/>\n\t<meta property=\"og:image:width\" content=\"359\" \/>\n\t<meta property=\"og:image:height\" content=\"226\" \/>\n\t<meta property=\"og:image:type\" content=\"image\/png\" \/>\n<meta name=\"twitter:card\" content=\"summary_large_image\" \/>\n<meta name=\"twitter:label1\" content=\"Tiempo de lectura\" \/>\n\t<meta name=\"twitter:data1\" content=\"3 minutos\" \/>\n<script type=\"application\/ld+json\" class=\"yoast-schema-graph\">{\"@context\":\"https:\\\/\\\/schema.org\",\"@graph\":[{\"@type\":\"Article\",\"@id\":\"https:\\\/\\\/fmgente.com.ar\\\/web\\\/impactante-el-hallazgo-en-plena-busqueda-de-los-jubilados-desaparecidos-en-chubut-que-puede-cambiar-todo\\\/#article\",\"isPartOf\":{\"@id\":\"https:\\\/\\\/fmgente.com.ar\\\/web\\\/impactante-el-hallazgo-en-plena-busqueda-de-los-jubilados-desaparecidos-en-chubut-que-puede-cambiar-todo\\\/\"},\"author\":{\"name\":\"\",\"@id\":\"\"},\"headline\":\"Impactante: el hallazgo en plena b\u00fasqueda de los jubilados desaparecidos en Chubut que puede cambiar todo\",\"datePublished\":\"2025-11-10T22:05:11+00:00\",\"mainEntityOfPage\":{\"@id\":\"https:\\\/\\\/fmgente.com.ar\\\/web\\\/impactante-el-hallazgo-en-plena-busqueda-de-los-jubilados-desaparecidos-en-chubut-que-puede-cambiar-todo\\\/\"},\"wordCount\":643,\"publisher\":{\"@id\":\"https:\\\/\\\/fmgente.com.ar\\\/web\\\/#organization\"},\"image\":{\"@id\":\"https:\\\/\\\/fmgente.com.ar\\\/web\\\/impactante-el-hallazgo-en-plena-busqueda-de-los-jubilados-desaparecidos-en-chubut-que-puede-cambiar-todo\\\/#primaryimage\"},\"thumbnailUrl\":\"https:\\\/\\\/fmgente.com.ar\\\/web\\\/wp-content\\\/uploads\\\/2025\\\/11\\\/dua-lipa-359x226-7.png\",\"articleSection\":[\"DESTACADAS\"],\"inLanguage\":\"es\"},{\"@type\":\"WebPage\",\"@id\":\"https:\\\/\\\/fmgente.com.ar\\\/web\\\/impactante-el-hallazgo-en-plena-busqueda-de-los-jubilados-desaparecidos-en-chubut-que-puede-cambiar-todo\\\/\",\"url\":\"https:\\\/\\\/fmgente.com.ar\\\/web\\\/impactante-el-hallazgo-en-plena-busqueda-de-los-jubilados-desaparecidos-en-chubut-que-puede-cambiar-todo\\\/\",\"name\":\"Impactante: el hallazgo en plena b\u00fasqueda de los jubilados desaparecidos en Chubut que puede cambiar todo - Fm Gente\",\"isPartOf\":{\"@id\":\"https:\\\/\\\/fmgente.com.ar\\\/web\\\/#website\"},\"primaryImageOfPage\":{\"@id\":\"https:\\\/\\\/fmgente.com.ar\\\/web\\\/impactante-el-hallazgo-en-plena-busqueda-de-los-jubilados-desaparecidos-en-chubut-que-puede-cambiar-todo\\\/#primaryimage\"},\"image\":{\"@id\":\"https:\\\/\\\/fmgente.com.ar\\\/web\\\/impactante-el-hallazgo-en-plena-busqueda-de-los-jubilados-desaparecidos-en-chubut-que-puede-cambiar-todo\\\/#primaryimage\"},\"thumbnailUrl\":\"https:\\\/\\\/fmgente.com.ar\\\/web\\\/wp-content\\\/uploads\\\/2025\\\/11\\\/dua-lipa-359x226-7.png\",\"datePublished\":\"2025-11-10T22:05:11+00:00\",\"inLanguage\":\"es\",\"potentialAction\":[{\"@type\":\"ReadAction\",\"target\":[\"https:\\\/\\\/fmgente.com.ar\\\/web\\\/impactante-el-hallazgo-en-plena-busqueda-de-los-jubilados-desaparecidos-en-chubut-que-puede-cambiar-todo\\\/\"]}]},{\"@type\":\"ImageObject\",\"inLanguage\":\"es\",\"@id\":\"https:\\\/\\\/fmgente.com.ar\\\/web\\\/impactante-el-hallazgo-en-plena-busqueda-de-los-jubilados-desaparecidos-en-chubut-que-puede-cambiar-todo\\\/#primaryimage\",\"url\":\"https:\\\/\\\/fmgente.com.ar\\\/web\\\/wp-content\\\/uploads\\\/2025\\\/11\\\/dua-lipa-359x226-7.png\",\"contentUrl\":\"https:\\\/\\\/fmgente.com.ar\\\/web\\\/wp-content\\\/uploads\\\/2025\\\/11\\\/dua-lipa-359x226-7.png\",\"width\":359,\"height\":226},{\"@type\":\"WebSite\",\"@id\":\"https:\\\/\\\/fmgente.com.ar\\\/web\\\/#website\",\"url\":\"https:\\\/\\\/fmgente.com.ar\\\/web\\\/\",\"name\":\"Fm Gente\",\"description\":\"- Jes\u00fas Mar\u00eda\",\"publisher\":{\"@id\":\"https:\\\/\\\/fmgente.com.ar\\\/web\\\/#organization\"},\"potentialAction\":[{\"@type\":\"SearchAction\",\"target\":{\"@type\":\"EntryPoint\",\"urlTemplate\":\"https:\\\/\\\/fmgente.com.ar\\\/web\\\/?s={search_term_string}\"},\"query-input\":{\"@type\":\"PropertyValueSpecification\",\"valueRequired\":true,\"valueName\":\"search_term_string\"}}],\"inLanguage\":\"es\"},{\"@type\":\"Organization\",\"@id\":\"https:\\\/\\\/fmgente.com.ar\\\/web\\\/#organization\",\"name\":\"Fm Gente\",\"url\":\"https:\\\/\\\/fmgente.com.ar\\\/web\\\/\",\"logo\":{\"@type\":\"ImageObject\",\"inLanguage\":\"es\",\"@id\":\"https:\\\/\\\/fmgente.com.ar\\\/web\\\/#\\\/schema\\\/logo\\\/image\\\/\",\"url\":\"https:\\\/\\\/fmgente.com.ar\\\/web\\\/wp-content\\\/uploads\\\/2023\\\/07\\\/cropped-cropped-logo-sombra2.png\",\"contentUrl\":\"https:\\\/\\\/fmgente.com.ar\\\/web\\\/wp-content\\\/uploads\\\/2023\\\/07\\\/cropped-cropped-logo-sombra2.png\",\"width\":1782,\"height\":1782,\"caption\":\"Fm Gente\"},\"image\":{\"@id\":\"https:\\\/\\\/fmgente.com.ar\\\/web\\\/#\\\/schema\\\/logo\\\/image\\\/\"}}]}<\/script>\n<!-- \/ Yoast SEO plugin. -->","yoast_head_json":{"title":"Impactante: el hallazgo en plena b\u00fasqueda de los jubilados desaparecidos en Chubut que puede cambiar todo - Fm Gente","robots":{"index":"index","follow":"follow","max-snippet":"max-snippet:-1","max-image-preview":"max-image-preview:large","max-video-preview":"max-video-preview:-1"},"canonical":"https:\/\/fmgente.com.ar\/web\/impactante-el-hallazgo-en-plena-busqueda-de-los-jubilados-desaparecidos-en-chubut-que-puede-cambiar-todo\/","og_locale":"es_ES","og_type":"article","og_title":"Impactante: el hallazgo en plena b\u00fasqueda de los jubilados desaparecidos en Chubut que puede cambiar todo - Fm Gente","og_description":"A casi un mes de la misteriosa desaparici\u00f3n de Pedro Kreder y Juana Morales, un","og_url":"https:\/\/fmgente.com.ar\/web\/impactante-el-hallazgo-en-plena-busqueda-de-los-jubilados-desaparecidos-en-chubut-que-puede-cambiar-todo\/","og_site_name":"Fm Gente","article_published_time":"2025-11-10T22:05:11+00:00","og_image":[{"width":359,"height":226,"url":"https:\/\/fmgente.com.ar\/web\/wp-content\/uploads\/2025\/11\/dua-lipa-359x226-7.png","type":"image\/png"}],"twitter_card":"summary_large_image","twitter_misc":{"Tiempo de lectura":"3 minutos"},"schema":{"@context":"https:\/\/schema.org","@graph":[{"@type":"Article","@id":"https:\/\/fmgente.com.ar\/web\/impactante-el-hallazgo-en-plena-busqueda-de-los-jubilados-desaparecidos-en-chubut-que-puede-cambiar-todo\/#article","isPartOf":{"@id":"https:\/\/fmgente.com.ar\/web\/impactante-el-hallazgo-en-plena-busqueda-de-los-jubilados-desaparecidos-en-chubut-que-puede-cambiar-todo\/"},"author":{"name":"","@id":""},"headline":"Impactante: el hallazgo en plena b\u00fasqueda de los jubilados desaparecidos en Chubut que puede cambiar todo","datePublished":"2025-11-10T22:05:11+00:00","mainEntityOfPage":{"@id":"https:\/\/fmgente.com.ar\/web\/impactante-el-hallazgo-en-plena-busqueda-de-los-jubilados-desaparecidos-en-chubut-que-puede-cambiar-todo\/"},"wordCount":643,"publisher":{"@id":"https:\/\/fmgente.com.ar\/web\/#organization"},"image":{"@id":"https:\/\/fmgente.com.ar\/web\/impactante-el-hallazgo-en-plena-busqueda-de-los-jubilados-desaparecidos-en-chubut-que-puede-cambiar-todo\/#primaryimage"},"thumbnailUrl":"https:\/\/fmgente.com.ar\/web\/wp-content\/uploads\/2025\/11\/dua-lipa-359x226-7.png","articleSection":["DESTACADAS"],"inLanguage":"es"},{"@type":"WebPage","@id":"https:\/\/fmgente.com.ar\/web\/impactante-el-hallazgo-en-plena-busqueda-de-los-jubilados-desaparecidos-en-chubut-que-puede-cambiar-todo\/","url":"https:\/\/fmgente.com.ar\/web\/impactante-el-hallazgo-en-plena-busqueda-de-los-jubilados-desaparecidos-en-chubut-que-puede-cambiar-todo\/","name":"Impactante: el hallazgo en plena b\u00fasqueda de los jubilados desaparecidos en Chubut que puede cambiar todo - Fm Gente","isPartOf":{"@id":"https:\/\/fmgente.com.ar\/web\/#website"},"primaryImageOfPage":{"@id":"https:\/\/fmgente.com.ar\/web\/impactante-el-hallazgo-en-plena-busqueda-de-los-jubilados-desaparecidos-en-chubut-que-puede-cambiar-todo\/#primaryimage"},"image":{"@id":"https:\/\/fmgente.com.ar\/web\/impactante-el-hallazgo-en-plena-busqueda-de-los-jubilados-desaparecidos-en-chubut-que-puede-cambiar-todo\/#primaryimage"},"thumbnailUrl":"https:\/\/fmgente.com.ar\/web\/wp-content\/uploads\/2025\/11\/dua-lipa-359x226-7.png","datePublished":"2025-11-10T22:05:11+00:00","inLanguage":"es","potentialAction":[{"@type":"ReadAction","target":["https:\/\/fmgente.com.ar\/web\/impactante-el-hallazgo-en-plena-busqueda-de-los-jubilados-desaparecidos-en-chubut-que-puede-cambiar-todo\/"]}]},{"@type":"ImageObject","inLanguage":"es","@id":"https:\/\/fmgente.com.ar\/web\/impactante-el-hallazgo-en-plena-busqueda-de-los-jubilados-desaparecidos-en-chubut-que-puede-cambiar-todo\/#primaryimage","url":"https:\/\/fmgente.com.ar\/web\/wp-content\/uploads\/2025\/11\/dua-lipa-359x226-7.png","contentUrl":"https:\/\/fmgente.com.ar\/web\/wp-content\/uploads\/2025\/11\/dua-lipa-359x226-7.png","width":359,"height":226},{"@type":"WebSite","@id":"https:\/\/fmgente.com.ar\/web\/#website","url":"https:\/\/fmgente.com.ar\/web\/","name":"Fm Gente","description":"- Jes\u00fas Mar\u00eda","publisher":{"@id":"https:\/\/fmgente.com.ar\/web\/#organization"},"potentialAction":[{"@type":"SearchAction","target":{"@type":"EntryPoint","urlTemplate":"https:\/\/fmgente.com.ar\/web\/?s={search_term_string}"},"query-input":{"@type":"PropertyValueSpecification","valueRequired":true,"valueName":"search_term_string"}}],"inLanguage":"es"},{"@type":"Organization","@id":"https:\/\/fmgente.com.ar\/web\/#organization","name":"Fm Gente","url":"https:\/\/fmgente.com.ar\/web\/","logo":{"@type":"ImageObject","inLanguage":"es","@id":"https:\/\/fmgente.com.ar\/web\/#\/schema\/logo\/image\/","url":"https:\/\/fmgente.com.ar\/web\/wp-content\/uploads\/2023\/07\/cropped-cropped-logo-sombra2.png","contentUrl":"https:\/\/fmgente.com.ar\/web\/wp-content\/uploads\/2023\/07\/cropped-cropped-logo-sombra2.png","width":1782,"height":1782,"caption":"Fm Gente"},"image":{"@id":"https:\/\/fmgente.com.ar\/web\/#\/schema\/logo\/image\/"}}]}},"_links":{"self":[{"href":"https:\/\/fmgente.com.ar\/web\/wp-json\/wp\/v2\/posts\/9273","targetHints":{"allow":["GET"]}}],"collection":[{"href":"https:\/\/fmgente.com.ar\/web\/wp-json\/wp\/v2\/posts"}],"about":[{"href":"https:\/\/fmgente.com.ar\/web\/wp-json\/wp\/v2\/types\/post"}],"replies":[{"embeddable":true,"href":"https:\/\/fmgente.com.ar\/web\/wp-json\/wp\/v2\/comments?post=9273"}],"version-history":[{"count":0,"href":"https:\/\/fmgente.com.ar\/web\/wp-json\/wp\/v2\/posts\/9273\/revisions"}],"wp:featuredmedia":[{"embeddable":true,"href":"https:\/\/fmgente.com.ar\/web\/wp-json\/wp\/v2\/media\/9274"}],"wp:attachment":[{"href":"https:\/\/fmgente.com.ar\/web\/wp-json\/wp\/v2\/media?parent=9273"}],"wp:term":[{"taxonomy":"category","embeddable":true,"href":"https:\/\/fmgente.com.ar\/web\/wp-json\/wp\/v2\/categories?post=9273"},{"taxonomy":"post_tag","embeddable":true,"href":"https:\/\/fmgente.com.ar\/web\/wp-json\/wp\/v2\/tags?post=9273"}],"curies":[{"name":"wp","href":"https:\/\/api.w.org\/{rel}","templated":true}]}}