{"id":9271,"date":"2025-11-10T18:04:57","date_gmt":"2025-11-10T21:04:57","guid":{"rendered":"https:\/\/fmgente.com.ar\/soledad-aquino-estallo-de-bronca-luego-de-que-le-dijeran-que-marcelo-tinelli-la-engano-con-paula-robles\/"},"modified":"2025-11-10T18:04:57","modified_gmt":"2025-11-10T21:04:57","slug":"soledad-aquino-estallo-de-bronca-luego-de-que-le-dijeran-que-marcelo-tinelli-la-engano-con-paula-robles","status":"publish","type":"post","link":"https:\/\/fmgente.com.ar\/web\/soledad-aquino-estallo-de-bronca-luego-de-que-le-dijeran-que-marcelo-tinelli-la-engano-con-paula-robles\/","title":{"rendered":"Soledad Aquino estall\u00f3 de bronca luego de que le dijeran que Marcelo Tinelli la enga\u00f1\u00f3 con Paula Robles"},"content":{"rendered":"<p>El debut del nuevo ciclo matutino tuvo como invitada a <strong>Moria Cas\u00e1n<\/strong> conversando con <strong><a href=\"https:\/\/www.paparazzi.com.ar\/tag\/soledad-aquino\/\">Soledad Aquino<\/a><\/strong>, la primera esposa de <strong>Marcelo Tinelli<\/strong>, en medio de la tensi\u00f3n que volvi\u00f3 a encenderse dentro del clan familiar. Entre recuerdos, v\u00ednculos atravesados por el tiempo y secretos que todav\u00eda duelen, la charla se volvi\u00f3 un ida y vuelta cargado de gestos y silencios m\u00e1s elocuentes que cualquier titular.<\/p>\n<p><em>\u201cLo vi triste, con los ojos llorosos, y no me gusta verlo as\u00ed\u201d<\/em>, admiti\u00f3, dejando al descubierto que, pese a la distancia sentimental, hay lazos que no se cortan. <em>\u201cCuando quer\u00e9s a alguien, no te gusta verlo mal\u201d<\/em>, agreg\u00f3 con una tranquilidad que no borraba la nostalgia. Ese momento \u00edntimo marc\u00f3 el clima de la conversaci\u00f3n.<\/p>\n<p>Fue entonces cuando <strong>Moria Cas\u00e1n<\/strong> decidi\u00f3 avanzar sobre terreno m\u00e1s resbaladizo, pregunt\u00e1ndole por la relaci\u00f3n con <strong><a href=\"https:\/\/www.paparazzi.com.ar\/teve\/guillermina-valdes-fue-involucrada-en-el-escandalo-de-los-tinelli-con-la-peor-acusacion-la-unica-que\/\">Paula Robles<\/a><\/strong>, aquella historia que durante a\u00f1os circul\u00f3 en susurros, rumores y miradas elusivas en eventos familiares. La respuesta fue seca, despojada de dramatismo: <em>\u201cNada. No he tenido contacto\u201d<\/em>. Sin adornos, sin rodeos, sin voluntad de entrar en el juego de la confrontaci\u00f3n.<\/p>\n<div class=\"mt-box \">\n<h4 class=\"mt-heading\">Mir\u00e1 Tambi\u00e9n<\/h4>\n<p><a href=\"https:\/\/www.paparazzi.com.ar\/videos\/exclusivo-luis-ventura-conto-por-que-jorge-rial-le-tiene-miedo-me-quiere-borrar-porque\/\"><\/p>\n<div class=\"mt-content\">\n<div class=\"mt-image-container\"><img decoding=\"async\" src=\"https:\/\/www.paparazzi.com.ar\/wp-content\/uploads\/2025\/11\/Ventura-dos-1-359x226.jpg\" alt=\"\u00a1Exclusivo! Luis Ventura cont\u00f3 por qu\u00e9 Jorge Rial le tiene miedo: \u201cMe quiere borrar porque\u2026\u201d\" class=\"mt-image\" loading=\"lazy\" \/><\/div>\n<h5 class=\"mt-title\">\u00a1Exclusivo! Luis Ventura cont\u00f3 por qu\u00e9 Jorge Rial le tiene miedo: \u201cMe quiere borrar porque\u2026\u201d<\/h5>\n<\/div>\n<p><\/a><\/div>\n<p>En cambio, eligi\u00f3 destacar una relaci\u00f3n c\u00e1lida con uno de los hijos, a quien defini\u00f3 como <em>\u201cun solcito\u201d<\/em>. All\u00ed el tono cambi\u00f3, la voz se suaviz\u00f3 y hubo algo que pareci\u00f3 m\u00e1s sincero que cualquier declaraci\u00f3n medi\u00e1tica. Tambi\u00e9n desliz\u00f3 que con otra expareja la comunicaci\u00f3n fluye desde un costado m\u00e1s femenino, compartiendo conversaciones simples, de esas que no necesitan titulares para existir.<\/p>\n<h2 class=\"wp-block-heading\">SOLEDAD AQUINO Y SU ENOJO CON PAULA ROBLES<\/h2>\n<p>El clima volvi\u00f3 a tensarse cuando <strong><a href=\"https:\/\/www.paparazzi.com.ar\/teve\/el-explosivo-pedido-de-soledad-aquino-a-marcelo-tinelli-en-medio-de-la-escandalosa-guerra-familiar-sali-ya-de\/\">Moria Cas\u00e1n<\/a><\/strong> lanz\u00f3 su estocada teatral, una de esas frases que entran y quedan vibrando en el aire: <em>\u201cNo te lo sac\u00f3, se enamor\u00f3. Toda divina, modosita&#8230; pero se qued\u00f3 con el caballero\u201d<\/em>. Silencio. Media sonrisa. C\u00e1mara fija.<\/p>\n<p>Y ah\u00ed, sin perder la compostura, la invitada solt\u00f3 la l\u00ednea que qued\u00f3 grabada en el estudio, mitad humor, mitad verdad: <em>\u201cQu\u00e9 guacha que sos\u201d<\/em>.<\/p>\n<div class=\"mt-box \">\n<h4 class=\"mt-heading\">Mir\u00e1 Tambi\u00e9n<\/h4>\n<p><a href=\"https:\/\/www.paparazzi.com.ar\/deportes\/sorpresa-mundial-lionel-messi-impacto-desde-barcelona-con-una-inesperada-declaracion-sobre-su-futuro\/\"><\/p>\n<div class=\"mt-content\">\n<div class=\"mt-image-container\"><img decoding=\"async\" src=\"https:\/\/www.paparazzi.com.ar\/wp-content\/uploads\/2025\/11\/lionel-messi-359x226.jpg\" alt=\"Impacto mundial: Lionel Messi anunci\u00f3 que quiere volver al Barcelona y definir\u00e1 su futuro\" class=\"mt-image\" loading=\"lazy\" \/><\/div>\n<h5 class=\"mt-title\">Impacto mundial: Lionel Messi anunci\u00f3 que quiere volver al Barcelona y definir\u00e1 su futuro<\/h5>\n<\/div>\n<p><\/a><\/div>\n<div class=\"mt-box \">\n<h4 class=\"mt-heading\">Mir\u00e1 Tambi\u00e9n<\/h4>\n<p><a href=\"https:\/\/www.paparazzi.com.ar\/deportes\/aca-esta-aparecio-el-video-que-provoco-la-trompada-de-maxi-salas-a-un-hincha-tras-la-derrota-de-river-en-el-superclasico-con-boca\/\"><\/p>\n<div class=\"mt-content\">\n<div class=\"mt-image-container\"><img decoding=\"async\" src=\"https:\/\/www.paparazzi.com.ar\/wp-content\/uploads\/2025\/11\/River-nueva-1-359x226.jpg\" alt=\"\u00a1Ac\u00e1 est\u00e1! Apareci\u00f3 el video que provoc\u00f3 la trompada de Maxi Salas a un hincha tras la derrota de River en el supercl\u00e1sico con Boca\" class=\"mt-image\" loading=\"lazy\" \/><\/div>\n<h5 class=\"mt-title\">\u00a1Ac\u00e1 est\u00e1! Apareci\u00f3 el video que provoc\u00f3 la trompada de Maxi Salas a un hincha tras la derrota de River en el supercl\u00e1sico con Boca<\/h5>\n<\/div>\n<p><\/a><\/div>\n<p>The post <a href=\"https:\/\/www.paparazzi.com.ar\/teve\/soledad-aquino-estallo-de-bronca-luego-de-que-le-dijeran-que-marcelo-tinelli-la-engano-con-paula-robles\/\">Soledad Aquino estall\u00f3 de bronca luego de que le dijeran que Marcelo Tinelli la enga\u00f1\u00f3 con Paula Robles<\/a> appeared first on <a href=\"https:\/\/www.paparazzi.com.ar\">Revista Paparazzi<\/a>.<\/p>\n","protected":false},"excerpt":{"rendered":"<p>El debut del nuevo ciclo matutino tuvo como invitada a Moria Cas\u00e1n conversando con Soledad<\/p>\n","protected":false},"author":0,"featured_media":9272,"comment_status":"","ping_status":"","sticky":false,"template":"","format":"standard","meta":{"footnotes":""},"categories":[11],"tags":[],"class_list":["post-9271","post","type-post","status-publish","format-standard","has-post-thumbnail","hentry","category-destacadas"],"yoast_head":"<!-- This site is optimized with the Yoast SEO plugin v27.4 - https:\/\/yoast.com\/product\/yoast-seo-wordpress\/ -->\n<title>Soledad Aquino estall\u00f3 de bronca luego de que le dijeran que Marcelo Tinelli la enga\u00f1\u00f3 con Paula Robles - Fm Gente<\/title>\n<meta name=\"robots\" content=\"index, follow, max-snippet:-1, max-image-preview:large, max-video-preview:-1\" \/>\n<link rel=\"canonical\" href=\"https:\/\/fmgente.com.ar\/web\/soledad-aquino-estallo-de-bronca-luego-de-que-le-dijeran-que-marcelo-tinelli-la-engano-con-paula-robles\/\" \/>\n<meta property=\"og:locale\" content=\"es_ES\" \/>\n<meta property=\"og:type\" content=\"article\" \/>\n<meta property=\"og:title\" content=\"Soledad Aquino estall\u00f3 de bronca luego de que le dijeran que Marcelo Tinelli la enga\u00f1\u00f3 con Paula Robles - Fm Gente\" \/>\n<meta property=\"og:description\" content=\"El debut del nuevo ciclo matutino tuvo como invitada a Moria Cas\u00e1n conversando con Soledad\" \/>\n<meta property=\"og:url\" content=\"https:\/\/fmgente.com.ar\/web\/soledad-aquino-estallo-de-bronca-luego-de-que-le-dijeran-que-marcelo-tinelli-la-engano-con-paula-robles\/\" \/>\n<meta property=\"og:site_name\" content=\"Fm Gente\" \/>\n<meta property=\"article:published_time\" content=\"2025-11-10T21:04:57+00:00\" \/>\n<meta property=\"og:image\" content=\"https:\/\/fmgente.com.ar\/web\/wp-content\/uploads\/2025\/11\/Ventura-dos-1-359x226-33.jpg\" \/>\n\t<meta property=\"og:image:width\" content=\"359\" \/>\n\t<meta property=\"og:image:height\" content=\"226\" \/>\n\t<meta property=\"og:image:type\" content=\"image\/jpeg\" \/>\n<meta name=\"twitter:card\" content=\"summary_large_image\" \/>\n<meta name=\"twitter:label1\" content=\"Tiempo de lectura\" \/>\n\t<meta name=\"twitter:data1\" content=\"2 minutos\" \/>\n<script type=\"application\/ld+json\" class=\"yoast-schema-graph\">{\"@context\":\"https:\\\/\\\/schema.org\",\"@graph\":[{\"@type\":\"Article\",\"@id\":\"https:\\\/\\\/fmgente.com.ar\\\/web\\\/soledad-aquino-estallo-de-bronca-luego-de-que-le-dijeran-que-marcelo-tinelli-la-engano-con-paula-robles\\\/#article\",\"isPartOf\":{\"@id\":\"https:\\\/\\\/fmgente.com.ar\\\/web\\\/soledad-aquino-estallo-de-bronca-luego-de-que-le-dijeran-que-marcelo-tinelli-la-engano-con-paula-robles\\\/\"},\"author\":{\"name\":\"\",\"@id\":\"\"},\"headline\":\"Soledad Aquino estall\u00f3 de bronca luego de que le dijeran que Marcelo Tinelli la enga\u00f1\u00f3 con Paula Robles\",\"datePublished\":\"2025-11-10T21:04:57+00:00\",\"mainEntityOfPage\":{\"@id\":\"https:\\\/\\\/fmgente.com.ar\\\/web\\\/soledad-aquino-estallo-de-bronca-luego-de-que-le-dijeran-que-marcelo-tinelli-la-engano-con-paula-robles\\\/\"},\"wordCount\":450,\"publisher\":{\"@id\":\"https:\\\/\\\/fmgente.com.ar\\\/web\\\/#organization\"},\"image\":{\"@id\":\"https:\\\/\\\/fmgente.com.ar\\\/web\\\/soledad-aquino-estallo-de-bronca-luego-de-que-le-dijeran-que-marcelo-tinelli-la-engano-con-paula-robles\\\/#primaryimage\"},\"thumbnailUrl\":\"https:\\\/\\\/fmgente.com.ar\\\/web\\\/wp-content\\\/uploads\\\/2025\\\/11\\\/Ventura-dos-1-359x226-33.jpg\",\"articleSection\":[\"DESTACADAS\"],\"inLanguage\":\"es\"},{\"@type\":\"WebPage\",\"@id\":\"https:\\\/\\\/fmgente.com.ar\\\/web\\\/soledad-aquino-estallo-de-bronca-luego-de-que-le-dijeran-que-marcelo-tinelli-la-engano-con-paula-robles\\\/\",\"url\":\"https:\\\/\\\/fmgente.com.ar\\\/web\\\/soledad-aquino-estallo-de-bronca-luego-de-que-le-dijeran-que-marcelo-tinelli-la-engano-con-paula-robles\\\/\",\"name\":\"Soledad Aquino estall\u00f3 de bronca luego de que le dijeran que Marcelo Tinelli la enga\u00f1\u00f3 con Paula Robles - Fm Gente\",\"isPartOf\":{\"@id\":\"https:\\\/\\\/fmgente.com.ar\\\/web\\\/#website\"},\"primaryImageOfPage\":{\"@id\":\"https:\\\/\\\/fmgente.com.ar\\\/web\\\/soledad-aquino-estallo-de-bronca-luego-de-que-le-dijeran-que-marcelo-tinelli-la-engano-con-paula-robles\\\/#primaryimage\"},\"image\":{\"@id\":\"https:\\\/\\\/fmgente.com.ar\\\/web\\\/soledad-aquino-estallo-de-bronca-luego-de-que-le-dijeran-que-marcelo-tinelli-la-engano-con-paula-robles\\\/#primaryimage\"},\"thumbnailUrl\":\"https:\\\/\\\/fmgente.com.ar\\\/web\\\/wp-content\\\/uploads\\\/2025\\\/11\\\/Ventura-dos-1-359x226-33.jpg\",\"datePublished\":\"2025-11-10T21:04:57+00:00\",\"inLanguage\":\"es\",\"potentialAction\":[{\"@type\":\"ReadAction\",\"target\":[\"https:\\\/\\\/fmgente.com.ar\\\/web\\\/soledad-aquino-estallo-de-bronca-luego-de-que-le-dijeran-que-marcelo-tinelli-la-engano-con-paula-robles\\\/\"]}]},{\"@type\":\"ImageObject\",\"inLanguage\":\"es\",\"@id\":\"https:\\\/\\\/fmgente.com.ar\\\/web\\\/soledad-aquino-estallo-de-bronca-luego-de-que-le-dijeran-que-marcelo-tinelli-la-engano-con-paula-robles\\\/#primaryimage\",\"url\":\"https:\\\/\\\/fmgente.com.ar\\\/web\\\/wp-content\\\/uploads\\\/2025\\\/11\\\/Ventura-dos-1-359x226-33.jpg\",\"contentUrl\":\"https:\\\/\\\/fmgente.com.ar\\\/web\\\/wp-content\\\/uploads\\\/2025\\\/11\\\/Ventura-dos-1-359x226-33.jpg\",\"width\":359,\"height\":226},{\"@type\":\"WebSite\",\"@id\":\"https:\\\/\\\/fmgente.com.ar\\\/web\\\/#website\",\"url\":\"https:\\\/\\\/fmgente.com.ar\\\/web\\\/\",\"name\":\"Fm Gente\",\"description\":\"- Jes\u00fas Mar\u00eda\",\"publisher\":{\"@id\":\"https:\\\/\\\/fmgente.com.ar\\\/web\\\/#organization\"},\"potentialAction\":[{\"@type\":\"SearchAction\",\"target\":{\"@type\":\"EntryPoint\",\"urlTemplate\":\"https:\\\/\\\/fmgente.com.ar\\\/web\\\/?s={search_term_string}\"},\"query-input\":{\"@type\":\"PropertyValueSpecification\",\"valueRequired\":true,\"valueName\":\"search_term_string\"}}],\"inLanguage\":\"es\"},{\"@type\":\"Organization\",\"@id\":\"https:\\\/\\\/fmgente.com.ar\\\/web\\\/#organization\",\"name\":\"Fm Gente\",\"url\":\"https:\\\/\\\/fmgente.com.ar\\\/web\\\/\",\"logo\":{\"@type\":\"ImageObject\",\"inLanguage\":\"es\",\"@id\":\"https:\\\/\\\/fmgente.com.ar\\\/web\\\/#\\\/schema\\\/logo\\\/image\\\/\",\"url\":\"https:\\\/\\\/fmgente.com.ar\\\/web\\\/wp-content\\\/uploads\\\/2023\\\/07\\\/cropped-cropped-logo-sombra2.png\",\"contentUrl\":\"https:\\\/\\\/fmgente.com.ar\\\/web\\\/wp-content\\\/uploads\\\/2023\\\/07\\\/cropped-cropped-logo-sombra2.png\",\"width\":1782,\"height\":1782,\"caption\":\"Fm Gente\"},\"image\":{\"@id\":\"https:\\\/\\\/fmgente.com.ar\\\/web\\\/#\\\/schema\\\/logo\\\/image\\\/\"}}]}<\/script>\n<!-- \/ Yoast SEO plugin. -->","yoast_head_json":{"title":"Soledad Aquino estall\u00f3 de bronca luego de que le dijeran que Marcelo Tinelli la enga\u00f1\u00f3 con Paula Robles - Fm Gente","robots":{"index":"index","follow":"follow","max-snippet":"max-snippet:-1","max-image-preview":"max-image-preview:large","max-video-preview":"max-video-preview:-1"},"canonical":"https:\/\/fmgente.com.ar\/web\/soledad-aquino-estallo-de-bronca-luego-de-que-le-dijeran-que-marcelo-tinelli-la-engano-con-paula-robles\/","og_locale":"es_ES","og_type":"article","og_title":"Soledad Aquino estall\u00f3 de bronca luego de que le dijeran que Marcelo Tinelli la enga\u00f1\u00f3 con Paula Robles - Fm Gente","og_description":"El debut del nuevo ciclo matutino tuvo como invitada a Moria Cas\u00e1n conversando con Soledad","og_url":"https:\/\/fmgente.com.ar\/web\/soledad-aquino-estallo-de-bronca-luego-de-que-le-dijeran-que-marcelo-tinelli-la-engano-con-paula-robles\/","og_site_name":"Fm Gente","article_published_time":"2025-11-10T21:04:57+00:00","og_image":[{"width":359,"height":226,"url":"https:\/\/fmgente.com.ar\/web\/wp-content\/uploads\/2025\/11\/Ventura-dos-1-359x226-33.jpg","type":"image\/jpeg"}],"twitter_card":"summary_large_image","twitter_misc":{"Tiempo de lectura":"2 minutos"},"schema":{"@context":"https:\/\/schema.org","@graph":[{"@type":"Article","@id":"https:\/\/fmgente.com.ar\/web\/soledad-aquino-estallo-de-bronca-luego-de-que-le-dijeran-que-marcelo-tinelli-la-engano-con-paula-robles\/#article","isPartOf":{"@id":"https:\/\/fmgente.com.ar\/web\/soledad-aquino-estallo-de-bronca-luego-de-que-le-dijeran-que-marcelo-tinelli-la-engano-con-paula-robles\/"},"author":{"name":"","@id":""},"headline":"Soledad Aquino estall\u00f3 de bronca luego de que le dijeran que Marcelo Tinelli la enga\u00f1\u00f3 con Paula Robles","datePublished":"2025-11-10T21:04:57+00:00","mainEntityOfPage":{"@id":"https:\/\/fmgente.com.ar\/web\/soledad-aquino-estallo-de-bronca-luego-de-que-le-dijeran-que-marcelo-tinelli-la-engano-con-paula-robles\/"},"wordCount":450,"publisher":{"@id":"https:\/\/fmgente.com.ar\/web\/#organization"},"image":{"@id":"https:\/\/fmgente.com.ar\/web\/soledad-aquino-estallo-de-bronca-luego-de-que-le-dijeran-que-marcelo-tinelli-la-engano-con-paula-robles\/#primaryimage"},"thumbnailUrl":"https:\/\/fmgente.com.ar\/web\/wp-content\/uploads\/2025\/11\/Ventura-dos-1-359x226-33.jpg","articleSection":["DESTACADAS"],"inLanguage":"es"},{"@type":"WebPage","@id":"https:\/\/fmgente.com.ar\/web\/soledad-aquino-estallo-de-bronca-luego-de-que-le-dijeran-que-marcelo-tinelli-la-engano-con-paula-robles\/","url":"https:\/\/fmgente.com.ar\/web\/soledad-aquino-estallo-de-bronca-luego-de-que-le-dijeran-que-marcelo-tinelli-la-engano-con-paula-robles\/","name":"Soledad Aquino estall\u00f3 de bronca luego de que le dijeran que Marcelo Tinelli la enga\u00f1\u00f3 con Paula Robles - Fm Gente","isPartOf":{"@id":"https:\/\/fmgente.com.ar\/web\/#website"},"primaryImageOfPage":{"@id":"https:\/\/fmgente.com.ar\/web\/soledad-aquino-estallo-de-bronca-luego-de-que-le-dijeran-que-marcelo-tinelli-la-engano-con-paula-robles\/#primaryimage"},"image":{"@id":"https:\/\/fmgente.com.ar\/web\/soledad-aquino-estallo-de-bronca-luego-de-que-le-dijeran-que-marcelo-tinelli-la-engano-con-paula-robles\/#primaryimage"},"thumbnailUrl":"https:\/\/fmgente.com.ar\/web\/wp-content\/uploads\/2025\/11\/Ventura-dos-1-359x226-33.jpg","datePublished":"2025-11-10T21:04:57+00:00","inLanguage":"es","potentialAction":[{"@type":"ReadAction","target":["https:\/\/fmgente.com.ar\/web\/soledad-aquino-estallo-de-bronca-luego-de-que-le-dijeran-que-marcelo-tinelli-la-engano-con-paula-robles\/"]}]},{"@type":"ImageObject","inLanguage":"es","@id":"https:\/\/fmgente.com.ar\/web\/soledad-aquino-estallo-de-bronca-luego-de-que-le-dijeran-que-marcelo-tinelli-la-engano-con-paula-robles\/#primaryimage","url":"https:\/\/fmgente.com.ar\/web\/wp-content\/uploads\/2025\/11\/Ventura-dos-1-359x226-33.jpg","contentUrl":"https:\/\/fmgente.com.ar\/web\/wp-content\/uploads\/2025\/11\/Ventura-dos-1-359x226-33.jpg","width":359,"height":226},{"@type":"WebSite","@id":"https:\/\/fmgente.com.ar\/web\/#website","url":"https:\/\/fmgente.com.ar\/web\/","name":"Fm Gente","description":"- Jes\u00fas Mar\u00eda","publisher":{"@id":"https:\/\/fmgente.com.ar\/web\/#organization"},"potentialAction":[{"@type":"SearchAction","target":{"@type":"EntryPoint","urlTemplate":"https:\/\/fmgente.com.ar\/web\/?s={search_term_string}"},"query-input":{"@type":"PropertyValueSpecification","valueRequired":true,"valueName":"search_term_string"}}],"inLanguage":"es"},{"@type":"Organization","@id":"https:\/\/fmgente.com.ar\/web\/#organization","name":"Fm Gente","url":"https:\/\/fmgente.com.ar\/web\/","logo":{"@type":"ImageObject","inLanguage":"es","@id":"https:\/\/fmgente.com.ar\/web\/#\/schema\/logo\/image\/","url":"https:\/\/fmgente.com.ar\/web\/wp-content\/uploads\/2023\/07\/cropped-cropped-logo-sombra2.png","contentUrl":"https:\/\/fmgente.com.ar\/web\/wp-content\/uploads\/2023\/07\/cropped-cropped-logo-sombra2.png","width":1782,"height":1782,"caption":"Fm Gente"},"image":{"@id":"https:\/\/fmgente.com.ar\/web\/#\/schema\/logo\/image\/"}}]}},"_links":{"self":[{"href":"https:\/\/fmgente.com.ar\/web\/wp-json\/wp\/v2\/posts\/9271","targetHints":{"allow":["GET"]}}],"collection":[{"href":"https:\/\/fmgente.com.ar\/web\/wp-json\/wp\/v2\/posts"}],"about":[{"href":"https:\/\/fmgente.com.ar\/web\/wp-json\/wp\/v2\/types\/post"}],"replies":[{"embeddable":true,"href":"https:\/\/fmgente.com.ar\/web\/wp-json\/wp\/v2\/comments?post=9271"}],"version-history":[{"count":0,"href":"https:\/\/fmgente.com.ar\/web\/wp-json\/wp\/v2\/posts\/9271\/revisions"}],"wp:featuredmedia":[{"embeddable":true,"href":"https:\/\/fmgente.com.ar\/web\/wp-json\/wp\/v2\/media\/9272"}],"wp:attachment":[{"href":"https:\/\/fmgente.com.ar\/web\/wp-json\/wp\/v2\/media?parent=9271"}],"wp:term":[{"taxonomy":"category","embeddable":true,"href":"https:\/\/fmgente.com.ar\/web\/wp-json\/wp\/v2\/categories?post=9271"},{"taxonomy":"post_tag","embeddable":true,"href":"https:\/\/fmgente.com.ar\/web\/wp-json\/wp\/v2\/tags?post=9271"}],"curies":[{"name":"wp","href":"https:\/\/api.w.org\/{rel}","templated":true}]}}