{"id":9248,"date":"2025-11-10T11:05:19","date_gmt":"2025-11-10T14:05:19","guid":{"rendered":"https:\/\/fmgente.com.ar\/el-llanto-de-luis-ventura-en-el-bautismo-de-su-hijo-antonito-fuimos-pocos-pero\/"},"modified":"2025-11-10T11:05:19","modified_gmt":"2025-11-10T14:05:19","slug":"el-llanto-de-luis-ventura-en-el-bautismo-de-su-hijo-antonito-fuimos-pocos-pero","status":"publish","type":"post","link":"https:\/\/fmgente.com.ar\/web\/el-llanto-de-luis-ventura-en-el-bautismo-de-su-hijo-antonito-fuimos-pocos-pero\/","title":{"rendered":"El llanto de Luis Ventura en el bautismo de su hijo Anto\u00f1ito: \u201cFuimos pocos pero\u2026\u201d"},"content":{"rendered":"<p><strong>Luis Ventura<\/strong> y<strong> Fabiana Liuzzi <\/strong>vienen de vivir un domingo a pura emoci\u00f3n. Finalmente, el conductor de <strong>Secretos Verdaderos <\/strong>y la ex vedette bautizaron a su hijo <strong>Anto\u00f1ito<\/strong>, de 11 a\u00f1os, en una ceremonia tan \u00edntima como emotiva, rodeados de sus parientes y amigos m\u00e1s cercanos.\u00a0<\/p>\n<p>En una iglesia de Benav\u00eddez, <a href=\"https:\/\/www.paparazzi.com.ar\/tag\/luis-ventura\/\">Ventura <\/a>y <a href=\"https:\/\/www.paparazzi.com.ar\/tag\/fabiana-liuzzi\/\">Liuzzi <\/a>celebraron este primer sacramento de su hijo <a href=\"https:\/\/www.paparazzi.com.ar\/tag\/antonito-ventura\/\">Anto\u00f1ito <\/a>y m\u00e1s tarde compartieron en sus respectivas redes sociales fotos y videos del emocionante rito para el que Fernanda Vives, amiga de Liuzzi, fue elegida como madrina.<\/p>\n<p><em>\u201cEn el finde bautizamos a To\u00f1ito en la Capilla de la Virgen del Carmen en Benavidez con el Padre Paco y los padrinos Fern\u00e1nda Vives y Mat\u00edas Luna&#8230;Fuimos pocos pero estaba Dios\u201d<\/em>, expres\u00f3 el participante de <strong>MasterChef Celebrity<\/strong>, conmovido tras la ceremonia llena de instantes especiales y memorables.<em> \u00abLos Venturitas de bautismo en Benav\u00eddez\u201d<\/em>, expres\u00f3 Luis en otra de sus publicaciones de Instagram, donde se lo ve con su hijo y <strong>Carlos<\/strong>, su hermano.&nbsp;<\/p>\n<div class=\"mt-box \">\n<h4 class=\"mt-heading\">Mir\u00e1 Tambi\u00e9n<\/h4>\n<p><a href=\"https:\/\/www.paparazzi.com.ar\/videos\/exclusivo-luis-ventura-conto-por-que-jorge-rial-le-tiene-miedo-me-quiere-borrar-porque\/\"><\/p>\n<div class=\"mt-content\">\n<div class=\"mt-image-container\"><img decoding=\"async\" src=\"https:\/\/www.paparazzi.com.ar\/wp-content\/uploads\/2025\/11\/Ventura-dos-1-359x226.jpg\" alt=\"\u00a1Exclusivo! Luis Ventura cont\u00f3 por qu\u00e9 Jorge Rial le tiene miedo: \u201cMe quiere borrar porque\u2026\u201d\" class=\"mt-image\" loading=\"lazy\" \/><\/div>\n<h5 class=\"mt-title\">\u00a1Exclusivo! Luis Ventura cont\u00f3 por qu\u00e9 Jorge Rial le tiene miedo: \u201cMe quiere borrar porque\u2026\u201d<\/h5>\n<\/div>\n<p><\/a><\/div>\n<p><em>\u201cAs\u00ed comenzaba un d\u00eda lleno de la gloria de Dios\u201d,<\/em> escribi\u00f3 Liuzzi, muy devota, por su parte. <strong>Fernanda Vives<\/strong>, en tanto, manifest\u00f3 su alegr\u00eda por ser convocada para este importante rito religioso. <em>\u201cHoy fue un d\u00eda especial. Bautizamos a Tony Ventura y yo tuve el honor de ser su madrina. Gracias a los papis que confiaron en m\u00ed para este hermoso d\u00eda\u201d.<\/em><\/p>\n<figure class=\"wp-block-image size-large\"><img decoding=\"async\" src=\"https:\/\/www.paparazzi.com.ar\/wp-content\/uploads\/2025\/11\/ventura-4-1024x1024.jpg.webp\" loading=\"lazy\" alt=\"\" class=\"wp-image-452350\" \/><\/figure>\n<figure class=\"wp-block-image size-large\"><img decoding=\"async\" src=\"https:\/\/www.paparazzi.com.ar\/wp-content\/uploads\/2025\/11\/ventura-5-1024x1024.jpg.webp\" loading=\"lazy\" alt=\"\" class=\"wp-image-452351\" \/><\/figure>\n<figure class=\"wp-block-image size-large\"><img decoding=\"async\" src=\"https:\/\/www.paparazzi.com.ar\/wp-content\/uploads\/2025\/11\/ventura-6-1024x1024.jpg.webp\" loading=\"lazy\" alt=\"\" class=\"wp-image-452352\" \/><\/figure>\n<figure class=\"wp-block-image size-large\"><img decoding=\"async\" src=\"https:\/\/www.paparazzi.com.ar\/wp-content\/uploads\/2025\/11\/ventura-7-1024x1024.jpg.webp\" loading=\"lazy\" alt=\"\" class=\"wp-image-452353\" \/><\/figure>\n<figure class=\"wp-block-image size-full\"><img decoding=\"async\" width=\"439\" height=\"439\" src=\"https:\/\/www.paparazzi.com.ar\/wp-content\/uploads\/2025\/11\/ventu-2.png.webp\" loading=\"lazy\" alt=\"\" class=\"wp-image-452354\" \/><\/figure>\n<figure class=\"wp-block-image size-full\"><img decoding=\"async\" width=\"624\" height=\"789\" src=\"https:\/\/www.paparazzi.com.ar\/wp-content\/uploads\/2025\/11\/ventura-bautismo-hijo-1.png.webp\" loading=\"lazy\" alt=\"\" class=\"wp-image-452355\" \/><\/figure>\n<figure class=\"wp-block-image size-full\"><img decoding=\"async\" width=\"472\" height=\"684\" src=\"https:\/\/www.paparazzi.com.ar\/wp-content\/uploads\/2025\/11\/ventura-bautismo-hijo-6.png.webp\" loading=\"lazy\" alt=\"\" class=\"wp-image-452356\" \/><\/figure>\n<figure class=\"wp-block-image size-full\"><img decoding=\"async\" width=\"508\" height=\"517\" src=\"https:\/\/www.paparazzi.com.ar\/wp-content\/uploads\/2025\/11\/ven.png.webp\" loading=\"lazy\" alt=\"\" class=\"wp-image-452357\" \/><\/figure>\n<figure class=\"wp-block-image size-full\"><img decoding=\"async\" width=\"469\" height=\"670\" src=\"https:\/\/www.paparazzi.com.ar\/wp-content\/uploads\/2025\/11\/Captura-de-pantalla-2025-11-10-093820.png.webp\" loading=\"lazy\" alt=\"\" class=\"wp-image-452358\" \/><\/figure>\n<h2 class=\"wp-block-heading\">LA ESPECIAL CONEXI\u00d3N RELIGIOSA DEL HIJO DE LUIS VENTURA Y FABIANA LIUZZI<\/h2>\n<p>En 2024, Fabiana Liuzzi cont\u00f3 conmovida c\u00f3mo reaccion\u00f3 su hijo <a href=\"https:\/\/www.paparazzi.com.ar\/teve\/fabiana-liuzzi-revelo-como-reacciono-su-hijo-antonito-ventura-cuando-conocio-a-la-sanadora-leda-bergonzi\/\">Anto\u00f1ito <\/a>cuando vio a <strong>Leda Bergonzi<\/strong>, la mujer a la que atribuyen poderes sanadores. <em>\u201cCuando Tony naci\u00f3 se le form\u00f3 un coraz\u00f3n en la cabeza. Hasta el d\u00eda de hoy se me presentan corazones en todos lados, se me cae algo y mancho el piso, es en forma de coraz\u00f3n; dejo un jab\u00f3n y cuando lo voy a agarrar est\u00e1 en forma de coraz\u00f3n, se me cae mermelada y se forma un coraz\u00f3n\u201d.\u00a0<\/em><\/p>\n<p><em>\u201cTony va y se arrodilla solo, se qued\u00f3 quietito, luego se levant\u00f3 y fue hacia ese coraz\u00f3n y se qued\u00f3 mir\u00e1ndolo. Siempre digo que mi hijo es especial porque tiene una patolog\u00eda, pero m\u00e1s especial es porque es un \u00e1ngel de la Tierra que tiene una mirada, sus manitos y su piel de porcelana\u201d<\/em>, se\u00f1al\u00f3.<\/p>\n<div class=\"mt-box \">\n<h4 class=\"mt-heading\">Mir\u00e1 Tambi\u00e9n<\/h4>\n<p><a href=\"https:\/\/www.paparazzi.com.ar\/romances\/fin-del-misterio-fabiana-liuzzi-confeso-cuanto-hace-que-sale-con-luis-ventura-y-revelo-detalles-secretos-de-la-relacion\/\"><\/p>\n<div class=\"mt-content\">\n<div class=\"mt-image-container\"><img decoding=\"async\" src=\"https:\/\/www.paparazzi.com.ar\/wp-content\/uploads\/2025\/04\/liuzzy-luis.jpg.webp\" alt=\"\u00a1Fin del misterio! Fabiana Liuzzi confes\u00f3 cu\u00e1nto hace que sale con Luis Ventura y revel\u00f3 detalles secretos de la relaci\u00f3n\" class=\"mt-image\" loading=\"lazy\" \/><\/div>\n<h5 class=\"mt-title\">\u00a1Fin del misterio! Fabiana Liuzzi confes\u00f3 cu\u00e1nto hace que sale con Luis Ventura y revel\u00f3 detalles secretos de la relaci\u00f3n<\/h5>\n<\/div>\n<p><\/a><\/div>\n<p><em>\u201cLeda nos mir\u00f3, vi como una sonrisa en su rostro y vino primero hacia nosotros, le agarr\u00f3 la cabecita a Tony y empez\u00f3 a orar y hablar en otras lenguas, que significa el don del Esp\u00edritu Santo. A m\u00ed se me empezaron a aflojar las piernas, puso su mano en mi coraz\u00f3n y empez\u00f3 a orar, y ca\u00ed en c\u00e1mara lenta como arrodillada. Ca\u00edmos los dos con Antonito, y luego quedamos con una paz interior terrible\u201d<\/em>, record\u00f3.<\/p>\n<div class=\"mt-box \">\n<h4 class=\"mt-heading\">Mir\u00e1 Tambi\u00e9n<\/h4>\n<p><a href=\"https:\/\/www.paparazzi.com.ar\/teve\/maxi-lopez-revelo-en-masterchef-el-reclamo-que-le-hizo-su-esposa-sobre-wanda-nara\/\"><\/p>\n<div class=\"mt-content\">\n<div class=\"mt-image-container\"><img decoding=\"async\" src=\"https:\/\/www.paparazzi.com.ar\/wp-content\/uploads\/2025\/10\/daniela-christiansson-maxi-lopez-1-359x226.jpg\" alt=\"Maxi L\u00f3pez revel\u00f3 en MasterChef el reclamo que le hizo su esposa sobre Wanda Nara\" class=\"mt-image\" loading=\"lazy\" \/><\/div>\n<h5 class=\"mt-title\">Maxi L\u00f3pez revel\u00f3 en MasterChef el reclamo que le hizo su esposa sobre Wanda Nara<\/h5>\n<\/div>\n<p><\/a><\/div>\n<div class=\"mt-box \">\n<h4 class=\"mt-heading\">Mir\u00e1 Tambi\u00e9n<\/h4>\n<p><a href=\"https:\/\/www.paparazzi.com.ar\/teve\/el-insolito-motivo-por-el-que-evangelina-anderson-quebro-en-llanto-en-masterchef\/\"><\/p>\n<div class=\"mt-content\">\n<div class=\"mt-image-container\"><img decoding=\"async\" src=\"https:\/\/www.paparazzi.com.ar\/wp-content\/uploads\/2025\/11\/evangelina-anderson-masterchef-359x226.png\" alt=\"El ins\u00f3lito motivo por el que Evangelina Anderson quebr\u00f3 en llanto en MasterChef\" class=\"mt-image\" loading=\"lazy\" \/><\/div>\n<h5 class=\"mt-title\">El ins\u00f3lito motivo por el que Evangelina Anderson quebr\u00f3 en llanto en MasterChef<\/h5>\n<\/div>\n<p><\/a><\/div>\n<p>The post <a href=\"https:\/\/www.paparazzi.com.ar\/teve\/el-llanto-de-luis-ventura-en-el-bautismo-de-su-hijo-antonito-fuimos-pocos-pero\/\">El llanto de Luis Ventura en el bautismo de su hijo Anto\u00f1ito: \u201cFuimos pocos pero\u2026\u201d<\/a> appeared first on <a href=\"https:\/\/www.paparazzi.com.ar\">Revista Paparazzi<\/a>.<\/p>\n","protected":false},"excerpt":{"rendered":"<p>Luis Ventura y Fabiana Liuzzi vienen de vivir un domingo a pura emoci\u00f3n. Finalmente, el<\/p>\n","protected":false},"author":0,"featured_media":9249,"comment_status":"","ping_status":"","sticky":false,"template":"","format":"standard","meta":{"footnotes":""},"categories":[11],"tags":[],"class_list":["post-9248","post","type-post","status-publish","format-standard","has-post-thumbnail","hentry","category-destacadas"],"yoast_head":"<!-- This site is optimized with the Yoast SEO plugin v27.4 - https:\/\/yoast.com\/product\/yoast-seo-wordpress\/ -->\n<title>El llanto de Luis Ventura en el bautismo de su hijo Anto\u00f1ito: \u201cFuimos pocos pero\u2026\u201d - Fm Gente<\/title>\n<meta name=\"robots\" content=\"index, follow, max-snippet:-1, max-image-preview:large, max-video-preview:-1\" \/>\n<link rel=\"canonical\" href=\"https:\/\/fmgente.com.ar\/web\/el-llanto-de-luis-ventura-en-el-bautismo-de-su-hijo-antonito-fuimos-pocos-pero\/\" \/>\n<meta property=\"og:locale\" content=\"es_ES\" \/>\n<meta property=\"og:type\" content=\"article\" \/>\n<meta property=\"og:title\" content=\"El llanto de Luis Ventura en el bautismo de su hijo Anto\u00f1ito: \u201cFuimos pocos pero\u2026\u201d - Fm Gente\" \/>\n<meta property=\"og:description\" content=\"Luis Ventura y Fabiana Liuzzi vienen de vivir un domingo a pura emoci\u00f3n. Finalmente, el\" \/>\n<meta property=\"og:url\" content=\"https:\/\/fmgente.com.ar\/web\/el-llanto-de-luis-ventura-en-el-bautismo-de-su-hijo-antonito-fuimos-pocos-pero\/\" \/>\n<meta property=\"og:site_name\" content=\"Fm Gente\" \/>\n<meta property=\"article:published_time\" content=\"2025-11-10T14:05:19+00:00\" \/>\n<meta property=\"og:image\" content=\"https:\/\/fmgente.com.ar\/web\/wp-content\/uploads\/2025\/11\/Ventura-dos-1-359x226-31.jpg\" \/>\n\t<meta property=\"og:image:width\" content=\"359\" \/>\n\t<meta property=\"og:image:height\" content=\"226\" \/>\n\t<meta property=\"og:image:type\" content=\"image\/jpeg\" \/>\n<meta name=\"twitter:card\" content=\"summary_large_image\" \/>\n<meta name=\"twitter:label1\" content=\"Tiempo de lectura\" \/>\n\t<meta name=\"twitter:data1\" content=\"3 minutos\" \/>\n<script type=\"application\/ld+json\" class=\"yoast-schema-graph\">{\"@context\":\"https:\\\/\\\/schema.org\",\"@graph\":[{\"@type\":\"Article\",\"@id\":\"https:\\\/\\\/fmgente.com.ar\\\/web\\\/el-llanto-de-luis-ventura-en-el-bautismo-de-su-hijo-antonito-fuimos-pocos-pero\\\/#article\",\"isPartOf\":{\"@id\":\"https:\\\/\\\/fmgente.com.ar\\\/web\\\/el-llanto-de-luis-ventura-en-el-bautismo-de-su-hijo-antonito-fuimos-pocos-pero\\\/\"},\"author\":{\"name\":\"\",\"@id\":\"\"},\"headline\":\"El llanto de Luis Ventura en el bautismo de su hijo Anto\u00f1ito: \u201cFuimos pocos pero\u2026\u201d\",\"datePublished\":\"2025-11-10T14:05:19+00:00\",\"mainEntityOfPage\":{\"@id\":\"https:\\\/\\\/fmgente.com.ar\\\/web\\\/el-llanto-de-luis-ventura-en-el-bautismo-de-su-hijo-antonito-fuimos-pocos-pero\\\/\"},\"wordCount\":603,\"publisher\":{\"@id\":\"https:\\\/\\\/fmgente.com.ar\\\/web\\\/#organization\"},\"image\":{\"@id\":\"https:\\\/\\\/fmgente.com.ar\\\/web\\\/el-llanto-de-luis-ventura-en-el-bautismo-de-su-hijo-antonito-fuimos-pocos-pero\\\/#primaryimage\"},\"thumbnailUrl\":\"https:\\\/\\\/fmgente.com.ar\\\/web\\\/wp-content\\\/uploads\\\/2025\\\/11\\\/Ventura-dos-1-359x226-31.jpg\",\"articleSection\":[\"DESTACADAS\"],\"inLanguage\":\"es\"},{\"@type\":\"WebPage\",\"@id\":\"https:\\\/\\\/fmgente.com.ar\\\/web\\\/el-llanto-de-luis-ventura-en-el-bautismo-de-su-hijo-antonito-fuimos-pocos-pero\\\/\",\"url\":\"https:\\\/\\\/fmgente.com.ar\\\/web\\\/el-llanto-de-luis-ventura-en-el-bautismo-de-su-hijo-antonito-fuimos-pocos-pero\\\/\",\"name\":\"El llanto de Luis Ventura en el bautismo de su hijo Anto\u00f1ito: \u201cFuimos pocos pero\u2026\u201d - Fm Gente\",\"isPartOf\":{\"@id\":\"https:\\\/\\\/fmgente.com.ar\\\/web\\\/#website\"},\"primaryImageOfPage\":{\"@id\":\"https:\\\/\\\/fmgente.com.ar\\\/web\\\/el-llanto-de-luis-ventura-en-el-bautismo-de-su-hijo-antonito-fuimos-pocos-pero\\\/#primaryimage\"},\"image\":{\"@id\":\"https:\\\/\\\/fmgente.com.ar\\\/web\\\/el-llanto-de-luis-ventura-en-el-bautismo-de-su-hijo-antonito-fuimos-pocos-pero\\\/#primaryimage\"},\"thumbnailUrl\":\"https:\\\/\\\/fmgente.com.ar\\\/web\\\/wp-content\\\/uploads\\\/2025\\\/11\\\/Ventura-dos-1-359x226-31.jpg\",\"datePublished\":\"2025-11-10T14:05:19+00:00\",\"inLanguage\":\"es\",\"potentialAction\":[{\"@type\":\"ReadAction\",\"target\":[\"https:\\\/\\\/fmgente.com.ar\\\/web\\\/el-llanto-de-luis-ventura-en-el-bautismo-de-su-hijo-antonito-fuimos-pocos-pero\\\/\"]}]},{\"@type\":\"ImageObject\",\"inLanguage\":\"es\",\"@id\":\"https:\\\/\\\/fmgente.com.ar\\\/web\\\/el-llanto-de-luis-ventura-en-el-bautismo-de-su-hijo-antonito-fuimos-pocos-pero\\\/#primaryimage\",\"url\":\"https:\\\/\\\/fmgente.com.ar\\\/web\\\/wp-content\\\/uploads\\\/2025\\\/11\\\/Ventura-dos-1-359x226-31.jpg\",\"contentUrl\":\"https:\\\/\\\/fmgente.com.ar\\\/web\\\/wp-content\\\/uploads\\\/2025\\\/11\\\/Ventura-dos-1-359x226-31.jpg\",\"width\":359,\"height\":226},{\"@type\":\"WebSite\",\"@id\":\"https:\\\/\\\/fmgente.com.ar\\\/web\\\/#website\",\"url\":\"https:\\\/\\\/fmgente.com.ar\\\/web\\\/\",\"name\":\"Fm Gente\",\"description\":\"- Jes\u00fas Mar\u00eda\",\"publisher\":{\"@id\":\"https:\\\/\\\/fmgente.com.ar\\\/web\\\/#organization\"},\"potentialAction\":[{\"@type\":\"SearchAction\",\"target\":{\"@type\":\"EntryPoint\",\"urlTemplate\":\"https:\\\/\\\/fmgente.com.ar\\\/web\\\/?s={search_term_string}\"},\"query-input\":{\"@type\":\"PropertyValueSpecification\",\"valueRequired\":true,\"valueName\":\"search_term_string\"}}],\"inLanguage\":\"es\"},{\"@type\":\"Organization\",\"@id\":\"https:\\\/\\\/fmgente.com.ar\\\/web\\\/#organization\",\"name\":\"Fm Gente\",\"url\":\"https:\\\/\\\/fmgente.com.ar\\\/web\\\/\",\"logo\":{\"@type\":\"ImageObject\",\"inLanguage\":\"es\",\"@id\":\"https:\\\/\\\/fmgente.com.ar\\\/web\\\/#\\\/schema\\\/logo\\\/image\\\/\",\"url\":\"https:\\\/\\\/fmgente.com.ar\\\/web\\\/wp-content\\\/uploads\\\/2023\\\/07\\\/cropped-cropped-logo-sombra2.png\",\"contentUrl\":\"https:\\\/\\\/fmgente.com.ar\\\/web\\\/wp-content\\\/uploads\\\/2023\\\/07\\\/cropped-cropped-logo-sombra2.png\",\"width\":1782,\"height\":1782,\"caption\":\"Fm Gente\"},\"image\":{\"@id\":\"https:\\\/\\\/fmgente.com.ar\\\/web\\\/#\\\/schema\\\/logo\\\/image\\\/\"}}]}<\/script>\n<!-- \/ Yoast SEO plugin. -->","yoast_head_json":{"title":"El llanto de Luis Ventura en el bautismo de su hijo Anto\u00f1ito: \u201cFuimos pocos pero\u2026\u201d - Fm Gente","robots":{"index":"index","follow":"follow","max-snippet":"max-snippet:-1","max-image-preview":"max-image-preview:large","max-video-preview":"max-video-preview:-1"},"canonical":"https:\/\/fmgente.com.ar\/web\/el-llanto-de-luis-ventura-en-el-bautismo-de-su-hijo-antonito-fuimos-pocos-pero\/","og_locale":"es_ES","og_type":"article","og_title":"El llanto de Luis Ventura en el bautismo de su hijo Anto\u00f1ito: \u201cFuimos pocos pero\u2026\u201d - Fm Gente","og_description":"Luis Ventura y Fabiana Liuzzi vienen de vivir un domingo a pura emoci\u00f3n. Finalmente, el","og_url":"https:\/\/fmgente.com.ar\/web\/el-llanto-de-luis-ventura-en-el-bautismo-de-su-hijo-antonito-fuimos-pocos-pero\/","og_site_name":"Fm Gente","article_published_time":"2025-11-10T14:05:19+00:00","og_image":[{"width":359,"height":226,"url":"https:\/\/fmgente.com.ar\/web\/wp-content\/uploads\/2025\/11\/Ventura-dos-1-359x226-31.jpg","type":"image\/jpeg"}],"twitter_card":"summary_large_image","twitter_misc":{"Tiempo de lectura":"3 minutos"},"schema":{"@context":"https:\/\/schema.org","@graph":[{"@type":"Article","@id":"https:\/\/fmgente.com.ar\/web\/el-llanto-de-luis-ventura-en-el-bautismo-de-su-hijo-antonito-fuimos-pocos-pero\/#article","isPartOf":{"@id":"https:\/\/fmgente.com.ar\/web\/el-llanto-de-luis-ventura-en-el-bautismo-de-su-hijo-antonito-fuimos-pocos-pero\/"},"author":{"name":"","@id":""},"headline":"El llanto de Luis Ventura en el bautismo de su hijo Anto\u00f1ito: \u201cFuimos pocos pero\u2026\u201d","datePublished":"2025-11-10T14:05:19+00:00","mainEntityOfPage":{"@id":"https:\/\/fmgente.com.ar\/web\/el-llanto-de-luis-ventura-en-el-bautismo-de-su-hijo-antonito-fuimos-pocos-pero\/"},"wordCount":603,"publisher":{"@id":"https:\/\/fmgente.com.ar\/web\/#organization"},"image":{"@id":"https:\/\/fmgente.com.ar\/web\/el-llanto-de-luis-ventura-en-el-bautismo-de-su-hijo-antonito-fuimos-pocos-pero\/#primaryimage"},"thumbnailUrl":"https:\/\/fmgente.com.ar\/web\/wp-content\/uploads\/2025\/11\/Ventura-dos-1-359x226-31.jpg","articleSection":["DESTACADAS"],"inLanguage":"es"},{"@type":"WebPage","@id":"https:\/\/fmgente.com.ar\/web\/el-llanto-de-luis-ventura-en-el-bautismo-de-su-hijo-antonito-fuimos-pocos-pero\/","url":"https:\/\/fmgente.com.ar\/web\/el-llanto-de-luis-ventura-en-el-bautismo-de-su-hijo-antonito-fuimos-pocos-pero\/","name":"El llanto de Luis Ventura en el bautismo de su hijo Anto\u00f1ito: \u201cFuimos pocos pero\u2026\u201d - Fm Gente","isPartOf":{"@id":"https:\/\/fmgente.com.ar\/web\/#website"},"primaryImageOfPage":{"@id":"https:\/\/fmgente.com.ar\/web\/el-llanto-de-luis-ventura-en-el-bautismo-de-su-hijo-antonito-fuimos-pocos-pero\/#primaryimage"},"image":{"@id":"https:\/\/fmgente.com.ar\/web\/el-llanto-de-luis-ventura-en-el-bautismo-de-su-hijo-antonito-fuimos-pocos-pero\/#primaryimage"},"thumbnailUrl":"https:\/\/fmgente.com.ar\/web\/wp-content\/uploads\/2025\/11\/Ventura-dos-1-359x226-31.jpg","datePublished":"2025-11-10T14:05:19+00:00","inLanguage":"es","potentialAction":[{"@type":"ReadAction","target":["https:\/\/fmgente.com.ar\/web\/el-llanto-de-luis-ventura-en-el-bautismo-de-su-hijo-antonito-fuimos-pocos-pero\/"]}]},{"@type":"ImageObject","inLanguage":"es","@id":"https:\/\/fmgente.com.ar\/web\/el-llanto-de-luis-ventura-en-el-bautismo-de-su-hijo-antonito-fuimos-pocos-pero\/#primaryimage","url":"https:\/\/fmgente.com.ar\/web\/wp-content\/uploads\/2025\/11\/Ventura-dos-1-359x226-31.jpg","contentUrl":"https:\/\/fmgente.com.ar\/web\/wp-content\/uploads\/2025\/11\/Ventura-dos-1-359x226-31.jpg","width":359,"height":226},{"@type":"WebSite","@id":"https:\/\/fmgente.com.ar\/web\/#website","url":"https:\/\/fmgente.com.ar\/web\/","name":"Fm Gente","description":"- Jes\u00fas Mar\u00eda","publisher":{"@id":"https:\/\/fmgente.com.ar\/web\/#organization"},"potentialAction":[{"@type":"SearchAction","target":{"@type":"EntryPoint","urlTemplate":"https:\/\/fmgente.com.ar\/web\/?s={search_term_string}"},"query-input":{"@type":"PropertyValueSpecification","valueRequired":true,"valueName":"search_term_string"}}],"inLanguage":"es"},{"@type":"Organization","@id":"https:\/\/fmgente.com.ar\/web\/#organization","name":"Fm Gente","url":"https:\/\/fmgente.com.ar\/web\/","logo":{"@type":"ImageObject","inLanguage":"es","@id":"https:\/\/fmgente.com.ar\/web\/#\/schema\/logo\/image\/","url":"https:\/\/fmgente.com.ar\/web\/wp-content\/uploads\/2023\/07\/cropped-cropped-logo-sombra2.png","contentUrl":"https:\/\/fmgente.com.ar\/web\/wp-content\/uploads\/2023\/07\/cropped-cropped-logo-sombra2.png","width":1782,"height":1782,"caption":"Fm Gente"},"image":{"@id":"https:\/\/fmgente.com.ar\/web\/#\/schema\/logo\/image\/"}}]}},"_links":{"self":[{"href":"https:\/\/fmgente.com.ar\/web\/wp-json\/wp\/v2\/posts\/9248","targetHints":{"allow":["GET"]}}],"collection":[{"href":"https:\/\/fmgente.com.ar\/web\/wp-json\/wp\/v2\/posts"}],"about":[{"href":"https:\/\/fmgente.com.ar\/web\/wp-json\/wp\/v2\/types\/post"}],"replies":[{"embeddable":true,"href":"https:\/\/fmgente.com.ar\/web\/wp-json\/wp\/v2\/comments?post=9248"}],"version-history":[{"count":0,"href":"https:\/\/fmgente.com.ar\/web\/wp-json\/wp\/v2\/posts\/9248\/revisions"}],"wp:featuredmedia":[{"embeddable":true,"href":"https:\/\/fmgente.com.ar\/web\/wp-json\/wp\/v2\/media\/9249"}],"wp:attachment":[{"href":"https:\/\/fmgente.com.ar\/web\/wp-json\/wp\/v2\/media?parent=9248"}],"wp:term":[{"taxonomy":"category","embeddable":true,"href":"https:\/\/fmgente.com.ar\/web\/wp-json\/wp\/v2\/categories?post=9248"},{"taxonomy":"post_tag","embeddable":true,"href":"https:\/\/fmgente.com.ar\/web\/wp-json\/wp\/v2\/tags?post=9248"}],"curies":[{"name":"wp","href":"https:\/\/api.w.org\/{rel}","templated":true}]}}