{"id":9228,"date":"2025-11-10T00:05:57","date_gmt":"2025-11-10T03:05:57","guid":{"rendered":"https:\/\/fmgente.com.ar\/flor-vigna-y-mica-viciconte-se-dijeron-de-todo-y-recordaron-su-polemico-pasado-te-voy-a-hacer-m\/"},"modified":"2025-11-10T00:05:57","modified_gmt":"2025-11-10T03:05:57","slug":"flor-vigna-y-mica-viciconte-se-dijeron-de-todo-y-recordaron-su-polemico-pasado-te-voy-a-hacer-m","status":"publish","type":"post","link":"https:\/\/fmgente.com.ar\/web\/flor-vigna-y-mica-viciconte-se-dijeron-de-todo-y-recordaron-su-polemico-pasado-te-voy-a-hacer-m\/","title":{"rendered":"Flor Vigna y Mica Viciconte se dijeron de todo y recordaron su pol\u00e9mico pasado: &quot;Te voy a hacer m\u2026&quot;"},"content":{"rendered":"<p>A d\u00edas de enfrentarse en el ring, <strong><a href=\"https:\/\/www.paparazzi.com.ar\/?s=Flor+Vigna\">Flor Vigna<\/a><\/strong> y <strong><a href=\"https:\/\/www.paparazzi.com.ar\/?s=Mica+Viciconte\">Mica Viciconte<\/a><\/strong> volvieron a verse cara a cara en una entrevista previa al esperado evento de boxeo \u201cP\u00e1rense de Manos III\u201d, que se llevar\u00e1 a cabo el 20 de diciembre de 2025 en el estadio de Hurac\u00e1n. <\/p>\n<p>El encuentro, lejos de ser una simple charla promocional, revivi\u00f3 una de las rivalidades m\u00e1s recordadas de la televisi\u00f3n: la que naci\u00f3 hace a\u00f1os en el programa<em> \u201cCombate\u201d,<\/em> donde ambas fueron protagonistas de intensas competencias, choques de personalidad y una qu\u00edmica que el p\u00fablico jam\u00e1s olvid\u00f3.<\/p>\n<p>Antes del combate, Flor rompi\u00f3 el hielo con una frase que sorprendi\u00f3 a todos: <em>\u201cFuiste, lamentablemente, muy importante en mi vida\u201d<\/em>, le dijo a Mica con una sonrisa entre nerviosa y nost\u00e1lgica. A lo que Viciconte respondi\u00f3 con sinceridad: <em>\u201cFuimos necesarias\u201d<\/em>, marcando un cierre simb\u00f3lico a una historia llena de competencia, rivalidad y crecimiento.<\/p>\n<div class=\"mt-box \">\n<h4 class=\"mt-heading\">Mir\u00e1 Tambi\u00e9n<\/h4>\n<p><a href=\"https:\/\/www.paparazzi.com.ar\/internacionales\/exclusivo-las-fotos-de-dua-lipa-en-la-bombonera-viendo-el-superclasico-entre-boca-y-river\/\"><\/p>\n<div class=\"mt-content\">\n<div class=\"mt-image-container\"><img decoding=\"async\" src=\"https:\/\/www.paparazzi.com.ar\/wp-content\/uploads\/2025\/11\/dua-lipa-359x226.png\" alt=\"\u00a1Exclusivo! Las fotos de Dua Lipa en la Bombonera viendo el Supercl\u00e1sico entre Boca y River\" class=\"mt-image\" loading=\"lazy\" \/><\/div>\n<h5 class=\"mt-title\">\u00a1Exclusivo! Las fotos de Dua Lipa en la Bombonera viendo el Supercl\u00e1sico entre Boca y River<\/h5>\n<\/div>\n<p><\/a><\/div>\n<p>Lejos de la tensi\u00f3n de los viejos tiempos, las dos se permitieron recordar lo que vivieron. Mica fue directa: <em>\u201cLo m\u00e1s lindo de todo esto, m\u00e1s all\u00e1 de que nos mat\u00e1bamos y nos odi\u00e1bamos \u2014y era real\u2014, es que hoy podemos vernos desde otro lado: m\u00e1s grandes, m\u00e1s viejas, m\u00e1s hechas mierdas\u2026 pero m\u00e1s sinceras\u201d<\/em>.<\/p>\n<h2 class=\"wp-block-heading\">SE VIENE LA PELEA ENTRE FLOR VIGNA Y MICA VICICONTE:<\/h2>\n<p>Flor, con su caracter\u00edstico humor, acot\u00f3: <em>\u201cSer\u00edamos unas genias si todo eso hubiese estado armado, ser\u00edamos unas actrices del carajo\u201d<\/em>. Entre risas, Viciconte retruc\u00f3: <em>\u201cNo, no, vos sos actriz, yo robo bastante\u201d<\/em>, generando un momento de complicidad que r\u00e1pidamente se volvi\u00f3 viral en redes sociales.<\/p>\n<p>Ambas dejaron claro que, aunque los a\u00f1os pasaron y la rivalidad se transform\u00f3 en respeto, el esp\u00edritu competitivo sigue intacto. <em>\u201cHoy tenemos un desaf\u00edo nuevo, y nos vamos a hacer mierda\u201d<\/em>, lanz\u00f3 Mica con picard\u00eda. <em>\u201cObvio, yo te re quiero ganar\u201d<\/em>, respondi\u00f3 Flor, dejando en claro que el cari\u00f1o no quita las ganas de imponerse arriba del ring.<\/p>\n<div class=\"mt-box \">\n<h4 class=\"mt-heading\">Mir\u00e1 Tambi\u00e9n<\/h4>\n<p><a href=\"https:\/\/www.paparazzi.com.ar\/teve\/flor-vigna-se-mostro-en-su-peor-estado-y-encendio-las-alarmas-me-hace-mal\/\"><\/p>\n<div class=\"mt-content\">\n<div class=\"mt-image-container\"><img decoding=\"async\" src=\"https:\/\/www.paparazzi.com.ar\/wp-content\/uploads\/2025\/10\/flor-vigna-1-2-359x226.png\" alt=\"Flor Vigna se mostr\u00f3 en su peor estado y encendi\u00f3 las alarmas: &quot;Me hace mal&quot;\" class=\"mt-image\" loading=\"lazy\" \/><\/div>\n<h5 class=\"mt-title\">Flor Vigna se mostr\u00f3 en su peor estado y encendi\u00f3 las alarmas: \u00abMe hace mal\u00bb<\/h5>\n<\/div>\n<p><\/a><\/div>\n<p>El enfrentamiento entre las dos promete ser uno de los m\u00e1s esperados de \u201cP\u00e1rense de Manos III\u201d, el evento que mezcla celebridades, deporte y show, y que cada a\u00f1o genera un enorme revuelo medi\u00e1tico. A diferencia de sus \u00e9pocas en televisi\u00f3n, ahora las dos llegan desde caminos distintos: Vigna se dedic\u00f3 a la m\u00fasica y la actuaci\u00f3n, mientras que Viciconte consolid\u00f3 su perfil medi\u00e1tico y familiar junto a Fabi\u00e1n Cubero. <\/p>\n<p>Pero, pese a sus vidas tan diferentes, la conexi\u00f3n entre ambas sigue ah\u00ed: una mezcla de historia compartida, competencia y un respeto que solo los a\u00f1os pudieron construir. Todo indica que el 20 de diciembre no solo se definir\u00e1 una pelea de boxeo: se cerrar\u00e1 un ciclo que marc\u00f3 a toda una generaci\u00f3n de fan\u00e1ticos.<\/p>\n<div class=\"mt-box \">\n<h4 class=\"mt-heading\">Mir\u00e1 Tambi\u00e9n<\/h4>\n<p><a href=\"https:\/\/www.paparazzi.com.ar\/teve\/mica-viciconte-se-metio-en-la-crianza-de-las-hijas-de-nicole-y-armo-un-escandalo-con-fabi-decidimos-que\/\"><\/p>\n<div class=\"mt-content\">\n<div class=\"mt-image-container\"><img decoding=\"async\" src=\"https:\/\/www.paparazzi.com.ar\/wp-content\/uploads\/2025\/10\/Mica-Viciconte-Nicole-Neumann-359x226.jpg\" alt=\"Mica Viciconte se meti\u00f3 en la crianza de las hijas de Nicole y arm\u00f3 un esc\u00e1ndalo: \u201cCon Fabi decidimos que\u2026\u201d\" class=\"mt-image\" loading=\"lazy\" \/><\/div>\n<h5 class=\"mt-title\">Mica Viciconte se meti\u00f3 en la crianza de las hijas de Nicole y arm\u00f3 un esc\u00e1ndalo: \u201cCon Fabi decidimos que\u2026\u201d<\/h5>\n<\/div>\n<p><\/a><\/div>\n<div class=\"mt-box \">\n<h4 class=\"mt-heading\">Mir\u00e1 Tambi\u00e9n<\/h4>\n<p><a href=\"https:\/\/www.paparazzi.com.ar\/romances\/la-polemica-cancion-de-flor-vigna-defenestrando-a-la-china-suarez-roba-maridos\/\"><\/p>\n<div class=\"mt-content\">\n<div class=\"mt-image-container\"><img decoding=\"async\" src=\"https:\/\/www.paparazzi.com.ar\/wp-content\/uploads\/2025\/03\/Flor-Vigna-Mauro-Icardi-China-Suarez-Wanda-Nara.jpg.webp\" alt=\"Qu\u00e9 dice la pol\u00e9mica canci\u00f3n de Flor Vigna defenestrando a la China Su\u00e1rez: \u201cRoba maridos\u201d\" class=\"mt-image\" loading=\"lazy\" \/><\/div>\n<h5 class=\"mt-title\">Qu\u00e9 dice la pol\u00e9mica canci\u00f3n de Flor Vigna defenestrando a la China Su\u00e1rez: \u201cRoba maridos\u201d<\/h5>\n<\/div>\n<p><\/a><\/div>\n<p>The post <a href=\"https:\/\/www.paparazzi.com.ar\/teve\/flor-vigna-y-mica-viciconte-se-dijeron-de-todo-y-recordaron-su-polemico-pasado-te-voy-a-hacer-m\/\">Flor Vigna y Mica Viciconte se dijeron de todo y recordaron su pol\u00e9mico pasado: &quot;Te voy a hacer m\u2026&quot;<\/a> appeared first on <a href=\"https:\/\/www.paparazzi.com.ar\">Revista Paparazzi<\/a>.<\/p>\n","protected":false},"excerpt":{"rendered":"<p>A d\u00edas de enfrentarse en el ring, Flor Vigna y Mica Viciconte volvieron a verse<\/p>\n","protected":false},"author":0,"featured_media":9229,"comment_status":"","ping_status":"","sticky":false,"template":"","format":"standard","meta":{"footnotes":""},"categories":[11],"tags":[],"class_list":["post-9228","post","type-post","status-publish","format-standard","has-post-thumbnail","hentry","category-destacadas"],"yoast_head":"<!-- This site is optimized with the Yoast SEO plugin v27.4 - https:\/\/yoast.com\/product\/yoast-seo-wordpress\/ -->\n<title>Flor Vigna y Mica Viciconte se dijeron de todo y recordaron su pol\u00e9mico pasado: &quot;Te voy a hacer m\u2026&quot; - Fm Gente<\/title>\n<meta name=\"robots\" content=\"index, follow, max-snippet:-1, max-image-preview:large, max-video-preview:-1\" \/>\n<link rel=\"canonical\" href=\"https:\/\/fmgente.com.ar\/web\/flor-vigna-y-mica-viciconte-se-dijeron-de-todo-y-recordaron-su-polemico-pasado-te-voy-a-hacer-m\/\" \/>\n<meta property=\"og:locale\" content=\"es_ES\" \/>\n<meta property=\"og:type\" content=\"article\" \/>\n<meta property=\"og:title\" content=\"Flor Vigna y Mica Viciconte se dijeron de todo y recordaron su pol\u00e9mico pasado: &quot;Te voy a hacer m\u2026&quot; - Fm Gente\" \/>\n<meta property=\"og:description\" content=\"A d\u00edas de enfrentarse en el ring, Flor Vigna y Mica Viciconte volvieron a verse\" \/>\n<meta property=\"og:url\" content=\"https:\/\/fmgente.com.ar\/web\/flor-vigna-y-mica-viciconte-se-dijeron-de-todo-y-recordaron-su-polemico-pasado-te-voy-a-hacer-m\/\" \/>\n<meta property=\"og:site_name\" content=\"Fm Gente\" \/>\n<meta property=\"article:published_time\" content=\"2025-11-10T03:05:57+00:00\" \/>\n<meta property=\"og:image\" content=\"https:\/\/fmgente.com.ar\/web\/wp-content\/uploads\/2025\/11\/dua-lipa-359x226-3.png\" \/>\n\t<meta property=\"og:image:width\" content=\"359\" \/>\n\t<meta property=\"og:image:height\" content=\"226\" \/>\n\t<meta property=\"og:image:type\" content=\"image\/png\" \/>\n<meta name=\"twitter:card\" content=\"summary_large_image\" \/>\n<meta name=\"twitter:label1\" content=\"Tiempo de lectura\" \/>\n\t<meta name=\"twitter:data1\" content=\"3 minutos\" \/>\n<script type=\"application\/ld+json\" class=\"yoast-schema-graph\">{\"@context\":\"https:\\\/\\\/schema.org\",\"@graph\":[{\"@type\":\"Article\",\"@id\":\"https:\\\/\\\/fmgente.com.ar\\\/web\\\/flor-vigna-y-mica-viciconte-se-dijeron-de-todo-y-recordaron-su-polemico-pasado-te-voy-a-hacer-m\\\/#article\",\"isPartOf\":{\"@id\":\"https:\\\/\\\/fmgente.com.ar\\\/web\\\/flor-vigna-y-mica-viciconte-se-dijeron-de-todo-y-recordaron-su-polemico-pasado-te-voy-a-hacer-m\\\/\"},\"author\":{\"name\":\"\",\"@id\":\"\"},\"headline\":\"Flor Vigna y Mica Viciconte se dijeron de todo y recordaron su pol\u00e9mico pasado: &quot;Te voy a hacer m\u2026&quot;\",\"datePublished\":\"2025-11-10T03:05:57+00:00\",\"mainEntityOfPage\":{\"@id\":\"https:\\\/\\\/fmgente.com.ar\\\/web\\\/flor-vigna-y-mica-viciconte-se-dijeron-de-todo-y-recordaron-su-polemico-pasado-te-voy-a-hacer-m\\\/\"},\"wordCount\":613,\"publisher\":{\"@id\":\"https:\\\/\\\/fmgente.com.ar\\\/web\\\/#organization\"},\"image\":{\"@id\":\"https:\\\/\\\/fmgente.com.ar\\\/web\\\/flor-vigna-y-mica-viciconte-se-dijeron-de-todo-y-recordaron-su-polemico-pasado-te-voy-a-hacer-m\\\/#primaryimage\"},\"thumbnailUrl\":\"https:\\\/\\\/fmgente.com.ar\\\/web\\\/wp-content\\\/uploads\\\/2025\\\/11\\\/dua-lipa-359x226-3.png\",\"articleSection\":[\"DESTACADAS\"],\"inLanguage\":\"es\"},{\"@type\":\"WebPage\",\"@id\":\"https:\\\/\\\/fmgente.com.ar\\\/web\\\/flor-vigna-y-mica-viciconte-se-dijeron-de-todo-y-recordaron-su-polemico-pasado-te-voy-a-hacer-m\\\/\",\"url\":\"https:\\\/\\\/fmgente.com.ar\\\/web\\\/flor-vigna-y-mica-viciconte-se-dijeron-de-todo-y-recordaron-su-polemico-pasado-te-voy-a-hacer-m\\\/\",\"name\":\"Flor Vigna y Mica Viciconte se dijeron de todo y recordaron su pol\u00e9mico pasado: &quot;Te voy a hacer m\u2026&quot; - Fm Gente\",\"isPartOf\":{\"@id\":\"https:\\\/\\\/fmgente.com.ar\\\/web\\\/#website\"},\"primaryImageOfPage\":{\"@id\":\"https:\\\/\\\/fmgente.com.ar\\\/web\\\/flor-vigna-y-mica-viciconte-se-dijeron-de-todo-y-recordaron-su-polemico-pasado-te-voy-a-hacer-m\\\/#primaryimage\"},\"image\":{\"@id\":\"https:\\\/\\\/fmgente.com.ar\\\/web\\\/flor-vigna-y-mica-viciconte-se-dijeron-de-todo-y-recordaron-su-polemico-pasado-te-voy-a-hacer-m\\\/#primaryimage\"},\"thumbnailUrl\":\"https:\\\/\\\/fmgente.com.ar\\\/web\\\/wp-content\\\/uploads\\\/2025\\\/11\\\/dua-lipa-359x226-3.png\",\"datePublished\":\"2025-11-10T03:05:57+00:00\",\"inLanguage\":\"es\",\"potentialAction\":[{\"@type\":\"ReadAction\",\"target\":[\"https:\\\/\\\/fmgente.com.ar\\\/web\\\/flor-vigna-y-mica-viciconte-se-dijeron-de-todo-y-recordaron-su-polemico-pasado-te-voy-a-hacer-m\\\/\"]}]},{\"@type\":\"ImageObject\",\"inLanguage\":\"es\",\"@id\":\"https:\\\/\\\/fmgente.com.ar\\\/web\\\/flor-vigna-y-mica-viciconte-se-dijeron-de-todo-y-recordaron-su-polemico-pasado-te-voy-a-hacer-m\\\/#primaryimage\",\"url\":\"https:\\\/\\\/fmgente.com.ar\\\/web\\\/wp-content\\\/uploads\\\/2025\\\/11\\\/dua-lipa-359x226-3.png\",\"contentUrl\":\"https:\\\/\\\/fmgente.com.ar\\\/web\\\/wp-content\\\/uploads\\\/2025\\\/11\\\/dua-lipa-359x226-3.png\",\"width\":359,\"height\":226},{\"@type\":\"WebSite\",\"@id\":\"https:\\\/\\\/fmgente.com.ar\\\/web\\\/#website\",\"url\":\"https:\\\/\\\/fmgente.com.ar\\\/web\\\/\",\"name\":\"Fm Gente\",\"description\":\"- Jes\u00fas Mar\u00eda\",\"publisher\":{\"@id\":\"https:\\\/\\\/fmgente.com.ar\\\/web\\\/#organization\"},\"potentialAction\":[{\"@type\":\"SearchAction\",\"target\":{\"@type\":\"EntryPoint\",\"urlTemplate\":\"https:\\\/\\\/fmgente.com.ar\\\/web\\\/?s={search_term_string}\"},\"query-input\":{\"@type\":\"PropertyValueSpecification\",\"valueRequired\":true,\"valueName\":\"search_term_string\"}}],\"inLanguage\":\"es\"},{\"@type\":\"Organization\",\"@id\":\"https:\\\/\\\/fmgente.com.ar\\\/web\\\/#organization\",\"name\":\"Fm Gente\",\"url\":\"https:\\\/\\\/fmgente.com.ar\\\/web\\\/\",\"logo\":{\"@type\":\"ImageObject\",\"inLanguage\":\"es\",\"@id\":\"https:\\\/\\\/fmgente.com.ar\\\/web\\\/#\\\/schema\\\/logo\\\/image\\\/\",\"url\":\"https:\\\/\\\/fmgente.com.ar\\\/web\\\/wp-content\\\/uploads\\\/2023\\\/07\\\/cropped-cropped-logo-sombra2.png\",\"contentUrl\":\"https:\\\/\\\/fmgente.com.ar\\\/web\\\/wp-content\\\/uploads\\\/2023\\\/07\\\/cropped-cropped-logo-sombra2.png\",\"width\":1782,\"height\":1782,\"caption\":\"Fm Gente\"},\"image\":{\"@id\":\"https:\\\/\\\/fmgente.com.ar\\\/web\\\/#\\\/schema\\\/logo\\\/image\\\/\"}}]}<\/script>\n<!-- \/ Yoast SEO plugin. -->","yoast_head_json":{"title":"Flor Vigna y Mica Viciconte se dijeron de todo y recordaron su pol\u00e9mico pasado: &quot;Te voy a hacer m\u2026&quot; - Fm Gente","robots":{"index":"index","follow":"follow","max-snippet":"max-snippet:-1","max-image-preview":"max-image-preview:large","max-video-preview":"max-video-preview:-1"},"canonical":"https:\/\/fmgente.com.ar\/web\/flor-vigna-y-mica-viciconte-se-dijeron-de-todo-y-recordaron-su-polemico-pasado-te-voy-a-hacer-m\/","og_locale":"es_ES","og_type":"article","og_title":"Flor Vigna y Mica Viciconte se dijeron de todo y recordaron su pol\u00e9mico pasado: &quot;Te voy a hacer m\u2026&quot; - Fm Gente","og_description":"A d\u00edas de enfrentarse en el ring, Flor Vigna y Mica Viciconte volvieron a verse","og_url":"https:\/\/fmgente.com.ar\/web\/flor-vigna-y-mica-viciconte-se-dijeron-de-todo-y-recordaron-su-polemico-pasado-te-voy-a-hacer-m\/","og_site_name":"Fm Gente","article_published_time":"2025-11-10T03:05:57+00:00","og_image":[{"width":359,"height":226,"url":"https:\/\/fmgente.com.ar\/web\/wp-content\/uploads\/2025\/11\/dua-lipa-359x226-3.png","type":"image\/png"}],"twitter_card":"summary_large_image","twitter_misc":{"Tiempo de lectura":"3 minutos"},"schema":{"@context":"https:\/\/schema.org","@graph":[{"@type":"Article","@id":"https:\/\/fmgente.com.ar\/web\/flor-vigna-y-mica-viciconte-se-dijeron-de-todo-y-recordaron-su-polemico-pasado-te-voy-a-hacer-m\/#article","isPartOf":{"@id":"https:\/\/fmgente.com.ar\/web\/flor-vigna-y-mica-viciconte-se-dijeron-de-todo-y-recordaron-su-polemico-pasado-te-voy-a-hacer-m\/"},"author":{"name":"","@id":""},"headline":"Flor Vigna y Mica Viciconte se dijeron de todo y recordaron su pol\u00e9mico pasado: &quot;Te voy a hacer m\u2026&quot;","datePublished":"2025-11-10T03:05:57+00:00","mainEntityOfPage":{"@id":"https:\/\/fmgente.com.ar\/web\/flor-vigna-y-mica-viciconte-se-dijeron-de-todo-y-recordaron-su-polemico-pasado-te-voy-a-hacer-m\/"},"wordCount":613,"publisher":{"@id":"https:\/\/fmgente.com.ar\/web\/#organization"},"image":{"@id":"https:\/\/fmgente.com.ar\/web\/flor-vigna-y-mica-viciconte-se-dijeron-de-todo-y-recordaron-su-polemico-pasado-te-voy-a-hacer-m\/#primaryimage"},"thumbnailUrl":"https:\/\/fmgente.com.ar\/web\/wp-content\/uploads\/2025\/11\/dua-lipa-359x226-3.png","articleSection":["DESTACADAS"],"inLanguage":"es"},{"@type":"WebPage","@id":"https:\/\/fmgente.com.ar\/web\/flor-vigna-y-mica-viciconte-se-dijeron-de-todo-y-recordaron-su-polemico-pasado-te-voy-a-hacer-m\/","url":"https:\/\/fmgente.com.ar\/web\/flor-vigna-y-mica-viciconte-se-dijeron-de-todo-y-recordaron-su-polemico-pasado-te-voy-a-hacer-m\/","name":"Flor Vigna y Mica Viciconte se dijeron de todo y recordaron su pol\u00e9mico pasado: &quot;Te voy a hacer m\u2026&quot; - Fm Gente","isPartOf":{"@id":"https:\/\/fmgente.com.ar\/web\/#website"},"primaryImageOfPage":{"@id":"https:\/\/fmgente.com.ar\/web\/flor-vigna-y-mica-viciconte-se-dijeron-de-todo-y-recordaron-su-polemico-pasado-te-voy-a-hacer-m\/#primaryimage"},"image":{"@id":"https:\/\/fmgente.com.ar\/web\/flor-vigna-y-mica-viciconte-se-dijeron-de-todo-y-recordaron-su-polemico-pasado-te-voy-a-hacer-m\/#primaryimage"},"thumbnailUrl":"https:\/\/fmgente.com.ar\/web\/wp-content\/uploads\/2025\/11\/dua-lipa-359x226-3.png","datePublished":"2025-11-10T03:05:57+00:00","inLanguage":"es","potentialAction":[{"@type":"ReadAction","target":["https:\/\/fmgente.com.ar\/web\/flor-vigna-y-mica-viciconte-se-dijeron-de-todo-y-recordaron-su-polemico-pasado-te-voy-a-hacer-m\/"]}]},{"@type":"ImageObject","inLanguage":"es","@id":"https:\/\/fmgente.com.ar\/web\/flor-vigna-y-mica-viciconte-se-dijeron-de-todo-y-recordaron-su-polemico-pasado-te-voy-a-hacer-m\/#primaryimage","url":"https:\/\/fmgente.com.ar\/web\/wp-content\/uploads\/2025\/11\/dua-lipa-359x226-3.png","contentUrl":"https:\/\/fmgente.com.ar\/web\/wp-content\/uploads\/2025\/11\/dua-lipa-359x226-3.png","width":359,"height":226},{"@type":"WebSite","@id":"https:\/\/fmgente.com.ar\/web\/#website","url":"https:\/\/fmgente.com.ar\/web\/","name":"Fm Gente","description":"- Jes\u00fas Mar\u00eda","publisher":{"@id":"https:\/\/fmgente.com.ar\/web\/#organization"},"potentialAction":[{"@type":"SearchAction","target":{"@type":"EntryPoint","urlTemplate":"https:\/\/fmgente.com.ar\/web\/?s={search_term_string}"},"query-input":{"@type":"PropertyValueSpecification","valueRequired":true,"valueName":"search_term_string"}}],"inLanguage":"es"},{"@type":"Organization","@id":"https:\/\/fmgente.com.ar\/web\/#organization","name":"Fm Gente","url":"https:\/\/fmgente.com.ar\/web\/","logo":{"@type":"ImageObject","inLanguage":"es","@id":"https:\/\/fmgente.com.ar\/web\/#\/schema\/logo\/image\/","url":"https:\/\/fmgente.com.ar\/web\/wp-content\/uploads\/2023\/07\/cropped-cropped-logo-sombra2.png","contentUrl":"https:\/\/fmgente.com.ar\/web\/wp-content\/uploads\/2023\/07\/cropped-cropped-logo-sombra2.png","width":1782,"height":1782,"caption":"Fm Gente"},"image":{"@id":"https:\/\/fmgente.com.ar\/web\/#\/schema\/logo\/image\/"}}]}},"_links":{"self":[{"href":"https:\/\/fmgente.com.ar\/web\/wp-json\/wp\/v2\/posts\/9228","targetHints":{"allow":["GET"]}}],"collection":[{"href":"https:\/\/fmgente.com.ar\/web\/wp-json\/wp\/v2\/posts"}],"about":[{"href":"https:\/\/fmgente.com.ar\/web\/wp-json\/wp\/v2\/types\/post"}],"replies":[{"embeddable":true,"href":"https:\/\/fmgente.com.ar\/web\/wp-json\/wp\/v2\/comments?post=9228"}],"version-history":[{"count":0,"href":"https:\/\/fmgente.com.ar\/web\/wp-json\/wp\/v2\/posts\/9228\/revisions"}],"wp:featuredmedia":[{"embeddable":true,"href":"https:\/\/fmgente.com.ar\/web\/wp-json\/wp\/v2\/media\/9229"}],"wp:attachment":[{"href":"https:\/\/fmgente.com.ar\/web\/wp-json\/wp\/v2\/media?parent=9228"}],"wp:term":[{"taxonomy":"category","embeddable":true,"href":"https:\/\/fmgente.com.ar\/web\/wp-json\/wp\/v2\/categories?post=9228"},{"taxonomy":"post_tag","embeddable":true,"href":"https:\/\/fmgente.com.ar\/web\/wp-json\/wp\/v2\/tags?post=9228"}],"curies":[{"name":"wp","href":"https:\/\/api.w.org\/{rel}","templated":true}]}}