{"id":9171,"date":"2025-11-09T07:07:17","date_gmt":"2025-11-09T10:07:17","guid":{"rendered":"https:\/\/fmgente.com.ar\/las-fotos-intimas-del-festejo-de-natalie-perez-de-su-cumpleanos-39-la-vida\/"},"modified":"2025-11-09T07:07:17","modified_gmt":"2025-11-09T10:07:17","slug":"las-fotos-intimas-del-festejo-de-natalie-perez-de-su-cumpleanos-39-la-vida","status":"publish","type":"post","link":"https:\/\/fmgente.com.ar\/web\/las-fotos-intimas-del-festejo-de-natalie-perez-de-su-cumpleanos-39-la-vida\/","title":{"rendered":"Las fotos \u00edntimas del festejo de Natalie P\u00e9rez de su cumplea\u00f1os 39: &quot;La vida&quot;"},"content":{"rendered":"<p><strong><a href=\"https:\/\/www.paparazzi.com.ar\/?s=Natalie+P%C3%A9rez\">Natalie P\u00e9rez,<\/a><\/strong> que la vieron muy enamorada <a href=\"https:\/\/www.paparazzi.com.ar\/teve\/el-video-exclusivo-de-natalie-perez-a-los-besos-con-su-nuevo-novio\/\">a los besos con su nuevo novio<\/a>, atraviesa un gran momento personal y profesional, y su cumplea\u00f1os n\u00famero 39 fue la excusa perfecta para detenerse, agradecer y conectar con su lado m\u00e1s profundo. <\/p>\n<p>La actriz, que hace un tiempo atr\u00e1s <a href=\"https:\/\/www.paparazzi.com.ar\/romances\/natalie-perez-revelo-la-verdad-que-paso-cuando-estuvo-cara-a-cara-con-franco-colapinto\/\">revel\u00f3 la verdad sobre qu\u00e9 pas\u00f3 cuando estuvo cara a cara con Franco Colapinto<\/a>, comparti\u00f3 en redes sociales una serie de fotos \u00edntimas de su festejo y acompa\u00f1\u00f3 las im\u00e1genes con un texto cargado de emoci\u00f3n que r\u00e1pidamente se viraliz\u00f3 entre sus fans.<\/p>\n<p><em>\u201cSe recibe un a\u00f1o nuevo con una Luna gigante\u201d<\/em>, escribi\u00f3 Natalie junto a un emoji de coraz\u00f3n y una foto donde se la ve sonriente, rodeada de velas y de su inseparable gato. En pocas horas, la publicaci\u00f3n acumul\u00f3 miles de likes y cientos de comentarios de seguidores y colegas que no dudaron en enviarle mensajes de amor.<\/p>\n<div class=\"mt-box \">\n<h4 class=\"mt-heading\">Mir\u00e1 Tambi\u00e9n<\/h4>\n<p><a href=\"https:\/\/www.paparazzi.com.ar\/romances\/exclusivo-nico-vazquez-y-dai-fernandez-juntos-rumbo-a-nueva-york-en-su-primer-viaje-de-novios-nos-estamos\/\"><\/p>\n<div class=\"mt-content\">\n<div class=\"mt-image-container\"><img decoding=\"async\" src=\"https:\/\/www.paparazzi.com.ar\/wp-content\/uploads\/2025\/11\/NICO-VAZQUEZ-DAI-CARLITOS-GONZALES-CREEDITO-5-359x226.jpg\" alt=\"\u00a1Exclusivo! Nico V\u00e1zquez y Dai Fern\u00e1ndez, juntos rumbo a Nueva York en su primer viaje de novios: \u201cNos estamos\u2026\u201d\" class=\"mt-image\" loading=\"lazy\" \/><\/div>\n<h5 class=\"mt-title\">\u00a1Exclusivo! Nico V\u00e1zquez y Dai Fern\u00e1ndez, juntos rumbo a Nueva York en su primer viaje de novios: \u201cNos estamos\u2026\u201d<\/h5>\n<\/div>\n<p><\/a><\/div>\n<p>Lejos de los grandes eventos o las fiestas multitudinarias, la protagonista de <em>Peque\u00f1a Victoria<\/em> eligi\u00f3 un festejo tranquilo, en casa y con los suyos. En las im\u00e1genes se la puede ver con una est\u00e9tica c\u00e1lida y relajada, rodeada de plantas y con un look natural, fiel a su estilo.<\/p>\n<p>La cantante tambi\u00e9n aprovech\u00f3 la ocasi\u00f3n para reflexionar sobre el paso del tiempo y la importancia de disfrutar el presente. <em>\u201cLa vida, la familia, la casa, los abrazos, los amigos y los gatos\u201d<\/em>, escribi\u00f3 en otra historia, dejando en claro cu\u00e1les son las cosas que realmente valora.<\/p>\n<div class=\"mt-box \">\n<h4 class=\"mt-heading\">Mir\u00e1 Tambi\u00e9n<\/h4>\n<p><a href=\"https:\/\/www.paparazzi.com.ar\/teve\/el-video-exclusivo-de-natalie-perez-a-los-besos-con-su-nuevo-novio\/\"><\/p>\n<div class=\"mt-content\">\n<div class=\"mt-image-container\"><img decoding=\"async\" src=\"https:\/\/www.paparazzi.com.ar\/wp-content\/uploads\/2025\/10\/Natalie-Perez-1-359x226.jpg\" alt=\"El video exclusivo de Natalie P\u00e9rez a los besos con su nuevo novio\" class=\"mt-image\" loading=\"lazy\" \/><\/div>\n<h5 class=\"mt-title\">El video exclusivo de Natalie P\u00e9rez a los besos con su nuevo novio<\/h5>\n<\/div>\n<p><\/a><\/div>\n<p>Sus seguidores destacaron la autenticidad del mensaje, una caracter\u00edstica que siempre la acompa\u00f1\u00f3 en su carrera. <em>\u201cSos luz\u201d, \u201cGracias por inspirarnos\u201d, \u201cTe merec\u00e9s todo lo lindo\u201d<\/em>, fueron algunos de los comentarios que inundaron sus redes.<\/p>\n<p>En lo art\u00edstico, Natalie se prepara para una nueva etapa: recientemente confirm\u00f3 que est\u00e1 trabajando en nueva m\u00fasica y que planea lanzar material antes de fin de a\u00f1o. Adem\u00e1s, su \u00faltimo sencillo sigue sumando reproducciones y la posiciona como una de las artistas m\u00e1s completas de la escena nacional.<\/p>\n<div class=\"mt-box \">\n<h4 class=\"mt-heading\">Mir\u00e1 Tambi\u00e9n<\/h4>\n<p><a href=\"https:\/\/www.paparazzi.com.ar\/teve\/el-gran-anuncio-de-natalie-perez-en-medio-de-las-versiones-de-embarazo-me-retiro-por-un-tiempo\/\"><\/p>\n<div class=\"mt-content\">\n<div class=\"mt-image-container\"><img decoding=\"async\" src=\"https:\/\/www.paparazzi.com.ar\/wp-content\/uploads\/2024\/11\/imgs.elpais.com_.jpg.webp\" alt=\"El gran anuncio de Natalie P\u00e9rez en medio de las versiones de embarazo: &quot;Me retiro por un tiempo&quot;\" class=\"mt-image\" loading=\"lazy\" \/><\/div>\n<h5 class=\"mt-title\">El gran anuncio de Natalie P\u00e9rez en medio de las versiones de embarazo: \u00abMe retiro por un tiempo\u00bb<\/h5>\n<\/div>\n<p><\/a><\/div>\n<p>Con una energ\u00eda renovada y una sonrisa que lo dice todo, Natalie P\u00e9rez recibi\u00f3 sus 39 rodeada de cari\u00f1o, naturaleza y calma. Su publicaci\u00f3n, simple pero poderosa, record\u00f3 que no hace falta un gran escenario para celebrar la vida. <em>\u201cUn nuevo a\u00f1o, una nueva vuelta al sol y una Luna enorme acompa\u00f1ando\u201d<\/em>, escribi\u00f3 la artista.<\/p>\n<p>Sin dudas, Natalie P\u00e9rez demostr\u00f3 una vez m\u00e1s que su mejor versi\u00f3n est\u00e1 en los detalles, en lo simple y en lo genuino. Y sus 39 la encuentran exactamente ah\u00ed: feliz, agradecida y en plenitud.<\/p>\n<h2 class=\"wp-block-heading\">Las fotos que public\u00f3 Natalie P\u00e9rez por su cumplea\u00f1os:<\/h2>\n<figure class=\"wp-block-image size-large\"><img decoding=\"async\" src=\"https:\/\/www.paparazzi.com.ar\/wp-content\/uploads\/2025\/11\/El-cumpleanos-de-Natalie-Perez1-1024x1024.jpg.webp\" loading=\"lazy\" alt=\"\" class=\"wp-image-451652\" \/><\/figure>\n<figure class=\"wp-block-image size-large\"><img decoding=\"async\" src=\"https:\/\/www.paparazzi.com.ar\/wp-content\/uploads\/2025\/11\/El-cumpleanos-de-Natalie-Perez9-1-1024x1024.jpg.webp\" loading=\"lazy\" alt=\"\" class=\"wp-image-451661\" \/><\/figure>\n<figure class=\"wp-block-image size-large\"><img decoding=\"async\" src=\"https:\/\/www.paparazzi.com.ar\/wp-content\/uploads\/2025\/11\/El-cumpleanos-de-Natalie-Perez2-1024x1024.jpg.webp\" loading=\"lazy\" alt=\"\" class=\"wp-image-451653\" \/><\/figure>\n<figure class=\"wp-block-image size-large\"><img decoding=\"async\" src=\"https:\/\/www.paparazzi.com.ar\/wp-content\/uploads\/2025\/11\/El-cumpleanos-de-Natalie-Perez3-1024x1024.jpg.webp\" loading=\"lazy\" alt=\"\" class=\"wp-image-451654\" \/><\/figure>\n<figure class=\"wp-block-image size-large\"><img decoding=\"async\" src=\"https:\/\/www.paparazzi.com.ar\/wp-content\/uploads\/2025\/11\/El-cumpleanos-de-Natalie-Perez4-1024x1024.jpg.webp\" loading=\"lazy\" alt=\"\" class=\"wp-image-451655\" \/><\/figure>\n<figure class=\"wp-block-image size-large\"><img decoding=\"async\" src=\"https:\/\/www.paparazzi.com.ar\/wp-content\/uploads\/2025\/11\/El-cumpleanos-de-Natalie-Perez5-1024x1024.jpg.webp\" loading=\"lazy\" alt=\"\" class=\"wp-image-451656\" \/><\/figure>\n<figure class=\"wp-block-image size-large\"><img decoding=\"async\" src=\"https:\/\/www.paparazzi.com.ar\/wp-content\/uploads\/2025\/11\/El-cumpleanos-de-Natalie-Perez6-1024x1024.jpg.webp\" loading=\"lazy\" alt=\"\" class=\"wp-image-451657\" \/><\/figure>\n<figure class=\"wp-block-image size-large\"><img decoding=\"async\" src=\"https:\/\/www.paparazzi.com.ar\/wp-content\/uploads\/2025\/11\/El-cumpleanos-de-Natalie-Perez7-1024x1024.jpg.webp\" loading=\"lazy\" alt=\"\" class=\"wp-image-451658\" \/><\/figure>\n<figure class=\"wp-block-image size-large\"><img decoding=\"async\" src=\"https:\/\/www.paparazzi.com.ar\/wp-content\/uploads\/2025\/11\/El-cumpleanos-de-Natalie-Perez8-1024x1024.jpg.webp\" loading=\"lazy\" alt=\"\" class=\"wp-image-451659\" \/><\/figure>\n<figure class=\"wp-block-image size-large\"><img decoding=\"async\" src=\"https:\/\/www.paparazzi.com.ar\/wp-content\/uploads\/2025\/11\/El-cumpleanos-de-Natalie-Perez10-1024x1024.jpg.webp\" loading=\"lazy\" alt=\"\" class=\"wp-image-451662\" \/><\/figure>\n<div class=\"mt-box \">\n<h4 class=\"mt-heading\">Mir\u00e1 Tambi\u00e9n<\/h4>\n<p><a href=\"https:\/\/www.paparazzi.com.ar\/teve\/la-sorprendente-confesion-de-natalie-perez-a-la-hora-del-sexting-soy-clavadora-de\/\"><\/p>\n<div class=\"mt-content\">\n<div class=\"mt-image-container\"><img decoding=\"async\" src=\"https:\/\/www.paparazzi.com.ar\/wp-content\/uploads\/2024\/10\/atalie-perez-2.jpeg.webp\" alt=\"La sorprendente confesi\u00f3n de Natalie P\u00e9rez a la hora del sexting: \u201cSoy clavadora de\u2026.\u201d\" class=\"mt-image\" loading=\"lazy\" \/><\/div>\n<h5 class=\"mt-title\">La sorprendente confesi\u00f3n de Natalie P\u00e9rez a la hora del sexting: \u201cSoy clavadora de\u2026.\u201d<\/h5>\n<\/div>\n<p><\/a><\/div>\n<div class=\"mt-box \">\n<h4 class=\"mt-heading\">Mir\u00e1 Tambi\u00e9n<\/h4>\n<p><a href=\"https:\/\/www.paparazzi.com.ar\/teve\/el-drama-de-salud-de-natalie-perez-tras-contagiarse-de-dengue-es-muy-doloroso-no-puedo\/\"><\/p>\n<div class=\"mt-content\">\n<div class=\"mt-image-container\"><img decoding=\"async\" src=\"https:\/\/www.paparazzi.com.ar\/wp-content\/uploads\/2024\/02\/natalie-home.png.webp\" alt=\"El drama de salud de Natalie P\u00e9rez tras contagiarse de dengue: &quot;Es muy doloroso, no puedo\u2026&quot;\" class=\"mt-image\" loading=\"lazy\" \/><\/div>\n<h5 class=\"mt-title\">El drama de salud de Natalie P\u00e9rez tras contagiarse de dengue: \u00abEs muy doloroso, no puedo\u2026\u00bb<\/h5>\n<\/div>\n<p><\/a><\/div>\n<p>The post <a href=\"https:\/\/www.paparazzi.com.ar\/teve\/las-fotos-intimas-del-festejo-de-natalie-perez-de-su-cumpleanos-39-la-vida\/\">Las fotos \u00edntimas del festejo de Natalie P\u00e9rez de su cumplea\u00f1os 39: &quot;La vida&quot;<\/a> appeared first on <a href=\"https:\/\/www.paparazzi.com.ar\">Revista Paparazzi<\/a>.<\/p>\n","protected":false},"excerpt":{"rendered":"<p>Natalie P\u00e9rez, que la vieron muy enamorada a los besos con su nuevo novio, atraviesa<\/p>\n","protected":false},"author":0,"featured_media":9172,"comment_status":"","ping_status":"","sticky":false,"template":"","format":"standard","meta":{"footnotes":""},"categories":[11],"tags":[],"class_list":["post-9171","post","type-post","status-publish","format-standard","has-post-thumbnail","hentry","category-destacadas"],"yoast_head":"<!-- This site is optimized with the Yoast SEO plugin v27.4 - https:\/\/yoast.com\/product\/yoast-seo-wordpress\/ -->\n<title>Las fotos \u00edntimas del festejo de Natalie P\u00e9rez de su cumplea\u00f1os 39: &quot;La vida&quot; - Fm Gente<\/title>\n<meta name=\"robots\" content=\"index, follow, max-snippet:-1, max-image-preview:large, max-video-preview:-1\" \/>\n<link rel=\"canonical\" href=\"https:\/\/fmgente.com.ar\/web\/las-fotos-intimas-del-festejo-de-natalie-perez-de-su-cumpleanos-39-la-vida\/\" \/>\n<meta property=\"og:locale\" content=\"es_ES\" \/>\n<meta property=\"og:type\" content=\"article\" \/>\n<meta property=\"og:title\" content=\"Las fotos \u00edntimas del festejo de Natalie P\u00e9rez de su cumplea\u00f1os 39: &quot;La vida&quot; - Fm Gente\" \/>\n<meta property=\"og:description\" content=\"Natalie P\u00e9rez, que la vieron muy enamorada a los besos con su nuevo novio, atraviesa\" \/>\n<meta property=\"og:url\" content=\"https:\/\/fmgente.com.ar\/web\/las-fotos-intimas-del-festejo-de-natalie-perez-de-su-cumpleanos-39-la-vida\/\" \/>\n<meta property=\"og:site_name\" content=\"Fm Gente\" \/>\n<meta property=\"article:published_time\" content=\"2025-11-09T10:07:17+00:00\" \/>\n<meta property=\"og:image\" content=\"https:\/\/fmgente.com.ar\/web\/wp-content\/uploads\/2025\/11\/NICO-VAZQUEZ-DAI-CARLITOS-GONZALES-CREEDITO-5-359x226-41.jpg\" \/>\n\t<meta property=\"og:image:width\" content=\"359\" \/>\n\t<meta property=\"og:image:height\" content=\"226\" \/>\n\t<meta property=\"og:image:type\" content=\"image\/jpeg\" \/>\n<meta name=\"twitter:card\" content=\"summary_large_image\" \/>\n<meta name=\"twitter:label1\" content=\"Tiempo de lectura\" \/>\n\t<meta name=\"twitter:data1\" content=\"3 minutos\" \/>\n<script type=\"application\/ld+json\" class=\"yoast-schema-graph\">{\"@context\":\"https:\\\/\\\/schema.org\",\"@graph\":[{\"@type\":\"Article\",\"@id\":\"https:\\\/\\\/fmgente.com.ar\\\/web\\\/las-fotos-intimas-del-festejo-de-natalie-perez-de-su-cumpleanos-39-la-vida\\\/#article\",\"isPartOf\":{\"@id\":\"https:\\\/\\\/fmgente.com.ar\\\/web\\\/las-fotos-intimas-del-festejo-de-natalie-perez-de-su-cumpleanos-39-la-vida\\\/\"},\"author\":{\"name\":\"\",\"@id\":\"\"},\"headline\":\"Las fotos \u00edntimas del festejo de Natalie P\u00e9rez de su cumplea\u00f1os 39: &quot;La vida&quot;\",\"datePublished\":\"2025-11-09T10:07:17+00:00\",\"mainEntityOfPage\":{\"@id\":\"https:\\\/\\\/fmgente.com.ar\\\/web\\\/las-fotos-intimas-del-festejo-de-natalie-perez-de-su-cumpleanos-39-la-vida\\\/\"},\"wordCount\":603,\"publisher\":{\"@id\":\"https:\\\/\\\/fmgente.com.ar\\\/web\\\/#organization\"},\"image\":{\"@id\":\"https:\\\/\\\/fmgente.com.ar\\\/web\\\/las-fotos-intimas-del-festejo-de-natalie-perez-de-su-cumpleanos-39-la-vida\\\/#primaryimage\"},\"thumbnailUrl\":\"https:\\\/\\\/fmgente.com.ar\\\/web\\\/wp-content\\\/uploads\\\/2025\\\/11\\\/NICO-VAZQUEZ-DAI-CARLITOS-GONZALES-CREEDITO-5-359x226-41.jpg\",\"articleSection\":[\"DESTACADAS\"],\"inLanguage\":\"es\"},{\"@type\":\"WebPage\",\"@id\":\"https:\\\/\\\/fmgente.com.ar\\\/web\\\/las-fotos-intimas-del-festejo-de-natalie-perez-de-su-cumpleanos-39-la-vida\\\/\",\"url\":\"https:\\\/\\\/fmgente.com.ar\\\/web\\\/las-fotos-intimas-del-festejo-de-natalie-perez-de-su-cumpleanos-39-la-vida\\\/\",\"name\":\"Las fotos \u00edntimas del festejo de Natalie P\u00e9rez de su cumplea\u00f1os 39: &quot;La vida&quot; - Fm Gente\",\"isPartOf\":{\"@id\":\"https:\\\/\\\/fmgente.com.ar\\\/web\\\/#website\"},\"primaryImageOfPage\":{\"@id\":\"https:\\\/\\\/fmgente.com.ar\\\/web\\\/las-fotos-intimas-del-festejo-de-natalie-perez-de-su-cumpleanos-39-la-vida\\\/#primaryimage\"},\"image\":{\"@id\":\"https:\\\/\\\/fmgente.com.ar\\\/web\\\/las-fotos-intimas-del-festejo-de-natalie-perez-de-su-cumpleanos-39-la-vida\\\/#primaryimage\"},\"thumbnailUrl\":\"https:\\\/\\\/fmgente.com.ar\\\/web\\\/wp-content\\\/uploads\\\/2025\\\/11\\\/NICO-VAZQUEZ-DAI-CARLITOS-GONZALES-CREEDITO-5-359x226-41.jpg\",\"datePublished\":\"2025-11-09T10:07:17+00:00\",\"inLanguage\":\"es\",\"potentialAction\":[{\"@type\":\"ReadAction\",\"target\":[\"https:\\\/\\\/fmgente.com.ar\\\/web\\\/las-fotos-intimas-del-festejo-de-natalie-perez-de-su-cumpleanos-39-la-vida\\\/\"]}]},{\"@type\":\"ImageObject\",\"inLanguage\":\"es\",\"@id\":\"https:\\\/\\\/fmgente.com.ar\\\/web\\\/las-fotos-intimas-del-festejo-de-natalie-perez-de-su-cumpleanos-39-la-vida\\\/#primaryimage\",\"url\":\"https:\\\/\\\/fmgente.com.ar\\\/web\\\/wp-content\\\/uploads\\\/2025\\\/11\\\/NICO-VAZQUEZ-DAI-CARLITOS-GONZALES-CREEDITO-5-359x226-41.jpg\",\"contentUrl\":\"https:\\\/\\\/fmgente.com.ar\\\/web\\\/wp-content\\\/uploads\\\/2025\\\/11\\\/NICO-VAZQUEZ-DAI-CARLITOS-GONZALES-CREEDITO-5-359x226-41.jpg\",\"width\":359,\"height\":226},{\"@type\":\"WebSite\",\"@id\":\"https:\\\/\\\/fmgente.com.ar\\\/web\\\/#website\",\"url\":\"https:\\\/\\\/fmgente.com.ar\\\/web\\\/\",\"name\":\"Fm Gente\",\"description\":\"- Jes\u00fas Mar\u00eda\",\"publisher\":{\"@id\":\"https:\\\/\\\/fmgente.com.ar\\\/web\\\/#organization\"},\"potentialAction\":[{\"@type\":\"SearchAction\",\"target\":{\"@type\":\"EntryPoint\",\"urlTemplate\":\"https:\\\/\\\/fmgente.com.ar\\\/web\\\/?s={search_term_string}\"},\"query-input\":{\"@type\":\"PropertyValueSpecification\",\"valueRequired\":true,\"valueName\":\"search_term_string\"}}],\"inLanguage\":\"es\"},{\"@type\":\"Organization\",\"@id\":\"https:\\\/\\\/fmgente.com.ar\\\/web\\\/#organization\",\"name\":\"Fm Gente\",\"url\":\"https:\\\/\\\/fmgente.com.ar\\\/web\\\/\",\"logo\":{\"@type\":\"ImageObject\",\"inLanguage\":\"es\",\"@id\":\"https:\\\/\\\/fmgente.com.ar\\\/web\\\/#\\\/schema\\\/logo\\\/image\\\/\",\"url\":\"https:\\\/\\\/fmgente.com.ar\\\/web\\\/wp-content\\\/uploads\\\/2023\\\/07\\\/cropped-cropped-logo-sombra2.png\",\"contentUrl\":\"https:\\\/\\\/fmgente.com.ar\\\/web\\\/wp-content\\\/uploads\\\/2023\\\/07\\\/cropped-cropped-logo-sombra2.png\",\"width\":1782,\"height\":1782,\"caption\":\"Fm Gente\"},\"image\":{\"@id\":\"https:\\\/\\\/fmgente.com.ar\\\/web\\\/#\\\/schema\\\/logo\\\/image\\\/\"}}]}<\/script>\n<!-- \/ Yoast SEO plugin. -->","yoast_head_json":{"title":"Las fotos \u00edntimas del festejo de Natalie P\u00e9rez de su cumplea\u00f1os 39: &quot;La vida&quot; - Fm Gente","robots":{"index":"index","follow":"follow","max-snippet":"max-snippet:-1","max-image-preview":"max-image-preview:large","max-video-preview":"max-video-preview:-1"},"canonical":"https:\/\/fmgente.com.ar\/web\/las-fotos-intimas-del-festejo-de-natalie-perez-de-su-cumpleanos-39-la-vida\/","og_locale":"es_ES","og_type":"article","og_title":"Las fotos \u00edntimas del festejo de Natalie P\u00e9rez de su cumplea\u00f1os 39: &quot;La vida&quot; - Fm Gente","og_description":"Natalie P\u00e9rez, que la vieron muy enamorada a los besos con su nuevo novio, atraviesa","og_url":"https:\/\/fmgente.com.ar\/web\/las-fotos-intimas-del-festejo-de-natalie-perez-de-su-cumpleanos-39-la-vida\/","og_site_name":"Fm Gente","article_published_time":"2025-11-09T10:07:17+00:00","og_image":[{"width":359,"height":226,"url":"https:\/\/fmgente.com.ar\/web\/wp-content\/uploads\/2025\/11\/NICO-VAZQUEZ-DAI-CARLITOS-GONZALES-CREEDITO-5-359x226-41.jpg","type":"image\/jpeg"}],"twitter_card":"summary_large_image","twitter_misc":{"Tiempo de lectura":"3 minutos"},"schema":{"@context":"https:\/\/schema.org","@graph":[{"@type":"Article","@id":"https:\/\/fmgente.com.ar\/web\/las-fotos-intimas-del-festejo-de-natalie-perez-de-su-cumpleanos-39-la-vida\/#article","isPartOf":{"@id":"https:\/\/fmgente.com.ar\/web\/las-fotos-intimas-del-festejo-de-natalie-perez-de-su-cumpleanos-39-la-vida\/"},"author":{"name":"","@id":""},"headline":"Las fotos \u00edntimas del festejo de Natalie P\u00e9rez de su cumplea\u00f1os 39: &quot;La vida&quot;","datePublished":"2025-11-09T10:07:17+00:00","mainEntityOfPage":{"@id":"https:\/\/fmgente.com.ar\/web\/las-fotos-intimas-del-festejo-de-natalie-perez-de-su-cumpleanos-39-la-vida\/"},"wordCount":603,"publisher":{"@id":"https:\/\/fmgente.com.ar\/web\/#organization"},"image":{"@id":"https:\/\/fmgente.com.ar\/web\/las-fotos-intimas-del-festejo-de-natalie-perez-de-su-cumpleanos-39-la-vida\/#primaryimage"},"thumbnailUrl":"https:\/\/fmgente.com.ar\/web\/wp-content\/uploads\/2025\/11\/NICO-VAZQUEZ-DAI-CARLITOS-GONZALES-CREEDITO-5-359x226-41.jpg","articleSection":["DESTACADAS"],"inLanguage":"es"},{"@type":"WebPage","@id":"https:\/\/fmgente.com.ar\/web\/las-fotos-intimas-del-festejo-de-natalie-perez-de-su-cumpleanos-39-la-vida\/","url":"https:\/\/fmgente.com.ar\/web\/las-fotos-intimas-del-festejo-de-natalie-perez-de-su-cumpleanos-39-la-vida\/","name":"Las fotos \u00edntimas del festejo de Natalie P\u00e9rez de su cumplea\u00f1os 39: &quot;La vida&quot; - Fm Gente","isPartOf":{"@id":"https:\/\/fmgente.com.ar\/web\/#website"},"primaryImageOfPage":{"@id":"https:\/\/fmgente.com.ar\/web\/las-fotos-intimas-del-festejo-de-natalie-perez-de-su-cumpleanos-39-la-vida\/#primaryimage"},"image":{"@id":"https:\/\/fmgente.com.ar\/web\/las-fotos-intimas-del-festejo-de-natalie-perez-de-su-cumpleanos-39-la-vida\/#primaryimage"},"thumbnailUrl":"https:\/\/fmgente.com.ar\/web\/wp-content\/uploads\/2025\/11\/NICO-VAZQUEZ-DAI-CARLITOS-GONZALES-CREEDITO-5-359x226-41.jpg","datePublished":"2025-11-09T10:07:17+00:00","inLanguage":"es","potentialAction":[{"@type":"ReadAction","target":["https:\/\/fmgente.com.ar\/web\/las-fotos-intimas-del-festejo-de-natalie-perez-de-su-cumpleanos-39-la-vida\/"]}]},{"@type":"ImageObject","inLanguage":"es","@id":"https:\/\/fmgente.com.ar\/web\/las-fotos-intimas-del-festejo-de-natalie-perez-de-su-cumpleanos-39-la-vida\/#primaryimage","url":"https:\/\/fmgente.com.ar\/web\/wp-content\/uploads\/2025\/11\/NICO-VAZQUEZ-DAI-CARLITOS-GONZALES-CREEDITO-5-359x226-41.jpg","contentUrl":"https:\/\/fmgente.com.ar\/web\/wp-content\/uploads\/2025\/11\/NICO-VAZQUEZ-DAI-CARLITOS-GONZALES-CREEDITO-5-359x226-41.jpg","width":359,"height":226},{"@type":"WebSite","@id":"https:\/\/fmgente.com.ar\/web\/#website","url":"https:\/\/fmgente.com.ar\/web\/","name":"Fm Gente","description":"- Jes\u00fas Mar\u00eda","publisher":{"@id":"https:\/\/fmgente.com.ar\/web\/#organization"},"potentialAction":[{"@type":"SearchAction","target":{"@type":"EntryPoint","urlTemplate":"https:\/\/fmgente.com.ar\/web\/?s={search_term_string}"},"query-input":{"@type":"PropertyValueSpecification","valueRequired":true,"valueName":"search_term_string"}}],"inLanguage":"es"},{"@type":"Organization","@id":"https:\/\/fmgente.com.ar\/web\/#organization","name":"Fm Gente","url":"https:\/\/fmgente.com.ar\/web\/","logo":{"@type":"ImageObject","inLanguage":"es","@id":"https:\/\/fmgente.com.ar\/web\/#\/schema\/logo\/image\/","url":"https:\/\/fmgente.com.ar\/web\/wp-content\/uploads\/2023\/07\/cropped-cropped-logo-sombra2.png","contentUrl":"https:\/\/fmgente.com.ar\/web\/wp-content\/uploads\/2023\/07\/cropped-cropped-logo-sombra2.png","width":1782,"height":1782,"caption":"Fm Gente"},"image":{"@id":"https:\/\/fmgente.com.ar\/web\/#\/schema\/logo\/image\/"}}]}},"_links":{"self":[{"href":"https:\/\/fmgente.com.ar\/web\/wp-json\/wp\/v2\/posts\/9171","targetHints":{"allow":["GET"]}}],"collection":[{"href":"https:\/\/fmgente.com.ar\/web\/wp-json\/wp\/v2\/posts"}],"about":[{"href":"https:\/\/fmgente.com.ar\/web\/wp-json\/wp\/v2\/types\/post"}],"replies":[{"embeddable":true,"href":"https:\/\/fmgente.com.ar\/web\/wp-json\/wp\/v2\/comments?post=9171"}],"version-history":[{"count":0,"href":"https:\/\/fmgente.com.ar\/web\/wp-json\/wp\/v2\/posts\/9171\/revisions"}],"wp:featuredmedia":[{"embeddable":true,"href":"https:\/\/fmgente.com.ar\/web\/wp-json\/wp\/v2\/media\/9172"}],"wp:attachment":[{"href":"https:\/\/fmgente.com.ar\/web\/wp-json\/wp\/v2\/media?parent=9171"}],"wp:term":[{"taxonomy":"category","embeddable":true,"href":"https:\/\/fmgente.com.ar\/web\/wp-json\/wp\/v2\/categories?post=9171"},{"taxonomy":"post_tag","embeddable":true,"href":"https:\/\/fmgente.com.ar\/web\/wp-json\/wp\/v2\/tags?post=9171"}],"curies":[{"name":"wp","href":"https:\/\/api.w.org\/{rel}","templated":true}]}}