{"id":9155,"date":"2025-11-09T00:05:44","date_gmt":"2025-11-09T03:05:44","guid":{"rendered":"https:\/\/fmgente.com.ar\/benjamin-vicuna-recordo-a-su-hija-blanca-con-una-emotiva-foto\/"},"modified":"2025-11-09T00:05:44","modified_gmt":"2025-11-09T03:05:44","slug":"benjamin-vicuna-recordo-a-su-hija-blanca-con-una-emotiva-foto","status":"publish","type":"post","link":"https:\/\/fmgente.com.ar\/web\/benjamin-vicuna-recordo-a-su-hija-blanca-con-una-emotiva-foto\/","title":{"rendered":"Benjam\u00edn Vicu\u00f1a record\u00f3 a su hija Blanca con una emotiva foto"},"content":{"rendered":"<p><a href=\"https:\/\/www.paparazzi.com.ar\/?s=Benjam%C3%ADn+Vicu%C3%B1a\">Benjam\u00edn Vicu\u00f1a<\/a> volvi\u00f3 a estremecer a sus seguidores cuando, en silencio y sin introducciones, public\u00f3 dos historias que hablaron m\u00e1s que cualquier texto largo. El actor eligi\u00f3 subir un ramo de rosas blancas y, despu\u00e9s, una foto in\u00e9dita abrazando a <strong>Blanca <\/strong>cuando era apenas una beb\u00e9. El gesto lleg\u00f3 en plena tensi\u00f3n con la <strong>China Su\u00e1rez<\/strong> por <strong>Magnolia <\/strong>y <strong>Amancio<\/strong>, quienes siguen instalados en Turqu\u00eda, y a quienes no ve\u00eda desde hac\u00eda m\u00e1s de cuarenta d\u00edas.<\/p>\n<p>El primer posteo mostr\u00f3 rosas blancas apoyadas sobre una mesa, un s\u00edmbolo que <strong>Vicu\u00f1a <\/strong>us\u00f3 siempre para recordar a su hija mayor. Luego comparti\u00f3 una postal \u00edntima: \u00e9l con <strong>Blanca <\/strong>entre sus brazos, en una imagen que remarc\u00f3 la ternura de esos primeros a\u00f1os. <\/p>\n<p>El recuerdo tom\u00f3 m\u00e1s fuerza porque lleg\u00f3 en un momento especialmente sensible. Hace un mes, Vicu\u00f1a tambi\u00e9n public\u00f3 un video por el aniversario de la muerte de Blanca, donde escribi\u00f3: \u201c<em>Blanca. Estas palabras ya las dije, estos recuerdos ya los tuve, se acaban, se pierden. Y yo como un guardi\u00e1n de la memoria, sigo estoico en la puerta esperando tu respuesta<\/em>\u201d.<\/p>\n<div class=\"mt-box \">\n<h4 class=\"mt-heading\">Mir\u00e1 Tambi\u00e9n<\/h4>\n<p><a href=\"https:\/\/www.paparazzi.com.ar\/teve\/thiago-medina-eligio-la-ppz-fest-para-su-primera-salida-de-noche-los-doctores-me-dijeron-que\/\"><\/p>\n<div class=\"mt-content\">\n<div class=\"mt-image-container\"><img decoding=\"async\" src=\"https:\/\/www.paparazzi.com.ar\/wp-content\/uploads\/2025\/10\/Thiago-Medina-3-359x226.jpg\" alt=\"Thiago Medina eligi\u00f3 la PPZ Fest para su primera salida de noche: \u201cLos doctores me dijeron que\u2026\u201d\" class=\"mt-image\" loading=\"lazy\" \/><\/div>\n<h5 class=\"mt-title\">Thiago Medina eligi\u00f3 la PPZ Fest para su primera salida de noche: \u201cLos doctores me dijeron que\u2026\u201d<\/h5>\n<\/div>\n<p><\/a><\/div>\n<p>En aquel mensaje tambi\u00e9n relat\u00f3 su lucha diaria contra la ausencia: \u201c<em>El fr\u00edo me penetra hasta los huesos pero me resisto a cerrar la puerta de la eternidad. Por eso escribo estas palabras, para no olvidar, para dejar la puerta abierta y que corra el viento<\/em>\u201d. <\/p>\n<h2 class=\"wp-block-heading\">EL MENSAJE DE BENJAM\u00cdN<\/h2>\n<p>El actor record\u00f3 incluso la dimensi\u00f3n colectiva del dolor al escribir: <em>\u201cA veces puedo ser la voz de la tribu aterrada por el misterio de la muerte, m\u00e1s cuando aparece robando zapatos peque\u00f1os<\/em>\u201d. Despu\u00e9s, remarc\u00f3 su compromiso con la memoria de <strong>Blanca<\/strong>: \u201c<em>Ac\u00e1 estoy, m\u00e1s viejo y m\u00e1s fuerte, honrando tu nombre, tu nobleza y la alegr\u00eda que ilumin\u00f3 cordillera y mar\u201d<\/em>. <\/p>\n<p>Este homenaje se sum\u00f3 al que <strong>Vicu\u00f1a <\/strong>public\u00f3 en mayo, cuando escribi\u00f3: \u201c<em>Te vi nacer hace 19 a\u00f1os en el d\u00eda del cumplea\u00f1os de mi madre<\/em>\u201d. Tambi\u00e9n record\u00f3 que la ni\u00f1a \u201c<em>fue la m\u00e1s dulce\u201d<\/em> y que su llegada marc\u00f3 a toda la familia. As\u00ed, entre fotos viejas, s\u00edmbolos y textos que nacen desde el dolor m\u00e1s profundo, <strong>Benjam\u00edn <\/strong>volvi\u00f3 a demostrar que el recuerdo de Blanca est\u00e1 presente todos los d\u00edas, pero en ciertas fechas emerge con una fuerza imposible de disimular.<\/p>\n<figure class=\"wp-block-image size-large\"><img decoding=\"async\" src=\"https:\/\/www.paparazzi.com.ar\/wp-content\/uploads\/2025\/11\/image-114-577x1024.png.webp\" loading=\"lazy\" alt=\"\" class=\"wp-image-452205\" \/><\/figure>\n<figure class=\"wp-block-image size-large\"><img decoding=\"async\" src=\"https:\/\/www.paparazzi.com.ar\/wp-content\/uploads\/2025\/11\/image-113-623x1024.png.webp\" loading=\"lazy\" alt=\"\" class=\"wp-image-452204\" \/><\/figure>\n<div class=\"mt-box \">\n<h4 class=\"mt-heading\">Mir\u00e1 Tambi\u00e9n<\/h4>\n<p><a href=\"https:\/\/www.paparazzi.com.ar\/teve\/la-jugada-propuesta-de-luis-novaresio-que-incomodo-a-mario-pergolini\/\"><\/p>\n<div class=\"mt-content\">\n<div class=\"mt-image-container\"><img decoding=\"async\" src=\"https:\/\/www.paparazzi.com.ar\/wp-content\/uploads\/2025\/11\/pergolini-359x226.png\" alt=\"La jugada propuesta de Luis Novaresio que incomod\u00f3 a Mario Pergolini\" class=\"mt-image\" loading=\"lazy\" \/><\/div>\n<h5 class=\"mt-title\">La jugada propuesta de Luis Novaresio que incomod\u00f3 a Mario Pergolini<\/h5>\n<\/div>\n<p><\/a><\/div>\n<div class=\"mt-box \">\n<h4 class=\"mt-heading\">Mir\u00e1 Tambi\u00e9n<\/h4>\n<p><a href=\"https:\/\/www.paparazzi.com.ar\/teve\/cami-homs-mostro-por-primera-vez-el-rostro-de-su-bebe-y-enternecio-a-todos-la-foto\/\"><\/p>\n<div class=\"mt-content\">\n<div class=\"mt-image-container\"><img decoding=\"async\" src=\"https:\/\/www.paparazzi.com.ar\/wp-content\/uploads\/2025\/11\/image-106-359x226.png\" alt=\"Cami Homs mostr\u00f3 por primera vez el rostro de su beb\u00e9 y enterneci\u00f3 a todos: la foto\" class=\"mt-image\" loading=\"lazy\" \/><\/div>\n<h5 class=\"mt-title\">Cami Homs mostr\u00f3 por primera vez el rostro de su beb\u00e9 y enterneci\u00f3 a todos: la foto<\/h5>\n<\/div>\n<p><\/a><\/div>\n<p>The post <a href=\"https:\/\/www.paparazzi.com.ar\/teve\/benjamin-vicuna-recordo-a-su-hija-blanca-con-una-emotiva-foto\/\">Benjam\u00edn Vicu\u00f1a record\u00f3 a su hija Blanca con una emotiva foto<\/a> appeared first on <a href=\"https:\/\/www.paparazzi.com.ar\">Revista Paparazzi<\/a>.<\/p>\n","protected":false},"excerpt":{"rendered":"<p>Benjam\u00edn Vicu\u00f1a volvi\u00f3 a estremecer a sus seguidores cuando, en silencio y sin introducciones, public\u00f3<\/p>\n","protected":false},"author":0,"featured_media":9156,"comment_status":"","ping_status":"","sticky":false,"template":"","format":"standard","meta":{"footnotes":""},"categories":[11],"tags":[],"class_list":["post-9155","post","type-post","status-publish","format-standard","has-post-thumbnail","hentry","category-destacadas"],"yoast_head":"<!-- This site is optimized with the Yoast SEO plugin v27.4 - https:\/\/yoast.com\/product\/yoast-seo-wordpress\/ -->\n<title>Benjam\u00edn Vicu\u00f1a record\u00f3 a su hija Blanca con una emotiva foto - Fm Gente<\/title>\n<meta name=\"robots\" content=\"index, follow, max-snippet:-1, max-image-preview:large, max-video-preview:-1\" \/>\n<link rel=\"canonical\" href=\"https:\/\/fmgente.com.ar\/web\/benjamin-vicuna-recordo-a-su-hija-blanca-con-una-emotiva-foto\/\" \/>\n<meta property=\"og:locale\" content=\"es_ES\" \/>\n<meta property=\"og:type\" content=\"article\" \/>\n<meta property=\"og:title\" content=\"Benjam\u00edn Vicu\u00f1a record\u00f3 a su hija Blanca con una emotiva foto - Fm Gente\" \/>\n<meta property=\"og:description\" content=\"Benjam\u00edn Vicu\u00f1a volvi\u00f3 a estremecer a sus seguidores cuando, en silencio y sin introducciones, public\u00f3\" \/>\n<meta property=\"og:url\" content=\"https:\/\/fmgente.com.ar\/web\/benjamin-vicuna-recordo-a-su-hija-blanca-con-una-emotiva-foto\/\" \/>\n<meta property=\"og:site_name\" content=\"Fm Gente\" \/>\n<meta property=\"article:published_time\" content=\"2025-11-09T03:05:44+00:00\" \/>\n<meta property=\"og:image\" content=\"https:\/\/fmgente.com.ar\/web\/wp-content\/uploads\/2025\/11\/Thiago-Medina-3-359x226-15.jpg\" \/>\n\t<meta property=\"og:image:width\" content=\"359\" \/>\n\t<meta property=\"og:image:height\" content=\"226\" \/>\n\t<meta property=\"og:image:type\" content=\"image\/jpeg\" \/>\n<meta name=\"twitter:card\" content=\"summary_large_image\" \/>\n<meta name=\"twitter:label1\" content=\"Tiempo de lectura\" \/>\n\t<meta name=\"twitter:data1\" content=\"2 minutos\" \/>\n<script type=\"application\/ld+json\" class=\"yoast-schema-graph\">{\"@context\":\"https:\\\/\\\/schema.org\",\"@graph\":[{\"@type\":\"Article\",\"@id\":\"https:\\\/\\\/fmgente.com.ar\\\/web\\\/benjamin-vicuna-recordo-a-su-hija-blanca-con-una-emotiva-foto\\\/#article\",\"isPartOf\":{\"@id\":\"https:\\\/\\\/fmgente.com.ar\\\/web\\\/benjamin-vicuna-recordo-a-su-hija-blanca-con-una-emotiva-foto\\\/\"},\"author\":{\"name\":\"\",\"@id\":\"\"},\"headline\":\"Benjam\u00edn Vicu\u00f1a record\u00f3 a su hija Blanca con una emotiva foto\",\"datePublished\":\"2025-11-09T03:05:44+00:00\",\"mainEntityOfPage\":{\"@id\":\"https:\\\/\\\/fmgente.com.ar\\\/web\\\/benjamin-vicuna-recordo-a-su-hija-blanca-con-una-emotiva-foto\\\/\"},\"wordCount\":502,\"publisher\":{\"@id\":\"https:\\\/\\\/fmgente.com.ar\\\/web\\\/#organization\"},\"image\":{\"@id\":\"https:\\\/\\\/fmgente.com.ar\\\/web\\\/benjamin-vicuna-recordo-a-su-hija-blanca-con-una-emotiva-foto\\\/#primaryimage\"},\"thumbnailUrl\":\"https:\\\/\\\/fmgente.com.ar\\\/web\\\/wp-content\\\/uploads\\\/2025\\\/11\\\/Thiago-Medina-3-359x226-15.jpg\",\"articleSection\":[\"DESTACADAS\"],\"inLanguage\":\"es\"},{\"@type\":\"WebPage\",\"@id\":\"https:\\\/\\\/fmgente.com.ar\\\/web\\\/benjamin-vicuna-recordo-a-su-hija-blanca-con-una-emotiva-foto\\\/\",\"url\":\"https:\\\/\\\/fmgente.com.ar\\\/web\\\/benjamin-vicuna-recordo-a-su-hija-blanca-con-una-emotiva-foto\\\/\",\"name\":\"Benjam\u00edn Vicu\u00f1a record\u00f3 a su hija Blanca con una emotiva foto - Fm Gente\",\"isPartOf\":{\"@id\":\"https:\\\/\\\/fmgente.com.ar\\\/web\\\/#website\"},\"primaryImageOfPage\":{\"@id\":\"https:\\\/\\\/fmgente.com.ar\\\/web\\\/benjamin-vicuna-recordo-a-su-hija-blanca-con-una-emotiva-foto\\\/#primaryimage\"},\"image\":{\"@id\":\"https:\\\/\\\/fmgente.com.ar\\\/web\\\/benjamin-vicuna-recordo-a-su-hija-blanca-con-una-emotiva-foto\\\/#primaryimage\"},\"thumbnailUrl\":\"https:\\\/\\\/fmgente.com.ar\\\/web\\\/wp-content\\\/uploads\\\/2025\\\/11\\\/Thiago-Medina-3-359x226-15.jpg\",\"datePublished\":\"2025-11-09T03:05:44+00:00\",\"inLanguage\":\"es\",\"potentialAction\":[{\"@type\":\"ReadAction\",\"target\":[\"https:\\\/\\\/fmgente.com.ar\\\/web\\\/benjamin-vicuna-recordo-a-su-hija-blanca-con-una-emotiva-foto\\\/\"]}]},{\"@type\":\"ImageObject\",\"inLanguage\":\"es\",\"@id\":\"https:\\\/\\\/fmgente.com.ar\\\/web\\\/benjamin-vicuna-recordo-a-su-hija-blanca-con-una-emotiva-foto\\\/#primaryimage\",\"url\":\"https:\\\/\\\/fmgente.com.ar\\\/web\\\/wp-content\\\/uploads\\\/2025\\\/11\\\/Thiago-Medina-3-359x226-15.jpg\",\"contentUrl\":\"https:\\\/\\\/fmgente.com.ar\\\/web\\\/wp-content\\\/uploads\\\/2025\\\/11\\\/Thiago-Medina-3-359x226-15.jpg\",\"width\":359,\"height\":226},{\"@type\":\"WebSite\",\"@id\":\"https:\\\/\\\/fmgente.com.ar\\\/web\\\/#website\",\"url\":\"https:\\\/\\\/fmgente.com.ar\\\/web\\\/\",\"name\":\"Fm Gente\",\"description\":\"- Jes\u00fas Mar\u00eda\",\"publisher\":{\"@id\":\"https:\\\/\\\/fmgente.com.ar\\\/web\\\/#organization\"},\"potentialAction\":[{\"@type\":\"SearchAction\",\"target\":{\"@type\":\"EntryPoint\",\"urlTemplate\":\"https:\\\/\\\/fmgente.com.ar\\\/web\\\/?s={search_term_string}\"},\"query-input\":{\"@type\":\"PropertyValueSpecification\",\"valueRequired\":true,\"valueName\":\"search_term_string\"}}],\"inLanguage\":\"es\"},{\"@type\":\"Organization\",\"@id\":\"https:\\\/\\\/fmgente.com.ar\\\/web\\\/#organization\",\"name\":\"Fm Gente\",\"url\":\"https:\\\/\\\/fmgente.com.ar\\\/web\\\/\",\"logo\":{\"@type\":\"ImageObject\",\"inLanguage\":\"es\",\"@id\":\"https:\\\/\\\/fmgente.com.ar\\\/web\\\/#\\\/schema\\\/logo\\\/image\\\/\",\"url\":\"https:\\\/\\\/fmgente.com.ar\\\/web\\\/wp-content\\\/uploads\\\/2023\\\/07\\\/cropped-cropped-logo-sombra2.png\",\"contentUrl\":\"https:\\\/\\\/fmgente.com.ar\\\/web\\\/wp-content\\\/uploads\\\/2023\\\/07\\\/cropped-cropped-logo-sombra2.png\",\"width\":1782,\"height\":1782,\"caption\":\"Fm Gente\"},\"image\":{\"@id\":\"https:\\\/\\\/fmgente.com.ar\\\/web\\\/#\\\/schema\\\/logo\\\/image\\\/\"}}]}<\/script>\n<!-- \/ Yoast SEO plugin. -->","yoast_head_json":{"title":"Benjam\u00edn Vicu\u00f1a record\u00f3 a su hija Blanca con una emotiva foto - Fm Gente","robots":{"index":"index","follow":"follow","max-snippet":"max-snippet:-1","max-image-preview":"max-image-preview:large","max-video-preview":"max-video-preview:-1"},"canonical":"https:\/\/fmgente.com.ar\/web\/benjamin-vicuna-recordo-a-su-hija-blanca-con-una-emotiva-foto\/","og_locale":"es_ES","og_type":"article","og_title":"Benjam\u00edn Vicu\u00f1a record\u00f3 a su hija Blanca con una emotiva foto - Fm Gente","og_description":"Benjam\u00edn Vicu\u00f1a volvi\u00f3 a estremecer a sus seguidores cuando, en silencio y sin introducciones, public\u00f3","og_url":"https:\/\/fmgente.com.ar\/web\/benjamin-vicuna-recordo-a-su-hija-blanca-con-una-emotiva-foto\/","og_site_name":"Fm Gente","article_published_time":"2025-11-09T03:05:44+00:00","og_image":[{"width":359,"height":226,"url":"https:\/\/fmgente.com.ar\/web\/wp-content\/uploads\/2025\/11\/Thiago-Medina-3-359x226-15.jpg","type":"image\/jpeg"}],"twitter_card":"summary_large_image","twitter_misc":{"Tiempo de lectura":"2 minutos"},"schema":{"@context":"https:\/\/schema.org","@graph":[{"@type":"Article","@id":"https:\/\/fmgente.com.ar\/web\/benjamin-vicuna-recordo-a-su-hija-blanca-con-una-emotiva-foto\/#article","isPartOf":{"@id":"https:\/\/fmgente.com.ar\/web\/benjamin-vicuna-recordo-a-su-hija-blanca-con-una-emotiva-foto\/"},"author":{"name":"","@id":""},"headline":"Benjam\u00edn Vicu\u00f1a record\u00f3 a su hija Blanca con una emotiva foto","datePublished":"2025-11-09T03:05:44+00:00","mainEntityOfPage":{"@id":"https:\/\/fmgente.com.ar\/web\/benjamin-vicuna-recordo-a-su-hija-blanca-con-una-emotiva-foto\/"},"wordCount":502,"publisher":{"@id":"https:\/\/fmgente.com.ar\/web\/#organization"},"image":{"@id":"https:\/\/fmgente.com.ar\/web\/benjamin-vicuna-recordo-a-su-hija-blanca-con-una-emotiva-foto\/#primaryimage"},"thumbnailUrl":"https:\/\/fmgente.com.ar\/web\/wp-content\/uploads\/2025\/11\/Thiago-Medina-3-359x226-15.jpg","articleSection":["DESTACADAS"],"inLanguage":"es"},{"@type":"WebPage","@id":"https:\/\/fmgente.com.ar\/web\/benjamin-vicuna-recordo-a-su-hija-blanca-con-una-emotiva-foto\/","url":"https:\/\/fmgente.com.ar\/web\/benjamin-vicuna-recordo-a-su-hija-blanca-con-una-emotiva-foto\/","name":"Benjam\u00edn Vicu\u00f1a record\u00f3 a su hija Blanca con una emotiva foto - Fm Gente","isPartOf":{"@id":"https:\/\/fmgente.com.ar\/web\/#website"},"primaryImageOfPage":{"@id":"https:\/\/fmgente.com.ar\/web\/benjamin-vicuna-recordo-a-su-hija-blanca-con-una-emotiva-foto\/#primaryimage"},"image":{"@id":"https:\/\/fmgente.com.ar\/web\/benjamin-vicuna-recordo-a-su-hija-blanca-con-una-emotiva-foto\/#primaryimage"},"thumbnailUrl":"https:\/\/fmgente.com.ar\/web\/wp-content\/uploads\/2025\/11\/Thiago-Medina-3-359x226-15.jpg","datePublished":"2025-11-09T03:05:44+00:00","inLanguage":"es","potentialAction":[{"@type":"ReadAction","target":["https:\/\/fmgente.com.ar\/web\/benjamin-vicuna-recordo-a-su-hija-blanca-con-una-emotiva-foto\/"]}]},{"@type":"ImageObject","inLanguage":"es","@id":"https:\/\/fmgente.com.ar\/web\/benjamin-vicuna-recordo-a-su-hija-blanca-con-una-emotiva-foto\/#primaryimage","url":"https:\/\/fmgente.com.ar\/web\/wp-content\/uploads\/2025\/11\/Thiago-Medina-3-359x226-15.jpg","contentUrl":"https:\/\/fmgente.com.ar\/web\/wp-content\/uploads\/2025\/11\/Thiago-Medina-3-359x226-15.jpg","width":359,"height":226},{"@type":"WebSite","@id":"https:\/\/fmgente.com.ar\/web\/#website","url":"https:\/\/fmgente.com.ar\/web\/","name":"Fm Gente","description":"- Jes\u00fas Mar\u00eda","publisher":{"@id":"https:\/\/fmgente.com.ar\/web\/#organization"},"potentialAction":[{"@type":"SearchAction","target":{"@type":"EntryPoint","urlTemplate":"https:\/\/fmgente.com.ar\/web\/?s={search_term_string}"},"query-input":{"@type":"PropertyValueSpecification","valueRequired":true,"valueName":"search_term_string"}}],"inLanguage":"es"},{"@type":"Organization","@id":"https:\/\/fmgente.com.ar\/web\/#organization","name":"Fm Gente","url":"https:\/\/fmgente.com.ar\/web\/","logo":{"@type":"ImageObject","inLanguage":"es","@id":"https:\/\/fmgente.com.ar\/web\/#\/schema\/logo\/image\/","url":"https:\/\/fmgente.com.ar\/web\/wp-content\/uploads\/2023\/07\/cropped-cropped-logo-sombra2.png","contentUrl":"https:\/\/fmgente.com.ar\/web\/wp-content\/uploads\/2023\/07\/cropped-cropped-logo-sombra2.png","width":1782,"height":1782,"caption":"Fm Gente"},"image":{"@id":"https:\/\/fmgente.com.ar\/web\/#\/schema\/logo\/image\/"}}]}},"_links":{"self":[{"href":"https:\/\/fmgente.com.ar\/web\/wp-json\/wp\/v2\/posts\/9155","targetHints":{"allow":["GET"]}}],"collection":[{"href":"https:\/\/fmgente.com.ar\/web\/wp-json\/wp\/v2\/posts"}],"about":[{"href":"https:\/\/fmgente.com.ar\/web\/wp-json\/wp\/v2\/types\/post"}],"replies":[{"embeddable":true,"href":"https:\/\/fmgente.com.ar\/web\/wp-json\/wp\/v2\/comments?post=9155"}],"version-history":[{"count":0,"href":"https:\/\/fmgente.com.ar\/web\/wp-json\/wp\/v2\/posts\/9155\/revisions"}],"wp:featuredmedia":[{"embeddable":true,"href":"https:\/\/fmgente.com.ar\/web\/wp-json\/wp\/v2\/media\/9156"}],"wp:attachment":[{"href":"https:\/\/fmgente.com.ar\/web\/wp-json\/wp\/v2\/media?parent=9155"}],"wp:term":[{"taxonomy":"category","embeddable":true,"href":"https:\/\/fmgente.com.ar\/web\/wp-json\/wp\/v2\/categories?post=9155"},{"taxonomy":"post_tag","embeddable":true,"href":"https:\/\/fmgente.com.ar\/web\/wp-json\/wp\/v2\/tags?post=9155"}],"curies":[{"name":"wp","href":"https:\/\/api.w.org\/{rel}","templated":true}]}}