{"id":9148,"date":"2025-11-08T22:05:49","date_gmt":"2025-11-09T01:05:49","guid":{"rendered":"https:\/\/fmgente.com.ar\/la-fuerte-noticia-que-anuncio-marianela-mirra-en-pleno-embarazo-con-jose-alperovich\/"},"modified":"2025-11-08T22:05:49","modified_gmt":"2025-11-09T01:05:49","slug":"la-fuerte-noticia-que-anuncio-marianela-mirra-en-pleno-embarazo-con-jose-alperovich","status":"publish","type":"post","link":"https:\/\/fmgente.com.ar\/web\/la-fuerte-noticia-que-anuncio-marianela-mirra-en-pleno-embarazo-con-jose-alperovich\/","title":{"rendered":"La fuerte noticia que anunci\u00f3 Marianela Mirra en pleno embarazo con Jos\u00e9 Alperovich"},"content":{"rendered":"<p><strong><a href=\"https:\/\/www.paparazzi.com.ar\/?s=Marianela+Mirra\">Marianela Mirra<\/a><\/strong> volvi\u00f3 a ocupar el foco de la atenci\u00f3n medi\u00e1tica tras confirmar un nuevo paso en su v\u00ednculo con <strong><a href=\"https:\/\/www.paparazzi.com.ar\/?s=Jos%C3%A9+Alperovich\">Jos\u00e9 Alperovich<\/a><\/strong>, el exgobernador de Tucum\u00e1n que cumple prisi\u00f3n domiciliaria luego de ser condenado por abuso sexual contra su sobrina. <\/p>\n<p>En medio de las cr\u00edticas y la controversia, la ex Gran Hermano anunci\u00f3 que se casar\u00e1 con el pol\u00edtico, generando un fuerte impacto en el mundo del espect\u00e1culo y la pol\u00edtica. Hace apenas dos meses, Mirra hab\u00eda revelado que inici\u00f3 un tratamiento de inseminaci\u00f3n artificial con el objetivo de tener un hijo junto al exmandatario provincial y es as\u00ed que <a href=\"https:\/\/www.paparazzi.com.ar\/teve\/el-escandalo-que-se-armo-en-la-familia-alperovich-tras-el-embarazo-de-marianela-mirra\/\">se arm\u00f3 un esc\u00e1ndalo en la familia Alperovich<\/a>.<\/p>\n<p><em>\u201cHola rey. S\u00ed, me caso\u2026 Es un proyecto que se critica, pero que existe y es parte de mi vida\u201d<\/em>, le escribi\u00f3 a su amigo y excompa\u00f1ero de reality, Gast\u00f3n Trezeguet, confirmando la noticia del casamiento que tendr\u00e1 lugar el pr\u00f3ximo 27 de noviembre.<\/p>\n<div class=\"mt-box \">\n<h4 class=\"mt-heading\">Mir\u00e1 Tambi\u00e9n<\/h4>\n<p><a href=\"https:\/\/www.paparazzi.com.ar\/videos\/exclusivo-luis-ventura-conto-por-que-jorge-rial-le-tiene-miedo-me-quiere-borrar-porque\/\"><\/p>\n<div class=\"mt-content\">\n<div class=\"mt-image-container\"><img decoding=\"async\" src=\"https:\/\/www.paparazzi.com.ar\/wp-content\/uploads\/2025\/11\/Ventura-dos-1-359x226.jpg\" alt=\"\u00a1Exclusivo! Luis Ventura cont\u00f3 por qu\u00e9 Jorge Rial le tiene miedo: \u201cMe quiere borrar porque\u2026\u201d\" class=\"mt-image\" loading=\"lazy\" \/><\/div>\n<h5 class=\"mt-title\">\u00a1Exclusivo! Luis Ventura cont\u00f3 por qu\u00e9 Jorge Rial le tiene miedo: \u201cMe quiere borrar porque\u2026\u201d<\/h5>\n<\/div>\n<p><\/a><\/div>\n<p>El dato fue ampliado por el periodista <strong>Mauro Federico<\/strong>, quien cont\u00f3 en <em>Carnaval Stream<\/em> que<em> \u201cel se\u00f1or Jos\u00e9 Alperovich hace un mes se divorci\u00f3 de Betty Rojk\u00e9s y el pr\u00f3ximo 27 de noviembre nuevamente dar\u00e1 el \u2018s\u00ed\u2019\u201d.<\/em> <\/p>\n<p>La ceremonia, seg\u00fan trascendi\u00f3, se realizar\u00e1 en el mismo departamento de Puerto Madero donde Alperovich cumple su condena bajo prisi\u00f3n domiciliaria y donde actualmente reside junto a Mirra.<\/p>\n<div class=\"mt-box \">\n<h4 class=\"mt-heading\">Mir\u00e1 Tambi\u00e9n<\/h4>\n<p><a href=\"https:\/\/www.paparazzi.com.ar\/teve\/el-escandalo-que-se-armo-en-la-familia-alperovich-tras-el-embarazo-de-marianela-mirra\/\"><\/p>\n<div class=\"mt-content\">\n<div class=\"mt-image-container\"><img decoding=\"async\" src=\"https:\/\/www.paparazzi.com.ar\/wp-content\/uploads\/2025\/05\/Mirra-marianela.jpg.webp\" alt=\"El esc\u00e1ndalo que se arm\u00f3 en la familia Alperovich tras el embarazo de Marianela Mirra\" class=\"mt-image\" loading=\"lazy\" \/><\/div>\n<h5 class=\"mt-title\">El esc\u00e1ndalo que se arm\u00f3 en la familia Alperovich tras el embarazo de Marianela Mirra<\/h5>\n<\/div>\n<p><\/a><\/div>\n<p>Jos\u00e9 Alperovich cumple su pena en un exclusivo edificio de Puerto Madero que cuenta con comodidades de primer nivel: pileta climatizada, spa, gimnasio, microcine, SUM y seguridad privada las 24 horas. Seg\u00fan informes televisivos, las propiedades del complejo est\u00e1n valuadas entre 220.000 y 2,2 millones de d\u00f3lares.<\/p>\n<p>En agosto, el programa <em>A la Tarde<\/em> mostr\u00f3 im\u00e1genes del exgobernador durante su reclusi\u00f3n domiciliaria acompa\u00f1ado por Mirra, quien en los \u00faltimos meses comenz\u00f3 a mostrarse cada vez m\u00e1s activa en redes sociales. De hecho, d\u00edas atr\u00e1s public\u00f3 una foto desde el gimnasio del edificio, dejando en claro que comparte su d\u00eda a d\u00eda con el pol\u00edtico.<\/p>\n<div class=\"mt-box \">\n<h4 class=\"mt-heading\">Mir\u00e1 Tambi\u00e9n<\/h4>\n<p><a href=\"https:\/\/www.paparazzi.com.ar\/sin-categoria\/asi-es-la-lujosa-vida-que-marianela-mirra-tiene-con-jose-alperovich-en-prision-domiciliaria\/\"><\/p>\n<div class=\"mt-content\">\n<div class=\"mt-image-container\"><img decoding=\"async\" src=\"https:\/\/www.paparazzi.com.ar\/wp-content\/uploads\/2025\/05\/Marianela-Mirra-Jose-Alperovich-separacion.jpg.webp\" alt=\"As\u00ed es la lujosa vida que Marianela Mirra tiene con Jos\u00e9 Alperovich en prisi\u00f3n domiciliaria\" class=\"mt-image\" loading=\"lazy\" \/><\/div>\n<h5 class=\"mt-title\">As\u00ed es la lujosa vida que Marianela Mirra tiene con Jos\u00e9 Alperovich en prisi\u00f3n domiciliaria<\/h5>\n<\/div>\n<p><\/a><\/div>\n<p>El cronista <strong>Oliver Quiroz<\/strong> relat\u00f3 una escena que llam\u00f3 la atenci\u00f3n: <em>\u201c\u00c9l sali\u00f3 al balc\u00f3n a hacer una llamada y se la vio a ella sentada al lado, leyendo un libro\u201d.<\/em> Aunque Mirra evita hablar con la prensa, su convivencia con Alperovich sigue generando repercusi\u00f3n y reacciones encontradas en redes sociales.<\/p>\n<p>La historia entre Marianela Mirra y Jos\u00e9 Alperovich divide opiniones. Lejos del silencio medi\u00e1tico que mantuvo durante a\u00f1os, Mirra eligi\u00f3 exponerse nuevamente, esta vez mostrando una faceta m\u00e1s desafiante: la de una mujer decidida a vivir su historia, aunque eso implique soportar el peso de la pol\u00e9mica.<\/p>\n<div class=\"mt-box \">\n<h4 class=\"mt-heading\">Mir\u00e1 Tambi\u00e9n<\/h4>\n<p><a href=\"https:\/\/www.paparazzi.com.ar\/romances\/revelan-el-escabroso-motivo-detras-de-la-separacion-de-marianela-mirra-de-jose-alperovich\/\"><\/p>\n<div class=\"mt-content\">\n<div class=\"mt-image-container\"><img decoding=\"async\" src=\"https:\/\/www.paparazzi.com.ar\/wp-content\/uploads\/2025\/05\/marianela-mirra-alperovich.jpg.webp\" alt=\"Revelan el escabroso motivo detr\u00e1s de la separaci\u00f3n de Marianela Mirra de Jos\u00e9 Alperovich\" class=\"mt-image\" loading=\"lazy\" \/><\/div>\n<h5 class=\"mt-title\">Revelan el escabroso motivo detr\u00e1s de la separaci\u00f3n de Marianela Mirra de Jos\u00e9 Alperovich<\/h5>\n<\/div>\n<p><\/a><\/div>\n<div class=\"mt-box \">\n<h4 class=\"mt-heading\">Mir\u00e1 Tambi\u00e9n<\/h4>\n<p><a href=\"https:\/\/www.paparazzi.com.ar\/romances\/lo-mato-la-terrible-frase-con-la-que-marianela-mirra-anuncio-su-separacion-de-jose-alperovich\/\"><\/p>\n<div class=\"mt-content\">\n<div class=\"mt-image-container\"><img decoding=\"async\" src=\"https:\/\/www.paparazzi.com.ar\/wp-content\/uploads\/2025\/05\/Marianela-Mirra-Jose-Alperovich-separacion.jpg.webp\" alt=\"\u00a1Lo mat\u00f3! La terrible frase con la que Marianela Mirra anunci\u00f3 su separaci\u00f3n de Jos\u00e9 Alperovich\" class=\"mt-image\" loading=\"lazy\" \/><\/div>\n<h5 class=\"mt-title\">\u00a1Lo mat\u00f3! La terrible frase con la que Marianela Mirra anunci\u00f3 su separaci\u00f3n de Jos\u00e9 Alperovich<\/h5>\n<\/div>\n<p><\/a><\/div>\n<p>The post <a href=\"https:\/\/www.paparazzi.com.ar\/romances\/la-fuerte-revelacion-de-marianela-mirra-sobre-su-relacion-con-jose-alperovich-que-dejo-a-todos-sin-palabras-el-27-de-noviembre\/\">La fuerte noticia que anunci\u00f3 Marianela Mirra en pleno embarazo con Jos\u00e9 Alperovich<\/a> appeared first on <a href=\"https:\/\/www.paparazzi.com.ar\">Revista Paparazzi<\/a>.<\/p>\n","protected":false},"excerpt":{"rendered":"<p>Marianela Mirra volvi\u00f3 a ocupar el foco de la atenci\u00f3n medi\u00e1tica tras confirmar un nuevo<\/p>\n","protected":false},"author":0,"featured_media":9149,"comment_status":"","ping_status":"","sticky":false,"template":"","format":"standard","meta":{"footnotes":""},"categories":[11],"tags":[],"class_list":["post-9148","post","type-post","status-publish","format-standard","has-post-thumbnail","hentry","category-destacadas"],"yoast_head":"<!-- This site is optimized with the Yoast SEO plugin v27.4 - https:\/\/yoast.com\/product\/yoast-seo-wordpress\/ -->\n<title>La fuerte noticia que anunci\u00f3 Marianela Mirra en pleno embarazo con Jos\u00e9 Alperovich - Fm Gente<\/title>\n<meta name=\"robots\" content=\"index, follow, max-snippet:-1, max-image-preview:large, max-video-preview:-1\" \/>\n<link rel=\"canonical\" href=\"https:\/\/fmgente.com.ar\/web\/la-fuerte-noticia-que-anuncio-marianela-mirra-en-pleno-embarazo-con-jose-alperovich\/\" \/>\n<meta property=\"og:locale\" content=\"es_ES\" \/>\n<meta property=\"og:type\" content=\"article\" \/>\n<meta property=\"og:title\" content=\"La fuerte noticia que anunci\u00f3 Marianela Mirra en pleno embarazo con Jos\u00e9 Alperovich - Fm Gente\" \/>\n<meta property=\"og:description\" content=\"Marianela Mirra volvi\u00f3 a ocupar el foco de la atenci\u00f3n medi\u00e1tica tras confirmar un nuevo\" \/>\n<meta property=\"og:url\" content=\"https:\/\/fmgente.com.ar\/web\/la-fuerte-noticia-que-anuncio-marianela-mirra-en-pleno-embarazo-con-jose-alperovich\/\" \/>\n<meta property=\"og:site_name\" content=\"Fm Gente\" \/>\n<meta property=\"article:published_time\" content=\"2025-11-09T01:05:49+00:00\" \/>\n<meta property=\"og:image\" content=\"https:\/\/fmgente.com.ar\/web\/wp-content\/uploads\/2025\/11\/Ventura-dos-1-359x226-12.jpg\" \/>\n\t<meta property=\"og:image:width\" content=\"359\" \/>\n\t<meta property=\"og:image:height\" content=\"226\" \/>\n\t<meta property=\"og:image:type\" content=\"image\/jpeg\" \/>\n<meta name=\"twitter:card\" content=\"summary_large_image\" \/>\n<meta name=\"twitter:label1\" content=\"Tiempo de lectura\" \/>\n\t<meta name=\"twitter:data1\" content=\"3 minutos\" \/>\n<script type=\"application\/ld+json\" class=\"yoast-schema-graph\">{\"@context\":\"https:\\\/\\\/schema.org\",\"@graph\":[{\"@type\":\"Article\",\"@id\":\"https:\\\/\\\/fmgente.com.ar\\\/web\\\/la-fuerte-noticia-que-anuncio-marianela-mirra-en-pleno-embarazo-con-jose-alperovich\\\/#article\",\"isPartOf\":{\"@id\":\"https:\\\/\\\/fmgente.com.ar\\\/web\\\/la-fuerte-noticia-que-anuncio-marianela-mirra-en-pleno-embarazo-con-jose-alperovich\\\/\"},\"author\":{\"name\":\"\",\"@id\":\"\"},\"headline\":\"La fuerte noticia que anunci\u00f3 Marianela Mirra en pleno embarazo con Jos\u00e9 Alperovich\",\"datePublished\":\"2025-11-09T01:05:49+00:00\",\"mainEntityOfPage\":{\"@id\":\"https:\\\/\\\/fmgente.com.ar\\\/web\\\/la-fuerte-noticia-que-anuncio-marianela-mirra-en-pleno-embarazo-con-jose-alperovich\\\/\"},\"wordCount\":581,\"publisher\":{\"@id\":\"https:\\\/\\\/fmgente.com.ar\\\/web\\\/#organization\"},\"image\":{\"@id\":\"https:\\\/\\\/fmgente.com.ar\\\/web\\\/la-fuerte-noticia-que-anuncio-marianela-mirra-en-pleno-embarazo-con-jose-alperovich\\\/#primaryimage\"},\"thumbnailUrl\":\"https:\\\/\\\/fmgente.com.ar\\\/web\\\/wp-content\\\/uploads\\\/2025\\\/11\\\/Ventura-dos-1-359x226-12.jpg\",\"articleSection\":[\"DESTACADAS\"],\"inLanguage\":\"es\"},{\"@type\":\"WebPage\",\"@id\":\"https:\\\/\\\/fmgente.com.ar\\\/web\\\/la-fuerte-noticia-que-anuncio-marianela-mirra-en-pleno-embarazo-con-jose-alperovich\\\/\",\"url\":\"https:\\\/\\\/fmgente.com.ar\\\/web\\\/la-fuerte-noticia-que-anuncio-marianela-mirra-en-pleno-embarazo-con-jose-alperovich\\\/\",\"name\":\"La fuerte noticia que anunci\u00f3 Marianela Mirra en pleno embarazo con Jos\u00e9 Alperovich - Fm Gente\",\"isPartOf\":{\"@id\":\"https:\\\/\\\/fmgente.com.ar\\\/web\\\/#website\"},\"primaryImageOfPage\":{\"@id\":\"https:\\\/\\\/fmgente.com.ar\\\/web\\\/la-fuerte-noticia-que-anuncio-marianela-mirra-en-pleno-embarazo-con-jose-alperovich\\\/#primaryimage\"},\"image\":{\"@id\":\"https:\\\/\\\/fmgente.com.ar\\\/web\\\/la-fuerte-noticia-que-anuncio-marianela-mirra-en-pleno-embarazo-con-jose-alperovich\\\/#primaryimage\"},\"thumbnailUrl\":\"https:\\\/\\\/fmgente.com.ar\\\/web\\\/wp-content\\\/uploads\\\/2025\\\/11\\\/Ventura-dos-1-359x226-12.jpg\",\"datePublished\":\"2025-11-09T01:05:49+00:00\",\"inLanguage\":\"es\",\"potentialAction\":[{\"@type\":\"ReadAction\",\"target\":[\"https:\\\/\\\/fmgente.com.ar\\\/web\\\/la-fuerte-noticia-que-anuncio-marianela-mirra-en-pleno-embarazo-con-jose-alperovich\\\/\"]}]},{\"@type\":\"ImageObject\",\"inLanguage\":\"es\",\"@id\":\"https:\\\/\\\/fmgente.com.ar\\\/web\\\/la-fuerte-noticia-que-anuncio-marianela-mirra-en-pleno-embarazo-con-jose-alperovich\\\/#primaryimage\",\"url\":\"https:\\\/\\\/fmgente.com.ar\\\/web\\\/wp-content\\\/uploads\\\/2025\\\/11\\\/Ventura-dos-1-359x226-12.jpg\",\"contentUrl\":\"https:\\\/\\\/fmgente.com.ar\\\/web\\\/wp-content\\\/uploads\\\/2025\\\/11\\\/Ventura-dos-1-359x226-12.jpg\",\"width\":359,\"height\":226},{\"@type\":\"WebSite\",\"@id\":\"https:\\\/\\\/fmgente.com.ar\\\/web\\\/#website\",\"url\":\"https:\\\/\\\/fmgente.com.ar\\\/web\\\/\",\"name\":\"Fm Gente\",\"description\":\"- Jes\u00fas Mar\u00eda\",\"publisher\":{\"@id\":\"https:\\\/\\\/fmgente.com.ar\\\/web\\\/#organization\"},\"potentialAction\":[{\"@type\":\"SearchAction\",\"target\":{\"@type\":\"EntryPoint\",\"urlTemplate\":\"https:\\\/\\\/fmgente.com.ar\\\/web\\\/?s={search_term_string}\"},\"query-input\":{\"@type\":\"PropertyValueSpecification\",\"valueRequired\":true,\"valueName\":\"search_term_string\"}}],\"inLanguage\":\"es\"},{\"@type\":\"Organization\",\"@id\":\"https:\\\/\\\/fmgente.com.ar\\\/web\\\/#organization\",\"name\":\"Fm Gente\",\"url\":\"https:\\\/\\\/fmgente.com.ar\\\/web\\\/\",\"logo\":{\"@type\":\"ImageObject\",\"inLanguage\":\"es\",\"@id\":\"https:\\\/\\\/fmgente.com.ar\\\/web\\\/#\\\/schema\\\/logo\\\/image\\\/\",\"url\":\"https:\\\/\\\/fmgente.com.ar\\\/web\\\/wp-content\\\/uploads\\\/2023\\\/07\\\/cropped-cropped-logo-sombra2.png\",\"contentUrl\":\"https:\\\/\\\/fmgente.com.ar\\\/web\\\/wp-content\\\/uploads\\\/2023\\\/07\\\/cropped-cropped-logo-sombra2.png\",\"width\":1782,\"height\":1782,\"caption\":\"Fm Gente\"},\"image\":{\"@id\":\"https:\\\/\\\/fmgente.com.ar\\\/web\\\/#\\\/schema\\\/logo\\\/image\\\/\"}}]}<\/script>\n<!-- \/ Yoast SEO plugin. -->","yoast_head_json":{"title":"La fuerte noticia que anunci\u00f3 Marianela Mirra en pleno embarazo con Jos\u00e9 Alperovich - Fm Gente","robots":{"index":"index","follow":"follow","max-snippet":"max-snippet:-1","max-image-preview":"max-image-preview:large","max-video-preview":"max-video-preview:-1"},"canonical":"https:\/\/fmgente.com.ar\/web\/la-fuerte-noticia-que-anuncio-marianela-mirra-en-pleno-embarazo-con-jose-alperovich\/","og_locale":"es_ES","og_type":"article","og_title":"La fuerte noticia que anunci\u00f3 Marianela Mirra en pleno embarazo con Jos\u00e9 Alperovich - Fm Gente","og_description":"Marianela Mirra volvi\u00f3 a ocupar el foco de la atenci\u00f3n medi\u00e1tica tras confirmar un nuevo","og_url":"https:\/\/fmgente.com.ar\/web\/la-fuerte-noticia-que-anuncio-marianela-mirra-en-pleno-embarazo-con-jose-alperovich\/","og_site_name":"Fm Gente","article_published_time":"2025-11-09T01:05:49+00:00","og_image":[{"width":359,"height":226,"url":"https:\/\/fmgente.com.ar\/web\/wp-content\/uploads\/2025\/11\/Ventura-dos-1-359x226-12.jpg","type":"image\/jpeg"}],"twitter_card":"summary_large_image","twitter_misc":{"Tiempo de lectura":"3 minutos"},"schema":{"@context":"https:\/\/schema.org","@graph":[{"@type":"Article","@id":"https:\/\/fmgente.com.ar\/web\/la-fuerte-noticia-que-anuncio-marianela-mirra-en-pleno-embarazo-con-jose-alperovich\/#article","isPartOf":{"@id":"https:\/\/fmgente.com.ar\/web\/la-fuerte-noticia-que-anuncio-marianela-mirra-en-pleno-embarazo-con-jose-alperovich\/"},"author":{"name":"","@id":""},"headline":"La fuerte noticia que anunci\u00f3 Marianela Mirra en pleno embarazo con Jos\u00e9 Alperovich","datePublished":"2025-11-09T01:05:49+00:00","mainEntityOfPage":{"@id":"https:\/\/fmgente.com.ar\/web\/la-fuerte-noticia-que-anuncio-marianela-mirra-en-pleno-embarazo-con-jose-alperovich\/"},"wordCount":581,"publisher":{"@id":"https:\/\/fmgente.com.ar\/web\/#organization"},"image":{"@id":"https:\/\/fmgente.com.ar\/web\/la-fuerte-noticia-que-anuncio-marianela-mirra-en-pleno-embarazo-con-jose-alperovich\/#primaryimage"},"thumbnailUrl":"https:\/\/fmgente.com.ar\/web\/wp-content\/uploads\/2025\/11\/Ventura-dos-1-359x226-12.jpg","articleSection":["DESTACADAS"],"inLanguage":"es"},{"@type":"WebPage","@id":"https:\/\/fmgente.com.ar\/web\/la-fuerte-noticia-que-anuncio-marianela-mirra-en-pleno-embarazo-con-jose-alperovich\/","url":"https:\/\/fmgente.com.ar\/web\/la-fuerte-noticia-que-anuncio-marianela-mirra-en-pleno-embarazo-con-jose-alperovich\/","name":"La fuerte noticia que anunci\u00f3 Marianela Mirra en pleno embarazo con Jos\u00e9 Alperovich - Fm Gente","isPartOf":{"@id":"https:\/\/fmgente.com.ar\/web\/#website"},"primaryImageOfPage":{"@id":"https:\/\/fmgente.com.ar\/web\/la-fuerte-noticia-que-anuncio-marianela-mirra-en-pleno-embarazo-con-jose-alperovich\/#primaryimage"},"image":{"@id":"https:\/\/fmgente.com.ar\/web\/la-fuerte-noticia-que-anuncio-marianela-mirra-en-pleno-embarazo-con-jose-alperovich\/#primaryimage"},"thumbnailUrl":"https:\/\/fmgente.com.ar\/web\/wp-content\/uploads\/2025\/11\/Ventura-dos-1-359x226-12.jpg","datePublished":"2025-11-09T01:05:49+00:00","inLanguage":"es","potentialAction":[{"@type":"ReadAction","target":["https:\/\/fmgente.com.ar\/web\/la-fuerte-noticia-que-anuncio-marianela-mirra-en-pleno-embarazo-con-jose-alperovich\/"]}]},{"@type":"ImageObject","inLanguage":"es","@id":"https:\/\/fmgente.com.ar\/web\/la-fuerte-noticia-que-anuncio-marianela-mirra-en-pleno-embarazo-con-jose-alperovich\/#primaryimage","url":"https:\/\/fmgente.com.ar\/web\/wp-content\/uploads\/2025\/11\/Ventura-dos-1-359x226-12.jpg","contentUrl":"https:\/\/fmgente.com.ar\/web\/wp-content\/uploads\/2025\/11\/Ventura-dos-1-359x226-12.jpg","width":359,"height":226},{"@type":"WebSite","@id":"https:\/\/fmgente.com.ar\/web\/#website","url":"https:\/\/fmgente.com.ar\/web\/","name":"Fm Gente","description":"- Jes\u00fas Mar\u00eda","publisher":{"@id":"https:\/\/fmgente.com.ar\/web\/#organization"},"potentialAction":[{"@type":"SearchAction","target":{"@type":"EntryPoint","urlTemplate":"https:\/\/fmgente.com.ar\/web\/?s={search_term_string}"},"query-input":{"@type":"PropertyValueSpecification","valueRequired":true,"valueName":"search_term_string"}}],"inLanguage":"es"},{"@type":"Organization","@id":"https:\/\/fmgente.com.ar\/web\/#organization","name":"Fm Gente","url":"https:\/\/fmgente.com.ar\/web\/","logo":{"@type":"ImageObject","inLanguage":"es","@id":"https:\/\/fmgente.com.ar\/web\/#\/schema\/logo\/image\/","url":"https:\/\/fmgente.com.ar\/web\/wp-content\/uploads\/2023\/07\/cropped-cropped-logo-sombra2.png","contentUrl":"https:\/\/fmgente.com.ar\/web\/wp-content\/uploads\/2023\/07\/cropped-cropped-logo-sombra2.png","width":1782,"height":1782,"caption":"Fm Gente"},"image":{"@id":"https:\/\/fmgente.com.ar\/web\/#\/schema\/logo\/image\/"}}]}},"_links":{"self":[{"href":"https:\/\/fmgente.com.ar\/web\/wp-json\/wp\/v2\/posts\/9148","targetHints":{"allow":["GET"]}}],"collection":[{"href":"https:\/\/fmgente.com.ar\/web\/wp-json\/wp\/v2\/posts"}],"about":[{"href":"https:\/\/fmgente.com.ar\/web\/wp-json\/wp\/v2\/types\/post"}],"replies":[{"embeddable":true,"href":"https:\/\/fmgente.com.ar\/web\/wp-json\/wp\/v2\/comments?post=9148"}],"version-history":[{"count":0,"href":"https:\/\/fmgente.com.ar\/web\/wp-json\/wp\/v2\/posts\/9148\/revisions"}],"wp:featuredmedia":[{"embeddable":true,"href":"https:\/\/fmgente.com.ar\/web\/wp-json\/wp\/v2\/media\/9149"}],"wp:attachment":[{"href":"https:\/\/fmgente.com.ar\/web\/wp-json\/wp\/v2\/media?parent=9148"}],"wp:term":[{"taxonomy":"category","embeddable":true,"href":"https:\/\/fmgente.com.ar\/web\/wp-json\/wp\/v2\/categories?post=9148"},{"taxonomy":"post_tag","embeddable":true,"href":"https:\/\/fmgente.com.ar\/web\/wp-json\/wp\/v2\/tags?post=9148"}],"curies":[{"name":"wp","href":"https:\/\/api.w.org\/{rel}","templated":true}]}}