{"id":9146,"date":"2025-11-08T21:05:41","date_gmt":"2025-11-09T00:05:41","guid":{"rendered":"https:\/\/fmgente.com.ar\/se-confirmo-el-casamiento-de-rodrigo-de-paul-y-tini-stoessel-para-este-ano-la-fecha-que-eligieron\/"},"modified":"2025-11-08T21:05:41","modified_gmt":"2025-11-09T00:05:41","slug":"se-confirmo-el-casamiento-de-rodrigo-de-paul-y-tini-stoessel-para-este-ano-la-fecha-que-eligieron","status":"publish","type":"post","link":"https:\/\/fmgente.com.ar\/web\/se-confirmo-el-casamiento-de-rodrigo-de-paul-y-tini-stoessel-para-este-ano-la-fecha-que-eligieron\/","title":{"rendered":"Se confirm\u00f3 el casamiento de Rodrigo de Paul y Tini Stoessel para este a\u00f1o: la fecha que eligieron"},"content":{"rendered":"<p>La reconciliaci\u00f3n entre <a href=\"https:\/\/www.paparazzi.com.ar\/?s=Tini+Stoessel\">Tini Stoessel<\/a> y <a href=\"https:\/\/www.paparazzi.com.ar\/?s=Rodrigo+de+Paul\">Rodrigo de Paul<\/a> reaviv\u00f3 las sospechas sobre una posible boda, pero esta vez los rumores se transformaron en una certeza. Seg\u00fan inform\u00f3 <strong>Para Ti<\/strong>, a partir de una fuente cercana a la pareja, la cantante y el futbolista fijaron fecha para su casamiento civil y decidieron dar el paso antes de que termine el a\u00f1o.<\/p>\n<p>La confirmaci\u00f3n lleg\u00f3 en un contexto agitad\u00edsimo para ambos. <strong>De Paul<\/strong> se instal\u00f3 en el Inter Miami y altern\u00f3 su vida entre Estados Unidos y Buenos Aires, mientras que <strong>Tini <\/strong>sigue en plena euforia con su <strong>Futttura Tour<\/strong>. En ese marco, las versiones iban desde un casamiento el 18 de diciembre hasta un posible festejo reci\u00e9n en 2026.<\/p>\n<p>Pero, lejos de las inc\u00f3gnitas, una fecha qued\u00f3 marcada: <strong>el 5 de diciembre de 2025<\/strong>, d\u00eda en el que la pareja plane\u00f3 firmar en el Registro Civil y convertirse legalmente en marido y mujer. El entorno asegur\u00f3 que la decisi\u00f3n se tom\u00f3 hace tiempo.<\/p>\n<div class=\"mt-box \">\n<h4 class=\"mt-heading\">Mir\u00e1 Tambi\u00e9n<\/h4>\n<p><a href=\"https:\/\/www.paparazzi.com.ar\/teve\/el-rumor-del-romance-mas-escandaloso-que-se-confirmo-en-la-ppz-fest\/\"><\/p>\n<div class=\"mt-content\">\n<div class=\"mt-image-container\"><img decoding=\"async\" src=\"https:\/\/www.paparazzi.com.ar\/wp-content\/uploads\/2025\/10\/Zoe-Bogach-ok-ok-359x226.jpg\" alt=\"El rumor del romance m\u00e1s escandaloso que se confirm\u00f3 en la PPZ Fest\" class=\"mt-image\" loading=\"lazy\" \/><\/div>\n<h5 class=\"mt-title\">El rumor del romance m\u00e1s escandaloso que se confirm\u00f3 en la PPZ Fest<\/h5>\n<\/div>\n<p><\/a><\/div>\n<p>La intenci\u00f3n de ambos fue mantener la organizaci\u00f3n bajo absoluto hermetismo. El objetivo siempre fue el mismo: una ceremonia \u00edntima, sin prensa, sin invitados masivos y rodeada \u00fanicamente de su c\u00edrculo m\u00e1s cercano, despu\u00e9s de m\u00e1s de tres a\u00f1os de una relaci\u00f3n tan medi\u00e1tica como intensa.<\/p>\n<h2 class=\"wp-block-heading\">LA VIDA EN PAREJA<\/h2>\n<p>La fiesta, en cambio, qued\u00f3 para otro momento. El mismo entorno desliz\u00f3 que planean celebrarla reci\u00e9n en diciembre de 2026, cuando los compromisos de \u00e9l en el <strong>Inter Miami<\/strong> y la agenda de ella en su nueva etapa art\u00edstica les permitan frenar y organizar algo a lo grande. <\/p>\n<p>La pareja ya divid\u00eda su vida entre Miami y el norte del Gran Buenos Aires, donde est\u00e1n construyendo una mansi\u00f3n que ser\u00e1 su base cuando regresen al pa\u00eds. Mientras tanto, atraviesan un presente pleno: \u00e9l brill\u00f3 en su equipo, ella disfrut\u00f3 encuentros con fans, como el de Tecn\u00f3polis, donde habl\u00f3 por primera vez sin rodeos del futuro de su historia de amor.<\/p>\n<div class=\"mt-box \">\n<h4 class=\"mt-heading\">Mir\u00e1 Tambi\u00e9n<\/h4>\n<p><a href=\"https:\/\/www.paparazzi.com.ar\/teve\/el-gesto-de-emilia-mernes-con-tini-stoessel-en-medio-de-su-escandalosa-pelea\/\"><\/p>\n<div class=\"mt-content\">\n<div class=\"mt-image-container\"><img decoding=\"async\" src=\"https:\/\/www.paparazzi.com.ar\/wp-content\/uploads\/2025\/11\/tini-2-359x226.png\" alt=\"El gesto de Emilia Mernes con Tini Stoessel en medio de su escandalosa pelea\" class=\"mt-image\" loading=\"lazy\" \/><\/div>\n<h5 class=\"mt-title\">El gesto de Emilia Mernes con Tini Stoessel en medio de su escandalosa pelea<\/h5>\n<\/div>\n<p><\/a><\/div>\n<div class=\"mt-box \">\n<h4 class=\"mt-heading\">Mir\u00e1 Tambi\u00e9n<\/h4>\n<p><a href=\"https:\/\/www.paparazzi.com.ar\/teve\/la-jugada-propuesta-de-luis-novaresio-que-incomodo-a-mario-pergolini\/\"><\/p>\n<div class=\"mt-content\">\n<div class=\"mt-image-container\"><img decoding=\"async\" src=\"https:\/\/www.paparazzi.com.ar\/wp-content\/uploads\/2025\/11\/pergolini-359x226.png\" alt=\"La jugada propuesta de Luis Novaresio que incomod\u00f3 a Mario Pergolini\" class=\"mt-image\" loading=\"lazy\" \/><\/div>\n<h5 class=\"mt-title\">La jugada propuesta de Luis Novaresio que incomod\u00f3 a Mario Pergolini<\/h5>\n<\/div>\n<p><\/a><\/div>\n<p>The post <a href=\"https:\/\/www.paparazzi.com.ar\/romances\/se-confirmo-el-casamiento-de-rodrigo-de-paul-y-tini-stoessel-para-este-ano-la-fecha-que-eligieron\/\">Se confirm\u00f3 el casamiento de Rodrigo de Paul y Tini Stoessel para este a\u00f1o: la fecha que eligieron<\/a> appeared first on <a href=\"https:\/\/www.paparazzi.com.ar\">Revista Paparazzi<\/a>.<\/p>\n","protected":false},"excerpt":{"rendered":"<p>La reconciliaci\u00f3n entre Tini Stoessel y Rodrigo de Paul reaviv\u00f3 las sospechas sobre una posible<\/p>\n","protected":false},"author":0,"featured_media":9147,"comment_status":"","ping_status":"","sticky":false,"template":"","format":"standard","meta":{"footnotes":""},"categories":[11],"tags":[],"class_list":["post-9146","post","type-post","status-publish","format-standard","has-post-thumbnail","hentry","category-destacadas"],"yoast_head":"<!-- This site is optimized with the Yoast SEO plugin v27.4 - https:\/\/yoast.com\/product\/yoast-seo-wordpress\/ -->\n<title>Se confirm\u00f3 el casamiento de Rodrigo de Paul y Tini Stoessel para este a\u00f1o: la fecha que eligieron - Fm Gente<\/title>\n<meta name=\"robots\" content=\"index, follow, max-snippet:-1, max-image-preview:large, max-video-preview:-1\" \/>\n<link rel=\"canonical\" href=\"https:\/\/fmgente.com.ar\/web\/se-confirmo-el-casamiento-de-rodrigo-de-paul-y-tini-stoessel-para-este-ano-la-fecha-que-eligieron\/\" \/>\n<meta property=\"og:locale\" content=\"es_ES\" \/>\n<meta property=\"og:type\" content=\"article\" \/>\n<meta property=\"og:title\" content=\"Se confirm\u00f3 el casamiento de Rodrigo de Paul y Tini Stoessel para este a\u00f1o: la fecha que eligieron - Fm Gente\" \/>\n<meta property=\"og:description\" content=\"La reconciliaci\u00f3n entre Tini Stoessel y Rodrigo de Paul reaviv\u00f3 las sospechas sobre una posible\" \/>\n<meta property=\"og:url\" content=\"https:\/\/fmgente.com.ar\/web\/se-confirmo-el-casamiento-de-rodrigo-de-paul-y-tini-stoessel-para-este-ano-la-fecha-que-eligieron\/\" \/>\n<meta property=\"og:site_name\" content=\"Fm Gente\" \/>\n<meta property=\"article:published_time\" content=\"2025-11-09T00:05:41+00:00\" \/>\n<meta property=\"og:image\" content=\"https:\/\/fmgente.com.ar\/web\/wp-content\/uploads\/2025\/11\/Zoe-Bogach-ok-ok-359x226-61.jpg\" \/>\n\t<meta property=\"og:image:width\" content=\"359\" \/>\n\t<meta property=\"og:image:height\" content=\"226\" \/>\n\t<meta property=\"og:image:type\" content=\"image\/jpeg\" \/>\n<meta name=\"twitter:card\" content=\"summary_large_image\" \/>\n<meta name=\"twitter:label1\" content=\"Tiempo de lectura\" \/>\n\t<meta name=\"twitter:data1\" content=\"2 minutos\" \/>\n<script type=\"application\/ld+json\" class=\"yoast-schema-graph\">{\"@context\":\"https:\\\/\\\/schema.org\",\"@graph\":[{\"@type\":\"Article\",\"@id\":\"https:\\\/\\\/fmgente.com.ar\\\/web\\\/se-confirmo-el-casamiento-de-rodrigo-de-paul-y-tini-stoessel-para-este-ano-la-fecha-que-eligieron\\\/#article\",\"isPartOf\":{\"@id\":\"https:\\\/\\\/fmgente.com.ar\\\/web\\\/se-confirmo-el-casamiento-de-rodrigo-de-paul-y-tini-stoessel-para-este-ano-la-fecha-que-eligieron\\\/\"},\"author\":{\"name\":\"\",\"@id\":\"\"},\"headline\":\"Se confirm\u00f3 el casamiento de Rodrigo de Paul y Tini Stoessel para este a\u00f1o: la fecha que eligieron\",\"datePublished\":\"2025-11-09T00:05:41+00:00\",\"mainEntityOfPage\":{\"@id\":\"https:\\\/\\\/fmgente.com.ar\\\/web\\\/se-confirmo-el-casamiento-de-rodrigo-de-paul-y-tini-stoessel-para-este-ano-la-fecha-que-eligieron\\\/\"},\"wordCount\":436,\"publisher\":{\"@id\":\"https:\\\/\\\/fmgente.com.ar\\\/web\\\/#organization\"},\"image\":{\"@id\":\"https:\\\/\\\/fmgente.com.ar\\\/web\\\/se-confirmo-el-casamiento-de-rodrigo-de-paul-y-tini-stoessel-para-este-ano-la-fecha-que-eligieron\\\/#primaryimage\"},\"thumbnailUrl\":\"https:\\\/\\\/fmgente.com.ar\\\/web\\\/wp-content\\\/uploads\\\/2025\\\/11\\\/Zoe-Bogach-ok-ok-359x226-61.jpg\",\"articleSection\":[\"DESTACADAS\"],\"inLanguage\":\"es\"},{\"@type\":\"WebPage\",\"@id\":\"https:\\\/\\\/fmgente.com.ar\\\/web\\\/se-confirmo-el-casamiento-de-rodrigo-de-paul-y-tini-stoessel-para-este-ano-la-fecha-que-eligieron\\\/\",\"url\":\"https:\\\/\\\/fmgente.com.ar\\\/web\\\/se-confirmo-el-casamiento-de-rodrigo-de-paul-y-tini-stoessel-para-este-ano-la-fecha-que-eligieron\\\/\",\"name\":\"Se confirm\u00f3 el casamiento de Rodrigo de Paul y Tini Stoessel para este a\u00f1o: la fecha que eligieron - Fm Gente\",\"isPartOf\":{\"@id\":\"https:\\\/\\\/fmgente.com.ar\\\/web\\\/#website\"},\"primaryImageOfPage\":{\"@id\":\"https:\\\/\\\/fmgente.com.ar\\\/web\\\/se-confirmo-el-casamiento-de-rodrigo-de-paul-y-tini-stoessel-para-este-ano-la-fecha-que-eligieron\\\/#primaryimage\"},\"image\":{\"@id\":\"https:\\\/\\\/fmgente.com.ar\\\/web\\\/se-confirmo-el-casamiento-de-rodrigo-de-paul-y-tini-stoessel-para-este-ano-la-fecha-que-eligieron\\\/#primaryimage\"},\"thumbnailUrl\":\"https:\\\/\\\/fmgente.com.ar\\\/web\\\/wp-content\\\/uploads\\\/2025\\\/11\\\/Zoe-Bogach-ok-ok-359x226-61.jpg\",\"datePublished\":\"2025-11-09T00:05:41+00:00\",\"inLanguage\":\"es\",\"potentialAction\":[{\"@type\":\"ReadAction\",\"target\":[\"https:\\\/\\\/fmgente.com.ar\\\/web\\\/se-confirmo-el-casamiento-de-rodrigo-de-paul-y-tini-stoessel-para-este-ano-la-fecha-que-eligieron\\\/\"]}]},{\"@type\":\"ImageObject\",\"inLanguage\":\"es\",\"@id\":\"https:\\\/\\\/fmgente.com.ar\\\/web\\\/se-confirmo-el-casamiento-de-rodrigo-de-paul-y-tini-stoessel-para-este-ano-la-fecha-que-eligieron\\\/#primaryimage\",\"url\":\"https:\\\/\\\/fmgente.com.ar\\\/web\\\/wp-content\\\/uploads\\\/2025\\\/11\\\/Zoe-Bogach-ok-ok-359x226-61.jpg\",\"contentUrl\":\"https:\\\/\\\/fmgente.com.ar\\\/web\\\/wp-content\\\/uploads\\\/2025\\\/11\\\/Zoe-Bogach-ok-ok-359x226-61.jpg\",\"width\":359,\"height\":226},{\"@type\":\"WebSite\",\"@id\":\"https:\\\/\\\/fmgente.com.ar\\\/web\\\/#website\",\"url\":\"https:\\\/\\\/fmgente.com.ar\\\/web\\\/\",\"name\":\"Fm Gente\",\"description\":\"- Jes\u00fas Mar\u00eda\",\"publisher\":{\"@id\":\"https:\\\/\\\/fmgente.com.ar\\\/web\\\/#organization\"},\"potentialAction\":[{\"@type\":\"SearchAction\",\"target\":{\"@type\":\"EntryPoint\",\"urlTemplate\":\"https:\\\/\\\/fmgente.com.ar\\\/web\\\/?s={search_term_string}\"},\"query-input\":{\"@type\":\"PropertyValueSpecification\",\"valueRequired\":true,\"valueName\":\"search_term_string\"}}],\"inLanguage\":\"es\"},{\"@type\":\"Organization\",\"@id\":\"https:\\\/\\\/fmgente.com.ar\\\/web\\\/#organization\",\"name\":\"Fm Gente\",\"url\":\"https:\\\/\\\/fmgente.com.ar\\\/web\\\/\",\"logo\":{\"@type\":\"ImageObject\",\"inLanguage\":\"es\",\"@id\":\"https:\\\/\\\/fmgente.com.ar\\\/web\\\/#\\\/schema\\\/logo\\\/image\\\/\",\"url\":\"https:\\\/\\\/fmgente.com.ar\\\/web\\\/wp-content\\\/uploads\\\/2023\\\/07\\\/cropped-cropped-logo-sombra2.png\",\"contentUrl\":\"https:\\\/\\\/fmgente.com.ar\\\/web\\\/wp-content\\\/uploads\\\/2023\\\/07\\\/cropped-cropped-logo-sombra2.png\",\"width\":1782,\"height\":1782,\"caption\":\"Fm Gente\"},\"image\":{\"@id\":\"https:\\\/\\\/fmgente.com.ar\\\/web\\\/#\\\/schema\\\/logo\\\/image\\\/\"}}]}<\/script>\n<!-- \/ Yoast SEO plugin. -->","yoast_head_json":{"title":"Se confirm\u00f3 el casamiento de Rodrigo de Paul y Tini Stoessel para este a\u00f1o: la fecha que eligieron - Fm Gente","robots":{"index":"index","follow":"follow","max-snippet":"max-snippet:-1","max-image-preview":"max-image-preview:large","max-video-preview":"max-video-preview:-1"},"canonical":"https:\/\/fmgente.com.ar\/web\/se-confirmo-el-casamiento-de-rodrigo-de-paul-y-tini-stoessel-para-este-ano-la-fecha-que-eligieron\/","og_locale":"es_ES","og_type":"article","og_title":"Se confirm\u00f3 el casamiento de Rodrigo de Paul y Tini Stoessel para este a\u00f1o: la fecha que eligieron - Fm Gente","og_description":"La reconciliaci\u00f3n entre Tini Stoessel y Rodrigo de Paul reaviv\u00f3 las sospechas sobre una posible","og_url":"https:\/\/fmgente.com.ar\/web\/se-confirmo-el-casamiento-de-rodrigo-de-paul-y-tini-stoessel-para-este-ano-la-fecha-que-eligieron\/","og_site_name":"Fm Gente","article_published_time":"2025-11-09T00:05:41+00:00","og_image":[{"width":359,"height":226,"url":"https:\/\/fmgente.com.ar\/web\/wp-content\/uploads\/2025\/11\/Zoe-Bogach-ok-ok-359x226-61.jpg","type":"image\/jpeg"}],"twitter_card":"summary_large_image","twitter_misc":{"Tiempo de lectura":"2 minutos"},"schema":{"@context":"https:\/\/schema.org","@graph":[{"@type":"Article","@id":"https:\/\/fmgente.com.ar\/web\/se-confirmo-el-casamiento-de-rodrigo-de-paul-y-tini-stoessel-para-este-ano-la-fecha-que-eligieron\/#article","isPartOf":{"@id":"https:\/\/fmgente.com.ar\/web\/se-confirmo-el-casamiento-de-rodrigo-de-paul-y-tini-stoessel-para-este-ano-la-fecha-que-eligieron\/"},"author":{"name":"","@id":""},"headline":"Se confirm\u00f3 el casamiento de Rodrigo de Paul y Tini Stoessel para este a\u00f1o: la fecha que eligieron","datePublished":"2025-11-09T00:05:41+00:00","mainEntityOfPage":{"@id":"https:\/\/fmgente.com.ar\/web\/se-confirmo-el-casamiento-de-rodrigo-de-paul-y-tini-stoessel-para-este-ano-la-fecha-que-eligieron\/"},"wordCount":436,"publisher":{"@id":"https:\/\/fmgente.com.ar\/web\/#organization"},"image":{"@id":"https:\/\/fmgente.com.ar\/web\/se-confirmo-el-casamiento-de-rodrigo-de-paul-y-tini-stoessel-para-este-ano-la-fecha-que-eligieron\/#primaryimage"},"thumbnailUrl":"https:\/\/fmgente.com.ar\/web\/wp-content\/uploads\/2025\/11\/Zoe-Bogach-ok-ok-359x226-61.jpg","articleSection":["DESTACADAS"],"inLanguage":"es"},{"@type":"WebPage","@id":"https:\/\/fmgente.com.ar\/web\/se-confirmo-el-casamiento-de-rodrigo-de-paul-y-tini-stoessel-para-este-ano-la-fecha-que-eligieron\/","url":"https:\/\/fmgente.com.ar\/web\/se-confirmo-el-casamiento-de-rodrigo-de-paul-y-tini-stoessel-para-este-ano-la-fecha-que-eligieron\/","name":"Se confirm\u00f3 el casamiento de Rodrigo de Paul y Tini Stoessel para este a\u00f1o: la fecha que eligieron - Fm Gente","isPartOf":{"@id":"https:\/\/fmgente.com.ar\/web\/#website"},"primaryImageOfPage":{"@id":"https:\/\/fmgente.com.ar\/web\/se-confirmo-el-casamiento-de-rodrigo-de-paul-y-tini-stoessel-para-este-ano-la-fecha-que-eligieron\/#primaryimage"},"image":{"@id":"https:\/\/fmgente.com.ar\/web\/se-confirmo-el-casamiento-de-rodrigo-de-paul-y-tini-stoessel-para-este-ano-la-fecha-que-eligieron\/#primaryimage"},"thumbnailUrl":"https:\/\/fmgente.com.ar\/web\/wp-content\/uploads\/2025\/11\/Zoe-Bogach-ok-ok-359x226-61.jpg","datePublished":"2025-11-09T00:05:41+00:00","inLanguage":"es","potentialAction":[{"@type":"ReadAction","target":["https:\/\/fmgente.com.ar\/web\/se-confirmo-el-casamiento-de-rodrigo-de-paul-y-tini-stoessel-para-este-ano-la-fecha-que-eligieron\/"]}]},{"@type":"ImageObject","inLanguage":"es","@id":"https:\/\/fmgente.com.ar\/web\/se-confirmo-el-casamiento-de-rodrigo-de-paul-y-tini-stoessel-para-este-ano-la-fecha-que-eligieron\/#primaryimage","url":"https:\/\/fmgente.com.ar\/web\/wp-content\/uploads\/2025\/11\/Zoe-Bogach-ok-ok-359x226-61.jpg","contentUrl":"https:\/\/fmgente.com.ar\/web\/wp-content\/uploads\/2025\/11\/Zoe-Bogach-ok-ok-359x226-61.jpg","width":359,"height":226},{"@type":"WebSite","@id":"https:\/\/fmgente.com.ar\/web\/#website","url":"https:\/\/fmgente.com.ar\/web\/","name":"Fm Gente","description":"- Jes\u00fas Mar\u00eda","publisher":{"@id":"https:\/\/fmgente.com.ar\/web\/#organization"},"potentialAction":[{"@type":"SearchAction","target":{"@type":"EntryPoint","urlTemplate":"https:\/\/fmgente.com.ar\/web\/?s={search_term_string}"},"query-input":{"@type":"PropertyValueSpecification","valueRequired":true,"valueName":"search_term_string"}}],"inLanguage":"es"},{"@type":"Organization","@id":"https:\/\/fmgente.com.ar\/web\/#organization","name":"Fm Gente","url":"https:\/\/fmgente.com.ar\/web\/","logo":{"@type":"ImageObject","inLanguage":"es","@id":"https:\/\/fmgente.com.ar\/web\/#\/schema\/logo\/image\/","url":"https:\/\/fmgente.com.ar\/web\/wp-content\/uploads\/2023\/07\/cropped-cropped-logo-sombra2.png","contentUrl":"https:\/\/fmgente.com.ar\/web\/wp-content\/uploads\/2023\/07\/cropped-cropped-logo-sombra2.png","width":1782,"height":1782,"caption":"Fm Gente"},"image":{"@id":"https:\/\/fmgente.com.ar\/web\/#\/schema\/logo\/image\/"}}]}},"_links":{"self":[{"href":"https:\/\/fmgente.com.ar\/web\/wp-json\/wp\/v2\/posts\/9146","targetHints":{"allow":["GET"]}}],"collection":[{"href":"https:\/\/fmgente.com.ar\/web\/wp-json\/wp\/v2\/posts"}],"about":[{"href":"https:\/\/fmgente.com.ar\/web\/wp-json\/wp\/v2\/types\/post"}],"replies":[{"embeddable":true,"href":"https:\/\/fmgente.com.ar\/web\/wp-json\/wp\/v2\/comments?post=9146"}],"version-history":[{"count":0,"href":"https:\/\/fmgente.com.ar\/web\/wp-json\/wp\/v2\/posts\/9146\/revisions"}],"wp:featuredmedia":[{"embeddable":true,"href":"https:\/\/fmgente.com.ar\/web\/wp-json\/wp\/v2\/media\/9147"}],"wp:attachment":[{"href":"https:\/\/fmgente.com.ar\/web\/wp-json\/wp\/v2\/media?parent=9146"}],"wp:term":[{"taxonomy":"category","embeddable":true,"href":"https:\/\/fmgente.com.ar\/web\/wp-json\/wp\/v2\/categories?post=9146"},{"taxonomy":"post_tag","embeddable":true,"href":"https:\/\/fmgente.com.ar\/web\/wp-json\/wp\/v2\/tags?post=9146"}],"curies":[{"name":"wp","href":"https:\/\/api.w.org\/{rel}","templated":true}]}}