{"id":9136,"date":"2025-11-08T19:05:12","date_gmt":"2025-11-08T22:05:12","guid":{"rendered":"https:\/\/fmgente.com.ar\/maxi-lopez-confirmo-como-es-su-relacion-con-wanda-nara-tras-reconciliarse-hay-buena-onda-y\/"},"modified":"2025-11-08T19:05:12","modified_gmt":"2025-11-08T22:05:12","slug":"maxi-lopez-confirmo-como-es-su-relacion-con-wanda-nara-tras-reconciliarse-hay-buena-onda-y","status":"publish","type":"post","link":"https:\/\/fmgente.com.ar\/web\/maxi-lopez-confirmo-como-es-su-relacion-con-wanda-nara-tras-reconciliarse-hay-buena-onda-y\/","title":{"rendered":"Maxi L\u00f3pez confirm\u00f3 c\u00f3mo es su relaci\u00f3n con Wanda Nara tras reconciliarse: \u201cHay buena onda y\u2026\u201d\u00a0"},"content":{"rendered":"<p>Desde que <strong>Maxi L\u00f3pez <\/strong>volvi\u00f3 al pa\u00eds para participar en <strong>MasterChef<\/strong>, algo en su forma de mostrarse cambi\u00f3. No solo se lo vio m\u00e1s relajado frente a c\u00e1mara, sino tambi\u00e9n con un costado m\u00e1s l\u00fadico: desaf\u00edos de TikTok, salidas nocturnas con sus compa\u00f1eros y una exposici\u00f3n distinta a la de otros momentos de su vida. Y en medio de todo esto, su v\u00ednculo con <strong>Wanda Nara <\/strong>volvi\u00f3 a ser tema.<\/p>\n<p>Por estas horas, <strong>Maxi<\/strong> pas\u00f3 por el ciclo Ser\u00eda Incre\u00edble de Olga y habl\u00f3 de su presente, su llegada al reality que conduce <strong><a href=\"https:\/\/www.paparazzi.com.ar\/teve\/el-duro-reclamo-de-valentino-lopez-a-su-mama-wanda-nara-por-sus-hijas-con-mauro-icardi\/\">Wanda<\/a><\/strong> y c\u00f3mo es su relaci\u00f3n actual con su ex. Hablamos de un v\u00ednculo que durante a\u00f1os estuvo marcado por los esc\u00e1ndalos, pero que ahora parece tener otra perspectiva y que parece arrojar un manto de tranquilidad.<\/p>\n<p>Sobre la din\u00e1mica que tiene con <strong><a href=\"https:\/\/www.paparazzi.com.ar\/romances\/la-confesion-de-wanda-nara-sobre-su-separacion-de-maxi-lopez-lloraba-pidiendo-que\/\">Wanda<\/a><\/strong> en <strong><em>MasterChef<\/em><\/strong>, donde cada episodio es un constante ida y vuelta, <strong>Maxi<\/strong> se sincer\u00f3:<em> \u201cAl principio me cagaba un poco, pero despu\u00e9s me fui soltando y cuando Wanda me ataca, entonces yo voy. O sea, la bandera roja, veo sangre\u2026\u201d<\/em>. De hecho esa din\u00e1mica es casi parte de su historia juntos.<\/p>\n<div class=\"mt-box \">\n<h4 class=\"mt-heading\">Mir\u00e1 Tambi\u00e9n<\/h4>\n<p><a href=\"https:\/\/www.paparazzi.com.ar\/teve\/el-duro-reclamo-de-valentino-lopez-a-su-mama-wanda-nara-por-sus-hijas-con-mauro-icardi\/\"><\/p>\n<div class=\"mt-content\">\n<div class=\"mt-image-container\"><img decoding=\"async\" src=\"https:\/\/www.paparazzi.com.ar\/wp-content\/uploads\/2025\/11\/Valentino-Lopez-Wanda-Nara-hijas-Mauro-Icardi-359x226.jpg\" alt=\"El duro reclamo de Valentino L\u00f3pez a su mam\u00e1 Wanda Nara por sus hijas con Mauro Icardi\" class=\"mt-image\" loading=\"lazy\" \/><\/div>\n<h5 class=\"mt-title\">El duro reclamo de Valentino L\u00f3pez a su mam\u00e1 Wanda Nara por sus hijas con Mauro Icardi<\/h5>\n<\/div>\n<p><\/a><\/div>\n<p><em>\u201cNosotros nos manejamos de esa manera. Cuando antes, hace muchos a\u00f1os, \u00e9ramos as\u00ed, siempre ida y vuelta, ida y vuelta, ida y vuelta. Y eso fue un poco lo que en aquel momento nos atrajo uno del otro. Hoy la vivimos desde otra manera, padres separados, pero que quieren hacer las cosas bien y disfrutar a los chicos, y me parece que est\u00e1 bien\u201d<\/em>, aclar\u00f3 <strong><a href=\"https:\/\/www.paparazzi.com.ar\/teve\/el-sorpresivo-giro-en-la-vida-de-maxi-lopez-lejos-de-masterchef-y-el-futbol\/\">Maxi<\/a><\/strong>.<\/p>\n<h2 class=\"wp-block-heading\">MAXI L\u00d3PEZ REVEL\u00d3 QU\u00c9 HIZO CON SUS HIJOS DURANTE SU GUERRA CONTRA WANDA NARA<\/h2>\n<p>Cuando Homero Pettinato le pregunt\u00f3 si pod\u00eda considerar a <strong>Wanda<\/strong> una amiga, <strong><a href=\"https:\/\/www.paparazzi.com.ar\/romances\/y-wanda-el-video-de-evangelina-anderson-intima-con-maxi-lopez-en-la-noche-portena\/\">Maxi<\/a><\/strong> fue sincero. <em>\u201cHay buena onda, hay predisposici\u00f3n. Quiz\u00e1s, no s\u00e9, me es dif\u00edcil ver a ella como una amistad. Como padre y madre separados que queremos hacer las cosas mejor de lo que hicimos\u201d<\/em>, sostuvo.<\/p>\n<p><em>\u201cEstamos bien. Es un partido dif\u00edcil, pero estamos saliendo, estamos viendo la luz, de a poquito vamos teniendo buena relaci\u00f3n y bueno&#8230; Nos llevamos bien. Este momento est\u00e1 bueno para nosotros y para los peques tambi\u00e9n\u201d<\/em>, cont\u00f3 <strong>Maxi<\/strong>. Es que, en definitiva, hay mucha agua que pas\u00f3 debajo del puente para llegar a este punto con <strong>Wanda<\/strong>.<\/p>\n<div class=\"mt-box \">\n<h4 class=\"mt-heading\">Mir\u00e1 Tambi\u00e9n<\/h4>\n<p><a href=\"https:\/\/www.paparazzi.com.ar\/romances\/la-confesion-de-wanda-nara-sobre-su-separacion-de-maxi-lopez-lloraba-pidiendo-que\/\"><\/p>\n<div class=\"mt-content\">\n<div class=\"mt-image-container\"><img decoding=\"async\" src=\"https:\/\/www.paparazzi.com.ar\/wp-content\/uploads\/2025\/10\/Wanda-Nara-Maxi-Lopez-1-359x226.jpg\" alt=\"La confesi\u00f3n de Wanda Nara sobre su separaci\u00f3n de Maxi L\u00f3pez: \u201cLloraba pidiendo que\u2026\u201d\" class=\"mt-image\" loading=\"lazy\" \/><\/div>\n<h5 class=\"mt-title\">La confesi\u00f3n de Wanda Nara sobre su separaci\u00f3n de Maxi L\u00f3pez: \u201cLloraba pidiendo que\u2026\u201d<\/h5>\n<\/div>\n<p><\/a><\/div>\n<p>En el programa recordaron los a\u00f1os de esc\u00e1ndalos medi\u00e1ticos, acusaciones y peleas por la custodia de sus hijos varones. Y <strong>Maxi<\/strong> no neg\u00f3 nada de esto, sabiendo que ese episodio contra su ex fue dur\u00edsimo. <em>\u201cLiteral, diciendo: Se los rob\u00f3\u201d<\/em>, se\u00f1al\u00f3. Sin embargo, hoy todo parece estar muy lejos de aquel entonces: <em>\u201cA m\u00ed esta din\u00e1mica me gusta y poder disfrutar de ellos. S\u00ed\u201d<\/em>.<\/p>\n<p>Sobre la manera en que sus hijos procesan la historia familiar, <strong>L\u00f3pez<\/strong> explic\u00f3:<em> \u201cNosotros siempre estuvimos, m\u00e1s all\u00e1 de la distancia\u2026 nunca perdimos\u2026 Entonces, eso a m\u00ed me dejaba tranquilo\u201d<\/em>. Y admiti\u00f3 que la comunicaci\u00f3n siempre fluy\u00f3. <em>\u201cSiempre habl\u00e9 con ellos\u2026 Yo trat\u00e9 siempre, cuando pude, a veces era dif\u00edcil, de morderme la lengua y no hablar y no decir nada de la madre, porque siempre va a ser la madre y es algo que me llev\u00f3 un tiempo entenderlo tambi\u00e9n\u201d<\/em>, cont\u00f3.<\/p>\n<div class=\"mt-box \">\n<h4 class=\"mt-heading\">Mir\u00e1 Tambi\u00e9n<\/h4>\n<p><a href=\"https:\/\/www.paparazzi.com.ar\/teve\/el-sorpresivo-giro-en-la-vida-de-maxi-lopez-lejos-de-masterchef-y-el-futbol\/\"><\/p>\n<div class=\"mt-content\">\n<div class=\"mt-image-container\"><img decoding=\"async\" src=\"https:\/\/www.paparazzi.com.ar\/wp-content\/uploads\/2025\/10\/Maxi-Lopez-2-359x226.jpg\" alt=\"El sorpresivo giro en la vida de Maxi L\u00f3pez, lejos de MasterChef y el f\u00fatbol\" class=\"mt-image\" loading=\"lazy\" \/><\/div>\n<h5 class=\"mt-title\">El sorpresivo giro en la vida de Maxi L\u00f3pez, lejos de MasterChef y el f\u00fatbol<\/h5>\n<\/div>\n<p><\/a><\/div>\n<div class=\"mt-box \">\n<h4 class=\"mt-heading\">Mir\u00e1 Tambi\u00e9n<\/h4>\n<p><a href=\"https:\/\/www.paparazzi.com.ar\/romances\/y-wanda-el-video-de-evangelina-anderson-intima-con-maxi-lopez-en-la-noche-portena\/\"><\/p>\n<div class=\"mt-content\">\n<div class=\"mt-image-container\"><img decoding=\"async\" src=\"https:\/\/www.paparazzi.com.ar\/wp-content\/uploads\/2025\/10\/Evangelina-Anderson-Maxi-Lopez-359x226.jpg\" alt=\"\u00bfY Wanda? El video de Evangelina Anderson \u00edntima con Maxi L\u00f3pez en la noche porte\u00f1a\" class=\"mt-image\" loading=\"lazy\" \/><\/div>\n<h5 class=\"mt-title\">\u00bfY Wanda? El video de Evangelina Anderson \u00edntima con Maxi L\u00f3pez en la noche porte\u00f1a<\/h5>\n<\/div>\n<p><\/a><\/div>\n<p>The post <a href=\"https:\/\/www.paparazzi.com.ar\/romances\/maxi-lopez-confirmo-como-es-su-relacion-con-wanda-nara-tras-reconciliarse-hay-buena-onda-y\/\">Maxi L\u00f3pez confirm\u00f3 c\u00f3mo es su relaci\u00f3n con Wanda Nara tras reconciliarse: \u201cHay buena onda y\u2026\u201d\u00a0<\/a> appeared first on <a href=\"https:\/\/www.paparazzi.com.ar\">Revista Paparazzi<\/a>.<\/p>\n","protected":false},"excerpt":{"rendered":"<p>Desde que Maxi L\u00f3pez volvi\u00f3 al pa\u00eds para participar en MasterChef, algo en su forma<\/p>\n","protected":false},"author":0,"featured_media":9137,"comment_status":"","ping_status":"","sticky":false,"template":"","format":"standard","meta":{"footnotes":""},"categories":[11],"tags":[],"class_list":["post-9136","post","type-post","status-publish","format-standard","has-post-thumbnail","hentry","category-destacadas"],"yoast_head":"<!-- This site is optimized with the Yoast SEO plugin v27.4 - https:\/\/yoast.com\/product\/yoast-seo-wordpress\/ -->\n<title>Maxi L\u00f3pez confirm\u00f3 c\u00f3mo es su relaci\u00f3n con Wanda Nara tras reconciliarse: \u201cHay buena onda y\u2026\u201d\u00a0 - Fm Gente<\/title>\n<meta name=\"robots\" content=\"index, follow, max-snippet:-1, max-image-preview:large, max-video-preview:-1\" \/>\n<link rel=\"canonical\" href=\"https:\/\/fmgente.com.ar\/web\/maxi-lopez-confirmo-como-es-su-relacion-con-wanda-nara-tras-reconciliarse-hay-buena-onda-y\/\" \/>\n<meta property=\"og:locale\" content=\"es_ES\" \/>\n<meta property=\"og:type\" content=\"article\" \/>\n<meta property=\"og:title\" content=\"Maxi L\u00f3pez confirm\u00f3 c\u00f3mo es su relaci\u00f3n con Wanda Nara tras reconciliarse: \u201cHay buena onda y\u2026\u201d\u00a0 - Fm Gente\" \/>\n<meta property=\"og:description\" content=\"Desde que Maxi L\u00f3pez volvi\u00f3 al pa\u00eds para participar en MasterChef, algo en su forma\" \/>\n<meta property=\"og:url\" content=\"https:\/\/fmgente.com.ar\/web\/maxi-lopez-confirmo-como-es-su-relacion-con-wanda-nara-tras-reconciliarse-hay-buena-onda-y\/\" \/>\n<meta property=\"og:site_name\" content=\"Fm Gente\" \/>\n<meta property=\"article:published_time\" content=\"2025-11-08T22:05:12+00:00\" \/>\n<meta property=\"og:image\" content=\"https:\/\/fmgente.com.ar\/web\/wp-content\/uploads\/2025\/11\/Valentino-Lopez-Wanda-Nara-hijas-Mauro-Icardi-359x226-1.jpg\" \/>\n\t<meta property=\"og:image:width\" content=\"359\" \/>\n\t<meta property=\"og:image:height\" content=\"226\" \/>\n\t<meta property=\"og:image:type\" content=\"image\/jpeg\" \/>\n<meta name=\"twitter:card\" content=\"summary_large_image\" \/>\n<meta name=\"twitter:label1\" content=\"Tiempo de lectura\" \/>\n\t<meta name=\"twitter:data1\" content=\"3 minutos\" \/>\n<script type=\"application\/ld+json\" class=\"yoast-schema-graph\">{\"@context\":\"https:\\\/\\\/schema.org\",\"@graph\":[{\"@type\":\"Article\",\"@id\":\"https:\\\/\\\/fmgente.com.ar\\\/web\\\/maxi-lopez-confirmo-como-es-su-relacion-con-wanda-nara-tras-reconciliarse-hay-buena-onda-y\\\/#article\",\"isPartOf\":{\"@id\":\"https:\\\/\\\/fmgente.com.ar\\\/web\\\/maxi-lopez-confirmo-como-es-su-relacion-con-wanda-nara-tras-reconciliarse-hay-buena-onda-y\\\/\"},\"author\":{\"name\":\"\",\"@id\":\"\"},\"headline\":\"Maxi L\u00f3pez confirm\u00f3 c\u00f3mo es su relaci\u00f3n con Wanda Nara tras reconciliarse: \u201cHay buena onda y\u2026\u201d\u00a0\",\"datePublished\":\"2025-11-08T22:05:12+00:00\",\"mainEntityOfPage\":{\"@id\":\"https:\\\/\\\/fmgente.com.ar\\\/web\\\/maxi-lopez-confirmo-como-es-su-relacion-con-wanda-nara-tras-reconciliarse-hay-buena-onda-y\\\/\"},\"wordCount\":686,\"publisher\":{\"@id\":\"https:\\\/\\\/fmgente.com.ar\\\/web\\\/#organization\"},\"image\":{\"@id\":\"https:\\\/\\\/fmgente.com.ar\\\/web\\\/maxi-lopez-confirmo-como-es-su-relacion-con-wanda-nara-tras-reconciliarse-hay-buena-onda-y\\\/#primaryimage\"},\"thumbnailUrl\":\"https:\\\/\\\/fmgente.com.ar\\\/web\\\/wp-content\\\/uploads\\\/2025\\\/11\\\/Valentino-Lopez-Wanda-Nara-hijas-Mauro-Icardi-359x226-1.jpg\",\"articleSection\":[\"DESTACADAS\"],\"inLanguage\":\"es\"},{\"@type\":\"WebPage\",\"@id\":\"https:\\\/\\\/fmgente.com.ar\\\/web\\\/maxi-lopez-confirmo-como-es-su-relacion-con-wanda-nara-tras-reconciliarse-hay-buena-onda-y\\\/\",\"url\":\"https:\\\/\\\/fmgente.com.ar\\\/web\\\/maxi-lopez-confirmo-como-es-su-relacion-con-wanda-nara-tras-reconciliarse-hay-buena-onda-y\\\/\",\"name\":\"Maxi L\u00f3pez confirm\u00f3 c\u00f3mo es su relaci\u00f3n con Wanda Nara tras reconciliarse: \u201cHay buena onda y\u2026\u201d\u00a0 - Fm Gente\",\"isPartOf\":{\"@id\":\"https:\\\/\\\/fmgente.com.ar\\\/web\\\/#website\"},\"primaryImageOfPage\":{\"@id\":\"https:\\\/\\\/fmgente.com.ar\\\/web\\\/maxi-lopez-confirmo-como-es-su-relacion-con-wanda-nara-tras-reconciliarse-hay-buena-onda-y\\\/#primaryimage\"},\"image\":{\"@id\":\"https:\\\/\\\/fmgente.com.ar\\\/web\\\/maxi-lopez-confirmo-como-es-su-relacion-con-wanda-nara-tras-reconciliarse-hay-buena-onda-y\\\/#primaryimage\"},\"thumbnailUrl\":\"https:\\\/\\\/fmgente.com.ar\\\/web\\\/wp-content\\\/uploads\\\/2025\\\/11\\\/Valentino-Lopez-Wanda-Nara-hijas-Mauro-Icardi-359x226-1.jpg\",\"datePublished\":\"2025-11-08T22:05:12+00:00\",\"inLanguage\":\"es\",\"potentialAction\":[{\"@type\":\"ReadAction\",\"target\":[\"https:\\\/\\\/fmgente.com.ar\\\/web\\\/maxi-lopez-confirmo-como-es-su-relacion-con-wanda-nara-tras-reconciliarse-hay-buena-onda-y\\\/\"]}]},{\"@type\":\"ImageObject\",\"inLanguage\":\"es\",\"@id\":\"https:\\\/\\\/fmgente.com.ar\\\/web\\\/maxi-lopez-confirmo-como-es-su-relacion-con-wanda-nara-tras-reconciliarse-hay-buena-onda-y\\\/#primaryimage\",\"url\":\"https:\\\/\\\/fmgente.com.ar\\\/web\\\/wp-content\\\/uploads\\\/2025\\\/11\\\/Valentino-Lopez-Wanda-Nara-hijas-Mauro-Icardi-359x226-1.jpg\",\"contentUrl\":\"https:\\\/\\\/fmgente.com.ar\\\/web\\\/wp-content\\\/uploads\\\/2025\\\/11\\\/Valentino-Lopez-Wanda-Nara-hijas-Mauro-Icardi-359x226-1.jpg\",\"width\":359,\"height\":226},{\"@type\":\"WebSite\",\"@id\":\"https:\\\/\\\/fmgente.com.ar\\\/web\\\/#website\",\"url\":\"https:\\\/\\\/fmgente.com.ar\\\/web\\\/\",\"name\":\"Fm Gente\",\"description\":\"- Jes\u00fas Mar\u00eda\",\"publisher\":{\"@id\":\"https:\\\/\\\/fmgente.com.ar\\\/web\\\/#organization\"},\"potentialAction\":[{\"@type\":\"SearchAction\",\"target\":{\"@type\":\"EntryPoint\",\"urlTemplate\":\"https:\\\/\\\/fmgente.com.ar\\\/web\\\/?s={search_term_string}\"},\"query-input\":{\"@type\":\"PropertyValueSpecification\",\"valueRequired\":true,\"valueName\":\"search_term_string\"}}],\"inLanguage\":\"es\"},{\"@type\":\"Organization\",\"@id\":\"https:\\\/\\\/fmgente.com.ar\\\/web\\\/#organization\",\"name\":\"Fm Gente\",\"url\":\"https:\\\/\\\/fmgente.com.ar\\\/web\\\/\",\"logo\":{\"@type\":\"ImageObject\",\"inLanguage\":\"es\",\"@id\":\"https:\\\/\\\/fmgente.com.ar\\\/web\\\/#\\\/schema\\\/logo\\\/image\\\/\",\"url\":\"https:\\\/\\\/fmgente.com.ar\\\/web\\\/wp-content\\\/uploads\\\/2023\\\/07\\\/cropped-cropped-logo-sombra2.png\",\"contentUrl\":\"https:\\\/\\\/fmgente.com.ar\\\/web\\\/wp-content\\\/uploads\\\/2023\\\/07\\\/cropped-cropped-logo-sombra2.png\",\"width\":1782,\"height\":1782,\"caption\":\"Fm Gente\"},\"image\":{\"@id\":\"https:\\\/\\\/fmgente.com.ar\\\/web\\\/#\\\/schema\\\/logo\\\/image\\\/\"}}]}<\/script>\n<!-- \/ Yoast SEO plugin. -->","yoast_head_json":{"title":"Maxi L\u00f3pez confirm\u00f3 c\u00f3mo es su relaci\u00f3n con Wanda Nara tras reconciliarse: \u201cHay buena onda y\u2026\u201d\u00a0 - Fm Gente","robots":{"index":"index","follow":"follow","max-snippet":"max-snippet:-1","max-image-preview":"max-image-preview:large","max-video-preview":"max-video-preview:-1"},"canonical":"https:\/\/fmgente.com.ar\/web\/maxi-lopez-confirmo-como-es-su-relacion-con-wanda-nara-tras-reconciliarse-hay-buena-onda-y\/","og_locale":"es_ES","og_type":"article","og_title":"Maxi L\u00f3pez confirm\u00f3 c\u00f3mo es su relaci\u00f3n con Wanda Nara tras reconciliarse: \u201cHay buena onda y\u2026\u201d\u00a0 - Fm Gente","og_description":"Desde que Maxi L\u00f3pez volvi\u00f3 al pa\u00eds para participar en MasterChef, algo en su forma","og_url":"https:\/\/fmgente.com.ar\/web\/maxi-lopez-confirmo-como-es-su-relacion-con-wanda-nara-tras-reconciliarse-hay-buena-onda-y\/","og_site_name":"Fm Gente","article_published_time":"2025-11-08T22:05:12+00:00","og_image":[{"width":359,"height":226,"url":"https:\/\/fmgente.com.ar\/web\/wp-content\/uploads\/2025\/11\/Valentino-Lopez-Wanda-Nara-hijas-Mauro-Icardi-359x226-1.jpg","type":"image\/jpeg"}],"twitter_card":"summary_large_image","twitter_misc":{"Tiempo de lectura":"3 minutos"},"schema":{"@context":"https:\/\/schema.org","@graph":[{"@type":"Article","@id":"https:\/\/fmgente.com.ar\/web\/maxi-lopez-confirmo-como-es-su-relacion-con-wanda-nara-tras-reconciliarse-hay-buena-onda-y\/#article","isPartOf":{"@id":"https:\/\/fmgente.com.ar\/web\/maxi-lopez-confirmo-como-es-su-relacion-con-wanda-nara-tras-reconciliarse-hay-buena-onda-y\/"},"author":{"name":"","@id":""},"headline":"Maxi L\u00f3pez confirm\u00f3 c\u00f3mo es su relaci\u00f3n con Wanda Nara tras reconciliarse: \u201cHay buena onda y\u2026\u201d\u00a0","datePublished":"2025-11-08T22:05:12+00:00","mainEntityOfPage":{"@id":"https:\/\/fmgente.com.ar\/web\/maxi-lopez-confirmo-como-es-su-relacion-con-wanda-nara-tras-reconciliarse-hay-buena-onda-y\/"},"wordCount":686,"publisher":{"@id":"https:\/\/fmgente.com.ar\/web\/#organization"},"image":{"@id":"https:\/\/fmgente.com.ar\/web\/maxi-lopez-confirmo-como-es-su-relacion-con-wanda-nara-tras-reconciliarse-hay-buena-onda-y\/#primaryimage"},"thumbnailUrl":"https:\/\/fmgente.com.ar\/web\/wp-content\/uploads\/2025\/11\/Valentino-Lopez-Wanda-Nara-hijas-Mauro-Icardi-359x226-1.jpg","articleSection":["DESTACADAS"],"inLanguage":"es"},{"@type":"WebPage","@id":"https:\/\/fmgente.com.ar\/web\/maxi-lopez-confirmo-como-es-su-relacion-con-wanda-nara-tras-reconciliarse-hay-buena-onda-y\/","url":"https:\/\/fmgente.com.ar\/web\/maxi-lopez-confirmo-como-es-su-relacion-con-wanda-nara-tras-reconciliarse-hay-buena-onda-y\/","name":"Maxi L\u00f3pez confirm\u00f3 c\u00f3mo es su relaci\u00f3n con Wanda Nara tras reconciliarse: \u201cHay buena onda y\u2026\u201d\u00a0 - Fm Gente","isPartOf":{"@id":"https:\/\/fmgente.com.ar\/web\/#website"},"primaryImageOfPage":{"@id":"https:\/\/fmgente.com.ar\/web\/maxi-lopez-confirmo-como-es-su-relacion-con-wanda-nara-tras-reconciliarse-hay-buena-onda-y\/#primaryimage"},"image":{"@id":"https:\/\/fmgente.com.ar\/web\/maxi-lopez-confirmo-como-es-su-relacion-con-wanda-nara-tras-reconciliarse-hay-buena-onda-y\/#primaryimage"},"thumbnailUrl":"https:\/\/fmgente.com.ar\/web\/wp-content\/uploads\/2025\/11\/Valentino-Lopez-Wanda-Nara-hijas-Mauro-Icardi-359x226-1.jpg","datePublished":"2025-11-08T22:05:12+00:00","inLanguage":"es","potentialAction":[{"@type":"ReadAction","target":["https:\/\/fmgente.com.ar\/web\/maxi-lopez-confirmo-como-es-su-relacion-con-wanda-nara-tras-reconciliarse-hay-buena-onda-y\/"]}]},{"@type":"ImageObject","inLanguage":"es","@id":"https:\/\/fmgente.com.ar\/web\/maxi-lopez-confirmo-como-es-su-relacion-con-wanda-nara-tras-reconciliarse-hay-buena-onda-y\/#primaryimage","url":"https:\/\/fmgente.com.ar\/web\/wp-content\/uploads\/2025\/11\/Valentino-Lopez-Wanda-Nara-hijas-Mauro-Icardi-359x226-1.jpg","contentUrl":"https:\/\/fmgente.com.ar\/web\/wp-content\/uploads\/2025\/11\/Valentino-Lopez-Wanda-Nara-hijas-Mauro-Icardi-359x226-1.jpg","width":359,"height":226},{"@type":"WebSite","@id":"https:\/\/fmgente.com.ar\/web\/#website","url":"https:\/\/fmgente.com.ar\/web\/","name":"Fm Gente","description":"- Jes\u00fas Mar\u00eda","publisher":{"@id":"https:\/\/fmgente.com.ar\/web\/#organization"},"potentialAction":[{"@type":"SearchAction","target":{"@type":"EntryPoint","urlTemplate":"https:\/\/fmgente.com.ar\/web\/?s={search_term_string}"},"query-input":{"@type":"PropertyValueSpecification","valueRequired":true,"valueName":"search_term_string"}}],"inLanguage":"es"},{"@type":"Organization","@id":"https:\/\/fmgente.com.ar\/web\/#organization","name":"Fm Gente","url":"https:\/\/fmgente.com.ar\/web\/","logo":{"@type":"ImageObject","inLanguage":"es","@id":"https:\/\/fmgente.com.ar\/web\/#\/schema\/logo\/image\/","url":"https:\/\/fmgente.com.ar\/web\/wp-content\/uploads\/2023\/07\/cropped-cropped-logo-sombra2.png","contentUrl":"https:\/\/fmgente.com.ar\/web\/wp-content\/uploads\/2023\/07\/cropped-cropped-logo-sombra2.png","width":1782,"height":1782,"caption":"Fm Gente"},"image":{"@id":"https:\/\/fmgente.com.ar\/web\/#\/schema\/logo\/image\/"}}]}},"_links":{"self":[{"href":"https:\/\/fmgente.com.ar\/web\/wp-json\/wp\/v2\/posts\/9136","targetHints":{"allow":["GET"]}}],"collection":[{"href":"https:\/\/fmgente.com.ar\/web\/wp-json\/wp\/v2\/posts"}],"about":[{"href":"https:\/\/fmgente.com.ar\/web\/wp-json\/wp\/v2\/types\/post"}],"replies":[{"embeddable":true,"href":"https:\/\/fmgente.com.ar\/web\/wp-json\/wp\/v2\/comments?post=9136"}],"version-history":[{"count":0,"href":"https:\/\/fmgente.com.ar\/web\/wp-json\/wp\/v2\/posts\/9136\/revisions"}],"wp:featuredmedia":[{"embeddable":true,"href":"https:\/\/fmgente.com.ar\/web\/wp-json\/wp\/v2\/media\/9137"}],"wp:attachment":[{"href":"https:\/\/fmgente.com.ar\/web\/wp-json\/wp\/v2\/media?parent=9136"}],"wp:term":[{"taxonomy":"category","embeddable":true,"href":"https:\/\/fmgente.com.ar\/web\/wp-json\/wp\/v2\/categories?post=9136"},{"taxonomy":"post_tag","embeddable":true,"href":"https:\/\/fmgente.com.ar\/web\/wp-json\/wp\/v2\/tags?post=9136"}],"curies":[{"name":"wp","href":"https:\/\/api.w.org\/{rel}","templated":true}]}}