{"id":9134,"date":"2025-11-08T19:05:10","date_gmt":"2025-11-08T22:05:10","guid":{"rendered":"https:\/\/fmgente.com.ar\/el-anuncio-angel-de-brito-sobre-su-futuro-lam-que-dejo-a-todos-impactados\/"},"modified":"2025-11-08T19:05:10","modified_gmt":"2025-11-08T22:05:10","slug":"el-anuncio-angel-de-brito-sobre-su-futuro-lam-que-dejo-a-todos-impactados","status":"publish","type":"post","link":"https:\/\/fmgente.com.ar\/web\/el-anuncio-angel-de-brito-sobre-su-futuro-lam-que-dejo-a-todos-impactados\/","title":{"rendered":"El anuncio \u00c1ngel de Brito sobre su futuro LAM que dej\u00f3 a todos impactados"},"content":{"rendered":"<p><a href=\"https:\/\/www.paparazzi.com.ar\/?s=%C3%81ngel+de+Brito\">\u00c1ngel de Brito<\/a> decidi\u00f3 frenar la conversaci\u00f3n para dar una noticia que nadie esperaba hace d\u00edas en vivo. Con gesto serio, levant\u00f3 la voz y solt\u00f3: <strong>\u201c<\/strong><em>Antes de que alg\u00fan periodista sin c\u00f3digos lo diga, lo voy a decir yo. 2026 y 2027 continuamos de 20 a 22 en Am\u00e9rica, como corresponde, que es nuestro horario<\/em><strong>\u201d<\/strong>. <\/p>\n<p><strong>De Brito<\/strong> continu\u00f3 con su cl\u00e1sico tono ir\u00f3nico y agreg\u00f3: <strong>\u201c<\/strong><em>Les cuento que en el 2026 vamos a seguir en Am\u00e9rica<\/em><strong>\u201d<\/strong>, enfatizando que prefiri\u00f3 adelantarse a los rumores que, seg\u00fan \u00e9l, circulan cada a\u00f1o sobre el futuro del programa. La confirmaci\u00f3n lleg\u00f3 justo despu\u00e9s de semanas de especulaciones por su misterioso tweet, en el que insinuaba estar abierto a \u201c<em>escuchar ofertas\u201d.<\/em> <\/p>\n<p>La noticia tambi\u00e9n funcion\u00f3 como respuesta indirecta al esc\u00e1ndalo que involucr\u00f3 a <strong>Beto Casella<\/strong>. Seg\u00fan cont\u00f3 <strong>Yanina Latorre<\/strong>, el conductor habr\u00eda pedido ocupar el horario de <strong>LAM <\/strong>cuando negoci\u00f3 su llegada a <strong>Am\u00e9rica <\/strong>para 2026. Aunque la gerencia descart\u00f3 esa posibilidad, el gesto gener\u00f3 tensi\u00f3n en la industria y oblig\u00f3 a <strong>De Brito<\/strong> a hablar. \u201c<em>Luchamos tanto por este horario y lo conseguimos. Y rendimos. No chocamos la Ferrari<\/em>\u201d.<\/p>\n<div class=\"mt-box \">\n<h4 class=\"mt-heading\">Mir\u00e1 Tambi\u00e9n<\/h4>\n<p><a href=\"https:\/\/www.paparazzi.com.ar\/videos\/exclusivo-marcelo-polino-hablo-como-nunca-de-su-vida-intima-y-conto-cuando-fue-la-ultima-vez-que-tuvo-sexo-con-una-mujer\/\"><\/p>\n<div class=\"mt-content\">\n<div class=\"mt-image-container\"><img decoding=\"async\" src=\"https:\/\/www.paparazzi.com.ar\/wp-content\/uploads\/2025\/09\/IMG_5980.jpg.webp\" alt=\"\u00a1Exclusivo! Marcelo Polino habl\u00f3 como nunca de su vida \u00edntima y cont\u00f3 cu\u00e1ndo fue la \u00faltima vez que tuvo sexo con una mujer\u00a0\" class=\"mt-image\" loading=\"lazy\" \/><\/div>\n<h5 class=\"mt-title\">\u00a1Exclusivo! Marcelo Polino habl\u00f3 como nunca de su vida \u00edntima y cont\u00f3 cu\u00e1ndo fue la \u00faltima vez que tuvo sexo con una mujer\u00a0<\/h5>\n<\/div>\n<p><\/a><\/div>\n<p>El anuncio vino acompa\u00f1ado de un mensaje directo a su equipo. <strong>\u00c1ngel <\/strong>dijo entre risas: <strong>\u201c<\/strong><em>No s\u00e9, yo firm\u00e9 mi contrato y ahora ustedes\u2026\u201d<\/em>, encendiendo carcajadas en el piso mientras miraba a las panelistas, algunas de las cuales ya negocian su continuidad para el pr\u00f3ximo a\u00f1o. <\/p>\n<h2 class=\"wp-block-heading\">LA CONFESI\u00d3N DE \u00c1NGEL DE BRITO<\/h2>\n<p>A pesar del humor, el conductor baj\u00f3 el tono para agradecer a la se\u00f1al por el respaldo: <strong>\u201c<\/strong><em>Hablando en serio, estamos muy contentos, nos tratan siempre muy bien ac\u00e1\u201d<\/em>. Ese cierre busc\u00f3 poner fin a la ola de versiones que apuntaban a tensiones internas con el canal y a una supuesta intenci\u00f3n de Am\u00e9rica de reestructurar su prime time.<\/p>\n<p>De esta forma, <strong>\u00c1ngel de Brito<\/strong> despej\u00f3 todas las dudas: <strong>LAM <\/strong>seguir\u00e1 en el mismo horario durante dos a\u00f1os m\u00e1s, con contrato firmado y apoyo institucional asegurado. Si el anuncio ya era fuerte, su manera de comunicarlo lo convirti\u00f3 en uno de los momentos m\u00e1s comentados de la televisi\u00f3n del d\u00eda.<\/p>\n<div class=\"mt-box \">\n<h4 class=\"mt-heading\">Mir\u00e1 Tambi\u00e9n<\/h4>\n<p><a href=\"https:\/\/www.paparazzi.com.ar\/teve\/cami-homs-mostro-por-primera-vez-el-rostro-de-su-bebe-y-enternecio-a-todos-la-foto\/\"><\/p>\n<div class=\"mt-content\">\n<div class=\"mt-image-container\"><img decoding=\"async\" src=\"https:\/\/www.paparazzi.com.ar\/wp-content\/uploads\/2025\/11\/image-106-359x226.png\" alt=\"Cami Homs mostr\u00f3 por primera vez el rostro de su beb\u00e9 y enterneci\u00f3 a todos: la foto\" class=\"mt-image\" loading=\"lazy\" \/><\/div>\n<h5 class=\"mt-title\">Cami Homs mostr\u00f3 por primera vez el rostro de su beb\u00e9 y enterneci\u00f3 a todos: la foto<\/h5>\n<\/div>\n<p><\/a><\/div>\n<div class=\"mt-box \">\n<h4 class=\"mt-heading\">Mir\u00e1 Tambi\u00e9n<\/h4>\n<p><a href=\"https:\/\/www.paparazzi.com.ar\/teve\/el-drama-que-atraviesa-carmen-barbieri-y-la-tiene-muy-preocupada-como-poco-y\/\"><\/p>\n<div class=\"mt-content\">\n<div class=\"mt-image-container\"><img decoding=\"async\" src=\"https:\/\/www.paparazzi.com.ar\/wp-content\/uploads\/2025\/05\/Carmen-Barbieri-revelo-el-problema-de-salud-que-le-toca-vivir-a-sus-70-anos-22Me-hicieron-un.22.jpg.webp\" alt=\"El drama que atraviesa Carmen Barbieri y la tiene muy preocupada &quot;C\u00f3mo poco y\u2026&quot;\" class=\"mt-image\" loading=\"lazy\" \/><\/div>\n<h5 class=\"mt-title\">El drama que atraviesa Carmen Barbieri y la tiene muy preocupada \u00abC\u00f3mo poco y\u2026\u00bb<\/h5>\n<\/div>\n<p><\/a><\/div>\n<p>The post <a href=\"https:\/\/www.paparazzi.com.ar\/teve\/el-anuncio-angel-de-brito-sobre-su-futuro-lam-que-dejo-a-todos-impactados\/\">El anuncio \u00c1ngel de Brito sobre su futuro LAM que dej\u00f3 a todos impactados<\/a> appeared first on <a href=\"https:\/\/www.paparazzi.com.ar\">Revista Paparazzi<\/a>.<\/p>\n","protected":false},"excerpt":{"rendered":"<p>\u00c1ngel de Brito decidi\u00f3 frenar la conversaci\u00f3n para dar una noticia que nadie esperaba hace<\/p>\n","protected":false},"author":0,"featured_media":9135,"comment_status":"","ping_status":"","sticky":false,"template":"","format":"standard","meta":{"footnotes":""},"categories":[11],"tags":[],"class_list":["post-9134","post","type-post","status-publish","format-standard","has-post-thumbnail","hentry","category-destacadas"],"yoast_head":"<!-- This site is optimized with the Yoast SEO plugin v27.4 - https:\/\/yoast.com\/product\/yoast-seo-wordpress\/ -->\n<title>El anuncio \u00c1ngel de Brito sobre su futuro LAM que dej\u00f3 a todos impactados - Fm Gente<\/title>\n<meta name=\"robots\" content=\"index, follow, max-snippet:-1, max-image-preview:large, max-video-preview:-1\" \/>\n<link rel=\"canonical\" href=\"https:\/\/fmgente.com.ar\/web\/el-anuncio-angel-de-brito-sobre-su-futuro-lam-que-dejo-a-todos-impactados\/\" \/>\n<meta property=\"og:locale\" content=\"es_ES\" \/>\n<meta property=\"og:type\" content=\"article\" \/>\n<meta property=\"og:title\" content=\"El anuncio \u00c1ngel de Brito sobre su futuro LAM que dej\u00f3 a todos impactados - Fm Gente\" \/>\n<meta property=\"og:description\" content=\"\u00c1ngel de Brito decidi\u00f3 frenar la conversaci\u00f3n para dar una noticia que nadie esperaba hace\" \/>\n<meta property=\"og:url\" content=\"https:\/\/fmgente.com.ar\/web\/el-anuncio-angel-de-brito-sobre-su-futuro-lam-que-dejo-a-todos-impactados\/\" \/>\n<meta property=\"og:site_name\" content=\"Fm Gente\" \/>\n<meta property=\"article:published_time\" content=\"2025-11-08T22:05:10+00:00\" \/>\n<meta property=\"og:image\" content=\"https:\/\/fmgente.com.ar\/web\/wp-content\/uploads\/2025\/11\/IMG_5980.jpg-10.webp\" \/>\n\t<meta property=\"og:image:width\" content=\"1900\" \/>\n\t<meta property=\"og:image:height\" content=\"1425\" \/>\n\t<meta property=\"og:image:type\" content=\"image\/webp\" \/>\n<meta name=\"twitter:card\" content=\"summary_large_image\" \/>\n<meta name=\"twitter:label1\" content=\"Tiempo de lectura\" \/>\n\t<meta name=\"twitter:data1\" content=\"2 minutos\" \/>\n<script type=\"application\/ld+json\" class=\"yoast-schema-graph\">{\"@context\":\"https:\\\/\\\/schema.org\",\"@graph\":[{\"@type\":\"Article\",\"@id\":\"https:\\\/\\\/fmgente.com.ar\\\/web\\\/el-anuncio-angel-de-brito-sobre-su-futuro-lam-que-dejo-a-todos-impactados\\\/#article\",\"isPartOf\":{\"@id\":\"https:\\\/\\\/fmgente.com.ar\\\/web\\\/el-anuncio-angel-de-brito-sobre-su-futuro-lam-que-dejo-a-todos-impactados\\\/\"},\"author\":{\"name\":\"\",\"@id\":\"\"},\"headline\":\"El anuncio \u00c1ngel de Brito sobre su futuro LAM que dej\u00f3 a todos impactados\",\"datePublished\":\"2025-11-08T22:05:10+00:00\",\"mainEntityOfPage\":{\"@id\":\"https:\\\/\\\/fmgente.com.ar\\\/web\\\/el-anuncio-angel-de-brito-sobre-su-futuro-lam-que-dejo-a-todos-impactados\\\/\"},\"wordCount\":472,\"publisher\":{\"@id\":\"https:\\\/\\\/fmgente.com.ar\\\/web\\\/#organization\"},\"image\":{\"@id\":\"https:\\\/\\\/fmgente.com.ar\\\/web\\\/el-anuncio-angel-de-brito-sobre-su-futuro-lam-que-dejo-a-todos-impactados\\\/#primaryimage\"},\"thumbnailUrl\":\"https:\\\/\\\/fmgente.com.ar\\\/web\\\/wp-content\\\/uploads\\\/2025\\\/11\\\/IMG_5980.jpg-10.webp\",\"articleSection\":[\"DESTACADAS\"],\"inLanguage\":\"es\"},{\"@type\":\"WebPage\",\"@id\":\"https:\\\/\\\/fmgente.com.ar\\\/web\\\/el-anuncio-angel-de-brito-sobre-su-futuro-lam-que-dejo-a-todos-impactados\\\/\",\"url\":\"https:\\\/\\\/fmgente.com.ar\\\/web\\\/el-anuncio-angel-de-brito-sobre-su-futuro-lam-que-dejo-a-todos-impactados\\\/\",\"name\":\"El anuncio \u00c1ngel de Brito sobre su futuro LAM que dej\u00f3 a todos impactados - Fm Gente\",\"isPartOf\":{\"@id\":\"https:\\\/\\\/fmgente.com.ar\\\/web\\\/#website\"},\"primaryImageOfPage\":{\"@id\":\"https:\\\/\\\/fmgente.com.ar\\\/web\\\/el-anuncio-angel-de-brito-sobre-su-futuro-lam-que-dejo-a-todos-impactados\\\/#primaryimage\"},\"image\":{\"@id\":\"https:\\\/\\\/fmgente.com.ar\\\/web\\\/el-anuncio-angel-de-brito-sobre-su-futuro-lam-que-dejo-a-todos-impactados\\\/#primaryimage\"},\"thumbnailUrl\":\"https:\\\/\\\/fmgente.com.ar\\\/web\\\/wp-content\\\/uploads\\\/2025\\\/11\\\/IMG_5980.jpg-10.webp\",\"datePublished\":\"2025-11-08T22:05:10+00:00\",\"inLanguage\":\"es\",\"potentialAction\":[{\"@type\":\"ReadAction\",\"target\":[\"https:\\\/\\\/fmgente.com.ar\\\/web\\\/el-anuncio-angel-de-brito-sobre-su-futuro-lam-que-dejo-a-todos-impactados\\\/\"]}]},{\"@type\":\"ImageObject\",\"inLanguage\":\"es\",\"@id\":\"https:\\\/\\\/fmgente.com.ar\\\/web\\\/el-anuncio-angel-de-brito-sobre-su-futuro-lam-que-dejo-a-todos-impactados\\\/#primaryimage\",\"url\":\"https:\\\/\\\/fmgente.com.ar\\\/web\\\/wp-content\\\/uploads\\\/2025\\\/11\\\/IMG_5980.jpg-10.webp\",\"contentUrl\":\"https:\\\/\\\/fmgente.com.ar\\\/web\\\/wp-content\\\/uploads\\\/2025\\\/11\\\/IMG_5980.jpg-10.webp\",\"width\":1900,\"height\":1425},{\"@type\":\"WebSite\",\"@id\":\"https:\\\/\\\/fmgente.com.ar\\\/web\\\/#website\",\"url\":\"https:\\\/\\\/fmgente.com.ar\\\/web\\\/\",\"name\":\"Fm Gente\",\"description\":\"- Jes\u00fas Mar\u00eda\",\"publisher\":{\"@id\":\"https:\\\/\\\/fmgente.com.ar\\\/web\\\/#organization\"},\"potentialAction\":[{\"@type\":\"SearchAction\",\"target\":{\"@type\":\"EntryPoint\",\"urlTemplate\":\"https:\\\/\\\/fmgente.com.ar\\\/web\\\/?s={search_term_string}\"},\"query-input\":{\"@type\":\"PropertyValueSpecification\",\"valueRequired\":true,\"valueName\":\"search_term_string\"}}],\"inLanguage\":\"es\"},{\"@type\":\"Organization\",\"@id\":\"https:\\\/\\\/fmgente.com.ar\\\/web\\\/#organization\",\"name\":\"Fm Gente\",\"url\":\"https:\\\/\\\/fmgente.com.ar\\\/web\\\/\",\"logo\":{\"@type\":\"ImageObject\",\"inLanguage\":\"es\",\"@id\":\"https:\\\/\\\/fmgente.com.ar\\\/web\\\/#\\\/schema\\\/logo\\\/image\\\/\",\"url\":\"https:\\\/\\\/fmgente.com.ar\\\/web\\\/wp-content\\\/uploads\\\/2023\\\/07\\\/cropped-cropped-logo-sombra2.png\",\"contentUrl\":\"https:\\\/\\\/fmgente.com.ar\\\/web\\\/wp-content\\\/uploads\\\/2023\\\/07\\\/cropped-cropped-logo-sombra2.png\",\"width\":1782,\"height\":1782,\"caption\":\"Fm Gente\"},\"image\":{\"@id\":\"https:\\\/\\\/fmgente.com.ar\\\/web\\\/#\\\/schema\\\/logo\\\/image\\\/\"}}]}<\/script>\n<!-- \/ Yoast SEO plugin. -->","yoast_head_json":{"title":"El anuncio \u00c1ngel de Brito sobre su futuro LAM que dej\u00f3 a todos impactados - Fm Gente","robots":{"index":"index","follow":"follow","max-snippet":"max-snippet:-1","max-image-preview":"max-image-preview:large","max-video-preview":"max-video-preview:-1"},"canonical":"https:\/\/fmgente.com.ar\/web\/el-anuncio-angel-de-brito-sobre-su-futuro-lam-que-dejo-a-todos-impactados\/","og_locale":"es_ES","og_type":"article","og_title":"El anuncio \u00c1ngel de Brito sobre su futuro LAM que dej\u00f3 a todos impactados - Fm Gente","og_description":"\u00c1ngel de Brito decidi\u00f3 frenar la conversaci\u00f3n para dar una noticia que nadie esperaba hace","og_url":"https:\/\/fmgente.com.ar\/web\/el-anuncio-angel-de-brito-sobre-su-futuro-lam-que-dejo-a-todos-impactados\/","og_site_name":"Fm Gente","article_published_time":"2025-11-08T22:05:10+00:00","og_image":[{"width":1900,"height":1425,"url":"https:\/\/fmgente.com.ar\/web\/wp-content\/uploads\/2025\/11\/IMG_5980.jpg-10.webp","type":"image\/webp"}],"twitter_card":"summary_large_image","twitter_misc":{"Tiempo de lectura":"2 minutos"},"schema":{"@context":"https:\/\/schema.org","@graph":[{"@type":"Article","@id":"https:\/\/fmgente.com.ar\/web\/el-anuncio-angel-de-brito-sobre-su-futuro-lam-que-dejo-a-todos-impactados\/#article","isPartOf":{"@id":"https:\/\/fmgente.com.ar\/web\/el-anuncio-angel-de-brito-sobre-su-futuro-lam-que-dejo-a-todos-impactados\/"},"author":{"name":"","@id":""},"headline":"El anuncio \u00c1ngel de Brito sobre su futuro LAM que dej\u00f3 a todos impactados","datePublished":"2025-11-08T22:05:10+00:00","mainEntityOfPage":{"@id":"https:\/\/fmgente.com.ar\/web\/el-anuncio-angel-de-brito-sobre-su-futuro-lam-que-dejo-a-todos-impactados\/"},"wordCount":472,"publisher":{"@id":"https:\/\/fmgente.com.ar\/web\/#organization"},"image":{"@id":"https:\/\/fmgente.com.ar\/web\/el-anuncio-angel-de-brito-sobre-su-futuro-lam-que-dejo-a-todos-impactados\/#primaryimage"},"thumbnailUrl":"https:\/\/fmgente.com.ar\/web\/wp-content\/uploads\/2025\/11\/IMG_5980.jpg-10.webp","articleSection":["DESTACADAS"],"inLanguage":"es"},{"@type":"WebPage","@id":"https:\/\/fmgente.com.ar\/web\/el-anuncio-angel-de-brito-sobre-su-futuro-lam-que-dejo-a-todos-impactados\/","url":"https:\/\/fmgente.com.ar\/web\/el-anuncio-angel-de-brito-sobre-su-futuro-lam-que-dejo-a-todos-impactados\/","name":"El anuncio \u00c1ngel de Brito sobre su futuro LAM que dej\u00f3 a todos impactados - Fm Gente","isPartOf":{"@id":"https:\/\/fmgente.com.ar\/web\/#website"},"primaryImageOfPage":{"@id":"https:\/\/fmgente.com.ar\/web\/el-anuncio-angel-de-brito-sobre-su-futuro-lam-que-dejo-a-todos-impactados\/#primaryimage"},"image":{"@id":"https:\/\/fmgente.com.ar\/web\/el-anuncio-angel-de-brito-sobre-su-futuro-lam-que-dejo-a-todos-impactados\/#primaryimage"},"thumbnailUrl":"https:\/\/fmgente.com.ar\/web\/wp-content\/uploads\/2025\/11\/IMG_5980.jpg-10.webp","datePublished":"2025-11-08T22:05:10+00:00","inLanguage":"es","potentialAction":[{"@type":"ReadAction","target":["https:\/\/fmgente.com.ar\/web\/el-anuncio-angel-de-brito-sobre-su-futuro-lam-que-dejo-a-todos-impactados\/"]}]},{"@type":"ImageObject","inLanguage":"es","@id":"https:\/\/fmgente.com.ar\/web\/el-anuncio-angel-de-brito-sobre-su-futuro-lam-que-dejo-a-todos-impactados\/#primaryimage","url":"https:\/\/fmgente.com.ar\/web\/wp-content\/uploads\/2025\/11\/IMG_5980.jpg-10.webp","contentUrl":"https:\/\/fmgente.com.ar\/web\/wp-content\/uploads\/2025\/11\/IMG_5980.jpg-10.webp","width":1900,"height":1425},{"@type":"WebSite","@id":"https:\/\/fmgente.com.ar\/web\/#website","url":"https:\/\/fmgente.com.ar\/web\/","name":"Fm Gente","description":"- Jes\u00fas Mar\u00eda","publisher":{"@id":"https:\/\/fmgente.com.ar\/web\/#organization"},"potentialAction":[{"@type":"SearchAction","target":{"@type":"EntryPoint","urlTemplate":"https:\/\/fmgente.com.ar\/web\/?s={search_term_string}"},"query-input":{"@type":"PropertyValueSpecification","valueRequired":true,"valueName":"search_term_string"}}],"inLanguage":"es"},{"@type":"Organization","@id":"https:\/\/fmgente.com.ar\/web\/#organization","name":"Fm Gente","url":"https:\/\/fmgente.com.ar\/web\/","logo":{"@type":"ImageObject","inLanguage":"es","@id":"https:\/\/fmgente.com.ar\/web\/#\/schema\/logo\/image\/","url":"https:\/\/fmgente.com.ar\/web\/wp-content\/uploads\/2023\/07\/cropped-cropped-logo-sombra2.png","contentUrl":"https:\/\/fmgente.com.ar\/web\/wp-content\/uploads\/2023\/07\/cropped-cropped-logo-sombra2.png","width":1782,"height":1782,"caption":"Fm Gente"},"image":{"@id":"https:\/\/fmgente.com.ar\/web\/#\/schema\/logo\/image\/"}}]}},"_links":{"self":[{"href":"https:\/\/fmgente.com.ar\/web\/wp-json\/wp\/v2\/posts\/9134","targetHints":{"allow":["GET"]}}],"collection":[{"href":"https:\/\/fmgente.com.ar\/web\/wp-json\/wp\/v2\/posts"}],"about":[{"href":"https:\/\/fmgente.com.ar\/web\/wp-json\/wp\/v2\/types\/post"}],"replies":[{"embeddable":true,"href":"https:\/\/fmgente.com.ar\/web\/wp-json\/wp\/v2\/comments?post=9134"}],"version-history":[{"count":0,"href":"https:\/\/fmgente.com.ar\/web\/wp-json\/wp\/v2\/posts\/9134\/revisions"}],"wp:featuredmedia":[{"embeddable":true,"href":"https:\/\/fmgente.com.ar\/web\/wp-json\/wp\/v2\/media\/9135"}],"wp:attachment":[{"href":"https:\/\/fmgente.com.ar\/web\/wp-json\/wp\/v2\/media?parent=9134"}],"wp:term":[{"taxonomy":"category","embeddable":true,"href":"https:\/\/fmgente.com.ar\/web\/wp-json\/wp\/v2\/categories?post=9134"},{"taxonomy":"post_tag","embeddable":true,"href":"https:\/\/fmgente.com.ar\/web\/wp-json\/wp\/v2\/tags?post=9134"}],"curies":[{"name":"wp","href":"https:\/\/api.w.org\/{rel}","templated":true}]}}