{"id":9132,"date":"2025-11-08T18:05:34","date_gmt":"2025-11-08T21:05:34","guid":{"rendered":"https:\/\/fmgente.com.ar\/el-cambio-de-look-extremo-de-noelia-marzol-se-dejo-el-pelo-corto-y-asi-quedo\/"},"modified":"2025-11-08T18:05:34","modified_gmt":"2025-11-08T21:05:34","slug":"el-cambio-de-look-extremo-de-noelia-marzol-se-dejo-el-pelo-corto-y-asi-quedo","status":"publish","type":"post","link":"https:\/\/fmgente.com.ar\/web\/el-cambio-de-look-extremo-de-noelia-marzol-se-dejo-el-pelo-corto-y-asi-quedo\/","title":{"rendered":"El cambio de look extremo de Noelia Marzol: se dej\u00f3 el pelo corto y asi qued\u00f3"},"content":{"rendered":"<p><strong><a href=\"https:\/\/www.paparazzi.com.ar\/?s=Noelia+Marzol\">Noelia Marzol<\/a><\/strong> volvi\u00f3 a marcar tendencia. En plena primavera, la actriz y bailarina decidi\u00f3 renovarse por completo y mostrar un cambio de look que no pas\u00f3 desapercibido. Con su estilo espont\u00e1neo y siempre fiel a su esencia, comparti\u00f3 en sus redes su transformaci\u00f3n <a href=\"https:\/\/www.paparazzi.com.ar\/teve\/la-angustia-de-noelia-marzol-por-el-accidente-que-sufrio-su-hijo-de-4-anos\/\">tan necesaria luego de la angustia que pas\u00f3 por el accidente de su hijo<\/a>.<\/p>\n<p>Con la frescura que la caracteriza, Noelia document\u00f3 el proceso desde la peluquer\u00eda: entre risas, charlas y una energ\u00eda contagiosa, se la vio disfrutar del cambio. Finalmente, revel\u00f3 el resultado: una melena m\u00e1s corta, con ondas naturales y un rubio c\u00e1lido que potencia su mirada y realza sus rasgos.<\/p>\n<p>El nuevo look combina lo mejor del glamour con un aire relajado, ideal para los d\u00edas de calor que se acercan. <em>\u201cAmo cambiar\u201d<\/em>, escribi\u00f3 la artista en su posteo, junto a las fotos y un video donde se la ve radiante, posando frente al espejo.<\/p>\n<div class=\"mt-box \">\n<h4 class=\"mt-heading\">Mir\u00e1 Tambi\u00e9n<\/h4>\n<p><a href=\"https:\/\/www.paparazzi.com.ar\/romances\/exclusivo-nico-vazquez-y-dai-fernandez-juntos-rumbo-a-nueva-york-en-su-primer-viaje-de-novios-nos-estamos\/\"><\/p>\n<div class=\"mt-content\">\n<div class=\"mt-image-container\"><img decoding=\"async\" src=\"https:\/\/www.paparazzi.com.ar\/wp-content\/uploads\/2025\/11\/NICO-VAZQUEZ-DAI-CARLITOS-GONZALES-CREEDITO-5-359x226.jpg\" alt=\"\u00a1Exclusivo! Nico V\u00e1zquez y Dai Fern\u00e1ndez, juntos rumbo a Nueva York en su primer viaje de novios: \u201cNos estamos\u2026\u201d\" class=\"mt-image\" loading=\"lazy\" \/><\/div>\n<h5 class=\"mt-title\">\u00a1Exclusivo! Nico V\u00e1zquez y Dai Fern\u00e1ndez, juntos rumbo a Nueva York en su primer viaje de novios: \u201cNos estamos\u2026\u201d<\/h5>\n<\/div>\n<p><\/a><\/div>\n<p>Los comentarios no tardaron en llegar.<em> \u201c\u00a1Ese color es tu marca registrada!\u201d, \u201csiempre diosa\u201d, \u201cla reina del rubio est\u00e1 de vuelta\u201d<\/em>, escribieron sus seguidores, mientras otros destacaron la naturalidad con la que se muestra, sin filtros ni retoques.<\/p>\n<p>En cuesti\u00f3n de horas, el video super\u00f3 miles de reproducciones y se transform\u00f3 en uno de los contenidos m\u00e1s comentados del d\u00eda. Noelia, que siempre se anima a jugar con su imagen, logr\u00f3 nuevamente imponer su estilo: un look moderno, elegante y f\u00e1cil de mantener, que ya muchos quieren imitar.<\/p>\n<div class=\"mt-box \">\n<h4 class=\"mt-heading\">Mir\u00e1 Tambi\u00e9n<\/h4>\n<p><a href=\"https:\/\/www.paparazzi.com.ar\/teve\/la-angustia-de-noelia-marzol-por-el-accidente-que-sufrio-su-hijo-de-4-anos\/\"><\/p>\n<div class=\"mt-content\">\n<div class=\"mt-image-container\"><img decoding=\"async\" src=\"https:\/\/www.paparazzi.com.ar\/wp-content\/uploads\/2023\/12\/Noelia-marzol.jpg.webp\" alt=\"La angustia de Noelia Marzol por el accidente que sufri\u00f3 su hijo de 4 a\u00f1os\" class=\"mt-image\" loading=\"lazy\" \/><\/div>\n<h5 class=\"mt-title\">La angustia de Noelia Marzol por el accidente que sufri\u00f3 su hijo de 4 a\u00f1os<\/h5>\n<\/div>\n<p><\/a><\/div>\n<p>Esta transformaci\u00f3n marca el regreso de una tendencia que pisa fuerte en el mundo beauty: los rubios dorados y naturales, con reflejos c\u00e1lidos que aportan luz al rostro y un efecto saludable sin perder sofisticaci\u00f3n. Un estilo que, favorece a todo tipo de pieles y ser\u00e1 uno de los m\u00e1s pedidos en los pr\u00f3ximos meses.<\/p>\n<p>Aut\u00e9ntica, divertida y con una confianza que se nota en cada paso, Noelia demuestra una vez m\u00e1s por qu\u00e9 es una de las figuras m\u00e1s queridas del espect\u00e1culo argentino. Su cambio de imagen no solo impact\u00f3 a sus fans, sino que tambi\u00e9n reafirm\u00f3 algo que la artista repite cada vez que puede: El mejor look es el que te hace sentir feliz.<\/p>\n<h2 class=\"wp-block-heading\">Las fotos del cambio de look de Noelia Marzol:<\/h2>\n<figure class=\"wp-block-image size-large\"><img decoding=\"async\" src=\"https:\/\/www.paparazzi.com.ar\/wp-content\/uploads\/2025\/11\/Noelia-Marzol-768x1024.jpg.webp\" loading=\"lazy\" alt=\"\" class=\"wp-image-452187\" \/><\/figure>\n<figure class=\"wp-block-image size-large\"><img decoding=\"async\" src=\"https:\/\/www.paparazzi.com.ar\/wp-content\/uploads\/2025\/11\/image-108-629x1024.png.webp\" loading=\"lazy\" alt=\"\" class=\"wp-image-452186\" \/><\/figure>\n<div class=\"mt-box \">\n<h4 class=\"mt-heading\">Mir\u00e1 Tambi\u00e9n<\/h4>\n<p><a href=\"https:\/\/www.paparazzi.com.ar\/teve\/noelia-marzol-confirmo-su-crisis-y-revelo-como-lograron-superarla\/\"><\/p>\n<div class=\"mt-content\">\n<div class=\"mt-image-container\"><img decoding=\"async\" src=\"https:\/\/www.paparazzi.com.ar\/wp-content\/uploads\/2025\/05\/Noelia-Marzol-Ramiro-Arias.jpg.webp\" alt=\"Noelia Marzol confirm\u00f3 su crisis y revel\u00f3 c\u00f3mo lograron superarla\" class=\"mt-image\" loading=\"lazy\" \/><\/div>\n<h5 class=\"mt-title\">Noelia Marzol confirm\u00f3 su crisis y revel\u00f3 c\u00f3mo lograron superarla<\/h5>\n<\/div>\n<p><\/a><\/div>\n<div class=\"mt-box \">\n<h4 class=\"mt-heading\">Mir\u00e1 Tambi\u00e9n<\/h4>\n<p><a href=\"https:\/\/www.paparazzi.com.ar\/teve\/imagenes-sensibles-el-doloroso-accidente-que-sufrio-donatello-el-hijo-de-noelia-marzol\/\"><\/p>\n<div class=\"mt-content\">\n<div class=\"mt-image-container\"><img decoding=\"async\" src=\"https:\/\/www.paparazzi.com.ar\/wp-content\/uploads\/2025\/09\/noelia-marzol.jpg.webp\" alt=\"Im\u00e1genes sensibles: el doloroso accidente que sufri\u00f3 Donatello, el hijo de Noelia Marzol\" class=\"mt-image\" loading=\"lazy\" \/><\/div>\n<h5 class=\"mt-title\">Im\u00e1genes sensibles: el doloroso accidente que sufri\u00f3 Donatello, el hijo de Noelia Marzol<\/h5>\n<\/div>\n<p><\/a><\/div>\n<p>The post <a href=\"https:\/\/www.paparazzi.com.ar\/teve\/el-cambio-de-look-extremo-de-noelia-marzol-se-dejo-el-pelo-corto-y-asi-quedo\/\">El cambio de look extremo de Noelia Marzol: se dej\u00f3 el pelo corto y asi qued\u00f3<\/a> appeared first on <a href=\"https:\/\/www.paparazzi.com.ar\">Revista Paparazzi<\/a>.<\/p>\n","protected":false},"excerpt":{"rendered":"<p>Noelia Marzol volvi\u00f3 a marcar tendencia. En plena primavera, la actriz y bailarina decidi\u00f3 renovarse<\/p>\n","protected":false},"author":0,"featured_media":9133,"comment_status":"","ping_status":"","sticky":false,"template":"","format":"standard","meta":{"footnotes":""},"categories":[11],"tags":[],"class_list":["post-9132","post","type-post","status-publish","format-standard","has-post-thumbnail","hentry","category-destacadas"],"yoast_head":"<!-- This site is optimized with the Yoast SEO plugin v27.4 - https:\/\/yoast.com\/product\/yoast-seo-wordpress\/ -->\n<title>El cambio de look extremo de Noelia Marzol: se dej\u00f3 el pelo corto y asi qued\u00f3 - Fm Gente<\/title>\n<meta name=\"robots\" content=\"index, follow, max-snippet:-1, max-image-preview:large, max-video-preview:-1\" \/>\n<link rel=\"canonical\" href=\"https:\/\/fmgente.com.ar\/web\/el-cambio-de-look-extremo-de-noelia-marzol-se-dejo-el-pelo-corto-y-asi-quedo\/\" \/>\n<meta property=\"og:locale\" content=\"es_ES\" \/>\n<meta property=\"og:type\" content=\"article\" \/>\n<meta property=\"og:title\" content=\"El cambio de look extremo de Noelia Marzol: se dej\u00f3 el pelo corto y asi qued\u00f3 - Fm Gente\" \/>\n<meta property=\"og:description\" content=\"Noelia Marzol volvi\u00f3 a marcar tendencia. En plena primavera, la actriz y bailarina decidi\u00f3 renovarse\" \/>\n<meta property=\"og:url\" content=\"https:\/\/fmgente.com.ar\/web\/el-cambio-de-look-extremo-de-noelia-marzol-se-dejo-el-pelo-corto-y-asi-quedo\/\" \/>\n<meta property=\"og:site_name\" content=\"Fm Gente\" \/>\n<meta property=\"article:published_time\" content=\"2025-11-08T21:05:34+00:00\" \/>\n<meta property=\"og:image\" content=\"https:\/\/fmgente.com.ar\/web\/wp-content\/uploads\/2025\/11\/NICO-VAZQUEZ-DAI-CARLITOS-GONZALES-CREEDITO-5-359x226-38.jpg\" \/>\n\t<meta property=\"og:image:width\" content=\"359\" \/>\n\t<meta property=\"og:image:height\" content=\"226\" \/>\n\t<meta property=\"og:image:type\" content=\"image\/jpeg\" \/>\n<meta name=\"twitter:card\" content=\"summary_large_image\" \/>\n<meta name=\"twitter:label1\" content=\"Tiempo de lectura\" \/>\n\t<meta name=\"twitter:data1\" content=\"2 minutos\" \/>\n<script type=\"application\/ld+json\" class=\"yoast-schema-graph\">{\"@context\":\"https:\\\/\\\/schema.org\",\"@graph\":[{\"@type\":\"Article\",\"@id\":\"https:\\\/\\\/fmgente.com.ar\\\/web\\\/el-cambio-de-look-extremo-de-noelia-marzol-se-dejo-el-pelo-corto-y-asi-quedo\\\/#article\",\"isPartOf\":{\"@id\":\"https:\\\/\\\/fmgente.com.ar\\\/web\\\/el-cambio-de-look-extremo-de-noelia-marzol-se-dejo-el-pelo-corto-y-asi-quedo\\\/\"},\"author\":{\"name\":\"\",\"@id\":\"\"},\"headline\":\"El cambio de look extremo de Noelia Marzol: se dej\u00f3 el pelo corto y asi qued\u00f3\",\"datePublished\":\"2025-11-08T21:05:34+00:00\",\"mainEntityOfPage\":{\"@id\":\"https:\\\/\\\/fmgente.com.ar\\\/web\\\/el-cambio-de-look-extremo-de-noelia-marzol-se-dejo-el-pelo-corto-y-asi-quedo\\\/\"},\"wordCount\":498,\"publisher\":{\"@id\":\"https:\\\/\\\/fmgente.com.ar\\\/web\\\/#organization\"},\"image\":{\"@id\":\"https:\\\/\\\/fmgente.com.ar\\\/web\\\/el-cambio-de-look-extremo-de-noelia-marzol-se-dejo-el-pelo-corto-y-asi-quedo\\\/#primaryimage\"},\"thumbnailUrl\":\"https:\\\/\\\/fmgente.com.ar\\\/web\\\/wp-content\\\/uploads\\\/2025\\\/11\\\/NICO-VAZQUEZ-DAI-CARLITOS-GONZALES-CREEDITO-5-359x226-38.jpg\",\"articleSection\":[\"DESTACADAS\"],\"inLanguage\":\"es\"},{\"@type\":\"WebPage\",\"@id\":\"https:\\\/\\\/fmgente.com.ar\\\/web\\\/el-cambio-de-look-extremo-de-noelia-marzol-se-dejo-el-pelo-corto-y-asi-quedo\\\/\",\"url\":\"https:\\\/\\\/fmgente.com.ar\\\/web\\\/el-cambio-de-look-extremo-de-noelia-marzol-se-dejo-el-pelo-corto-y-asi-quedo\\\/\",\"name\":\"El cambio de look extremo de Noelia Marzol: se dej\u00f3 el pelo corto y asi qued\u00f3 - Fm Gente\",\"isPartOf\":{\"@id\":\"https:\\\/\\\/fmgente.com.ar\\\/web\\\/#website\"},\"primaryImageOfPage\":{\"@id\":\"https:\\\/\\\/fmgente.com.ar\\\/web\\\/el-cambio-de-look-extremo-de-noelia-marzol-se-dejo-el-pelo-corto-y-asi-quedo\\\/#primaryimage\"},\"image\":{\"@id\":\"https:\\\/\\\/fmgente.com.ar\\\/web\\\/el-cambio-de-look-extremo-de-noelia-marzol-se-dejo-el-pelo-corto-y-asi-quedo\\\/#primaryimage\"},\"thumbnailUrl\":\"https:\\\/\\\/fmgente.com.ar\\\/web\\\/wp-content\\\/uploads\\\/2025\\\/11\\\/NICO-VAZQUEZ-DAI-CARLITOS-GONZALES-CREEDITO-5-359x226-38.jpg\",\"datePublished\":\"2025-11-08T21:05:34+00:00\",\"inLanguage\":\"es\",\"potentialAction\":[{\"@type\":\"ReadAction\",\"target\":[\"https:\\\/\\\/fmgente.com.ar\\\/web\\\/el-cambio-de-look-extremo-de-noelia-marzol-se-dejo-el-pelo-corto-y-asi-quedo\\\/\"]}]},{\"@type\":\"ImageObject\",\"inLanguage\":\"es\",\"@id\":\"https:\\\/\\\/fmgente.com.ar\\\/web\\\/el-cambio-de-look-extremo-de-noelia-marzol-se-dejo-el-pelo-corto-y-asi-quedo\\\/#primaryimage\",\"url\":\"https:\\\/\\\/fmgente.com.ar\\\/web\\\/wp-content\\\/uploads\\\/2025\\\/11\\\/NICO-VAZQUEZ-DAI-CARLITOS-GONZALES-CREEDITO-5-359x226-38.jpg\",\"contentUrl\":\"https:\\\/\\\/fmgente.com.ar\\\/web\\\/wp-content\\\/uploads\\\/2025\\\/11\\\/NICO-VAZQUEZ-DAI-CARLITOS-GONZALES-CREEDITO-5-359x226-38.jpg\",\"width\":359,\"height\":226},{\"@type\":\"WebSite\",\"@id\":\"https:\\\/\\\/fmgente.com.ar\\\/web\\\/#website\",\"url\":\"https:\\\/\\\/fmgente.com.ar\\\/web\\\/\",\"name\":\"Fm Gente\",\"description\":\"- Jes\u00fas Mar\u00eda\",\"publisher\":{\"@id\":\"https:\\\/\\\/fmgente.com.ar\\\/web\\\/#organization\"},\"potentialAction\":[{\"@type\":\"SearchAction\",\"target\":{\"@type\":\"EntryPoint\",\"urlTemplate\":\"https:\\\/\\\/fmgente.com.ar\\\/web\\\/?s={search_term_string}\"},\"query-input\":{\"@type\":\"PropertyValueSpecification\",\"valueRequired\":true,\"valueName\":\"search_term_string\"}}],\"inLanguage\":\"es\"},{\"@type\":\"Organization\",\"@id\":\"https:\\\/\\\/fmgente.com.ar\\\/web\\\/#organization\",\"name\":\"Fm Gente\",\"url\":\"https:\\\/\\\/fmgente.com.ar\\\/web\\\/\",\"logo\":{\"@type\":\"ImageObject\",\"inLanguage\":\"es\",\"@id\":\"https:\\\/\\\/fmgente.com.ar\\\/web\\\/#\\\/schema\\\/logo\\\/image\\\/\",\"url\":\"https:\\\/\\\/fmgente.com.ar\\\/web\\\/wp-content\\\/uploads\\\/2023\\\/07\\\/cropped-cropped-logo-sombra2.png\",\"contentUrl\":\"https:\\\/\\\/fmgente.com.ar\\\/web\\\/wp-content\\\/uploads\\\/2023\\\/07\\\/cropped-cropped-logo-sombra2.png\",\"width\":1782,\"height\":1782,\"caption\":\"Fm Gente\"},\"image\":{\"@id\":\"https:\\\/\\\/fmgente.com.ar\\\/web\\\/#\\\/schema\\\/logo\\\/image\\\/\"}}]}<\/script>\n<!-- \/ Yoast SEO plugin. -->","yoast_head_json":{"title":"El cambio de look extremo de Noelia Marzol: se dej\u00f3 el pelo corto y asi qued\u00f3 - Fm Gente","robots":{"index":"index","follow":"follow","max-snippet":"max-snippet:-1","max-image-preview":"max-image-preview:large","max-video-preview":"max-video-preview:-1"},"canonical":"https:\/\/fmgente.com.ar\/web\/el-cambio-de-look-extremo-de-noelia-marzol-se-dejo-el-pelo-corto-y-asi-quedo\/","og_locale":"es_ES","og_type":"article","og_title":"El cambio de look extremo de Noelia Marzol: se dej\u00f3 el pelo corto y asi qued\u00f3 - Fm Gente","og_description":"Noelia Marzol volvi\u00f3 a marcar tendencia. En plena primavera, la actriz y bailarina decidi\u00f3 renovarse","og_url":"https:\/\/fmgente.com.ar\/web\/el-cambio-de-look-extremo-de-noelia-marzol-se-dejo-el-pelo-corto-y-asi-quedo\/","og_site_name":"Fm Gente","article_published_time":"2025-11-08T21:05:34+00:00","og_image":[{"width":359,"height":226,"url":"https:\/\/fmgente.com.ar\/web\/wp-content\/uploads\/2025\/11\/NICO-VAZQUEZ-DAI-CARLITOS-GONZALES-CREEDITO-5-359x226-38.jpg","type":"image\/jpeg"}],"twitter_card":"summary_large_image","twitter_misc":{"Tiempo de lectura":"2 minutos"},"schema":{"@context":"https:\/\/schema.org","@graph":[{"@type":"Article","@id":"https:\/\/fmgente.com.ar\/web\/el-cambio-de-look-extremo-de-noelia-marzol-se-dejo-el-pelo-corto-y-asi-quedo\/#article","isPartOf":{"@id":"https:\/\/fmgente.com.ar\/web\/el-cambio-de-look-extremo-de-noelia-marzol-se-dejo-el-pelo-corto-y-asi-quedo\/"},"author":{"name":"","@id":""},"headline":"El cambio de look extremo de Noelia Marzol: se dej\u00f3 el pelo corto y asi qued\u00f3","datePublished":"2025-11-08T21:05:34+00:00","mainEntityOfPage":{"@id":"https:\/\/fmgente.com.ar\/web\/el-cambio-de-look-extremo-de-noelia-marzol-se-dejo-el-pelo-corto-y-asi-quedo\/"},"wordCount":498,"publisher":{"@id":"https:\/\/fmgente.com.ar\/web\/#organization"},"image":{"@id":"https:\/\/fmgente.com.ar\/web\/el-cambio-de-look-extremo-de-noelia-marzol-se-dejo-el-pelo-corto-y-asi-quedo\/#primaryimage"},"thumbnailUrl":"https:\/\/fmgente.com.ar\/web\/wp-content\/uploads\/2025\/11\/NICO-VAZQUEZ-DAI-CARLITOS-GONZALES-CREEDITO-5-359x226-38.jpg","articleSection":["DESTACADAS"],"inLanguage":"es"},{"@type":"WebPage","@id":"https:\/\/fmgente.com.ar\/web\/el-cambio-de-look-extremo-de-noelia-marzol-se-dejo-el-pelo-corto-y-asi-quedo\/","url":"https:\/\/fmgente.com.ar\/web\/el-cambio-de-look-extremo-de-noelia-marzol-se-dejo-el-pelo-corto-y-asi-quedo\/","name":"El cambio de look extremo de Noelia Marzol: se dej\u00f3 el pelo corto y asi qued\u00f3 - Fm Gente","isPartOf":{"@id":"https:\/\/fmgente.com.ar\/web\/#website"},"primaryImageOfPage":{"@id":"https:\/\/fmgente.com.ar\/web\/el-cambio-de-look-extremo-de-noelia-marzol-se-dejo-el-pelo-corto-y-asi-quedo\/#primaryimage"},"image":{"@id":"https:\/\/fmgente.com.ar\/web\/el-cambio-de-look-extremo-de-noelia-marzol-se-dejo-el-pelo-corto-y-asi-quedo\/#primaryimage"},"thumbnailUrl":"https:\/\/fmgente.com.ar\/web\/wp-content\/uploads\/2025\/11\/NICO-VAZQUEZ-DAI-CARLITOS-GONZALES-CREEDITO-5-359x226-38.jpg","datePublished":"2025-11-08T21:05:34+00:00","inLanguage":"es","potentialAction":[{"@type":"ReadAction","target":["https:\/\/fmgente.com.ar\/web\/el-cambio-de-look-extremo-de-noelia-marzol-se-dejo-el-pelo-corto-y-asi-quedo\/"]}]},{"@type":"ImageObject","inLanguage":"es","@id":"https:\/\/fmgente.com.ar\/web\/el-cambio-de-look-extremo-de-noelia-marzol-se-dejo-el-pelo-corto-y-asi-quedo\/#primaryimage","url":"https:\/\/fmgente.com.ar\/web\/wp-content\/uploads\/2025\/11\/NICO-VAZQUEZ-DAI-CARLITOS-GONZALES-CREEDITO-5-359x226-38.jpg","contentUrl":"https:\/\/fmgente.com.ar\/web\/wp-content\/uploads\/2025\/11\/NICO-VAZQUEZ-DAI-CARLITOS-GONZALES-CREEDITO-5-359x226-38.jpg","width":359,"height":226},{"@type":"WebSite","@id":"https:\/\/fmgente.com.ar\/web\/#website","url":"https:\/\/fmgente.com.ar\/web\/","name":"Fm Gente","description":"- Jes\u00fas Mar\u00eda","publisher":{"@id":"https:\/\/fmgente.com.ar\/web\/#organization"},"potentialAction":[{"@type":"SearchAction","target":{"@type":"EntryPoint","urlTemplate":"https:\/\/fmgente.com.ar\/web\/?s={search_term_string}"},"query-input":{"@type":"PropertyValueSpecification","valueRequired":true,"valueName":"search_term_string"}}],"inLanguage":"es"},{"@type":"Organization","@id":"https:\/\/fmgente.com.ar\/web\/#organization","name":"Fm Gente","url":"https:\/\/fmgente.com.ar\/web\/","logo":{"@type":"ImageObject","inLanguage":"es","@id":"https:\/\/fmgente.com.ar\/web\/#\/schema\/logo\/image\/","url":"https:\/\/fmgente.com.ar\/web\/wp-content\/uploads\/2023\/07\/cropped-cropped-logo-sombra2.png","contentUrl":"https:\/\/fmgente.com.ar\/web\/wp-content\/uploads\/2023\/07\/cropped-cropped-logo-sombra2.png","width":1782,"height":1782,"caption":"Fm Gente"},"image":{"@id":"https:\/\/fmgente.com.ar\/web\/#\/schema\/logo\/image\/"}}]}},"_links":{"self":[{"href":"https:\/\/fmgente.com.ar\/web\/wp-json\/wp\/v2\/posts\/9132","targetHints":{"allow":["GET"]}}],"collection":[{"href":"https:\/\/fmgente.com.ar\/web\/wp-json\/wp\/v2\/posts"}],"about":[{"href":"https:\/\/fmgente.com.ar\/web\/wp-json\/wp\/v2\/types\/post"}],"replies":[{"embeddable":true,"href":"https:\/\/fmgente.com.ar\/web\/wp-json\/wp\/v2\/comments?post=9132"}],"version-history":[{"count":0,"href":"https:\/\/fmgente.com.ar\/web\/wp-json\/wp\/v2\/posts\/9132\/revisions"}],"wp:featuredmedia":[{"embeddable":true,"href":"https:\/\/fmgente.com.ar\/web\/wp-json\/wp\/v2\/media\/9133"}],"wp:attachment":[{"href":"https:\/\/fmgente.com.ar\/web\/wp-json\/wp\/v2\/media?parent=9132"}],"wp:term":[{"taxonomy":"category","embeddable":true,"href":"https:\/\/fmgente.com.ar\/web\/wp-json\/wp\/v2\/categories?post=9132"},{"taxonomy":"post_tag","embeddable":true,"href":"https:\/\/fmgente.com.ar\/web\/wp-json\/wp\/v2\/tags?post=9132"}],"curies":[{"name":"wp","href":"https:\/\/api.w.org\/{rel}","templated":true}]}}