{"id":9130,"date":"2025-11-08T17:05:13","date_gmt":"2025-11-08T20:05:13","guid":{"rendered":"https:\/\/fmgente.com.ar\/el-gesto-de-emilia-mernes-con-tini-stoessel-en-medio-de-su-escandalosa-pelea\/"},"modified":"2025-11-08T17:05:13","modified_gmt":"2025-11-08T20:05:13","slug":"el-gesto-de-emilia-mernes-con-tini-stoessel-en-medio-de-su-escandalosa-pelea","status":"publish","type":"post","link":"https:\/\/fmgente.com.ar\/web\/el-gesto-de-emilia-mernes-con-tini-stoessel-en-medio-de-su-escandalosa-pelea\/","title":{"rendered":"El gesto de Emilia Mernes con Tini Stoessel en medio de su escandalosa pelea"},"content":{"rendered":"<p>La tensi\u00f3n entre <a href=\"https:\/\/www.paparazzi.com.ar\/?s=Emilia+Mernes\">Emilia Mernes<\/a> y <a href=\"https:\/\/www.paparazzi.com.ar\/?s=Tini+Stoessel\">Tini Stoessel<\/a> volvi\u00f3 a quedar expuesta en uno de los escenarios m\u00e1s importantes de la m\u00fasica hispana. Durante los <strong>40 Music Awards<\/strong>, la entrerriana subi\u00f3 a recibir el premio por <strong>BlackOut<\/strong> y sorprendi\u00f3 a todos cuando dedic\u00f3 el reconocimiento a <strong>Nicki Nicole<\/strong> y a la propia <strong>Martina<\/strong>, justo en medio de los rumores de quiebre entre ellas. <\/p>\n<p>En su discurso, <strong>Emilia <\/strong>expres\u00f3: <strong>\u201c<\/strong><em>Much\u00edsimas gracias. Primero quiero agradecer a mis compa\u00f1eras con quienes hice esta canci\u00f3n tan linda. Quiero pedir un fuerte aplauso para Nicki y para Tini. Me encanta que seamos cada vez m\u00e1s mujeres, m\u00e1s argentinas, y que se reconozca nuestro trabajo<\/em><strong>\u201d<\/strong>. <\/p>\n<p><strong>Nicki Nicole<\/strong> fue la primera en responder y dej\u00f3 su postura por escrito: <strong>\u201c<\/strong><em>Princesa, m\u00e1s que merecido ese premio y todos tus logros. Te adoro\u201d.<\/em> Su mensaje reforz\u00f3 el v\u00ednculo entre ambas. Sin embargo, del lado de <strong>Tini <\/strong>rein\u00f3 el silencio absoluto.<\/p>\n<div class=\"mt-box \">\n<h4 class=\"mt-heading\">Mir\u00e1 Tambi\u00e9n<\/h4>\n<p><a href=\"https:\/\/www.paparazzi.com.ar\/videos\/exclusivo-marcelo-polino-hablo-como-nunca-de-su-vida-intima-y-conto-cuando-fue-la-ultima-vez-que-tuvo-sexo-con-una-mujer\/\"><\/p>\n<div class=\"mt-content\">\n<div class=\"mt-image-container\"><img decoding=\"async\" src=\"https:\/\/www.paparazzi.com.ar\/wp-content\/uploads\/2025\/09\/IMG_5980.jpg.webp\" alt=\"\u00a1Exclusivo! Marcelo Polino habl\u00f3 como nunca de su vida \u00edntima y cont\u00f3 cu\u00e1ndo fue la \u00faltima vez que tuvo sexo con una mujer\u00a0\" class=\"mt-image\" loading=\"lazy\" \/><\/div>\n<h5 class=\"mt-title\">\u00a1Exclusivo! Marcelo Polino habl\u00f3 como nunca de su vida \u00edntima y cont\u00f3 cu\u00e1ndo fue la \u00faltima vez que tuvo sexo con una mujer\u00a0<\/h5>\n<\/div>\n<p><\/a><\/div>\n<p>La supuesta interna empez\u00f3 cuando el periodista <strong>Gustavo M\u00e9ndez<\/strong> dio detalles. \u00c9l mencion\u00f3 que parte del conflicto habr\u00eda surgido por una situaci\u00f3n con los bailarines: <strong>\u201c<\/strong><em>Hab\u00eda unos bailarines que formaban parte del staff de Tini y se fueron de gira con Emilia. Despu\u00e9s de eso, los convocaron al casting de Futttura y no quedaron<\/em><strong>\u201d<\/strong>. <\/p>\n<h2 class=\"wp-block-heading\">LA INVITACI\u00d3N QUE NUNCA LLEG\u00d3<\/h2>\n<p>La ausencia de <strong>Emilia <\/strong>en <strong>Futttura<\/strong>, el nuevo show de <strong>Tini<\/strong>, solo profundiz\u00f3 la idea de distanciamiento. Mientras ella qued\u00f3 afuera, <strong>Nicki Nicole<\/strong> s\u00ed recibi\u00f3 la invitaci\u00f3n para participar. Ese contraste aliment\u00f3 la narrativa de una ruptura entre las excolegas de <strong>BlackOut<\/strong>, que hasta hace meses posaban juntas sin dejar rastro.<\/p>\n<p>Pero la actitud de <strong>Emilia <\/strong>en Barcelona marc\u00f3 un nuevo cap\u00edtulo. Lejos de responder con frialdad, tendi\u00f3 un puente p\u00fablico que muchos interpretaron como un intento de bajar el tono de la pelea. <strong>Tini<\/strong>, por ahora, eligi\u00f3 no hacer eco. Sin embargo, el gesto qued\u00f3 grabado.<\/p>\n<div class=\"mt-box \">\n<h4 class=\"mt-heading\">Mir\u00e1 Tambi\u00e9n<\/h4>\n<p><a href=\"https:\/\/www.paparazzi.com.ar\/teve\/la-bomba-de-yanina-latorre-sobre-una-mega-famosa-del-mundo-del-espectaculo-tiene-problemas-de\/\"><\/p>\n<div class=\"mt-content\">\n<div class=\"mt-image-container\"><img decoding=\"async\" src=\"https:\/\/www.paparazzi.com.ar\/wp-content\/uploads\/2025\/11\/La-bomba-de-Yanina-Latorre-sobre-una-mega-famosa-del-mundo-del-espectaculo-22Tiene-problemas-de.22-359x226.jpg\" alt=\"La bomba de Yanina Latorre sobre una mega famosa del mundo del espect\u00e1culo: &quot;Tiene problemas de...&quot;\" class=\"mt-image\" loading=\"lazy\" \/><\/div>\n<h5 class=\"mt-title\">La bomba de Yanina Latorre sobre una mega famosa del mundo del espect\u00e1culo: \u00abTiene problemas de&#8230;\u00bb<\/h5>\n<\/div>\n<p><\/a><\/div>\n<div class=\"mt-box \">\n<h4 class=\"mt-heading\">Mir\u00e1 Tambi\u00e9n<\/h4>\n<p><a href=\"https:\/\/www.paparazzi.com.ar\/teve\/la-escandalosa-verdad-detras-de-la-pelea-de-angel-de-brito-y-beto-casella\/\"><\/p>\n<div class=\"mt-content\">\n<div class=\"mt-image-container\"><img decoding=\"async\" src=\"https:\/\/www.paparazzi.com.ar\/wp-content\/uploads\/2025\/11\/image-105-359x226.png\" alt=\"La escandalosa verdad detr\u00e1s de la pelea de \u00c1ngel de Brito y Beto Casella\" class=\"mt-image\" loading=\"lazy\" \/><\/div>\n<h5 class=\"mt-title\">La escandalosa verdad detr\u00e1s de la pelea de \u00c1ngel de Brito y Beto Casella<\/h5>\n<\/div>\n<p><\/a><\/div>\n<p>The post <a href=\"https:\/\/www.paparazzi.com.ar\/teve\/el-gesto-de-emilia-mernes-con-tini-stoessel-en-medio-de-su-escandalosa-pelea\/\">El gesto de Emilia Mernes con Tini Stoessel en medio de su escandalosa pelea<\/a> appeared first on <a href=\"https:\/\/www.paparazzi.com.ar\">Revista Paparazzi<\/a>.<\/p>\n","protected":false},"excerpt":{"rendered":"<p>La tensi\u00f3n entre Emilia Mernes y Tini Stoessel volvi\u00f3 a quedar expuesta en uno de<\/p>\n","protected":false},"author":0,"featured_media":9131,"comment_status":"","ping_status":"","sticky":false,"template":"","format":"standard","meta":{"footnotes":""},"categories":[11],"tags":[],"class_list":["post-9130","post","type-post","status-publish","format-standard","has-post-thumbnail","hentry","category-destacadas"],"yoast_head":"<!-- This site is optimized with the Yoast SEO plugin v27.4 - https:\/\/yoast.com\/product\/yoast-seo-wordpress\/ -->\n<title>El gesto de Emilia Mernes con Tini Stoessel en medio de su escandalosa pelea - Fm Gente<\/title>\n<meta name=\"robots\" content=\"index, follow, max-snippet:-1, max-image-preview:large, max-video-preview:-1\" \/>\n<link rel=\"canonical\" href=\"https:\/\/fmgente.com.ar\/web\/el-gesto-de-emilia-mernes-con-tini-stoessel-en-medio-de-su-escandalosa-pelea\/\" \/>\n<meta property=\"og:locale\" content=\"es_ES\" \/>\n<meta property=\"og:type\" content=\"article\" \/>\n<meta property=\"og:title\" content=\"El gesto de Emilia Mernes con Tini Stoessel en medio de su escandalosa pelea - Fm Gente\" \/>\n<meta property=\"og:description\" content=\"La tensi\u00f3n entre Emilia Mernes y Tini Stoessel volvi\u00f3 a quedar expuesta en uno de\" \/>\n<meta property=\"og:url\" content=\"https:\/\/fmgente.com.ar\/web\/el-gesto-de-emilia-mernes-con-tini-stoessel-en-medio-de-su-escandalosa-pelea\/\" \/>\n<meta property=\"og:site_name\" content=\"Fm Gente\" \/>\n<meta property=\"article:published_time\" content=\"2025-11-08T20:05:13+00:00\" \/>\n<meta property=\"og:image\" content=\"https:\/\/fmgente.com.ar\/web\/wp-content\/uploads\/2025\/11\/IMG_5980.jpg-9.webp\" \/>\n\t<meta property=\"og:image:width\" content=\"1900\" \/>\n\t<meta property=\"og:image:height\" content=\"1425\" \/>\n\t<meta property=\"og:image:type\" content=\"image\/webp\" \/>\n<meta name=\"twitter:card\" content=\"summary_large_image\" \/>\n<meta name=\"twitter:label1\" content=\"Tiempo de lectura\" \/>\n\t<meta name=\"twitter:data1\" content=\"2 minutos\" \/>\n<script type=\"application\/ld+json\" class=\"yoast-schema-graph\">{\"@context\":\"https:\\\/\\\/schema.org\",\"@graph\":[{\"@type\":\"Article\",\"@id\":\"https:\\\/\\\/fmgente.com.ar\\\/web\\\/el-gesto-de-emilia-mernes-con-tini-stoessel-en-medio-de-su-escandalosa-pelea\\\/#article\",\"isPartOf\":{\"@id\":\"https:\\\/\\\/fmgente.com.ar\\\/web\\\/el-gesto-de-emilia-mernes-con-tini-stoessel-en-medio-de-su-escandalosa-pelea\\\/\"},\"author\":{\"name\":\"\",\"@id\":\"\"},\"headline\":\"El gesto de Emilia Mernes con Tini Stoessel en medio de su escandalosa pelea\",\"datePublished\":\"2025-11-08T20:05:13+00:00\",\"mainEntityOfPage\":{\"@id\":\"https:\\\/\\\/fmgente.com.ar\\\/web\\\/el-gesto-de-emilia-mernes-con-tini-stoessel-en-medio-de-su-escandalosa-pelea\\\/\"},\"wordCount\":425,\"publisher\":{\"@id\":\"https:\\\/\\\/fmgente.com.ar\\\/web\\\/#organization\"},\"image\":{\"@id\":\"https:\\\/\\\/fmgente.com.ar\\\/web\\\/el-gesto-de-emilia-mernes-con-tini-stoessel-en-medio-de-su-escandalosa-pelea\\\/#primaryimage\"},\"thumbnailUrl\":\"https:\\\/\\\/fmgente.com.ar\\\/web\\\/wp-content\\\/uploads\\\/2025\\\/11\\\/IMG_5980.jpg-9.webp\",\"articleSection\":[\"DESTACADAS\"],\"inLanguage\":\"es\"},{\"@type\":\"WebPage\",\"@id\":\"https:\\\/\\\/fmgente.com.ar\\\/web\\\/el-gesto-de-emilia-mernes-con-tini-stoessel-en-medio-de-su-escandalosa-pelea\\\/\",\"url\":\"https:\\\/\\\/fmgente.com.ar\\\/web\\\/el-gesto-de-emilia-mernes-con-tini-stoessel-en-medio-de-su-escandalosa-pelea\\\/\",\"name\":\"El gesto de Emilia Mernes con Tini Stoessel en medio de su escandalosa pelea - Fm Gente\",\"isPartOf\":{\"@id\":\"https:\\\/\\\/fmgente.com.ar\\\/web\\\/#website\"},\"primaryImageOfPage\":{\"@id\":\"https:\\\/\\\/fmgente.com.ar\\\/web\\\/el-gesto-de-emilia-mernes-con-tini-stoessel-en-medio-de-su-escandalosa-pelea\\\/#primaryimage\"},\"image\":{\"@id\":\"https:\\\/\\\/fmgente.com.ar\\\/web\\\/el-gesto-de-emilia-mernes-con-tini-stoessel-en-medio-de-su-escandalosa-pelea\\\/#primaryimage\"},\"thumbnailUrl\":\"https:\\\/\\\/fmgente.com.ar\\\/web\\\/wp-content\\\/uploads\\\/2025\\\/11\\\/IMG_5980.jpg-9.webp\",\"datePublished\":\"2025-11-08T20:05:13+00:00\",\"inLanguage\":\"es\",\"potentialAction\":[{\"@type\":\"ReadAction\",\"target\":[\"https:\\\/\\\/fmgente.com.ar\\\/web\\\/el-gesto-de-emilia-mernes-con-tini-stoessel-en-medio-de-su-escandalosa-pelea\\\/\"]}]},{\"@type\":\"ImageObject\",\"inLanguage\":\"es\",\"@id\":\"https:\\\/\\\/fmgente.com.ar\\\/web\\\/el-gesto-de-emilia-mernes-con-tini-stoessel-en-medio-de-su-escandalosa-pelea\\\/#primaryimage\",\"url\":\"https:\\\/\\\/fmgente.com.ar\\\/web\\\/wp-content\\\/uploads\\\/2025\\\/11\\\/IMG_5980.jpg-9.webp\",\"contentUrl\":\"https:\\\/\\\/fmgente.com.ar\\\/web\\\/wp-content\\\/uploads\\\/2025\\\/11\\\/IMG_5980.jpg-9.webp\",\"width\":1900,\"height\":1425},{\"@type\":\"WebSite\",\"@id\":\"https:\\\/\\\/fmgente.com.ar\\\/web\\\/#website\",\"url\":\"https:\\\/\\\/fmgente.com.ar\\\/web\\\/\",\"name\":\"Fm Gente\",\"description\":\"- Jes\u00fas Mar\u00eda\",\"publisher\":{\"@id\":\"https:\\\/\\\/fmgente.com.ar\\\/web\\\/#organization\"},\"potentialAction\":[{\"@type\":\"SearchAction\",\"target\":{\"@type\":\"EntryPoint\",\"urlTemplate\":\"https:\\\/\\\/fmgente.com.ar\\\/web\\\/?s={search_term_string}\"},\"query-input\":{\"@type\":\"PropertyValueSpecification\",\"valueRequired\":true,\"valueName\":\"search_term_string\"}}],\"inLanguage\":\"es\"},{\"@type\":\"Organization\",\"@id\":\"https:\\\/\\\/fmgente.com.ar\\\/web\\\/#organization\",\"name\":\"Fm Gente\",\"url\":\"https:\\\/\\\/fmgente.com.ar\\\/web\\\/\",\"logo\":{\"@type\":\"ImageObject\",\"inLanguage\":\"es\",\"@id\":\"https:\\\/\\\/fmgente.com.ar\\\/web\\\/#\\\/schema\\\/logo\\\/image\\\/\",\"url\":\"https:\\\/\\\/fmgente.com.ar\\\/web\\\/wp-content\\\/uploads\\\/2023\\\/07\\\/cropped-cropped-logo-sombra2.png\",\"contentUrl\":\"https:\\\/\\\/fmgente.com.ar\\\/web\\\/wp-content\\\/uploads\\\/2023\\\/07\\\/cropped-cropped-logo-sombra2.png\",\"width\":1782,\"height\":1782,\"caption\":\"Fm Gente\"},\"image\":{\"@id\":\"https:\\\/\\\/fmgente.com.ar\\\/web\\\/#\\\/schema\\\/logo\\\/image\\\/\"}}]}<\/script>\n<!-- \/ Yoast SEO plugin. -->","yoast_head_json":{"title":"El gesto de Emilia Mernes con Tini Stoessel en medio de su escandalosa pelea - Fm Gente","robots":{"index":"index","follow":"follow","max-snippet":"max-snippet:-1","max-image-preview":"max-image-preview:large","max-video-preview":"max-video-preview:-1"},"canonical":"https:\/\/fmgente.com.ar\/web\/el-gesto-de-emilia-mernes-con-tini-stoessel-en-medio-de-su-escandalosa-pelea\/","og_locale":"es_ES","og_type":"article","og_title":"El gesto de Emilia Mernes con Tini Stoessel en medio de su escandalosa pelea - Fm Gente","og_description":"La tensi\u00f3n entre Emilia Mernes y Tini Stoessel volvi\u00f3 a quedar expuesta en uno de","og_url":"https:\/\/fmgente.com.ar\/web\/el-gesto-de-emilia-mernes-con-tini-stoessel-en-medio-de-su-escandalosa-pelea\/","og_site_name":"Fm Gente","article_published_time":"2025-11-08T20:05:13+00:00","og_image":[{"width":1900,"height":1425,"url":"https:\/\/fmgente.com.ar\/web\/wp-content\/uploads\/2025\/11\/IMG_5980.jpg-9.webp","type":"image\/webp"}],"twitter_card":"summary_large_image","twitter_misc":{"Tiempo de lectura":"2 minutos"},"schema":{"@context":"https:\/\/schema.org","@graph":[{"@type":"Article","@id":"https:\/\/fmgente.com.ar\/web\/el-gesto-de-emilia-mernes-con-tini-stoessel-en-medio-de-su-escandalosa-pelea\/#article","isPartOf":{"@id":"https:\/\/fmgente.com.ar\/web\/el-gesto-de-emilia-mernes-con-tini-stoessel-en-medio-de-su-escandalosa-pelea\/"},"author":{"name":"","@id":""},"headline":"El gesto de Emilia Mernes con Tini Stoessel en medio de su escandalosa pelea","datePublished":"2025-11-08T20:05:13+00:00","mainEntityOfPage":{"@id":"https:\/\/fmgente.com.ar\/web\/el-gesto-de-emilia-mernes-con-tini-stoessel-en-medio-de-su-escandalosa-pelea\/"},"wordCount":425,"publisher":{"@id":"https:\/\/fmgente.com.ar\/web\/#organization"},"image":{"@id":"https:\/\/fmgente.com.ar\/web\/el-gesto-de-emilia-mernes-con-tini-stoessel-en-medio-de-su-escandalosa-pelea\/#primaryimage"},"thumbnailUrl":"https:\/\/fmgente.com.ar\/web\/wp-content\/uploads\/2025\/11\/IMG_5980.jpg-9.webp","articleSection":["DESTACADAS"],"inLanguage":"es"},{"@type":"WebPage","@id":"https:\/\/fmgente.com.ar\/web\/el-gesto-de-emilia-mernes-con-tini-stoessel-en-medio-de-su-escandalosa-pelea\/","url":"https:\/\/fmgente.com.ar\/web\/el-gesto-de-emilia-mernes-con-tini-stoessel-en-medio-de-su-escandalosa-pelea\/","name":"El gesto de Emilia Mernes con Tini Stoessel en medio de su escandalosa pelea - Fm Gente","isPartOf":{"@id":"https:\/\/fmgente.com.ar\/web\/#website"},"primaryImageOfPage":{"@id":"https:\/\/fmgente.com.ar\/web\/el-gesto-de-emilia-mernes-con-tini-stoessel-en-medio-de-su-escandalosa-pelea\/#primaryimage"},"image":{"@id":"https:\/\/fmgente.com.ar\/web\/el-gesto-de-emilia-mernes-con-tini-stoessel-en-medio-de-su-escandalosa-pelea\/#primaryimage"},"thumbnailUrl":"https:\/\/fmgente.com.ar\/web\/wp-content\/uploads\/2025\/11\/IMG_5980.jpg-9.webp","datePublished":"2025-11-08T20:05:13+00:00","inLanguage":"es","potentialAction":[{"@type":"ReadAction","target":["https:\/\/fmgente.com.ar\/web\/el-gesto-de-emilia-mernes-con-tini-stoessel-en-medio-de-su-escandalosa-pelea\/"]}]},{"@type":"ImageObject","inLanguage":"es","@id":"https:\/\/fmgente.com.ar\/web\/el-gesto-de-emilia-mernes-con-tini-stoessel-en-medio-de-su-escandalosa-pelea\/#primaryimage","url":"https:\/\/fmgente.com.ar\/web\/wp-content\/uploads\/2025\/11\/IMG_5980.jpg-9.webp","contentUrl":"https:\/\/fmgente.com.ar\/web\/wp-content\/uploads\/2025\/11\/IMG_5980.jpg-9.webp","width":1900,"height":1425},{"@type":"WebSite","@id":"https:\/\/fmgente.com.ar\/web\/#website","url":"https:\/\/fmgente.com.ar\/web\/","name":"Fm Gente","description":"- Jes\u00fas Mar\u00eda","publisher":{"@id":"https:\/\/fmgente.com.ar\/web\/#organization"},"potentialAction":[{"@type":"SearchAction","target":{"@type":"EntryPoint","urlTemplate":"https:\/\/fmgente.com.ar\/web\/?s={search_term_string}"},"query-input":{"@type":"PropertyValueSpecification","valueRequired":true,"valueName":"search_term_string"}}],"inLanguage":"es"},{"@type":"Organization","@id":"https:\/\/fmgente.com.ar\/web\/#organization","name":"Fm Gente","url":"https:\/\/fmgente.com.ar\/web\/","logo":{"@type":"ImageObject","inLanguage":"es","@id":"https:\/\/fmgente.com.ar\/web\/#\/schema\/logo\/image\/","url":"https:\/\/fmgente.com.ar\/web\/wp-content\/uploads\/2023\/07\/cropped-cropped-logo-sombra2.png","contentUrl":"https:\/\/fmgente.com.ar\/web\/wp-content\/uploads\/2023\/07\/cropped-cropped-logo-sombra2.png","width":1782,"height":1782,"caption":"Fm Gente"},"image":{"@id":"https:\/\/fmgente.com.ar\/web\/#\/schema\/logo\/image\/"}}]}},"_links":{"self":[{"href":"https:\/\/fmgente.com.ar\/web\/wp-json\/wp\/v2\/posts\/9130","targetHints":{"allow":["GET"]}}],"collection":[{"href":"https:\/\/fmgente.com.ar\/web\/wp-json\/wp\/v2\/posts"}],"about":[{"href":"https:\/\/fmgente.com.ar\/web\/wp-json\/wp\/v2\/types\/post"}],"replies":[{"embeddable":true,"href":"https:\/\/fmgente.com.ar\/web\/wp-json\/wp\/v2\/comments?post=9130"}],"version-history":[{"count":0,"href":"https:\/\/fmgente.com.ar\/web\/wp-json\/wp\/v2\/posts\/9130\/revisions"}],"wp:featuredmedia":[{"embeddable":true,"href":"https:\/\/fmgente.com.ar\/web\/wp-json\/wp\/v2\/media\/9131"}],"wp:attachment":[{"href":"https:\/\/fmgente.com.ar\/web\/wp-json\/wp\/v2\/media?parent=9130"}],"wp:term":[{"taxonomy":"category","embeddable":true,"href":"https:\/\/fmgente.com.ar\/web\/wp-json\/wp\/v2\/categories?post=9130"},{"taxonomy":"post_tag","embeddable":true,"href":"https:\/\/fmgente.com.ar\/web\/wp-json\/wp\/v2\/tags?post=9130"}],"curies":[{"name":"wp","href":"https:\/\/api.w.org\/{rel}","templated":true}]}}