{"id":9128,"date":"2025-11-08T17:05:12","date_gmt":"2025-11-08T20:05:12","guid":{"rendered":"https:\/\/fmgente.com.ar\/bebe-en-camino-nico-occhiato-y-el-fuerte-anuncio-sobre-su-paternidad-junto-a-flor-jazmin-pena-estamos\/"},"modified":"2025-11-08T17:05:12","modified_gmt":"2025-11-08T20:05:12","slug":"bebe-en-camino-nico-occhiato-y-el-fuerte-anuncio-sobre-su-paternidad-junto-a-flor-jazmin-pena-estamos","status":"publish","type":"post","link":"https:\/\/fmgente.com.ar\/web\/bebe-en-camino-nico-occhiato-y-el-fuerte-anuncio-sobre-su-paternidad-junto-a-flor-jazmin-pena-estamos\/","title":{"rendered":"\u00bfBeb\u00e9 en camino? Nico Occhiato y el fuerte anuncio sobre su paternidad junto a Flor Jazm\u00edn Pe\u00f1a: \u201cEstamos\u2026\u201d\u00a0"},"content":{"rendered":"<p>Desde que blanquearon su romance en el verano de 2023, <strong>Nico Occhiato<\/strong> y <strong>Flor Jazm\u00edn Pe\u00f1a<\/strong> se convirtieron en una de las parejas m\u00e1s queridas del mundo del espect\u00e1culo. Entre ellos existe una qu\u00edmica muy fuerte, que surgi\u00f3 desde la \u00e9poca del Bailando 2019 que ganaron como dupla y que se fue alimentando a lo largo de los a\u00f1os en <strong>Luzu TV<\/strong>, con <strong><em>Nadie dice nada<\/em><\/strong>.<\/p>\n<p>El paso del tiempo hizo que <strong><a href=\"https:\/\/www.paparazzi.com.ar\/teve\/quien-es-el-famoso-que-confeso-estar-haciendo-terapia-tras-pelearse-con-nico-occhiato\/\">Occhiato<\/a><\/strong> y <strong>Flor Jazm\u00edn<\/strong> comiencen a transitar un amor que cada vez se ha vuelto m\u00e1s s\u00f3lido. A pesar de que en su momento se instalaron rumores de crisis y hasta de separaci\u00f3n, ellos vienen demostrando que su noviazgo se fortalece cada vez m\u00e1s. Y ahora la sorpresa es que, por primera vez, el conductor se anim\u00f3 a hablar de un tema clave: la paternidad.<\/p>\n<p>Cerca de cumplir 33 a\u00f1os y definitivamente atravesando su mejor momento profesional, <strong><a href=\"https:\/\/www.paparazzi.com.ar\/romances\/flor-jazmin-pena-confeso-amor-nico-occhiato\/\">Nico<\/a><\/strong> tambi\u00e9n vive un momento clave dentro de su vida privada. Los proyectos como familia empiezan a aparecer y obviamente hay charlas que tiene en la intimidad con la bailarina. As\u00ed las cosas, se confes\u00f3 en el reciente ciclo de<strong> <em>A punto<\/em><\/strong>, programa que conducen sus amigos <strong>Gasti Pisano<\/strong> y <strong>el Colo<\/strong>.<\/p>\n<div class=\"mt-box \">\n<h4 class=\"mt-heading\">Mir\u00e1 Tambi\u00e9n<\/h4>\n<p><a href=\"https:\/\/www.paparazzi.com.ar\/teve\/el-rumor-del-romance-mas-escandaloso-que-se-confirmo-en-la-ppz-fest\/\"><\/p>\n<div class=\"mt-content\">\n<div class=\"mt-image-container\"><img decoding=\"async\" src=\"https:\/\/www.paparazzi.com.ar\/wp-content\/uploads\/2025\/10\/Zoe-Bogach-ok-ok-359x226.jpg\" alt=\"El rumor del romance m\u00e1s escandaloso que se confirm\u00f3 en la PPZ Fest\" class=\"mt-image\" loading=\"lazy\" \/><\/div>\n<h5 class=\"mt-title\">El rumor del romance m\u00e1s escandaloso que se confirm\u00f3 en la PPZ Fest<\/h5>\n<\/div>\n<p><\/a><\/div>\n<p><em>\u201cAntes de Flor, para m\u00ed era dif\u00edcil pensar en si me iba a enamorar. La verdad que no me ve\u00eda, me estaba costando y estaba con ganas de formalizar algo\u201d<\/em>, comenz\u00f3 reconociendo <strong><a href=\"https:\/\/www.paparazzi.com.ar\/teve\/flor-jazmin-pena-revelo-la-profunda-crisis-que-tuvo-por-culpa-de-nico-occhiato\/\">Occhiato<\/a><\/strong> sobre su pareja con <strong>Flor<\/strong>. Luego agreg\u00f3 c\u00f3mo viven ese amor: <em>\u201cEncontr\u00e9 una paz que no sab\u00eda que exist\u00eda. Una tranquilidad estar tan enamorado que hace que te sientas tranquilo que no hay opci\u00f3n mejor para compartir la vida. No hay nada mejor que eso. Se siente como familia. Flasheamos como que hace 20 a\u00f1os que estamos juntos. Es como que fue hace siempre\u201d<\/em>.<\/p>\n<h2 class=\"wp-block-heading\">NICO OCCHIATO REVEL\u00d3 LA CHARLA QUE TUVO CON FLOR JAZM\u00cdN PE\u00d1A SOBRE TENER HIJOS<\/h2>\n<p>Pero el plato fuerte vendr\u00eda despu\u00e9s, cuando Gasti le pregunt\u00f3 a <strong>Nico<\/strong> si ya ten\u00eda planes de ser padre junto a su novia. <em>\u201c\u00bfLa verdad? Obviamente con Flor es con la primera persona que empezamos a hablar de esto. Obvio. Llega un momento donde lo ten\u00e9s que hablar, y m\u00e1s cuando est\u00e1s tan enamorado\u201d<\/em>, confes\u00f3 el conductor de Luzu.<\/p>\n<p>Sin embargo, <strong>Occhiato<\/strong> descarta que sea algo que pueda darse en un futuro cercano. <em>\u201cLos dos coincidimos que no es el momento. No es el momento porque no estamos en condiciones de pasar a segundo plano la vida de ninguno de los dos. Eso pasa\u2026\u201d<\/em>, revel\u00f3.&nbsp;Es que, definitivamente, a nivel profesional y personal, ambos se encuentran viviendo una actualidad de excelencia.<\/p>\n<div class=\"mt-box \">\n<h4 class=\"mt-heading\">Mir\u00e1 Tambi\u00e9n<\/h4>\n<p><a href=\"https:\/\/www.paparazzi.com.ar\/teve\/quien-es-el-famoso-que-confeso-estar-haciendo-terapia-tras-pelearse-con-nico-occhiato\/\"><\/p>\n<div class=\"mt-content\">\n<div class=\"mt-image-container\"><img decoding=\"async\" src=\"https:\/\/www.paparazzi.com.ar\/wp-content\/uploads\/2025\/11\/Nacho-Elizalde-359x226.jpg\" alt=\"Qui\u00e9n es el famoso que confes\u00f3 estar haciendo terapia tras pelearse con Nico Occhiato\" class=\"mt-image\" loading=\"lazy\" \/><\/div>\n<h5 class=\"mt-title\">Qui\u00e9n es el famoso que confes\u00f3 estar haciendo terapia tras pelearse con Nico Occhiato<\/h5>\n<\/div>\n<p><\/a><\/div>\n<p><em>\u201cPero que lo hayan hablado ya es un mont\u00f3n\u201d<\/em>, analiz\u00f3 Pisano. A lo que <strong>Nico<\/strong> coincidi\u00f3: <em>\u201cObvio. Cuando est\u00e1s tan enamorado y tan bien es imposible no pensar. Y tener una familia con Flor es lo m\u00e1s lindo que me puede pasar, obvio. A esta edad es algo que lo ten\u00e9s que charlar\u201d<\/em>.<\/p>\n<p><em>\u201cPero no estamos en un momento para relegar nuestras vidas. Ninguno de los dos. Y cuando uno tiene un hijo, pasa eso\u201d<\/em>, insisti\u00f3 <strong>Occhiato<\/strong>. En lo que definitivamente viene siendo un a\u00f1o de explosi\u00f3n total para ambos -\u00e9l con <strong>Luzu<\/strong> en la cima y su desembarco como conductor estrella de Telefe, y <strong>Flor<\/strong> adem\u00e1s del canal de streaming con sus proyectos art\u00edsticos en el teatro-, habr\u00e1 que esperar un poco m\u00e1s para pensar en cambiar pa\u00f1ales.<\/p>\n<div class=\"mt-box \">\n<h4 class=\"mt-heading\">Mir\u00e1 Tambi\u00e9n<\/h4>\n<p><a href=\"https:\/\/www.paparazzi.com.ar\/romances\/flor-jazmin-pena-confeso-amor-nico-occhiato\/\"><\/p>\n<div class=\"mt-content\">\n<div class=\"mt-image-container\"><img decoding=\"async\" src=\"https:\/\/www.paparazzi.com.ar\/wp-content\/uploads\/2025\/10\/flor-jazmin-pena-nico-occhiato-359x226.jpg\" alt=\"\u00a1Bruja! Flor Jazm\u00edn Pe\u00f1a cont\u00f3 c\u00f3mo descubri\u00f3 que Nico Occhiato la amaba: &quot;\u00c9l no lo sab\u00eda pero...&quot;\" class=\"mt-image\" loading=\"lazy\" \/><\/div>\n<h5 class=\"mt-title\">\u00a1Bruja! Flor Jazm\u00edn Pe\u00f1a cont\u00f3 c\u00f3mo descubri\u00f3 que Nico Occhiato la amaba: \u00ab\u00c9l no lo sab\u00eda pero&#8230;\u00bb<\/h5>\n<\/div>\n<p><\/a><\/div>\n<div class=\"mt-box \">\n<h4 class=\"mt-heading\">Mir\u00e1 Tambi\u00e9n<\/h4>\n<p><a href=\"https:\/\/www.paparazzi.com.ar\/teve\/flor-jazmin-pena-revelo-la-profunda-crisis-que-tuvo-por-culpa-de-nico-occhiato\/\"><\/p>\n<div class=\"mt-content\">\n<div class=\"mt-image-container\"><img decoding=\"async\" src=\"https:\/\/www.paparazzi.com.ar\/wp-content\/uploads\/2025\/08\/Nico-Occhiato-Flor-Jazmin-Pena.jpg.webp\" alt=\"Flor Jazm\u00edn Pe\u00f1a revel\u00f3 la profunda crisis que tuvo por culpa de Nico Occhiato\" class=\"mt-image\" loading=\"lazy\" \/><\/div>\n<h5 class=\"mt-title\">Flor Jazm\u00edn Pe\u00f1a revel\u00f3 la profunda crisis que tuvo por culpa de Nico Occhiato<\/h5>\n<\/div>\n<p><\/a><\/div>\n<p>The post <a href=\"https:\/\/www.paparazzi.com.ar\/romances\/bebe-en-camino-nico-occhiato-y-el-fuerte-anuncio-sobre-su-paternidad-junto-a-flor-jazmin-pena-estamos\/\">\u00bfBeb\u00e9 en camino? Nico Occhiato y el fuerte anuncio sobre su paternidad junto a Flor Jazm\u00edn Pe\u00f1a: \u201cEstamos\u2026\u201d\u00a0<\/a> appeared first on <a href=\"https:\/\/www.paparazzi.com.ar\">Revista Paparazzi<\/a>.<\/p>\n","protected":false},"excerpt":{"rendered":"<p>Desde que blanquearon su romance en el verano de 2023, Nico Occhiato y Flor Jazm\u00edn<\/p>\n","protected":false},"author":0,"featured_media":9129,"comment_status":"","ping_status":"","sticky":false,"template":"","format":"standard","meta":{"footnotes":""},"categories":[11],"tags":[],"class_list":["post-9128","post","type-post","status-publish","format-standard","has-post-thumbnail","hentry","category-destacadas"],"yoast_head":"<!-- This site is optimized with the Yoast SEO plugin v27.4 - https:\/\/yoast.com\/product\/yoast-seo-wordpress\/ -->\n<title>\u00bfBeb\u00e9 en camino? Nico Occhiato y el fuerte anuncio sobre su paternidad junto a Flor Jazm\u00edn Pe\u00f1a: \u201cEstamos\u2026\u201d\u00a0 - Fm Gente<\/title>\n<meta name=\"robots\" content=\"index, follow, max-snippet:-1, max-image-preview:large, max-video-preview:-1\" \/>\n<link rel=\"canonical\" href=\"https:\/\/fmgente.com.ar\/web\/bebe-en-camino-nico-occhiato-y-el-fuerte-anuncio-sobre-su-paternidad-junto-a-flor-jazmin-pena-estamos\/\" \/>\n<meta property=\"og:locale\" content=\"es_ES\" \/>\n<meta property=\"og:type\" content=\"article\" \/>\n<meta property=\"og:title\" content=\"\u00bfBeb\u00e9 en camino? Nico Occhiato y el fuerte anuncio sobre su paternidad junto a Flor Jazm\u00edn Pe\u00f1a: \u201cEstamos\u2026\u201d\u00a0 - Fm Gente\" \/>\n<meta property=\"og:description\" content=\"Desde que blanquearon su romance en el verano de 2023, Nico Occhiato y Flor Jazm\u00edn\" \/>\n<meta property=\"og:url\" content=\"https:\/\/fmgente.com.ar\/web\/bebe-en-camino-nico-occhiato-y-el-fuerte-anuncio-sobre-su-paternidad-junto-a-flor-jazmin-pena-estamos\/\" \/>\n<meta property=\"og:site_name\" content=\"Fm Gente\" \/>\n<meta property=\"article:published_time\" content=\"2025-11-08T20:05:12+00:00\" \/>\n<meta property=\"og:image\" content=\"https:\/\/fmgente.com.ar\/web\/wp-content\/uploads\/2025\/11\/Zoe-Bogach-ok-ok-359x226-59.jpg\" \/>\n\t<meta property=\"og:image:width\" content=\"359\" \/>\n\t<meta property=\"og:image:height\" content=\"226\" \/>\n\t<meta property=\"og:image:type\" content=\"image\/jpeg\" \/>\n<meta name=\"twitter:card\" content=\"summary_large_image\" \/>\n<meta name=\"twitter:label1\" content=\"Tiempo de lectura\" \/>\n\t<meta name=\"twitter:data1\" content=\"4 minutos\" \/>\n<script type=\"application\/ld+json\" class=\"yoast-schema-graph\">{\"@context\":\"https:\\\/\\\/schema.org\",\"@graph\":[{\"@type\":\"Article\",\"@id\":\"https:\\\/\\\/fmgente.com.ar\\\/web\\\/bebe-en-camino-nico-occhiato-y-el-fuerte-anuncio-sobre-su-paternidad-junto-a-flor-jazmin-pena-estamos\\\/#article\",\"isPartOf\":{\"@id\":\"https:\\\/\\\/fmgente.com.ar\\\/web\\\/bebe-en-camino-nico-occhiato-y-el-fuerte-anuncio-sobre-su-paternidad-junto-a-flor-jazmin-pena-estamos\\\/\"},\"author\":{\"name\":\"\",\"@id\":\"\"},\"headline\":\"\u00bfBeb\u00e9 en camino? Nico Occhiato y el fuerte anuncio sobre su paternidad junto a Flor Jazm\u00edn Pe\u00f1a: \u201cEstamos\u2026\u201d\u00a0\",\"datePublished\":\"2025-11-08T20:05:12+00:00\",\"mainEntityOfPage\":{\"@id\":\"https:\\\/\\\/fmgente.com.ar\\\/web\\\/bebe-en-camino-nico-occhiato-y-el-fuerte-anuncio-sobre-su-paternidad-junto-a-flor-jazmin-pena-estamos\\\/\"},\"wordCount\":723,\"publisher\":{\"@id\":\"https:\\\/\\\/fmgente.com.ar\\\/web\\\/#organization\"},\"image\":{\"@id\":\"https:\\\/\\\/fmgente.com.ar\\\/web\\\/bebe-en-camino-nico-occhiato-y-el-fuerte-anuncio-sobre-su-paternidad-junto-a-flor-jazmin-pena-estamos\\\/#primaryimage\"},\"thumbnailUrl\":\"https:\\\/\\\/fmgente.com.ar\\\/web\\\/wp-content\\\/uploads\\\/2025\\\/11\\\/Zoe-Bogach-ok-ok-359x226-59.jpg\",\"articleSection\":[\"DESTACADAS\"],\"inLanguage\":\"es\"},{\"@type\":\"WebPage\",\"@id\":\"https:\\\/\\\/fmgente.com.ar\\\/web\\\/bebe-en-camino-nico-occhiato-y-el-fuerte-anuncio-sobre-su-paternidad-junto-a-flor-jazmin-pena-estamos\\\/\",\"url\":\"https:\\\/\\\/fmgente.com.ar\\\/web\\\/bebe-en-camino-nico-occhiato-y-el-fuerte-anuncio-sobre-su-paternidad-junto-a-flor-jazmin-pena-estamos\\\/\",\"name\":\"\u00bfBeb\u00e9 en camino? Nico Occhiato y el fuerte anuncio sobre su paternidad junto a Flor Jazm\u00edn Pe\u00f1a: \u201cEstamos\u2026\u201d\u00a0 - Fm Gente\",\"isPartOf\":{\"@id\":\"https:\\\/\\\/fmgente.com.ar\\\/web\\\/#website\"},\"primaryImageOfPage\":{\"@id\":\"https:\\\/\\\/fmgente.com.ar\\\/web\\\/bebe-en-camino-nico-occhiato-y-el-fuerte-anuncio-sobre-su-paternidad-junto-a-flor-jazmin-pena-estamos\\\/#primaryimage\"},\"image\":{\"@id\":\"https:\\\/\\\/fmgente.com.ar\\\/web\\\/bebe-en-camino-nico-occhiato-y-el-fuerte-anuncio-sobre-su-paternidad-junto-a-flor-jazmin-pena-estamos\\\/#primaryimage\"},\"thumbnailUrl\":\"https:\\\/\\\/fmgente.com.ar\\\/web\\\/wp-content\\\/uploads\\\/2025\\\/11\\\/Zoe-Bogach-ok-ok-359x226-59.jpg\",\"datePublished\":\"2025-11-08T20:05:12+00:00\",\"inLanguage\":\"es\",\"potentialAction\":[{\"@type\":\"ReadAction\",\"target\":[\"https:\\\/\\\/fmgente.com.ar\\\/web\\\/bebe-en-camino-nico-occhiato-y-el-fuerte-anuncio-sobre-su-paternidad-junto-a-flor-jazmin-pena-estamos\\\/\"]}]},{\"@type\":\"ImageObject\",\"inLanguage\":\"es\",\"@id\":\"https:\\\/\\\/fmgente.com.ar\\\/web\\\/bebe-en-camino-nico-occhiato-y-el-fuerte-anuncio-sobre-su-paternidad-junto-a-flor-jazmin-pena-estamos\\\/#primaryimage\",\"url\":\"https:\\\/\\\/fmgente.com.ar\\\/web\\\/wp-content\\\/uploads\\\/2025\\\/11\\\/Zoe-Bogach-ok-ok-359x226-59.jpg\",\"contentUrl\":\"https:\\\/\\\/fmgente.com.ar\\\/web\\\/wp-content\\\/uploads\\\/2025\\\/11\\\/Zoe-Bogach-ok-ok-359x226-59.jpg\",\"width\":359,\"height\":226},{\"@type\":\"WebSite\",\"@id\":\"https:\\\/\\\/fmgente.com.ar\\\/web\\\/#website\",\"url\":\"https:\\\/\\\/fmgente.com.ar\\\/web\\\/\",\"name\":\"Fm Gente\",\"description\":\"- Jes\u00fas Mar\u00eda\",\"publisher\":{\"@id\":\"https:\\\/\\\/fmgente.com.ar\\\/web\\\/#organization\"},\"potentialAction\":[{\"@type\":\"SearchAction\",\"target\":{\"@type\":\"EntryPoint\",\"urlTemplate\":\"https:\\\/\\\/fmgente.com.ar\\\/web\\\/?s={search_term_string}\"},\"query-input\":{\"@type\":\"PropertyValueSpecification\",\"valueRequired\":true,\"valueName\":\"search_term_string\"}}],\"inLanguage\":\"es\"},{\"@type\":\"Organization\",\"@id\":\"https:\\\/\\\/fmgente.com.ar\\\/web\\\/#organization\",\"name\":\"Fm Gente\",\"url\":\"https:\\\/\\\/fmgente.com.ar\\\/web\\\/\",\"logo\":{\"@type\":\"ImageObject\",\"inLanguage\":\"es\",\"@id\":\"https:\\\/\\\/fmgente.com.ar\\\/web\\\/#\\\/schema\\\/logo\\\/image\\\/\",\"url\":\"https:\\\/\\\/fmgente.com.ar\\\/web\\\/wp-content\\\/uploads\\\/2023\\\/07\\\/cropped-cropped-logo-sombra2.png\",\"contentUrl\":\"https:\\\/\\\/fmgente.com.ar\\\/web\\\/wp-content\\\/uploads\\\/2023\\\/07\\\/cropped-cropped-logo-sombra2.png\",\"width\":1782,\"height\":1782,\"caption\":\"Fm Gente\"},\"image\":{\"@id\":\"https:\\\/\\\/fmgente.com.ar\\\/web\\\/#\\\/schema\\\/logo\\\/image\\\/\"}}]}<\/script>\n<!-- \/ Yoast SEO plugin. -->","yoast_head_json":{"title":"\u00bfBeb\u00e9 en camino? Nico Occhiato y el fuerte anuncio sobre su paternidad junto a Flor Jazm\u00edn Pe\u00f1a: \u201cEstamos\u2026\u201d\u00a0 - Fm Gente","robots":{"index":"index","follow":"follow","max-snippet":"max-snippet:-1","max-image-preview":"max-image-preview:large","max-video-preview":"max-video-preview:-1"},"canonical":"https:\/\/fmgente.com.ar\/web\/bebe-en-camino-nico-occhiato-y-el-fuerte-anuncio-sobre-su-paternidad-junto-a-flor-jazmin-pena-estamos\/","og_locale":"es_ES","og_type":"article","og_title":"\u00bfBeb\u00e9 en camino? Nico Occhiato y el fuerte anuncio sobre su paternidad junto a Flor Jazm\u00edn Pe\u00f1a: \u201cEstamos\u2026\u201d\u00a0 - Fm Gente","og_description":"Desde que blanquearon su romance en el verano de 2023, Nico Occhiato y Flor Jazm\u00edn","og_url":"https:\/\/fmgente.com.ar\/web\/bebe-en-camino-nico-occhiato-y-el-fuerte-anuncio-sobre-su-paternidad-junto-a-flor-jazmin-pena-estamos\/","og_site_name":"Fm Gente","article_published_time":"2025-11-08T20:05:12+00:00","og_image":[{"width":359,"height":226,"url":"https:\/\/fmgente.com.ar\/web\/wp-content\/uploads\/2025\/11\/Zoe-Bogach-ok-ok-359x226-59.jpg","type":"image\/jpeg"}],"twitter_card":"summary_large_image","twitter_misc":{"Tiempo de lectura":"4 minutos"},"schema":{"@context":"https:\/\/schema.org","@graph":[{"@type":"Article","@id":"https:\/\/fmgente.com.ar\/web\/bebe-en-camino-nico-occhiato-y-el-fuerte-anuncio-sobre-su-paternidad-junto-a-flor-jazmin-pena-estamos\/#article","isPartOf":{"@id":"https:\/\/fmgente.com.ar\/web\/bebe-en-camino-nico-occhiato-y-el-fuerte-anuncio-sobre-su-paternidad-junto-a-flor-jazmin-pena-estamos\/"},"author":{"name":"","@id":""},"headline":"\u00bfBeb\u00e9 en camino? Nico Occhiato y el fuerte anuncio sobre su paternidad junto a Flor Jazm\u00edn Pe\u00f1a: \u201cEstamos\u2026\u201d\u00a0","datePublished":"2025-11-08T20:05:12+00:00","mainEntityOfPage":{"@id":"https:\/\/fmgente.com.ar\/web\/bebe-en-camino-nico-occhiato-y-el-fuerte-anuncio-sobre-su-paternidad-junto-a-flor-jazmin-pena-estamos\/"},"wordCount":723,"publisher":{"@id":"https:\/\/fmgente.com.ar\/web\/#organization"},"image":{"@id":"https:\/\/fmgente.com.ar\/web\/bebe-en-camino-nico-occhiato-y-el-fuerte-anuncio-sobre-su-paternidad-junto-a-flor-jazmin-pena-estamos\/#primaryimage"},"thumbnailUrl":"https:\/\/fmgente.com.ar\/web\/wp-content\/uploads\/2025\/11\/Zoe-Bogach-ok-ok-359x226-59.jpg","articleSection":["DESTACADAS"],"inLanguage":"es"},{"@type":"WebPage","@id":"https:\/\/fmgente.com.ar\/web\/bebe-en-camino-nico-occhiato-y-el-fuerte-anuncio-sobre-su-paternidad-junto-a-flor-jazmin-pena-estamos\/","url":"https:\/\/fmgente.com.ar\/web\/bebe-en-camino-nico-occhiato-y-el-fuerte-anuncio-sobre-su-paternidad-junto-a-flor-jazmin-pena-estamos\/","name":"\u00bfBeb\u00e9 en camino? Nico Occhiato y el fuerte anuncio sobre su paternidad junto a Flor Jazm\u00edn Pe\u00f1a: \u201cEstamos\u2026\u201d\u00a0 - Fm Gente","isPartOf":{"@id":"https:\/\/fmgente.com.ar\/web\/#website"},"primaryImageOfPage":{"@id":"https:\/\/fmgente.com.ar\/web\/bebe-en-camino-nico-occhiato-y-el-fuerte-anuncio-sobre-su-paternidad-junto-a-flor-jazmin-pena-estamos\/#primaryimage"},"image":{"@id":"https:\/\/fmgente.com.ar\/web\/bebe-en-camino-nico-occhiato-y-el-fuerte-anuncio-sobre-su-paternidad-junto-a-flor-jazmin-pena-estamos\/#primaryimage"},"thumbnailUrl":"https:\/\/fmgente.com.ar\/web\/wp-content\/uploads\/2025\/11\/Zoe-Bogach-ok-ok-359x226-59.jpg","datePublished":"2025-11-08T20:05:12+00:00","inLanguage":"es","potentialAction":[{"@type":"ReadAction","target":["https:\/\/fmgente.com.ar\/web\/bebe-en-camino-nico-occhiato-y-el-fuerte-anuncio-sobre-su-paternidad-junto-a-flor-jazmin-pena-estamos\/"]}]},{"@type":"ImageObject","inLanguage":"es","@id":"https:\/\/fmgente.com.ar\/web\/bebe-en-camino-nico-occhiato-y-el-fuerte-anuncio-sobre-su-paternidad-junto-a-flor-jazmin-pena-estamos\/#primaryimage","url":"https:\/\/fmgente.com.ar\/web\/wp-content\/uploads\/2025\/11\/Zoe-Bogach-ok-ok-359x226-59.jpg","contentUrl":"https:\/\/fmgente.com.ar\/web\/wp-content\/uploads\/2025\/11\/Zoe-Bogach-ok-ok-359x226-59.jpg","width":359,"height":226},{"@type":"WebSite","@id":"https:\/\/fmgente.com.ar\/web\/#website","url":"https:\/\/fmgente.com.ar\/web\/","name":"Fm Gente","description":"- Jes\u00fas Mar\u00eda","publisher":{"@id":"https:\/\/fmgente.com.ar\/web\/#organization"},"potentialAction":[{"@type":"SearchAction","target":{"@type":"EntryPoint","urlTemplate":"https:\/\/fmgente.com.ar\/web\/?s={search_term_string}"},"query-input":{"@type":"PropertyValueSpecification","valueRequired":true,"valueName":"search_term_string"}}],"inLanguage":"es"},{"@type":"Organization","@id":"https:\/\/fmgente.com.ar\/web\/#organization","name":"Fm Gente","url":"https:\/\/fmgente.com.ar\/web\/","logo":{"@type":"ImageObject","inLanguage":"es","@id":"https:\/\/fmgente.com.ar\/web\/#\/schema\/logo\/image\/","url":"https:\/\/fmgente.com.ar\/web\/wp-content\/uploads\/2023\/07\/cropped-cropped-logo-sombra2.png","contentUrl":"https:\/\/fmgente.com.ar\/web\/wp-content\/uploads\/2023\/07\/cropped-cropped-logo-sombra2.png","width":1782,"height":1782,"caption":"Fm Gente"},"image":{"@id":"https:\/\/fmgente.com.ar\/web\/#\/schema\/logo\/image\/"}}]}},"_links":{"self":[{"href":"https:\/\/fmgente.com.ar\/web\/wp-json\/wp\/v2\/posts\/9128","targetHints":{"allow":["GET"]}}],"collection":[{"href":"https:\/\/fmgente.com.ar\/web\/wp-json\/wp\/v2\/posts"}],"about":[{"href":"https:\/\/fmgente.com.ar\/web\/wp-json\/wp\/v2\/types\/post"}],"replies":[{"embeddable":true,"href":"https:\/\/fmgente.com.ar\/web\/wp-json\/wp\/v2\/comments?post=9128"}],"version-history":[{"count":0,"href":"https:\/\/fmgente.com.ar\/web\/wp-json\/wp\/v2\/posts\/9128\/revisions"}],"wp:featuredmedia":[{"embeddable":true,"href":"https:\/\/fmgente.com.ar\/web\/wp-json\/wp\/v2\/media\/9129"}],"wp:attachment":[{"href":"https:\/\/fmgente.com.ar\/web\/wp-json\/wp\/v2\/media?parent=9128"}],"wp:term":[{"taxonomy":"category","embeddable":true,"href":"https:\/\/fmgente.com.ar\/web\/wp-json\/wp\/v2\/categories?post=9128"},{"taxonomy":"post_tag","embeddable":true,"href":"https:\/\/fmgente.com.ar\/web\/wp-json\/wp\/v2\/tags?post=9128"}],"curies":[{"name":"wp","href":"https:\/\/api.w.org\/{rel}","templated":true}]}}