{"id":9124,"date":"2025-11-08T16:04:58","date_gmt":"2025-11-08T19:04:58","guid":{"rendered":"https:\/\/fmgente.com.ar\/que-ver-en-netflix-la-miniserie-de-8-episodios-que-conquisto-al-mundo-desde-su-estreno\/"},"modified":"2025-11-08T16:04:58","modified_gmt":"2025-11-08T19:04:58","slug":"que-ver-en-netflix-la-miniserie-de-8-episodios-que-conquisto-al-mundo-desde-su-estreno","status":"publish","type":"post","link":"https:\/\/fmgente.com.ar\/web\/que-ver-en-netflix-la-miniserie-de-8-episodios-que-conquisto-al-mundo-desde-su-estreno\/","title":{"rendered":"Qu\u00e9 ver en Netflix: la miniserie de 8 episodios que conquist\u00f3 al mundo desde su estreno"},"content":{"rendered":"<p>La nueva miniserie \u201c<em>T\u00fa Siempre Estuviste Ah\u00ed<\/em>\u201d llega a <strong><a href=\"https:\/\/www.paparazzi.com.ar\/teve\/que-ver-en-netflix-la-miniserie-ideal-para-ver-en-un-par-de-horas-este-viernes\/\">Netflix<\/a><\/strong> como una apuesta decidida al suspenso y al drama psicol\u00f3gico. Con 8 episodios que se estrenaron el <strong>7 de noviembre de 2025<\/strong>, esta producci\u00f3n surcoreana ya genera expectativa por su trama cargada de tensi\u00f3n.<\/p>\n<p>Ambientada en un escenario donde la violencia dom\u00e9stica y la conspiraci\u00f3n se entrelazan, la historia sigue a Eun-su, una joven que intenta reconstruir su vida tras un accidente, y Hui-su, su amiga atrapada en un matrimonio opresivo.<\/p>\n<p>Ambas deciden planear el asesinato del marido abusivo, pero la llegada inesperada de un visitante al hogar amenaza con desbaratar el plan y destapar secretos a\u00fan m\u00e1s oscuros. Esa premisa convierte a la serie en un thriller coreano con ritmo trepidante que, adem\u00e1s de entretener, plantea reflexiones sobre la culpa, la redenci\u00f3n y la justicia personal.<\/p>\n<div class=\"mt-box \">\n<h4 class=\"mt-heading\">Mir\u00e1 Tambi\u00e9n<\/h4>\n<p><a href=\"https:\/\/www.paparazzi.com.ar\/videos\/exclusivo-luis-ventura-conto-por-que-jorge-rial-le-tiene-miedo-me-quiere-borrar-porque\/\"><\/p>\n<div class=\"mt-content\">\n<div class=\"mt-image-container\"><img decoding=\"async\" src=\"https:\/\/www.paparazzi.com.ar\/wp-content\/uploads\/2025\/11\/Ventura-dos-1-359x226.jpg\" alt=\"\u00a1Exclusivo! Luis Ventura cont\u00f3 por qu\u00e9 Jorge Rial le tiene miedo: \u201cMe quiere borrar porque\u2026\u201d\" class=\"mt-image\" loading=\"lazy\" \/><\/div>\n<h5 class=\"mt-title\">\u00a1Exclusivo! Luis Ventura cont\u00f3 por qu\u00e9 Jorge Rial le tiene miedo: \u201cMe quiere borrar porque\u2026\u201d<\/h5>\n<\/div>\n<p><\/a><\/div>\n<p>El reparto re\u00fane talentos como Jeon So\u2011nee (Eun-su), Lee Yoo\u2011mi (Hui-su), Jang Seung\u2011jo (el marido agresor) y Lee Moo\u2011saeng, quienes aportan dinamismo a un guion que adapta \u2013 con licencias\u2013 la novela del autor japon\u00e9s Hideo Okuda.<\/p>\n<h2 class=\"wp-block-heading\">LA MINSIERIE DE NETFLIX QUE ES UN \u00c9XITO A NIVEL MUNDIAL<\/h2>\n<p>Visualmente, la miniserie apuesta por planos sobrios, tensiones contenidas y silencios que gritan tanto como los di\u00e1logos. La atm\u00f3sfera se nutre del estilo habitual del \u201ck-drama\u201d m\u00e1s oscuro, en donde lo que no se dice pesa tanto como lo que se muestra. Este enfoque la posiciona como una de las propuestas m\u00e1s interesantes del cat\u00e1logo de <a href=\"https:\/\/www.paparazzi.com.ar\/teve\/que-ver-en-netflix-la-nueva-miniserie-de-4-episodios-es-el-gran-furor-del-momento\/\">Netflix<\/a> en 2025.<\/p>\n<div class=\"mt-box \">\n<h4 class=\"mt-heading\">Mir\u00e1 Tambi\u00e9n<\/h4>\n<p><a href=\"https:\/\/www.paparazzi.com.ar\/teve\/que-ver-en-netflix-la-nueva-miniserie-de-4-episodios-es-el-gran-furor-del-momento\/\"><\/p>\n<div class=\"mt-content\">\n<div class=\"mt-image-container\"><img decoding=\"async\" src=\"https:\/\/www.paparazzi.com.ar\/wp-content\/uploads\/2025\/11\/Que-ver-en-Netflix-la-nueva-miniserie-de-4-episodios-es-el-gran-furor-del-momento-359x226.jpg\" alt=\"Qu\u00e9 ver en Netflix: la nueva miniserie de 4 episodios es el gran furor del momento\" class=\"mt-image\" loading=\"lazy\" \/><\/div>\n<h5 class=\"mt-title\">Qu\u00e9 ver en Netflix: la nueva miniserie de 4 episodios es el gran furor del momento<\/h5>\n<\/div>\n<p><\/a><\/div>\n<p>Para los fans del g\u00e9nero thriller psicol\u00f3gico y los seguidores de producciones coreanas, \u201c<em>T\u00fa Siempre Estuviste Ah\u00ed<\/em>\u201d promete un fin de semana de marat\u00f3n atrapante. Si bien a\u00fan resta conocer su impacto global y qu\u00e9 tan viral se volver\u00e1, ya se perfila como una historia que no se puede ignorar.<\/p>\n<p>En definitiva, si buscas una serie de intriga, con ritmo, carne y dilemas \u00e9ticos profundos dentro de un entorno estilizado, esta miniserie de <a href=\"https:\/\/www.paparazzi.com.ar\/teve\/que-ver-en-netflix-la-miniserie-de-6-episodios-que-se-termina-en-un-solo-dia\/\">Netflix<\/a> se perfila como una de las m\u00e1s recomendables para cerrar el 2025.<\/p>\n<div class=\"mt-box \">\n<h4 class=\"mt-heading\">Mir\u00e1 Tambi\u00e9n<\/h4>\n<p><a href=\"https:\/\/www.paparazzi.com.ar\/teve\/la-bomba-de-yanina-latorre-sobre-una-mega-famosa-del-mundo-del-espectaculo-tiene-problemas-de\/\"><\/p>\n<div class=\"mt-content\">\n<div class=\"mt-image-container\"><img decoding=\"async\" src=\"https:\/\/www.paparazzi.com.ar\/wp-content\/uploads\/2025\/11\/La-bomba-de-Yanina-Latorre-sobre-una-mega-famosa-del-mundo-del-espectaculo-22Tiene-problemas-de.22-359x226.jpg\" alt=\"La bomba de Yanina Latorre sobre una mega famosa del mundo del espect\u00e1culo: &quot;Tiene problemas de...&quot;\" class=\"mt-image\" loading=\"lazy\" \/><\/div>\n<h5 class=\"mt-title\">La bomba de Yanina Latorre sobre una mega famosa del mundo del espect\u00e1culo: \u00abTiene problemas de&#8230;\u00bb<\/h5>\n<\/div>\n<p><\/a><\/div>\n<div class=\"mt-box \">\n<h4 class=\"mt-heading\">Mir\u00e1 Tambi\u00e9n<\/h4>\n<p><a href=\"https:\/\/www.paparazzi.com.ar\/teve\/gravisimo-la-escandalosa-actitud-que-sufrio-morena-rial-por-parte-de-la-policia-durante-su-detencion\/\"><\/p>\n<div class=\"mt-content\">\n<div class=\"mt-image-container\"><img decoding=\"async\" src=\"https:\/\/www.paparazzi.com.ar\/wp-content\/uploads\/2025\/11\/Gravisimo-la-escandalosa-actitud-que-sufrio-Morena-Rial-por-parte-de-la-policia-durante-su-detencion-359x226.jpg\" alt=\"Grav\u00edsimo: la escandalosa actitud que sufri\u00f3 Morena Rial por parte de la polic\u00eda durante su detenci\u00f3n\" class=\"mt-image\" loading=\"lazy\" \/><\/div>\n<h5 class=\"mt-title\">Grav\u00edsimo: la escandalosa actitud que sufri\u00f3 Morena Rial por parte de la polic\u00eda durante su detenci\u00f3n<\/h5>\n<\/div>\n<p><\/a><\/div>\n<p>The post <a href=\"https:\/\/www.paparazzi.com.ar\/teve\/que-ver-en-netflix-la-miniserie-de-8-episodios-que-conquisto-al-mundo-desde-su-estreno\/\">Qu\u00e9 ver en Netflix: la miniserie de 8 episodios que conquist\u00f3 al mundo desde su estreno<\/a> appeared first on <a href=\"https:\/\/www.paparazzi.com.ar\">Revista Paparazzi<\/a>.<\/p>\n","protected":false},"excerpt":{"rendered":"<p>La nueva miniserie \u201cT\u00fa Siempre Estuviste Ah\u00ed\u201d llega a Netflix como una apuesta decidida al<\/p>\n","protected":false},"author":0,"featured_media":9125,"comment_status":"","ping_status":"","sticky":false,"template":"","format":"standard","meta":{"footnotes":""},"categories":[11],"tags":[],"class_list":["post-9124","post","type-post","status-publish","format-standard","has-post-thumbnail","hentry","category-destacadas"],"yoast_head":"<!-- This site is optimized with the Yoast SEO plugin v27.4 - https:\/\/yoast.com\/product\/yoast-seo-wordpress\/ -->\n<title>Qu\u00e9 ver en Netflix: la miniserie de 8 episodios que conquist\u00f3 al mundo desde su estreno - Fm Gente<\/title>\n<meta name=\"robots\" content=\"index, follow, max-snippet:-1, max-image-preview:large, max-video-preview:-1\" \/>\n<link rel=\"canonical\" href=\"https:\/\/fmgente.com.ar\/web\/que-ver-en-netflix-la-miniserie-de-8-episodios-que-conquisto-al-mundo-desde-su-estreno\/\" \/>\n<meta property=\"og:locale\" content=\"es_ES\" \/>\n<meta property=\"og:type\" content=\"article\" \/>\n<meta property=\"og:title\" content=\"Qu\u00e9 ver en Netflix: la miniserie de 8 episodios que conquist\u00f3 al mundo desde su estreno - Fm Gente\" \/>\n<meta property=\"og:description\" content=\"La nueva miniserie \u201cT\u00fa Siempre Estuviste Ah\u00ed\u201d llega a Netflix como una apuesta decidida al\" \/>\n<meta property=\"og:url\" content=\"https:\/\/fmgente.com.ar\/web\/que-ver-en-netflix-la-miniserie-de-8-episodios-que-conquisto-al-mundo-desde-su-estreno\/\" \/>\n<meta property=\"og:site_name\" content=\"Fm Gente\" \/>\n<meta property=\"article:published_time\" content=\"2025-11-08T19:04:58+00:00\" \/>\n<meta property=\"og:image\" content=\"https:\/\/fmgente.com.ar\/web\/wp-content\/uploads\/2025\/11\/Ventura-dos-1-359x226-9.jpg\" \/>\n\t<meta property=\"og:image:width\" content=\"359\" \/>\n\t<meta property=\"og:image:height\" content=\"226\" \/>\n\t<meta property=\"og:image:type\" content=\"image\/jpeg\" \/>\n<meta name=\"twitter:card\" content=\"summary_large_image\" \/>\n<meta name=\"twitter:label1\" content=\"Tiempo de lectura\" \/>\n\t<meta name=\"twitter:data1\" content=\"2 minutos\" \/>\n<script type=\"application\/ld+json\" class=\"yoast-schema-graph\">{\"@context\":\"https:\\\/\\\/schema.org\",\"@graph\":[{\"@type\":\"Article\",\"@id\":\"https:\\\/\\\/fmgente.com.ar\\\/web\\\/que-ver-en-netflix-la-miniserie-de-8-episodios-que-conquisto-al-mundo-desde-su-estreno\\\/#article\",\"isPartOf\":{\"@id\":\"https:\\\/\\\/fmgente.com.ar\\\/web\\\/que-ver-en-netflix-la-miniserie-de-8-episodios-que-conquisto-al-mundo-desde-su-estreno\\\/\"},\"author\":{\"name\":\"\",\"@id\":\"\"},\"headline\":\"Qu\u00e9 ver en Netflix: la miniserie de 8 episodios que conquist\u00f3 al mundo desde su estreno\",\"datePublished\":\"2025-11-08T19:04:58+00:00\",\"mainEntityOfPage\":{\"@id\":\"https:\\\/\\\/fmgente.com.ar\\\/web\\\/que-ver-en-netflix-la-miniserie-de-8-episodios-que-conquisto-al-mundo-desde-su-estreno\\\/\"},\"wordCount\":464,\"publisher\":{\"@id\":\"https:\\\/\\\/fmgente.com.ar\\\/web\\\/#organization\"},\"image\":{\"@id\":\"https:\\\/\\\/fmgente.com.ar\\\/web\\\/que-ver-en-netflix-la-miniserie-de-8-episodios-que-conquisto-al-mundo-desde-su-estreno\\\/#primaryimage\"},\"thumbnailUrl\":\"https:\\\/\\\/fmgente.com.ar\\\/web\\\/wp-content\\\/uploads\\\/2025\\\/11\\\/Ventura-dos-1-359x226-9.jpg\",\"articleSection\":[\"DESTACADAS\"],\"inLanguage\":\"es\"},{\"@type\":\"WebPage\",\"@id\":\"https:\\\/\\\/fmgente.com.ar\\\/web\\\/que-ver-en-netflix-la-miniserie-de-8-episodios-que-conquisto-al-mundo-desde-su-estreno\\\/\",\"url\":\"https:\\\/\\\/fmgente.com.ar\\\/web\\\/que-ver-en-netflix-la-miniserie-de-8-episodios-que-conquisto-al-mundo-desde-su-estreno\\\/\",\"name\":\"Qu\u00e9 ver en Netflix: la miniserie de 8 episodios que conquist\u00f3 al mundo desde su estreno - Fm Gente\",\"isPartOf\":{\"@id\":\"https:\\\/\\\/fmgente.com.ar\\\/web\\\/#website\"},\"primaryImageOfPage\":{\"@id\":\"https:\\\/\\\/fmgente.com.ar\\\/web\\\/que-ver-en-netflix-la-miniserie-de-8-episodios-que-conquisto-al-mundo-desde-su-estreno\\\/#primaryimage\"},\"image\":{\"@id\":\"https:\\\/\\\/fmgente.com.ar\\\/web\\\/que-ver-en-netflix-la-miniserie-de-8-episodios-que-conquisto-al-mundo-desde-su-estreno\\\/#primaryimage\"},\"thumbnailUrl\":\"https:\\\/\\\/fmgente.com.ar\\\/web\\\/wp-content\\\/uploads\\\/2025\\\/11\\\/Ventura-dos-1-359x226-9.jpg\",\"datePublished\":\"2025-11-08T19:04:58+00:00\",\"inLanguage\":\"es\",\"potentialAction\":[{\"@type\":\"ReadAction\",\"target\":[\"https:\\\/\\\/fmgente.com.ar\\\/web\\\/que-ver-en-netflix-la-miniserie-de-8-episodios-que-conquisto-al-mundo-desde-su-estreno\\\/\"]}]},{\"@type\":\"ImageObject\",\"inLanguage\":\"es\",\"@id\":\"https:\\\/\\\/fmgente.com.ar\\\/web\\\/que-ver-en-netflix-la-miniserie-de-8-episodios-que-conquisto-al-mundo-desde-su-estreno\\\/#primaryimage\",\"url\":\"https:\\\/\\\/fmgente.com.ar\\\/web\\\/wp-content\\\/uploads\\\/2025\\\/11\\\/Ventura-dos-1-359x226-9.jpg\",\"contentUrl\":\"https:\\\/\\\/fmgente.com.ar\\\/web\\\/wp-content\\\/uploads\\\/2025\\\/11\\\/Ventura-dos-1-359x226-9.jpg\",\"width\":359,\"height\":226},{\"@type\":\"WebSite\",\"@id\":\"https:\\\/\\\/fmgente.com.ar\\\/web\\\/#website\",\"url\":\"https:\\\/\\\/fmgente.com.ar\\\/web\\\/\",\"name\":\"Fm Gente\",\"description\":\"- Jes\u00fas Mar\u00eda\",\"publisher\":{\"@id\":\"https:\\\/\\\/fmgente.com.ar\\\/web\\\/#organization\"},\"potentialAction\":[{\"@type\":\"SearchAction\",\"target\":{\"@type\":\"EntryPoint\",\"urlTemplate\":\"https:\\\/\\\/fmgente.com.ar\\\/web\\\/?s={search_term_string}\"},\"query-input\":{\"@type\":\"PropertyValueSpecification\",\"valueRequired\":true,\"valueName\":\"search_term_string\"}}],\"inLanguage\":\"es\"},{\"@type\":\"Organization\",\"@id\":\"https:\\\/\\\/fmgente.com.ar\\\/web\\\/#organization\",\"name\":\"Fm Gente\",\"url\":\"https:\\\/\\\/fmgente.com.ar\\\/web\\\/\",\"logo\":{\"@type\":\"ImageObject\",\"inLanguage\":\"es\",\"@id\":\"https:\\\/\\\/fmgente.com.ar\\\/web\\\/#\\\/schema\\\/logo\\\/image\\\/\",\"url\":\"https:\\\/\\\/fmgente.com.ar\\\/web\\\/wp-content\\\/uploads\\\/2023\\\/07\\\/cropped-cropped-logo-sombra2.png\",\"contentUrl\":\"https:\\\/\\\/fmgente.com.ar\\\/web\\\/wp-content\\\/uploads\\\/2023\\\/07\\\/cropped-cropped-logo-sombra2.png\",\"width\":1782,\"height\":1782,\"caption\":\"Fm Gente\"},\"image\":{\"@id\":\"https:\\\/\\\/fmgente.com.ar\\\/web\\\/#\\\/schema\\\/logo\\\/image\\\/\"}}]}<\/script>\n<!-- \/ Yoast SEO plugin. -->","yoast_head_json":{"title":"Qu\u00e9 ver en Netflix: la miniserie de 8 episodios que conquist\u00f3 al mundo desde su estreno - Fm Gente","robots":{"index":"index","follow":"follow","max-snippet":"max-snippet:-1","max-image-preview":"max-image-preview:large","max-video-preview":"max-video-preview:-1"},"canonical":"https:\/\/fmgente.com.ar\/web\/que-ver-en-netflix-la-miniserie-de-8-episodios-que-conquisto-al-mundo-desde-su-estreno\/","og_locale":"es_ES","og_type":"article","og_title":"Qu\u00e9 ver en Netflix: la miniserie de 8 episodios que conquist\u00f3 al mundo desde su estreno - Fm Gente","og_description":"La nueva miniserie \u201cT\u00fa Siempre Estuviste Ah\u00ed\u201d llega a Netflix como una apuesta decidida al","og_url":"https:\/\/fmgente.com.ar\/web\/que-ver-en-netflix-la-miniserie-de-8-episodios-que-conquisto-al-mundo-desde-su-estreno\/","og_site_name":"Fm Gente","article_published_time":"2025-11-08T19:04:58+00:00","og_image":[{"width":359,"height":226,"url":"https:\/\/fmgente.com.ar\/web\/wp-content\/uploads\/2025\/11\/Ventura-dos-1-359x226-9.jpg","type":"image\/jpeg"}],"twitter_card":"summary_large_image","twitter_misc":{"Tiempo de lectura":"2 minutos"},"schema":{"@context":"https:\/\/schema.org","@graph":[{"@type":"Article","@id":"https:\/\/fmgente.com.ar\/web\/que-ver-en-netflix-la-miniserie-de-8-episodios-que-conquisto-al-mundo-desde-su-estreno\/#article","isPartOf":{"@id":"https:\/\/fmgente.com.ar\/web\/que-ver-en-netflix-la-miniserie-de-8-episodios-que-conquisto-al-mundo-desde-su-estreno\/"},"author":{"name":"","@id":""},"headline":"Qu\u00e9 ver en Netflix: la miniserie de 8 episodios que conquist\u00f3 al mundo desde su estreno","datePublished":"2025-11-08T19:04:58+00:00","mainEntityOfPage":{"@id":"https:\/\/fmgente.com.ar\/web\/que-ver-en-netflix-la-miniserie-de-8-episodios-que-conquisto-al-mundo-desde-su-estreno\/"},"wordCount":464,"publisher":{"@id":"https:\/\/fmgente.com.ar\/web\/#organization"},"image":{"@id":"https:\/\/fmgente.com.ar\/web\/que-ver-en-netflix-la-miniserie-de-8-episodios-que-conquisto-al-mundo-desde-su-estreno\/#primaryimage"},"thumbnailUrl":"https:\/\/fmgente.com.ar\/web\/wp-content\/uploads\/2025\/11\/Ventura-dos-1-359x226-9.jpg","articleSection":["DESTACADAS"],"inLanguage":"es"},{"@type":"WebPage","@id":"https:\/\/fmgente.com.ar\/web\/que-ver-en-netflix-la-miniserie-de-8-episodios-que-conquisto-al-mundo-desde-su-estreno\/","url":"https:\/\/fmgente.com.ar\/web\/que-ver-en-netflix-la-miniserie-de-8-episodios-que-conquisto-al-mundo-desde-su-estreno\/","name":"Qu\u00e9 ver en Netflix: la miniserie de 8 episodios que conquist\u00f3 al mundo desde su estreno - Fm Gente","isPartOf":{"@id":"https:\/\/fmgente.com.ar\/web\/#website"},"primaryImageOfPage":{"@id":"https:\/\/fmgente.com.ar\/web\/que-ver-en-netflix-la-miniserie-de-8-episodios-que-conquisto-al-mundo-desde-su-estreno\/#primaryimage"},"image":{"@id":"https:\/\/fmgente.com.ar\/web\/que-ver-en-netflix-la-miniserie-de-8-episodios-que-conquisto-al-mundo-desde-su-estreno\/#primaryimage"},"thumbnailUrl":"https:\/\/fmgente.com.ar\/web\/wp-content\/uploads\/2025\/11\/Ventura-dos-1-359x226-9.jpg","datePublished":"2025-11-08T19:04:58+00:00","inLanguage":"es","potentialAction":[{"@type":"ReadAction","target":["https:\/\/fmgente.com.ar\/web\/que-ver-en-netflix-la-miniserie-de-8-episodios-que-conquisto-al-mundo-desde-su-estreno\/"]}]},{"@type":"ImageObject","inLanguage":"es","@id":"https:\/\/fmgente.com.ar\/web\/que-ver-en-netflix-la-miniserie-de-8-episodios-que-conquisto-al-mundo-desde-su-estreno\/#primaryimage","url":"https:\/\/fmgente.com.ar\/web\/wp-content\/uploads\/2025\/11\/Ventura-dos-1-359x226-9.jpg","contentUrl":"https:\/\/fmgente.com.ar\/web\/wp-content\/uploads\/2025\/11\/Ventura-dos-1-359x226-9.jpg","width":359,"height":226},{"@type":"WebSite","@id":"https:\/\/fmgente.com.ar\/web\/#website","url":"https:\/\/fmgente.com.ar\/web\/","name":"Fm Gente","description":"- Jes\u00fas Mar\u00eda","publisher":{"@id":"https:\/\/fmgente.com.ar\/web\/#organization"},"potentialAction":[{"@type":"SearchAction","target":{"@type":"EntryPoint","urlTemplate":"https:\/\/fmgente.com.ar\/web\/?s={search_term_string}"},"query-input":{"@type":"PropertyValueSpecification","valueRequired":true,"valueName":"search_term_string"}}],"inLanguage":"es"},{"@type":"Organization","@id":"https:\/\/fmgente.com.ar\/web\/#organization","name":"Fm Gente","url":"https:\/\/fmgente.com.ar\/web\/","logo":{"@type":"ImageObject","inLanguage":"es","@id":"https:\/\/fmgente.com.ar\/web\/#\/schema\/logo\/image\/","url":"https:\/\/fmgente.com.ar\/web\/wp-content\/uploads\/2023\/07\/cropped-cropped-logo-sombra2.png","contentUrl":"https:\/\/fmgente.com.ar\/web\/wp-content\/uploads\/2023\/07\/cropped-cropped-logo-sombra2.png","width":1782,"height":1782,"caption":"Fm Gente"},"image":{"@id":"https:\/\/fmgente.com.ar\/web\/#\/schema\/logo\/image\/"}}]}},"_links":{"self":[{"href":"https:\/\/fmgente.com.ar\/web\/wp-json\/wp\/v2\/posts\/9124","targetHints":{"allow":["GET"]}}],"collection":[{"href":"https:\/\/fmgente.com.ar\/web\/wp-json\/wp\/v2\/posts"}],"about":[{"href":"https:\/\/fmgente.com.ar\/web\/wp-json\/wp\/v2\/types\/post"}],"replies":[{"embeddable":true,"href":"https:\/\/fmgente.com.ar\/web\/wp-json\/wp\/v2\/comments?post=9124"}],"version-history":[{"count":0,"href":"https:\/\/fmgente.com.ar\/web\/wp-json\/wp\/v2\/posts\/9124\/revisions"}],"wp:featuredmedia":[{"embeddable":true,"href":"https:\/\/fmgente.com.ar\/web\/wp-json\/wp\/v2\/media\/9125"}],"wp:attachment":[{"href":"https:\/\/fmgente.com.ar\/web\/wp-json\/wp\/v2\/media?parent=9124"}],"wp:term":[{"taxonomy":"category","embeddable":true,"href":"https:\/\/fmgente.com.ar\/web\/wp-json\/wp\/v2\/categories?post=9124"},{"taxonomy":"post_tag","embeddable":true,"href":"https:\/\/fmgente.com.ar\/web\/wp-json\/wp\/v2\/tags?post=9124"}],"curies":[{"name":"wp","href":"https:\/\/api.w.org\/{rel}","templated":true}]}}