{"id":9122,"date":"2025-11-08T15:05:22","date_gmt":"2025-11-08T18:05:22","guid":{"rendered":"https:\/\/fmgente.com.ar\/cami-homs-mostro-por-primera-vez-el-rostro-de-su-bebe-y-enternecio-a-todos-la-foto\/"},"modified":"2025-11-08T15:05:22","modified_gmt":"2025-11-08T18:05:22","slug":"cami-homs-mostro-por-primera-vez-el-rostro-de-su-bebe-y-enternecio-a-todos-la-foto","status":"publish","type":"post","link":"https:\/\/fmgente.com.ar\/web\/cami-homs-mostro-por-primera-vez-el-rostro-de-su-bebe-y-enternecio-a-todos-la-foto\/","title":{"rendered":"Cami Homs mostr\u00f3 por primera vez el rostro de su beb\u00e9 y enterneci\u00f3 a todos: la foto"},"content":{"rendered":"<p><a href=\"https:\/\/www.paparazzi.com.ar\/?s=Cami+Homs\">Cami Homs<\/a> comparti\u00f3 una imagen que emocion\u00f3 a todo su entorno digital: la primera ecograf\u00eda donde se ve con claridad el rostro de su hija <strong>Aitana<\/strong>. A punto de ingresar a su s\u00e9ptimo mes de embarazo, la influencer dej\u00f3 ver c\u00f3mo avanza la gestaci\u00f3n que vive junto a <strong>Jos\u00e9 Sosa<\/strong>, con quien espera a su primera beb\u00e9 en com\u00fan. <\/p>\n<p>La modelo public\u00f3 la foto desde la camilla de la cl\u00ednica, mientras la ecografista realizaba el estudio de rutina. En la pantalla apareci\u00f3 la carita de la beba en primer plano, con una nitidez que sorprendi\u00f3 incluso a los seguidores m\u00e1s acostumbrados a este tipo de im\u00e1genes. <\/p>\n<p>Con humor y ternura, <strong>Cami <\/strong>escribi\u00f3 sobre la foto: \u201c<em>Porfi, esa carita<\/em>\u201d. La tecnolog\u00eda del estudio permiti\u00f3 observar las facciones de <strong>Aitana <\/strong>en detalle, lo que abri\u00f3 la t\u00edpica discusi\u00f3n familiar sobre a qui\u00e9n se parece m\u00e1s. El registro se volvi\u00f3 especial para ambos, ya que la ecograf\u00eda probablemente fue una de las \u00faltimas antes del nacimiento, previsto para las primeras semanas de enero.<\/p>\n<div class=\"mt-box \">\n<h4 class=\"mt-heading\">Mir\u00e1 Tambi\u00e9n<\/h4>\n<p><a href=\"https:\/\/www.paparazzi.com.ar\/teve\/exclusivo-el-video-de-la-salida-de-thiago-medina-del-hospital-que-famosos-lo-fueron-a-buscar\/\"><\/p>\n<div class=\"mt-content\">\n<div class=\"mt-image-container\"><img decoding=\"async\" src=\"https:\/\/www.paparazzi.com.ar\/wp-content\/uploads\/2025\/10\/Thiago-Medina-hospital-359x226.jpg\" alt=\"\u00a1Exclusivo! El video de la salida de Thiago Medina del hospital: qu\u00e9 famosos lo fueron a buscar\" class=\"mt-image\" loading=\"lazy\" \/><\/div>\n<h5 class=\"mt-title\">\u00a1Exclusivo! El video de la salida de Thiago Medina del hospital: qu\u00e9 famosos lo fueron a buscar<\/h5>\n<\/div>\n<p><\/a><\/div>\n<p>El embarazo de <strong>Cami <\/strong>avanz\u00f3 sin sobresaltos, y ella lo comparti\u00f3 paso a paso con sus 1,3 millones de seguidores. Mostr\u00f3 el crecimiento de la panza, cont\u00f3 el nombre elegido y registr\u00f3 cada consulta m\u00e9dica. Esa cercan\u00eda con su comunidad provoc\u00f3 que la publicaci\u00f3n de la ecograf\u00eda se convirtiera r\u00e1pidamente en una de las m\u00e1s comentadas.<\/p>\n<h2 class=\"wp-block-heading\">LAS POL\u00c9MICAS QUE ATRAVES\u00d3 CAMI HOMS<\/h2>\n<p>A pesar de la dulzura del momento, la influencer tambi\u00e9n enfrent\u00f3 cr\u00edticas en las \u00faltimas semanas. <strong>Homs <\/strong>subi\u00f3 un video entrenando en el gimnasio y recibi\u00f3 cuestionamientos por hacer ejercicios en pleno embarazo. Ella aclar\u00f3 que todo estaba controlado.<\/p>\n<p>La llegada de <strong>Aitana <\/strong>marc\u00f3 una etapa distinta para la pareja. Entre controles, preparativos y momentos de ternura, <strong>Cami <\/strong>y <strong>Jos\u00e9 <\/strong>viven los \u00faltimos meses antes de tener a su hija en brazos. Mientras tanto, las redes se llenaron de mensajes amorosos, celebrando la primera vez que la beba mostr\u00f3 su rostro al mundo, incluso antes de nacer.<\/p>\n<figure class=\"wp-block-image size-large\"><img decoding=\"async\" src=\"https:\/\/www.paparazzi.com.ar\/wp-content\/uploads\/2025\/11\/image-107-638x1024.png.webp\" loading=\"lazy\" alt=\"\" class=\"wp-image-452168\" \/><\/figure>\n<div class=\"mt-box \">\n<h4 class=\"mt-heading\">Mir\u00e1 Tambi\u00e9n<\/h4>\n<p><a href=\"https:\/\/www.paparazzi.com.ar\/teve\/el-drama-que-atraviesa-carmen-barbieri-y-la-tiene-muy-preocupada-como-poco-y\/\"><\/p>\n<div class=\"mt-content\">\n<div class=\"mt-image-container\"><img decoding=\"async\" src=\"https:\/\/www.paparazzi.com.ar\/wp-content\/uploads\/2025\/05\/Carmen-Barbieri-revelo-el-problema-de-salud-que-le-toca-vivir-a-sus-70-anos-22Me-hicieron-un.22.jpg.webp\" alt=\"El drama que atraviesa Carmen Barbieri y la tiene muy preocupada &quot;C\u00f3mo poco y\u2026&quot;\" class=\"mt-image\" loading=\"lazy\" \/><\/div>\n<h5 class=\"mt-title\">El drama que atraviesa Carmen Barbieri y la tiene muy preocupada \u00abC\u00f3mo poco y\u2026\u00bb<\/h5>\n<\/div>\n<p><\/a><\/div>\n<div class=\"mt-box \">\n<h4 class=\"mt-heading\">Mir\u00e1 Tambi\u00e9n<\/h4>\n<p><a href=\"https:\/\/www.paparazzi.com.ar\/teve\/la-escandalosa-verdad-detras-de-la-pelea-de-angel-de-brito-y-beto-casella\/\"><\/p>\n<div class=\"mt-content\">\n<div class=\"mt-image-container\"><img decoding=\"async\" src=\"https:\/\/www.paparazzi.com.ar\/wp-content\/uploads\/2025\/11\/image-105-359x226.png\" alt=\"La escandalosa verdad detr\u00e1s de la pelea de \u00c1ngel de Brito y Beto Casella\" class=\"mt-image\" loading=\"lazy\" \/><\/div>\n<h5 class=\"mt-title\">La escandalosa verdad detr\u00e1s de la pelea de \u00c1ngel de Brito y Beto Casella<\/h5>\n<\/div>\n<p><\/a><\/div>\n<p>The post <a href=\"https:\/\/www.paparazzi.com.ar\/teve\/cami-homs-mostro-por-primera-vez-el-rostro-de-su-bebe-y-enternecio-a-todos-la-foto\/\">Cami Homs mostr\u00f3 por primera vez el rostro de su beb\u00e9 y enterneci\u00f3 a todos: la foto<\/a> appeared first on <a href=\"https:\/\/www.paparazzi.com.ar\">Revista Paparazzi<\/a>.<\/p>\n","protected":false},"excerpt":{"rendered":"<p>Cami Homs comparti\u00f3 una imagen que emocion\u00f3 a todo su entorno digital: la primera ecograf\u00eda<\/p>\n","protected":false},"author":0,"featured_media":9123,"comment_status":"","ping_status":"","sticky":false,"template":"","format":"standard","meta":{"footnotes":""},"categories":[11],"tags":[],"class_list":["post-9122","post","type-post","status-publish","format-standard","has-post-thumbnail","hentry","category-destacadas"],"yoast_head":"<!-- This site is optimized with the Yoast SEO plugin v27.4 - https:\/\/yoast.com\/product\/yoast-seo-wordpress\/ -->\n<title>Cami Homs mostr\u00f3 por primera vez el rostro de su beb\u00e9 y enterneci\u00f3 a todos: la foto - Fm Gente<\/title>\n<meta name=\"robots\" content=\"index, follow, max-snippet:-1, max-image-preview:large, max-video-preview:-1\" \/>\n<link rel=\"canonical\" href=\"https:\/\/fmgente.com.ar\/web\/cami-homs-mostro-por-primera-vez-el-rostro-de-su-bebe-y-enternecio-a-todos-la-foto\/\" \/>\n<meta property=\"og:locale\" content=\"es_ES\" \/>\n<meta property=\"og:type\" content=\"article\" \/>\n<meta property=\"og:title\" content=\"Cami Homs mostr\u00f3 por primera vez el rostro de su beb\u00e9 y enterneci\u00f3 a todos: la foto - Fm Gente\" \/>\n<meta property=\"og:description\" content=\"Cami Homs comparti\u00f3 una imagen que emocion\u00f3 a todo su entorno digital: la primera ecograf\u00eda\" \/>\n<meta property=\"og:url\" content=\"https:\/\/fmgente.com.ar\/web\/cami-homs-mostro-por-primera-vez-el-rostro-de-su-bebe-y-enternecio-a-todos-la-foto\/\" \/>\n<meta property=\"og:site_name\" content=\"Fm Gente\" \/>\n<meta property=\"article:published_time\" content=\"2025-11-08T18:05:22+00:00\" \/>\n<meta property=\"og:image\" content=\"https:\/\/fmgente.com.ar\/web\/wp-content\/uploads\/2025\/11\/Thiago-Medina-hospital-359x226-12.jpg\" \/>\n\t<meta property=\"og:image:width\" content=\"359\" \/>\n\t<meta property=\"og:image:height\" content=\"226\" \/>\n\t<meta property=\"og:image:type\" content=\"image\/jpeg\" \/>\n<meta name=\"twitter:card\" content=\"summary_large_image\" \/>\n<meta name=\"twitter:label1\" content=\"Tiempo de lectura\" \/>\n\t<meta name=\"twitter:data1\" content=\"2 minutos\" \/>\n<script type=\"application\/ld+json\" class=\"yoast-schema-graph\">{\"@context\":\"https:\\\/\\\/schema.org\",\"@graph\":[{\"@type\":\"Article\",\"@id\":\"https:\\\/\\\/fmgente.com.ar\\\/web\\\/cami-homs-mostro-por-primera-vez-el-rostro-de-su-bebe-y-enternecio-a-todos-la-foto\\\/#article\",\"isPartOf\":{\"@id\":\"https:\\\/\\\/fmgente.com.ar\\\/web\\\/cami-homs-mostro-por-primera-vez-el-rostro-de-su-bebe-y-enternecio-a-todos-la-foto\\\/\"},\"author\":{\"name\":\"\",\"@id\":\"\"},\"headline\":\"Cami Homs mostr\u00f3 por primera vez el rostro de su beb\u00e9 y enterneci\u00f3 a todos: la foto\",\"datePublished\":\"2025-11-08T18:05:22+00:00\",\"mainEntityOfPage\":{\"@id\":\"https:\\\/\\\/fmgente.com.ar\\\/web\\\/cami-homs-mostro-por-primera-vez-el-rostro-de-su-bebe-y-enternecio-a-todos-la-foto\\\/\"},\"wordCount\":448,\"publisher\":{\"@id\":\"https:\\\/\\\/fmgente.com.ar\\\/web\\\/#organization\"},\"image\":{\"@id\":\"https:\\\/\\\/fmgente.com.ar\\\/web\\\/cami-homs-mostro-por-primera-vez-el-rostro-de-su-bebe-y-enternecio-a-todos-la-foto\\\/#primaryimage\"},\"thumbnailUrl\":\"https:\\\/\\\/fmgente.com.ar\\\/web\\\/wp-content\\\/uploads\\\/2025\\\/11\\\/Thiago-Medina-hospital-359x226-12.jpg\",\"articleSection\":[\"DESTACADAS\"],\"inLanguage\":\"es\"},{\"@type\":\"WebPage\",\"@id\":\"https:\\\/\\\/fmgente.com.ar\\\/web\\\/cami-homs-mostro-por-primera-vez-el-rostro-de-su-bebe-y-enternecio-a-todos-la-foto\\\/\",\"url\":\"https:\\\/\\\/fmgente.com.ar\\\/web\\\/cami-homs-mostro-por-primera-vez-el-rostro-de-su-bebe-y-enternecio-a-todos-la-foto\\\/\",\"name\":\"Cami Homs mostr\u00f3 por primera vez el rostro de su beb\u00e9 y enterneci\u00f3 a todos: la foto - Fm Gente\",\"isPartOf\":{\"@id\":\"https:\\\/\\\/fmgente.com.ar\\\/web\\\/#website\"},\"primaryImageOfPage\":{\"@id\":\"https:\\\/\\\/fmgente.com.ar\\\/web\\\/cami-homs-mostro-por-primera-vez-el-rostro-de-su-bebe-y-enternecio-a-todos-la-foto\\\/#primaryimage\"},\"image\":{\"@id\":\"https:\\\/\\\/fmgente.com.ar\\\/web\\\/cami-homs-mostro-por-primera-vez-el-rostro-de-su-bebe-y-enternecio-a-todos-la-foto\\\/#primaryimage\"},\"thumbnailUrl\":\"https:\\\/\\\/fmgente.com.ar\\\/web\\\/wp-content\\\/uploads\\\/2025\\\/11\\\/Thiago-Medina-hospital-359x226-12.jpg\",\"datePublished\":\"2025-11-08T18:05:22+00:00\",\"inLanguage\":\"es\",\"potentialAction\":[{\"@type\":\"ReadAction\",\"target\":[\"https:\\\/\\\/fmgente.com.ar\\\/web\\\/cami-homs-mostro-por-primera-vez-el-rostro-de-su-bebe-y-enternecio-a-todos-la-foto\\\/\"]}]},{\"@type\":\"ImageObject\",\"inLanguage\":\"es\",\"@id\":\"https:\\\/\\\/fmgente.com.ar\\\/web\\\/cami-homs-mostro-por-primera-vez-el-rostro-de-su-bebe-y-enternecio-a-todos-la-foto\\\/#primaryimage\",\"url\":\"https:\\\/\\\/fmgente.com.ar\\\/web\\\/wp-content\\\/uploads\\\/2025\\\/11\\\/Thiago-Medina-hospital-359x226-12.jpg\",\"contentUrl\":\"https:\\\/\\\/fmgente.com.ar\\\/web\\\/wp-content\\\/uploads\\\/2025\\\/11\\\/Thiago-Medina-hospital-359x226-12.jpg\",\"width\":359,\"height\":226},{\"@type\":\"WebSite\",\"@id\":\"https:\\\/\\\/fmgente.com.ar\\\/web\\\/#website\",\"url\":\"https:\\\/\\\/fmgente.com.ar\\\/web\\\/\",\"name\":\"Fm Gente\",\"description\":\"- Jes\u00fas Mar\u00eda\",\"publisher\":{\"@id\":\"https:\\\/\\\/fmgente.com.ar\\\/web\\\/#organization\"},\"potentialAction\":[{\"@type\":\"SearchAction\",\"target\":{\"@type\":\"EntryPoint\",\"urlTemplate\":\"https:\\\/\\\/fmgente.com.ar\\\/web\\\/?s={search_term_string}\"},\"query-input\":{\"@type\":\"PropertyValueSpecification\",\"valueRequired\":true,\"valueName\":\"search_term_string\"}}],\"inLanguage\":\"es\"},{\"@type\":\"Organization\",\"@id\":\"https:\\\/\\\/fmgente.com.ar\\\/web\\\/#organization\",\"name\":\"Fm Gente\",\"url\":\"https:\\\/\\\/fmgente.com.ar\\\/web\\\/\",\"logo\":{\"@type\":\"ImageObject\",\"inLanguage\":\"es\",\"@id\":\"https:\\\/\\\/fmgente.com.ar\\\/web\\\/#\\\/schema\\\/logo\\\/image\\\/\",\"url\":\"https:\\\/\\\/fmgente.com.ar\\\/web\\\/wp-content\\\/uploads\\\/2023\\\/07\\\/cropped-cropped-logo-sombra2.png\",\"contentUrl\":\"https:\\\/\\\/fmgente.com.ar\\\/web\\\/wp-content\\\/uploads\\\/2023\\\/07\\\/cropped-cropped-logo-sombra2.png\",\"width\":1782,\"height\":1782,\"caption\":\"Fm Gente\"},\"image\":{\"@id\":\"https:\\\/\\\/fmgente.com.ar\\\/web\\\/#\\\/schema\\\/logo\\\/image\\\/\"}}]}<\/script>\n<!-- \/ Yoast SEO plugin. -->","yoast_head_json":{"title":"Cami Homs mostr\u00f3 por primera vez el rostro de su beb\u00e9 y enterneci\u00f3 a todos: la foto - Fm Gente","robots":{"index":"index","follow":"follow","max-snippet":"max-snippet:-1","max-image-preview":"max-image-preview:large","max-video-preview":"max-video-preview:-1"},"canonical":"https:\/\/fmgente.com.ar\/web\/cami-homs-mostro-por-primera-vez-el-rostro-de-su-bebe-y-enternecio-a-todos-la-foto\/","og_locale":"es_ES","og_type":"article","og_title":"Cami Homs mostr\u00f3 por primera vez el rostro de su beb\u00e9 y enterneci\u00f3 a todos: la foto - Fm Gente","og_description":"Cami Homs comparti\u00f3 una imagen que emocion\u00f3 a todo su entorno digital: la primera ecograf\u00eda","og_url":"https:\/\/fmgente.com.ar\/web\/cami-homs-mostro-por-primera-vez-el-rostro-de-su-bebe-y-enternecio-a-todos-la-foto\/","og_site_name":"Fm Gente","article_published_time":"2025-11-08T18:05:22+00:00","og_image":[{"width":359,"height":226,"url":"https:\/\/fmgente.com.ar\/web\/wp-content\/uploads\/2025\/11\/Thiago-Medina-hospital-359x226-12.jpg","type":"image\/jpeg"}],"twitter_card":"summary_large_image","twitter_misc":{"Tiempo de lectura":"2 minutos"},"schema":{"@context":"https:\/\/schema.org","@graph":[{"@type":"Article","@id":"https:\/\/fmgente.com.ar\/web\/cami-homs-mostro-por-primera-vez-el-rostro-de-su-bebe-y-enternecio-a-todos-la-foto\/#article","isPartOf":{"@id":"https:\/\/fmgente.com.ar\/web\/cami-homs-mostro-por-primera-vez-el-rostro-de-su-bebe-y-enternecio-a-todos-la-foto\/"},"author":{"name":"","@id":""},"headline":"Cami Homs mostr\u00f3 por primera vez el rostro de su beb\u00e9 y enterneci\u00f3 a todos: la foto","datePublished":"2025-11-08T18:05:22+00:00","mainEntityOfPage":{"@id":"https:\/\/fmgente.com.ar\/web\/cami-homs-mostro-por-primera-vez-el-rostro-de-su-bebe-y-enternecio-a-todos-la-foto\/"},"wordCount":448,"publisher":{"@id":"https:\/\/fmgente.com.ar\/web\/#organization"},"image":{"@id":"https:\/\/fmgente.com.ar\/web\/cami-homs-mostro-por-primera-vez-el-rostro-de-su-bebe-y-enternecio-a-todos-la-foto\/#primaryimage"},"thumbnailUrl":"https:\/\/fmgente.com.ar\/web\/wp-content\/uploads\/2025\/11\/Thiago-Medina-hospital-359x226-12.jpg","articleSection":["DESTACADAS"],"inLanguage":"es"},{"@type":"WebPage","@id":"https:\/\/fmgente.com.ar\/web\/cami-homs-mostro-por-primera-vez-el-rostro-de-su-bebe-y-enternecio-a-todos-la-foto\/","url":"https:\/\/fmgente.com.ar\/web\/cami-homs-mostro-por-primera-vez-el-rostro-de-su-bebe-y-enternecio-a-todos-la-foto\/","name":"Cami Homs mostr\u00f3 por primera vez el rostro de su beb\u00e9 y enterneci\u00f3 a todos: la foto - Fm Gente","isPartOf":{"@id":"https:\/\/fmgente.com.ar\/web\/#website"},"primaryImageOfPage":{"@id":"https:\/\/fmgente.com.ar\/web\/cami-homs-mostro-por-primera-vez-el-rostro-de-su-bebe-y-enternecio-a-todos-la-foto\/#primaryimage"},"image":{"@id":"https:\/\/fmgente.com.ar\/web\/cami-homs-mostro-por-primera-vez-el-rostro-de-su-bebe-y-enternecio-a-todos-la-foto\/#primaryimage"},"thumbnailUrl":"https:\/\/fmgente.com.ar\/web\/wp-content\/uploads\/2025\/11\/Thiago-Medina-hospital-359x226-12.jpg","datePublished":"2025-11-08T18:05:22+00:00","inLanguage":"es","potentialAction":[{"@type":"ReadAction","target":["https:\/\/fmgente.com.ar\/web\/cami-homs-mostro-por-primera-vez-el-rostro-de-su-bebe-y-enternecio-a-todos-la-foto\/"]}]},{"@type":"ImageObject","inLanguage":"es","@id":"https:\/\/fmgente.com.ar\/web\/cami-homs-mostro-por-primera-vez-el-rostro-de-su-bebe-y-enternecio-a-todos-la-foto\/#primaryimage","url":"https:\/\/fmgente.com.ar\/web\/wp-content\/uploads\/2025\/11\/Thiago-Medina-hospital-359x226-12.jpg","contentUrl":"https:\/\/fmgente.com.ar\/web\/wp-content\/uploads\/2025\/11\/Thiago-Medina-hospital-359x226-12.jpg","width":359,"height":226},{"@type":"WebSite","@id":"https:\/\/fmgente.com.ar\/web\/#website","url":"https:\/\/fmgente.com.ar\/web\/","name":"Fm Gente","description":"- Jes\u00fas Mar\u00eda","publisher":{"@id":"https:\/\/fmgente.com.ar\/web\/#organization"},"potentialAction":[{"@type":"SearchAction","target":{"@type":"EntryPoint","urlTemplate":"https:\/\/fmgente.com.ar\/web\/?s={search_term_string}"},"query-input":{"@type":"PropertyValueSpecification","valueRequired":true,"valueName":"search_term_string"}}],"inLanguage":"es"},{"@type":"Organization","@id":"https:\/\/fmgente.com.ar\/web\/#organization","name":"Fm Gente","url":"https:\/\/fmgente.com.ar\/web\/","logo":{"@type":"ImageObject","inLanguage":"es","@id":"https:\/\/fmgente.com.ar\/web\/#\/schema\/logo\/image\/","url":"https:\/\/fmgente.com.ar\/web\/wp-content\/uploads\/2023\/07\/cropped-cropped-logo-sombra2.png","contentUrl":"https:\/\/fmgente.com.ar\/web\/wp-content\/uploads\/2023\/07\/cropped-cropped-logo-sombra2.png","width":1782,"height":1782,"caption":"Fm Gente"},"image":{"@id":"https:\/\/fmgente.com.ar\/web\/#\/schema\/logo\/image\/"}}]}},"_links":{"self":[{"href":"https:\/\/fmgente.com.ar\/web\/wp-json\/wp\/v2\/posts\/9122","targetHints":{"allow":["GET"]}}],"collection":[{"href":"https:\/\/fmgente.com.ar\/web\/wp-json\/wp\/v2\/posts"}],"about":[{"href":"https:\/\/fmgente.com.ar\/web\/wp-json\/wp\/v2\/types\/post"}],"replies":[{"embeddable":true,"href":"https:\/\/fmgente.com.ar\/web\/wp-json\/wp\/v2\/comments?post=9122"}],"version-history":[{"count":0,"href":"https:\/\/fmgente.com.ar\/web\/wp-json\/wp\/v2\/posts\/9122\/revisions"}],"wp:featuredmedia":[{"embeddable":true,"href":"https:\/\/fmgente.com.ar\/web\/wp-json\/wp\/v2\/media\/9123"}],"wp:attachment":[{"href":"https:\/\/fmgente.com.ar\/web\/wp-json\/wp\/v2\/media?parent=9122"}],"wp:term":[{"taxonomy":"category","embeddable":true,"href":"https:\/\/fmgente.com.ar\/web\/wp-json\/wp\/v2\/categories?post=9122"},{"taxonomy":"post_tag","embeddable":true,"href":"https:\/\/fmgente.com.ar\/web\/wp-json\/wp\/v2\/tags?post=9122"}],"curies":[{"name":"wp","href":"https:\/\/api.w.org\/{rel}","templated":true}]}}