{"id":9118,"date":"2025-11-08T14:06:21","date_gmt":"2025-11-08T17:06:21","guid":{"rendered":"https:\/\/fmgente.com.ar\/el-drama-que-atraviesa-carmen-barbieri-y-la-tiene-muy-preocupada-como-poco-y\/"},"modified":"2025-11-08T14:06:21","modified_gmt":"2025-11-08T17:06:21","slug":"el-drama-que-atraviesa-carmen-barbieri-y-la-tiene-muy-preocupada-como-poco-y","status":"publish","type":"post","link":"https:\/\/fmgente.com.ar\/web\/el-drama-que-atraviesa-carmen-barbieri-y-la-tiene-muy-preocupada-como-poco-y\/","title":{"rendered":"El drama que atraviesa Carmen Barbieri y la tiene muy preocupada &quot;C\u00f3mo poco y\u2026&quot;"},"content":{"rendered":"<p><a href=\"https:\/\/www.paparazzi.com.ar\/?s=Carmen+Barbieri+\">Carmen Barbieri <\/a>volvi\u00f3 a encender las alarmas al hablar, sin filtros, del tema que m\u00e1s la inquiet\u00f3 en los \u00faltimos meses: su dificultad para bajar de peso a pesar de, seg\u00fan sus palabras, comer casi nada. En una charla que otorg\u00f3 a <strong>Pronto <\/strong>con el periodista <strong>Nico Peralta<\/strong>, la conductora relat\u00f3 c\u00f3mo vive este proceso mientras sostiene una agenda laboral que no le dio respiro.<\/p>\n<p><em>\u201cTengo una vida tranquila. Yo lo \u00fanico que hago es laburar. Laburo, laburo, laburo. Y cocinar<\/em>\u201d, expres\u00f3, dejando en claro que su rutina est\u00e1 marcada por el trabajo constante. La artista describi\u00f3 escenas cotidianas para explicar por qu\u00e9 siente frustraci\u00f3n. <\/p>\n<p>Detall\u00f3 que cocin\u00f3 pastel de papa, tortilla espa\u00f1ola, arroz con quesos y fideos con langostinos, pero aclar\u00f3 que solo prob\u00f3 \u201cuna cucharada\u201d de cada plato. Incluso cont\u00f3 una salida reciente: \u201c<em>Reci\u00e9n, por ejemplo, con mi secretaria y amiga Melanie fuimos al caf\u00e9 de enfrente y me tom\u00e9 un cortado mediano. Y un revuelto de huevo, con palta, como si fuese un desayuno. Sano y poco. Y ya ahora no tengo ganas de cenar<\/em>\u201d. <\/p>\n<div class=\"mt-box \">\n<h4 class=\"mt-heading\">Mir\u00e1 Tambi\u00e9n<\/h4>\n<p><a href=\"https:\/\/www.paparazzi.com.ar\/teve\/thiago-medina-eligio-la-ppz-fest-para-su-primera-salida-de-noche-los-doctores-me-dijeron-que\/\"><\/p>\n<div class=\"mt-content\">\n<div class=\"mt-image-container\"><img decoding=\"async\" src=\"https:\/\/www.paparazzi.com.ar\/wp-content\/uploads\/2025\/10\/Thiago-Medina-3-359x226.jpg\" alt=\"Thiago Medina eligi\u00f3 la PPZ Fest para su primera salida de noche: \u201cLos doctores me dijeron que\u2026\u201d\" class=\"mt-image\" loading=\"lazy\" \/><\/div>\n<h5 class=\"mt-title\">Thiago Medina eligi\u00f3 la PPZ Fest para su primera salida de noche: \u201cLos doctores me dijeron que\u2026\u201d<\/h5>\n<\/div>\n<p><\/a><\/div>\n<p>Luego remat\u00f3 con su frase m\u00e1s fuerte: <em>\u201cYo soy una gorda que come poco. Pero no mentirosa, es verdad lo que te digo\u201d.<\/em> <strong>Peralta <\/strong>le pregunt\u00f3 por qu\u00e9 cree que aumenta de peso si come tan poco. <strong>Carmen <\/strong>respondi\u00f3 sin vueltas: \u201c<em>Es gen\u00e9tica<\/em>\u201d. Record\u00f3 que en la familia paterna todas las mujeres ten\u00edan tendencia al sobrepeso y que varias superaban los cien kilos. <\/p>\n<h2 class=\"wp-block-heading\">LA SALUD DE CARMEN BARBIERI<\/h2>\n<p><em>\u201cLos hombres delgados pero las mujeres, gordas. Tengo esa gen\u00e9tica<\/em>\u201d, afirm\u00f3, dando a entender que su cuerpo no acompa\u00f1a el esfuerzo que ella siente hacer d\u00eda a d\u00eda. Su relato avanz\u00f3 hacia un recuerdo clave: su embarazo. Cont\u00f3 que, durante los siete meses de gestaci\u00f3n de <strong>Federico<\/strong>, aument\u00f3 44 kilos. <\/p>\n<p>\u201c<em>Fueron siete meses y naci\u00f3 Fede. \u00a1Imaginate si llegaba a t\u00e9rmino<\/em>!\u201d, record\u00f3. El nacimiento ocurri\u00f3 por ces\u00e1rea debido a una gestosis que elev\u00f3 su presi\u00f3n \u201c<em>por el cielo<\/em>\u201d, y, desde entonces, arrastra kilos que nunca logr\u00f3 bajar del todo. <em>\u201cMe falta bajar, m\u00ednimo, ocho kilos. Pero tambi\u00e9n hay que tener cuidado porque estoy grande y se cae todo<\/em>\u201d, coment\u00f3<\/p>\n<div class=\"mt-box \">\n<h4 class=\"mt-heading\">Mir\u00e1 Tambi\u00e9n<\/h4>\n<p><a href=\"https:\/\/www.paparazzi.com.ar\/teve\/la-escandalosa-verdad-detras-de-la-pelea-de-angel-de-brito-y-beto-casella\/\"><\/p>\n<div class=\"mt-content\">\n<div class=\"mt-image-container\"><img decoding=\"async\" src=\"https:\/\/www.paparazzi.com.ar\/wp-content\/uploads\/2025\/11\/image-105-359x226.png\" alt=\"La escandalosa verdad detr\u00e1s de la pelea de \u00c1ngel de Brito y Beto Casella\" class=\"mt-image\" loading=\"lazy\" \/><\/div>\n<h5 class=\"mt-title\">La escandalosa verdad detr\u00e1s de la pelea de \u00c1ngel de Brito y Beto Casella<\/h5>\n<\/div>\n<p><\/a><\/div>\n<div class=\"mt-box \">\n<h4 class=\"mt-heading\">Mir\u00e1 Tambi\u00e9n<\/h4>\n<p><a href=\"https:\/\/www.paparazzi.com.ar\/teve\/angel-de-brito-se-metio-en-el-escandalo-del-ano-y-conto-toda-la-verdad-se-divorcia\/\"><\/p>\n<div class=\"mt-content\">\n<div class=\"mt-image-container\"><img decoding=\"async\" src=\"https:\/\/www.paparazzi.com.ar\/wp-content\/uploads\/2025\/11\/Angel-de-Brito-se-metio-en-el-escandalo-del-ano-y-conto-toda-la-verdad-22Se-divorcia22-359x226.jpg\" alt=\"\u00c1ngel de Brito se meti\u00f3 en el esc\u00e1ndalo del a\u00f1o y cont\u00f3 toda la verdad: &quot;Se divorcia&quot;\" class=\"mt-image\" loading=\"lazy\" \/><\/div>\n<h5 class=\"mt-title\">\u00c1ngel de Brito se meti\u00f3 en el esc\u00e1ndalo del a\u00f1o y cont\u00f3 toda la verdad: \u00abSe divorcia\u00bb<\/h5>\n<\/div>\n<p><\/a><\/div>\n<p>The post <a href=\"https:\/\/www.paparazzi.com.ar\/teve\/el-drama-que-atraviesa-carmen-barbieri-y-la-tiene-muy-preocupada-como-poco-y\/\">El drama que atraviesa Carmen Barbieri y la tiene muy preocupada &quot;C\u00f3mo poco y\u2026&quot;<\/a> appeared first on <a href=\"https:\/\/www.paparazzi.com.ar\">Revista Paparazzi<\/a>.<\/p>\n","protected":false},"excerpt":{"rendered":"<p>Carmen Barbieri volvi\u00f3 a encender las alarmas al hablar, sin filtros, del tema que m\u00e1s<\/p>\n","protected":false},"author":0,"featured_media":9119,"comment_status":"","ping_status":"","sticky":false,"template":"","format":"standard","meta":{"footnotes":""},"categories":[11],"tags":[],"class_list":["post-9118","post","type-post","status-publish","format-standard","has-post-thumbnail","hentry","category-destacadas"],"yoast_head":"<!-- This site is optimized with the Yoast SEO plugin v27.4 - https:\/\/yoast.com\/product\/yoast-seo-wordpress\/ -->\n<title>El drama que atraviesa Carmen Barbieri y la tiene muy preocupada &quot;C\u00f3mo poco y\u2026&quot; - Fm Gente<\/title>\n<meta name=\"robots\" content=\"index, follow, max-snippet:-1, max-image-preview:large, max-video-preview:-1\" \/>\n<link rel=\"canonical\" href=\"https:\/\/fmgente.com.ar\/web\/el-drama-que-atraviesa-carmen-barbieri-y-la-tiene-muy-preocupada-como-poco-y\/\" \/>\n<meta property=\"og:locale\" content=\"es_ES\" \/>\n<meta property=\"og:type\" content=\"article\" \/>\n<meta property=\"og:title\" content=\"El drama que atraviesa Carmen Barbieri y la tiene muy preocupada &quot;C\u00f3mo poco y\u2026&quot; - Fm Gente\" \/>\n<meta property=\"og:description\" content=\"Carmen Barbieri volvi\u00f3 a encender las alarmas al hablar, sin filtros, del tema que m\u00e1s\" \/>\n<meta property=\"og:url\" content=\"https:\/\/fmgente.com.ar\/web\/el-drama-que-atraviesa-carmen-barbieri-y-la-tiene-muy-preocupada-como-poco-y\/\" \/>\n<meta property=\"og:site_name\" content=\"Fm Gente\" \/>\n<meta property=\"article:published_time\" content=\"2025-11-08T17:06:21+00:00\" \/>\n<meta property=\"og:image\" content=\"https:\/\/fmgente.com.ar\/web\/wp-content\/uploads\/2025\/11\/Thiago-Medina-3-359x226-14.jpg\" \/>\n\t<meta property=\"og:image:width\" content=\"359\" \/>\n\t<meta property=\"og:image:height\" content=\"226\" \/>\n\t<meta property=\"og:image:type\" content=\"image\/jpeg\" \/>\n<meta name=\"twitter:card\" content=\"summary_large_image\" \/>\n<meta name=\"twitter:label1\" content=\"Tiempo de lectura\" \/>\n\t<meta name=\"twitter:data1\" content=\"2 minutos\" \/>\n<script type=\"application\/ld+json\" class=\"yoast-schema-graph\">{\"@context\":\"https:\\\/\\\/schema.org\",\"@graph\":[{\"@type\":\"Article\",\"@id\":\"https:\\\/\\\/fmgente.com.ar\\\/web\\\/el-drama-que-atraviesa-carmen-barbieri-y-la-tiene-muy-preocupada-como-poco-y\\\/#article\",\"isPartOf\":{\"@id\":\"https:\\\/\\\/fmgente.com.ar\\\/web\\\/el-drama-que-atraviesa-carmen-barbieri-y-la-tiene-muy-preocupada-como-poco-y\\\/\"},\"author\":{\"name\":\"\",\"@id\":\"\"},\"headline\":\"El drama que atraviesa Carmen Barbieri y la tiene muy preocupada &quot;C\u00f3mo poco y\u2026&quot;\",\"datePublished\":\"2025-11-08T17:06:21+00:00\",\"mainEntityOfPage\":{\"@id\":\"https:\\\/\\\/fmgente.com.ar\\\/web\\\/el-drama-que-atraviesa-carmen-barbieri-y-la-tiene-muy-preocupada-como-poco-y\\\/\"},\"wordCount\":474,\"publisher\":{\"@id\":\"https:\\\/\\\/fmgente.com.ar\\\/web\\\/#organization\"},\"image\":{\"@id\":\"https:\\\/\\\/fmgente.com.ar\\\/web\\\/el-drama-que-atraviesa-carmen-barbieri-y-la-tiene-muy-preocupada-como-poco-y\\\/#primaryimage\"},\"thumbnailUrl\":\"https:\\\/\\\/fmgente.com.ar\\\/web\\\/wp-content\\\/uploads\\\/2025\\\/11\\\/Thiago-Medina-3-359x226-14.jpg\",\"articleSection\":[\"DESTACADAS\"],\"inLanguage\":\"es\"},{\"@type\":\"WebPage\",\"@id\":\"https:\\\/\\\/fmgente.com.ar\\\/web\\\/el-drama-que-atraviesa-carmen-barbieri-y-la-tiene-muy-preocupada-como-poco-y\\\/\",\"url\":\"https:\\\/\\\/fmgente.com.ar\\\/web\\\/el-drama-que-atraviesa-carmen-barbieri-y-la-tiene-muy-preocupada-como-poco-y\\\/\",\"name\":\"El drama que atraviesa Carmen Barbieri y la tiene muy preocupada &quot;C\u00f3mo poco y\u2026&quot; - Fm Gente\",\"isPartOf\":{\"@id\":\"https:\\\/\\\/fmgente.com.ar\\\/web\\\/#website\"},\"primaryImageOfPage\":{\"@id\":\"https:\\\/\\\/fmgente.com.ar\\\/web\\\/el-drama-que-atraviesa-carmen-barbieri-y-la-tiene-muy-preocupada-como-poco-y\\\/#primaryimage\"},\"image\":{\"@id\":\"https:\\\/\\\/fmgente.com.ar\\\/web\\\/el-drama-que-atraviesa-carmen-barbieri-y-la-tiene-muy-preocupada-como-poco-y\\\/#primaryimage\"},\"thumbnailUrl\":\"https:\\\/\\\/fmgente.com.ar\\\/web\\\/wp-content\\\/uploads\\\/2025\\\/11\\\/Thiago-Medina-3-359x226-14.jpg\",\"datePublished\":\"2025-11-08T17:06:21+00:00\",\"inLanguage\":\"es\",\"potentialAction\":[{\"@type\":\"ReadAction\",\"target\":[\"https:\\\/\\\/fmgente.com.ar\\\/web\\\/el-drama-que-atraviesa-carmen-barbieri-y-la-tiene-muy-preocupada-como-poco-y\\\/\"]}]},{\"@type\":\"ImageObject\",\"inLanguage\":\"es\",\"@id\":\"https:\\\/\\\/fmgente.com.ar\\\/web\\\/el-drama-que-atraviesa-carmen-barbieri-y-la-tiene-muy-preocupada-como-poco-y\\\/#primaryimage\",\"url\":\"https:\\\/\\\/fmgente.com.ar\\\/web\\\/wp-content\\\/uploads\\\/2025\\\/11\\\/Thiago-Medina-3-359x226-14.jpg\",\"contentUrl\":\"https:\\\/\\\/fmgente.com.ar\\\/web\\\/wp-content\\\/uploads\\\/2025\\\/11\\\/Thiago-Medina-3-359x226-14.jpg\",\"width\":359,\"height\":226},{\"@type\":\"WebSite\",\"@id\":\"https:\\\/\\\/fmgente.com.ar\\\/web\\\/#website\",\"url\":\"https:\\\/\\\/fmgente.com.ar\\\/web\\\/\",\"name\":\"Fm Gente\",\"description\":\"- Jes\u00fas Mar\u00eda\",\"publisher\":{\"@id\":\"https:\\\/\\\/fmgente.com.ar\\\/web\\\/#organization\"},\"potentialAction\":[{\"@type\":\"SearchAction\",\"target\":{\"@type\":\"EntryPoint\",\"urlTemplate\":\"https:\\\/\\\/fmgente.com.ar\\\/web\\\/?s={search_term_string}\"},\"query-input\":{\"@type\":\"PropertyValueSpecification\",\"valueRequired\":true,\"valueName\":\"search_term_string\"}}],\"inLanguage\":\"es\"},{\"@type\":\"Organization\",\"@id\":\"https:\\\/\\\/fmgente.com.ar\\\/web\\\/#organization\",\"name\":\"Fm Gente\",\"url\":\"https:\\\/\\\/fmgente.com.ar\\\/web\\\/\",\"logo\":{\"@type\":\"ImageObject\",\"inLanguage\":\"es\",\"@id\":\"https:\\\/\\\/fmgente.com.ar\\\/web\\\/#\\\/schema\\\/logo\\\/image\\\/\",\"url\":\"https:\\\/\\\/fmgente.com.ar\\\/web\\\/wp-content\\\/uploads\\\/2023\\\/07\\\/cropped-cropped-logo-sombra2.png\",\"contentUrl\":\"https:\\\/\\\/fmgente.com.ar\\\/web\\\/wp-content\\\/uploads\\\/2023\\\/07\\\/cropped-cropped-logo-sombra2.png\",\"width\":1782,\"height\":1782,\"caption\":\"Fm Gente\"},\"image\":{\"@id\":\"https:\\\/\\\/fmgente.com.ar\\\/web\\\/#\\\/schema\\\/logo\\\/image\\\/\"}}]}<\/script>\n<!-- \/ Yoast SEO plugin. -->","yoast_head_json":{"title":"El drama que atraviesa Carmen Barbieri y la tiene muy preocupada &quot;C\u00f3mo poco y\u2026&quot; - Fm Gente","robots":{"index":"index","follow":"follow","max-snippet":"max-snippet:-1","max-image-preview":"max-image-preview:large","max-video-preview":"max-video-preview:-1"},"canonical":"https:\/\/fmgente.com.ar\/web\/el-drama-que-atraviesa-carmen-barbieri-y-la-tiene-muy-preocupada-como-poco-y\/","og_locale":"es_ES","og_type":"article","og_title":"El drama que atraviesa Carmen Barbieri y la tiene muy preocupada &quot;C\u00f3mo poco y\u2026&quot; - Fm Gente","og_description":"Carmen Barbieri volvi\u00f3 a encender las alarmas al hablar, sin filtros, del tema que m\u00e1s","og_url":"https:\/\/fmgente.com.ar\/web\/el-drama-que-atraviesa-carmen-barbieri-y-la-tiene-muy-preocupada-como-poco-y\/","og_site_name":"Fm Gente","article_published_time":"2025-11-08T17:06:21+00:00","og_image":[{"width":359,"height":226,"url":"https:\/\/fmgente.com.ar\/web\/wp-content\/uploads\/2025\/11\/Thiago-Medina-3-359x226-14.jpg","type":"image\/jpeg"}],"twitter_card":"summary_large_image","twitter_misc":{"Tiempo de lectura":"2 minutos"},"schema":{"@context":"https:\/\/schema.org","@graph":[{"@type":"Article","@id":"https:\/\/fmgente.com.ar\/web\/el-drama-que-atraviesa-carmen-barbieri-y-la-tiene-muy-preocupada-como-poco-y\/#article","isPartOf":{"@id":"https:\/\/fmgente.com.ar\/web\/el-drama-que-atraviesa-carmen-barbieri-y-la-tiene-muy-preocupada-como-poco-y\/"},"author":{"name":"","@id":""},"headline":"El drama que atraviesa Carmen Barbieri y la tiene muy preocupada &quot;C\u00f3mo poco y\u2026&quot;","datePublished":"2025-11-08T17:06:21+00:00","mainEntityOfPage":{"@id":"https:\/\/fmgente.com.ar\/web\/el-drama-que-atraviesa-carmen-barbieri-y-la-tiene-muy-preocupada-como-poco-y\/"},"wordCount":474,"publisher":{"@id":"https:\/\/fmgente.com.ar\/web\/#organization"},"image":{"@id":"https:\/\/fmgente.com.ar\/web\/el-drama-que-atraviesa-carmen-barbieri-y-la-tiene-muy-preocupada-como-poco-y\/#primaryimage"},"thumbnailUrl":"https:\/\/fmgente.com.ar\/web\/wp-content\/uploads\/2025\/11\/Thiago-Medina-3-359x226-14.jpg","articleSection":["DESTACADAS"],"inLanguage":"es"},{"@type":"WebPage","@id":"https:\/\/fmgente.com.ar\/web\/el-drama-que-atraviesa-carmen-barbieri-y-la-tiene-muy-preocupada-como-poco-y\/","url":"https:\/\/fmgente.com.ar\/web\/el-drama-que-atraviesa-carmen-barbieri-y-la-tiene-muy-preocupada-como-poco-y\/","name":"El drama que atraviesa Carmen Barbieri y la tiene muy preocupada &quot;C\u00f3mo poco y\u2026&quot; - Fm Gente","isPartOf":{"@id":"https:\/\/fmgente.com.ar\/web\/#website"},"primaryImageOfPage":{"@id":"https:\/\/fmgente.com.ar\/web\/el-drama-que-atraviesa-carmen-barbieri-y-la-tiene-muy-preocupada-como-poco-y\/#primaryimage"},"image":{"@id":"https:\/\/fmgente.com.ar\/web\/el-drama-que-atraviesa-carmen-barbieri-y-la-tiene-muy-preocupada-como-poco-y\/#primaryimage"},"thumbnailUrl":"https:\/\/fmgente.com.ar\/web\/wp-content\/uploads\/2025\/11\/Thiago-Medina-3-359x226-14.jpg","datePublished":"2025-11-08T17:06:21+00:00","inLanguage":"es","potentialAction":[{"@type":"ReadAction","target":["https:\/\/fmgente.com.ar\/web\/el-drama-que-atraviesa-carmen-barbieri-y-la-tiene-muy-preocupada-como-poco-y\/"]}]},{"@type":"ImageObject","inLanguage":"es","@id":"https:\/\/fmgente.com.ar\/web\/el-drama-que-atraviesa-carmen-barbieri-y-la-tiene-muy-preocupada-como-poco-y\/#primaryimage","url":"https:\/\/fmgente.com.ar\/web\/wp-content\/uploads\/2025\/11\/Thiago-Medina-3-359x226-14.jpg","contentUrl":"https:\/\/fmgente.com.ar\/web\/wp-content\/uploads\/2025\/11\/Thiago-Medina-3-359x226-14.jpg","width":359,"height":226},{"@type":"WebSite","@id":"https:\/\/fmgente.com.ar\/web\/#website","url":"https:\/\/fmgente.com.ar\/web\/","name":"Fm Gente","description":"- Jes\u00fas Mar\u00eda","publisher":{"@id":"https:\/\/fmgente.com.ar\/web\/#organization"},"potentialAction":[{"@type":"SearchAction","target":{"@type":"EntryPoint","urlTemplate":"https:\/\/fmgente.com.ar\/web\/?s={search_term_string}"},"query-input":{"@type":"PropertyValueSpecification","valueRequired":true,"valueName":"search_term_string"}}],"inLanguage":"es"},{"@type":"Organization","@id":"https:\/\/fmgente.com.ar\/web\/#organization","name":"Fm Gente","url":"https:\/\/fmgente.com.ar\/web\/","logo":{"@type":"ImageObject","inLanguage":"es","@id":"https:\/\/fmgente.com.ar\/web\/#\/schema\/logo\/image\/","url":"https:\/\/fmgente.com.ar\/web\/wp-content\/uploads\/2023\/07\/cropped-cropped-logo-sombra2.png","contentUrl":"https:\/\/fmgente.com.ar\/web\/wp-content\/uploads\/2023\/07\/cropped-cropped-logo-sombra2.png","width":1782,"height":1782,"caption":"Fm Gente"},"image":{"@id":"https:\/\/fmgente.com.ar\/web\/#\/schema\/logo\/image\/"}}]}},"_links":{"self":[{"href":"https:\/\/fmgente.com.ar\/web\/wp-json\/wp\/v2\/posts\/9118","targetHints":{"allow":["GET"]}}],"collection":[{"href":"https:\/\/fmgente.com.ar\/web\/wp-json\/wp\/v2\/posts"}],"about":[{"href":"https:\/\/fmgente.com.ar\/web\/wp-json\/wp\/v2\/types\/post"}],"replies":[{"embeddable":true,"href":"https:\/\/fmgente.com.ar\/web\/wp-json\/wp\/v2\/comments?post=9118"}],"version-history":[{"count":0,"href":"https:\/\/fmgente.com.ar\/web\/wp-json\/wp\/v2\/posts\/9118\/revisions"}],"wp:featuredmedia":[{"embeddable":true,"href":"https:\/\/fmgente.com.ar\/web\/wp-json\/wp\/v2\/media\/9119"}],"wp:attachment":[{"href":"https:\/\/fmgente.com.ar\/web\/wp-json\/wp\/v2\/media?parent=9118"}],"wp:term":[{"taxonomy":"category","embeddable":true,"href":"https:\/\/fmgente.com.ar\/web\/wp-json\/wp\/v2\/categories?post=9118"},{"taxonomy":"post_tag","embeddable":true,"href":"https:\/\/fmgente.com.ar\/web\/wp-json\/wp\/v2\/tags?post=9118"}],"curies":[{"name":"wp","href":"https:\/\/api.w.org\/{rel}","templated":true}]}}