{"id":9116,"date":"2025-11-08T14:06:21","date_gmt":"2025-11-08T17:06:21","guid":{"rendered":"https:\/\/fmgente.com.ar\/la-bomba-de-yanina-latorre-sobre-una-mega-famosa-del-mundo-del-espectaculo-tiene-problemas-de\/"},"modified":"2025-11-08T14:06:21","modified_gmt":"2025-11-08T17:06:21","slug":"la-bomba-de-yanina-latorre-sobre-una-mega-famosa-del-mundo-del-espectaculo-tiene-problemas-de","status":"publish","type":"post","link":"https:\/\/fmgente.com.ar\/web\/la-bomba-de-yanina-latorre-sobre-una-mega-famosa-del-mundo-del-espectaculo-tiene-problemas-de\/","title":{"rendered":"La bomba de Yanina Latorre sobre una mega famosa del mundo del espect\u00e1culo: &quot;Tiene problemas de&#8230;&quot;"},"content":{"rendered":"<p><strong>Yanina Latorre <\/strong>se meti\u00f3 de lleno en este esc\u00e1ndalo del clan <strong>Tinelli<\/strong> que est\u00e1 que arde. La divisi\u00f3n familiar, las deudas, las explosivas declaraciones de las hijas de <strong>Marcelo<\/strong> y hasta las ex mujeres del Cabez\u00f3n, <strong>Soledad Aquino<\/strong> y <strong>Paula Robles<\/strong>, todos cayeron en la misma bolsa.<\/p>\n<p>La primera que prendi\u00f3 el ventilador y desparram\u00f3 para todos lados fue <strong>Juanita Tinelli<\/strong>. Luego claro que tambi\u00e9n se sum\u00f3 <strong>Cande Tinelli<\/strong>, quien no se guard\u00f3 nada y apunt\u00f3 directamente contra Robles, y hasta <strong><a href=\"https:\/\/www.paparazzi.com.ar\/teve\/guillermina-valdes-fue-involucrada-en-el-escandalo-de-los-tinelli-con-la-peor-acusacion-la-unica-que\/\">Guillermina Vald\u00e9s<\/a><\/strong>, defendiendo a su mam\u00e1, como \u201cla \u00fanica ex que no se qued\u00f3 con nada\u201d.<\/p>\n<p>A partir de todo lo que viven, sumado a un posible enojo que hoy tendr\u00edan <strong><a href=\"https:\/\/www.paparazzi.com.ar\/teve\/como-fue-la-huida-de-francisco-tinelli-de-la-policia-que-termino-en-accidente-en-la-ruta-a-jose-ignacio\/\">Francisco Tinelli<\/a><\/strong> con su pap\u00e1, la panelista de LAM no se guard\u00f3 nada. Y en ese aspecto, focaliz\u00f3 parte de este conflicto en Juanita y sus actitudes.<\/p>\n<div class=\"mt-box \">\n<h4 class=\"mt-heading\">Mir\u00e1 Tambi\u00e9n<\/h4>\n<p><a href=\"https:\/\/www.paparazzi.com.ar\/videos\/exclusivo-luis-ventura-conto-por-que-jorge-rial-le-tiene-miedo-me-quiere-borrar-porque\/\"><\/p>\n<div class=\"mt-content\">\n<div class=\"mt-image-container\"><img decoding=\"async\" src=\"https:\/\/www.paparazzi.com.ar\/wp-content\/uploads\/2025\/11\/Ventura-dos-1-359x226.jpg\" alt=\"\u00a1Exclusivo! Luis Ventura cont\u00f3 por qu\u00e9 Jorge Rial le tiene miedo: \u201cMe quiere borrar porque\u2026\u201d\" class=\"mt-image\" loading=\"lazy\" \/><\/div>\n<h5 class=\"mt-title\">\u00a1Exclusivo! Luis Ventura cont\u00f3 por qu\u00e9 Jorge Rial le tiene miedo: \u201cMe quiere borrar porque\u2026\u201d<\/h5>\n<\/div>\n<p><\/a><\/div>\n<p>\u201c<em>Si tiene problemas de salud emocional no es la culpa del padre, digo, tambi\u00e9n tiene una madre y una vida. Cuando dice \u2018eleg\u00ed callar\u2019. A ver, Marcelo tiene 20.000 defectos; le podes decir no s\u00e9\u2026 la mesa del hambre, que debe guita o que hizo malos negocios\u2026 que dej\u00f3 gente sin laburo<\/em>\u201d, expuso <a href=\"https:\/\/www.paparazzi.com.ar\/romances\/yanina-latorre-anuncio-que-la-china-suarez-quiere-irse-de-turquia-y-le-dio-el-ultimatum-a-mauro-icardi\/\">Yanina<\/a>.<\/p>\n<h2 class=\"wp-block-heading\">YANINA LATORRE MUY PICANTE SOBRE JUANA TINELLI Y SUS HERMANAS<\/h2>\n<p>Haciendo este descargo desde un lugar de defender a Marcelo, de exponer su costado personal y lo buena persona, sobre todo en su rol como pap\u00e1. Incluso, Latorre apunt\u00f3 contra Juana y esta actitud que adopt\u00f3 frente a este esc\u00e1ndalo.<\/p>\n<div class=\"mt-box \">\n<h4 class=\"mt-heading\">Mir\u00e1 Tambi\u00e9n<\/h4>\n<p><a href=\"https:\/\/www.paparazzi.com.ar\/teve\/el-ataque-de-panico-que-sufrio-juanita-tinelli-en-medio-de-las-amenazas-de-muerte\/\"><\/p>\n<div class=\"mt-content\">\n<div class=\"mt-image-container\"><img decoding=\"async\" src=\"https:\/\/www.paparazzi.com.ar\/wp-content\/uploads\/2025\/11\/Juanita-Tinelli-1-359x226.jpg\" alt=\"El ataque de p\u00e1nico que sufri\u00f3 Juanita Tinelli tras ser amenazada de muerte\" class=\"mt-image\" loading=\"lazy\" \/><\/div>\n<h5 class=\"mt-title\">El ataque de p\u00e1nico que sufri\u00f3 Juanita Tinelli tras ser amenazada de muerte<\/h5>\n<\/div>\n<p><\/a><\/div>\n<p>\u201c<em>Toda esa parte p\u00fablica y laboral, pero como padre, padrazo. Ella dice \u2018prioric\u00e9 a mi pap\u00e1\u2019. Esta chica nunca trabaj\u00f3, se fue un a\u00f1o a probar suerte para desfilar en Par\u00eds, y la mantuvo el padre, el departamento todo. Porque nunca peg\u00f3 creo que un desfile, no es que se mantuvo con laburo<\/em>\u201d, sostuvo Yanina.<\/p>\n<p>Y al finalizar, agreg\u00f3: \u201c<em>Estas chicas toda la vida anduvieron en avi\u00f3n privado, casa en Punta del Este. O sea, no entiendo de qu\u00e9 habla. Ponele que la llamaron, le hicieron una amenaza. \u00bfQu\u00e9 culpa tiene el padre? Ponele que la amenaza sea por otro motivo o por guita, lo que fuera. \u00bfQu\u00e9 culpa tiene el padre? De verdad lo digo, para ponerse tan as\u00ed. Ella quer\u00eda armar quilombo<\/em>\u201d.<\/p>\n<div class=\"mt-box \">\n<h4 class=\"mt-heading\">Mir\u00e1 Tambi\u00e9n<\/h4>\n<p><a href=\"https:\/\/www.paparazzi.com.ar\/teve\/la-china-suarez-atraveso-horas-de-maxima-tension-su-furia-contra-maxi-lopez-y-wanda-nara\/\"><\/p>\n<div class=\"mt-content\">\n<div class=\"mt-image-container\"><img decoding=\"async\" src=\"https:\/\/www.paparazzi.com.ar\/wp-content\/uploads\/2025\/11\/La-China-Suarez-atraveso-horas-de-maxima-tension-su-furia-contra-Maxi-Lopez-y-Wanda-Nara-359x226.jpg\" alt=\"La China Su\u00e1rez atraves\u00f3 horas de m\u00e1xima tensi\u00f3n: su furia contra Maxi L\u00f3pez y Wanda Nara\" class=\"mt-image\" loading=\"lazy\" \/><\/div>\n<h5 class=\"mt-title\">La China Su\u00e1rez atraves\u00f3 horas de m\u00e1xima tensi\u00f3n: su furia contra Maxi L\u00f3pez y Wanda Nara<\/h5>\n<\/div>\n<p><\/a><\/div>\n<div class=\"mt-box \">\n<h4 class=\"mt-heading\">Mir\u00e1 Tambi\u00e9n<\/h4>\n<p><a href=\"https:\/\/www.paparazzi.com.ar\/teve\/angel-de-brito-se-metio-en-el-escandalo-del-ano-y-conto-toda-la-verdad-se-divorcia\/\"><\/p>\n<div class=\"mt-content\">\n<div class=\"mt-image-container\"><img decoding=\"async\" src=\"https:\/\/www.paparazzi.com.ar\/wp-content\/uploads\/2025\/11\/Angel-de-Brito-se-metio-en-el-escandalo-del-ano-y-conto-toda-la-verdad-22Se-divorcia22-359x226.jpg\" alt=\"\u00c1ngel de Brito se meti\u00f3 en el esc\u00e1ndalo del a\u00f1o y cont\u00f3 toda la verdad: &quot;Se divorcia&quot;\" class=\"mt-image\" loading=\"lazy\" \/><\/div>\n<h5 class=\"mt-title\">\u00c1ngel de Brito se meti\u00f3 en el esc\u00e1ndalo del a\u00f1o y cont\u00f3 toda la verdad: \u00abSe divorcia\u00bb<\/h5>\n<\/div>\n<p><\/a><\/div>\n<p>The post <a href=\"https:\/\/www.paparazzi.com.ar\/teve\/la-bomba-de-yanina-latorre-sobre-una-mega-famosa-del-mundo-del-espectaculo-tiene-problemas-de\/\">La bomba de Yanina Latorre sobre una mega famosa del mundo del espect\u00e1culo: &quot;Tiene problemas de&#8230;&quot;<\/a> appeared first on <a href=\"https:\/\/www.paparazzi.com.ar\">Revista Paparazzi<\/a>.<\/p>\n","protected":false},"excerpt":{"rendered":"<p>Yanina Latorre se meti\u00f3 de lleno en este esc\u00e1ndalo del clan Tinelli que est\u00e1 que<\/p>\n","protected":false},"author":0,"featured_media":9117,"comment_status":"","ping_status":"","sticky":false,"template":"","format":"standard","meta":{"footnotes":""},"categories":[11],"tags":[],"class_list":["post-9116","post","type-post","status-publish","format-standard","has-post-thumbnail","hentry","category-destacadas"],"yoast_head":"<!-- This site is optimized with the Yoast SEO plugin v27.4 - https:\/\/yoast.com\/product\/yoast-seo-wordpress\/ -->\n<title>La bomba de Yanina Latorre sobre una mega famosa del mundo del espect\u00e1culo: &quot;Tiene problemas de...&quot; - Fm Gente<\/title>\n<meta name=\"robots\" content=\"index, follow, max-snippet:-1, max-image-preview:large, max-video-preview:-1\" \/>\n<link rel=\"canonical\" href=\"https:\/\/fmgente.com.ar\/web\/la-bomba-de-yanina-latorre-sobre-una-mega-famosa-del-mundo-del-espectaculo-tiene-problemas-de\/\" \/>\n<meta property=\"og:locale\" content=\"es_ES\" \/>\n<meta property=\"og:type\" content=\"article\" \/>\n<meta property=\"og:title\" content=\"La bomba de Yanina Latorre sobre una mega famosa del mundo del espect\u00e1culo: &quot;Tiene problemas de...&quot; - Fm Gente\" \/>\n<meta property=\"og:description\" content=\"Yanina Latorre se meti\u00f3 de lleno en este esc\u00e1ndalo del clan Tinelli que est\u00e1 que\" \/>\n<meta property=\"og:url\" content=\"https:\/\/fmgente.com.ar\/web\/la-bomba-de-yanina-latorre-sobre-una-mega-famosa-del-mundo-del-espectaculo-tiene-problemas-de\/\" \/>\n<meta property=\"og:site_name\" content=\"Fm Gente\" \/>\n<meta property=\"article:published_time\" content=\"2025-11-08T17:06:21+00:00\" \/>\n<meta property=\"og:image\" content=\"https:\/\/fmgente.com.ar\/web\/wp-content\/uploads\/2025\/11\/Ventura-dos-1-359x226-7.jpg\" \/>\n\t<meta property=\"og:image:width\" content=\"359\" \/>\n\t<meta property=\"og:image:height\" content=\"226\" \/>\n\t<meta property=\"og:image:type\" content=\"image\/jpeg\" \/>\n<meta name=\"twitter:card\" content=\"summary_large_image\" \/>\n<meta name=\"twitter:label1\" content=\"Tiempo de lectura\" \/>\n\t<meta name=\"twitter:data1\" content=\"2 minutos\" \/>\n<script type=\"application\/ld+json\" class=\"yoast-schema-graph\">{\"@context\":\"https:\\\/\\\/schema.org\",\"@graph\":[{\"@type\":\"Article\",\"@id\":\"https:\\\/\\\/fmgente.com.ar\\\/web\\\/la-bomba-de-yanina-latorre-sobre-una-mega-famosa-del-mundo-del-espectaculo-tiene-problemas-de\\\/#article\",\"isPartOf\":{\"@id\":\"https:\\\/\\\/fmgente.com.ar\\\/web\\\/la-bomba-de-yanina-latorre-sobre-una-mega-famosa-del-mundo-del-espectaculo-tiene-problemas-de\\\/\"},\"author\":{\"name\":\"\",\"@id\":\"\"},\"headline\":\"La bomba de Yanina Latorre sobre una mega famosa del mundo del espect\u00e1culo: &quot;Tiene problemas de&#8230;&quot;\",\"datePublished\":\"2025-11-08T17:06:21+00:00\",\"mainEntityOfPage\":{\"@id\":\"https:\\\/\\\/fmgente.com.ar\\\/web\\\/la-bomba-de-yanina-latorre-sobre-una-mega-famosa-del-mundo-del-espectaculo-tiene-problemas-de\\\/\"},\"wordCount\":504,\"publisher\":{\"@id\":\"https:\\\/\\\/fmgente.com.ar\\\/web\\\/#organization\"},\"image\":{\"@id\":\"https:\\\/\\\/fmgente.com.ar\\\/web\\\/la-bomba-de-yanina-latorre-sobre-una-mega-famosa-del-mundo-del-espectaculo-tiene-problemas-de\\\/#primaryimage\"},\"thumbnailUrl\":\"https:\\\/\\\/fmgente.com.ar\\\/web\\\/wp-content\\\/uploads\\\/2025\\\/11\\\/Ventura-dos-1-359x226-7.jpg\",\"articleSection\":[\"DESTACADAS\"],\"inLanguage\":\"es\"},{\"@type\":\"WebPage\",\"@id\":\"https:\\\/\\\/fmgente.com.ar\\\/web\\\/la-bomba-de-yanina-latorre-sobre-una-mega-famosa-del-mundo-del-espectaculo-tiene-problemas-de\\\/\",\"url\":\"https:\\\/\\\/fmgente.com.ar\\\/web\\\/la-bomba-de-yanina-latorre-sobre-una-mega-famosa-del-mundo-del-espectaculo-tiene-problemas-de\\\/\",\"name\":\"La bomba de Yanina Latorre sobre una mega famosa del mundo del espect\u00e1culo: &quot;Tiene problemas de...&quot; - Fm Gente\",\"isPartOf\":{\"@id\":\"https:\\\/\\\/fmgente.com.ar\\\/web\\\/#website\"},\"primaryImageOfPage\":{\"@id\":\"https:\\\/\\\/fmgente.com.ar\\\/web\\\/la-bomba-de-yanina-latorre-sobre-una-mega-famosa-del-mundo-del-espectaculo-tiene-problemas-de\\\/#primaryimage\"},\"image\":{\"@id\":\"https:\\\/\\\/fmgente.com.ar\\\/web\\\/la-bomba-de-yanina-latorre-sobre-una-mega-famosa-del-mundo-del-espectaculo-tiene-problemas-de\\\/#primaryimage\"},\"thumbnailUrl\":\"https:\\\/\\\/fmgente.com.ar\\\/web\\\/wp-content\\\/uploads\\\/2025\\\/11\\\/Ventura-dos-1-359x226-7.jpg\",\"datePublished\":\"2025-11-08T17:06:21+00:00\",\"inLanguage\":\"es\",\"potentialAction\":[{\"@type\":\"ReadAction\",\"target\":[\"https:\\\/\\\/fmgente.com.ar\\\/web\\\/la-bomba-de-yanina-latorre-sobre-una-mega-famosa-del-mundo-del-espectaculo-tiene-problemas-de\\\/\"]}]},{\"@type\":\"ImageObject\",\"inLanguage\":\"es\",\"@id\":\"https:\\\/\\\/fmgente.com.ar\\\/web\\\/la-bomba-de-yanina-latorre-sobre-una-mega-famosa-del-mundo-del-espectaculo-tiene-problemas-de\\\/#primaryimage\",\"url\":\"https:\\\/\\\/fmgente.com.ar\\\/web\\\/wp-content\\\/uploads\\\/2025\\\/11\\\/Ventura-dos-1-359x226-7.jpg\",\"contentUrl\":\"https:\\\/\\\/fmgente.com.ar\\\/web\\\/wp-content\\\/uploads\\\/2025\\\/11\\\/Ventura-dos-1-359x226-7.jpg\",\"width\":359,\"height\":226},{\"@type\":\"WebSite\",\"@id\":\"https:\\\/\\\/fmgente.com.ar\\\/web\\\/#website\",\"url\":\"https:\\\/\\\/fmgente.com.ar\\\/web\\\/\",\"name\":\"Fm Gente\",\"description\":\"- Jes\u00fas Mar\u00eda\",\"publisher\":{\"@id\":\"https:\\\/\\\/fmgente.com.ar\\\/web\\\/#organization\"},\"potentialAction\":[{\"@type\":\"SearchAction\",\"target\":{\"@type\":\"EntryPoint\",\"urlTemplate\":\"https:\\\/\\\/fmgente.com.ar\\\/web\\\/?s={search_term_string}\"},\"query-input\":{\"@type\":\"PropertyValueSpecification\",\"valueRequired\":true,\"valueName\":\"search_term_string\"}}],\"inLanguage\":\"es\"},{\"@type\":\"Organization\",\"@id\":\"https:\\\/\\\/fmgente.com.ar\\\/web\\\/#organization\",\"name\":\"Fm Gente\",\"url\":\"https:\\\/\\\/fmgente.com.ar\\\/web\\\/\",\"logo\":{\"@type\":\"ImageObject\",\"inLanguage\":\"es\",\"@id\":\"https:\\\/\\\/fmgente.com.ar\\\/web\\\/#\\\/schema\\\/logo\\\/image\\\/\",\"url\":\"https:\\\/\\\/fmgente.com.ar\\\/web\\\/wp-content\\\/uploads\\\/2023\\\/07\\\/cropped-cropped-logo-sombra2.png\",\"contentUrl\":\"https:\\\/\\\/fmgente.com.ar\\\/web\\\/wp-content\\\/uploads\\\/2023\\\/07\\\/cropped-cropped-logo-sombra2.png\",\"width\":1782,\"height\":1782,\"caption\":\"Fm Gente\"},\"image\":{\"@id\":\"https:\\\/\\\/fmgente.com.ar\\\/web\\\/#\\\/schema\\\/logo\\\/image\\\/\"}}]}<\/script>\n<!-- \/ Yoast SEO plugin. -->","yoast_head_json":{"title":"La bomba de Yanina Latorre sobre una mega famosa del mundo del espect\u00e1culo: &quot;Tiene problemas de...&quot; - Fm Gente","robots":{"index":"index","follow":"follow","max-snippet":"max-snippet:-1","max-image-preview":"max-image-preview:large","max-video-preview":"max-video-preview:-1"},"canonical":"https:\/\/fmgente.com.ar\/web\/la-bomba-de-yanina-latorre-sobre-una-mega-famosa-del-mundo-del-espectaculo-tiene-problemas-de\/","og_locale":"es_ES","og_type":"article","og_title":"La bomba de Yanina Latorre sobre una mega famosa del mundo del espect\u00e1culo: &quot;Tiene problemas de...&quot; - Fm Gente","og_description":"Yanina Latorre se meti\u00f3 de lleno en este esc\u00e1ndalo del clan Tinelli que est\u00e1 que","og_url":"https:\/\/fmgente.com.ar\/web\/la-bomba-de-yanina-latorre-sobre-una-mega-famosa-del-mundo-del-espectaculo-tiene-problemas-de\/","og_site_name":"Fm Gente","article_published_time":"2025-11-08T17:06:21+00:00","og_image":[{"width":359,"height":226,"url":"https:\/\/fmgente.com.ar\/web\/wp-content\/uploads\/2025\/11\/Ventura-dos-1-359x226-7.jpg","type":"image\/jpeg"}],"twitter_card":"summary_large_image","twitter_misc":{"Tiempo de lectura":"2 minutos"},"schema":{"@context":"https:\/\/schema.org","@graph":[{"@type":"Article","@id":"https:\/\/fmgente.com.ar\/web\/la-bomba-de-yanina-latorre-sobre-una-mega-famosa-del-mundo-del-espectaculo-tiene-problemas-de\/#article","isPartOf":{"@id":"https:\/\/fmgente.com.ar\/web\/la-bomba-de-yanina-latorre-sobre-una-mega-famosa-del-mundo-del-espectaculo-tiene-problemas-de\/"},"author":{"name":"","@id":""},"headline":"La bomba de Yanina Latorre sobre una mega famosa del mundo del espect\u00e1culo: &quot;Tiene problemas de&#8230;&quot;","datePublished":"2025-11-08T17:06:21+00:00","mainEntityOfPage":{"@id":"https:\/\/fmgente.com.ar\/web\/la-bomba-de-yanina-latorre-sobre-una-mega-famosa-del-mundo-del-espectaculo-tiene-problemas-de\/"},"wordCount":504,"publisher":{"@id":"https:\/\/fmgente.com.ar\/web\/#organization"},"image":{"@id":"https:\/\/fmgente.com.ar\/web\/la-bomba-de-yanina-latorre-sobre-una-mega-famosa-del-mundo-del-espectaculo-tiene-problemas-de\/#primaryimage"},"thumbnailUrl":"https:\/\/fmgente.com.ar\/web\/wp-content\/uploads\/2025\/11\/Ventura-dos-1-359x226-7.jpg","articleSection":["DESTACADAS"],"inLanguage":"es"},{"@type":"WebPage","@id":"https:\/\/fmgente.com.ar\/web\/la-bomba-de-yanina-latorre-sobre-una-mega-famosa-del-mundo-del-espectaculo-tiene-problemas-de\/","url":"https:\/\/fmgente.com.ar\/web\/la-bomba-de-yanina-latorre-sobre-una-mega-famosa-del-mundo-del-espectaculo-tiene-problemas-de\/","name":"La bomba de Yanina Latorre sobre una mega famosa del mundo del espect\u00e1culo: &quot;Tiene problemas de...&quot; - Fm Gente","isPartOf":{"@id":"https:\/\/fmgente.com.ar\/web\/#website"},"primaryImageOfPage":{"@id":"https:\/\/fmgente.com.ar\/web\/la-bomba-de-yanina-latorre-sobre-una-mega-famosa-del-mundo-del-espectaculo-tiene-problemas-de\/#primaryimage"},"image":{"@id":"https:\/\/fmgente.com.ar\/web\/la-bomba-de-yanina-latorre-sobre-una-mega-famosa-del-mundo-del-espectaculo-tiene-problemas-de\/#primaryimage"},"thumbnailUrl":"https:\/\/fmgente.com.ar\/web\/wp-content\/uploads\/2025\/11\/Ventura-dos-1-359x226-7.jpg","datePublished":"2025-11-08T17:06:21+00:00","inLanguage":"es","potentialAction":[{"@type":"ReadAction","target":["https:\/\/fmgente.com.ar\/web\/la-bomba-de-yanina-latorre-sobre-una-mega-famosa-del-mundo-del-espectaculo-tiene-problemas-de\/"]}]},{"@type":"ImageObject","inLanguage":"es","@id":"https:\/\/fmgente.com.ar\/web\/la-bomba-de-yanina-latorre-sobre-una-mega-famosa-del-mundo-del-espectaculo-tiene-problemas-de\/#primaryimage","url":"https:\/\/fmgente.com.ar\/web\/wp-content\/uploads\/2025\/11\/Ventura-dos-1-359x226-7.jpg","contentUrl":"https:\/\/fmgente.com.ar\/web\/wp-content\/uploads\/2025\/11\/Ventura-dos-1-359x226-7.jpg","width":359,"height":226},{"@type":"WebSite","@id":"https:\/\/fmgente.com.ar\/web\/#website","url":"https:\/\/fmgente.com.ar\/web\/","name":"Fm Gente","description":"- Jes\u00fas Mar\u00eda","publisher":{"@id":"https:\/\/fmgente.com.ar\/web\/#organization"},"potentialAction":[{"@type":"SearchAction","target":{"@type":"EntryPoint","urlTemplate":"https:\/\/fmgente.com.ar\/web\/?s={search_term_string}"},"query-input":{"@type":"PropertyValueSpecification","valueRequired":true,"valueName":"search_term_string"}}],"inLanguage":"es"},{"@type":"Organization","@id":"https:\/\/fmgente.com.ar\/web\/#organization","name":"Fm Gente","url":"https:\/\/fmgente.com.ar\/web\/","logo":{"@type":"ImageObject","inLanguage":"es","@id":"https:\/\/fmgente.com.ar\/web\/#\/schema\/logo\/image\/","url":"https:\/\/fmgente.com.ar\/web\/wp-content\/uploads\/2023\/07\/cropped-cropped-logo-sombra2.png","contentUrl":"https:\/\/fmgente.com.ar\/web\/wp-content\/uploads\/2023\/07\/cropped-cropped-logo-sombra2.png","width":1782,"height":1782,"caption":"Fm Gente"},"image":{"@id":"https:\/\/fmgente.com.ar\/web\/#\/schema\/logo\/image\/"}}]}},"_links":{"self":[{"href":"https:\/\/fmgente.com.ar\/web\/wp-json\/wp\/v2\/posts\/9116","targetHints":{"allow":["GET"]}}],"collection":[{"href":"https:\/\/fmgente.com.ar\/web\/wp-json\/wp\/v2\/posts"}],"about":[{"href":"https:\/\/fmgente.com.ar\/web\/wp-json\/wp\/v2\/types\/post"}],"replies":[{"embeddable":true,"href":"https:\/\/fmgente.com.ar\/web\/wp-json\/wp\/v2\/comments?post=9116"}],"version-history":[{"count":0,"href":"https:\/\/fmgente.com.ar\/web\/wp-json\/wp\/v2\/posts\/9116\/revisions"}],"wp:featuredmedia":[{"embeddable":true,"href":"https:\/\/fmgente.com.ar\/web\/wp-json\/wp\/v2\/media\/9117"}],"wp:attachment":[{"href":"https:\/\/fmgente.com.ar\/web\/wp-json\/wp\/v2\/media?parent=9116"}],"wp:term":[{"taxonomy":"category","embeddable":true,"href":"https:\/\/fmgente.com.ar\/web\/wp-json\/wp\/v2\/categories?post=9116"},{"taxonomy":"post_tag","embeddable":true,"href":"https:\/\/fmgente.com.ar\/web\/wp-json\/wp\/v2\/tags?post=9116"}],"curies":[{"name":"wp","href":"https:\/\/api.w.org\/{rel}","templated":true}]}}