{"id":9114,"date":"2025-11-08T13:04:51","date_gmt":"2025-11-08T16:04:51","guid":{"rendered":"https:\/\/fmgente.com.ar\/la-escandalosa-verdad-detras-de-la-pelea-de-angel-de-brito-y-beto-casella\/"},"modified":"2025-11-08T13:04:51","modified_gmt":"2025-11-08T16:04:51","slug":"la-escandalosa-verdad-detras-de-la-pelea-de-angel-de-brito-y-beto-casella","status":"publish","type":"post","link":"https:\/\/fmgente.com.ar\/web\/la-escandalosa-verdad-detras-de-la-pelea-de-angel-de-brito-y-beto-casella\/","title":{"rendered":"La escandalosa verdad detr\u00e1s de la pelea de \u00c1ngel de Brito y Beto Casella"},"content":{"rendered":"<p>El pase de <a href=\"https:\/\/www.paparazzi.com.ar\/?s=Beto+Casella\">Beto Casella<\/a> a <strong>Am\u00e9rica TV<\/strong> confirm\u00f3 uno de los movimientos m\u00e1s fuertes del 2026 y, al mismo tiempo, dispar\u00f3 un conflicto que nadie vio venir. El conductor decidi\u00f3 abandonar Canal 9 despu\u00e9s de veinte a\u00f1os al frente de <strong>Bendita<\/strong>, y esa mudanza abri\u00f3 una grieta con <a href=\"https:\/\/www.paparazzi.com.ar\/?s=%C3%81ngel+de+Brito\">\u00c1ngel de Brito<\/a>. <\/p>\n<p><strong>Casella <\/strong>reaccion\u00f3 con bronca y us\u00f3 X para marcar su descontento. \u201c<em>Me extra\u00f1a mucho que gente de la industria no maneje estos c\u00f3digos<\/em>\u201d, escribi\u00f3, en alusi\u00f3n directa al conductor de <strong>LAM<\/strong>. Ese mensaje encendi\u00f3 la mecha de una interna que se ven\u00eda calentando desde hace tiempo. <\/p>\n<p><strong>De Brito<\/strong>, fiel a su estilo, no dej\u00f3 pasar el comentario y respondi\u00f3: \u201c<em>\u00a1Vamos, Beto! No s\u00e9 de qu\u00e9 c\u00f3digos habl\u00e1s, los pases siempre fueron y son noticia<\/em>\u201d. Pero el cruce tom\u00f3 otra dimensi\u00f3n cuando <strong>Yanina Latorre<\/strong> se meti\u00f3 en el tema y dej\u00f3 en evidencia detalles que cambiaron el foco de la discusi\u00f3n. <\/p>\n<div class=\"mt-box \">\n<h4 class=\"mt-heading\">Mir\u00e1 Tambi\u00e9n<\/h4>\n<p><a href=\"https:\/\/www.paparazzi.com.ar\/teve\/el-rumor-del-romance-mas-escandaloso-que-se-confirmo-en-la-ppz-fest\/\"><\/p>\n<div class=\"mt-content\">\n<div class=\"mt-image-container\"><img decoding=\"async\" src=\"https:\/\/www.paparazzi.com.ar\/wp-content\/uploads\/2025\/10\/Zoe-Bogach-ok-ok-359x226.jpg\" alt=\"El rumor del romance m\u00e1s escandaloso que se confirm\u00f3 en la PPZ Fest\" class=\"mt-image\" loading=\"lazy\" \/><\/div>\n<h5 class=\"mt-title\">El rumor del romance m\u00e1s escandaloso que se confirm\u00f3 en la PPZ Fest<\/h5>\n<\/div>\n<p><\/a><\/div>\n<p>Desde su programa, lanz\u00f3 una frase que sacudi\u00f3 el ambiente: <em>\u201cHablando de c\u00f3digos, voy a decirlo, total&#8230; cuando llamaron a Beto desde Am\u00e9rica, \u00e9l pidi\u00f3 el horario de LAM. Eso es no tener c\u00f3digos\u201d<\/em>. Los dichos de <strong>Yanina <\/strong>desataron un nuevo esc\u00e1ndalo.<\/p>\n<h2 class=\"wp-block-heading\">LA RESPUESTA DE \u00c1NGEL DE BRITO<\/h2>\n<p>Seg\u00fan explic\u00f3 la panelista, <strong>Casella <\/strong>pidi\u00f3 primero el horario que ocupa <strong>LAM<\/strong>. Al recibir la negativa, insisti\u00f3 y pidi\u00f3 el de las 21:30. La respuesta fue contundente: ese espacio estaba reservado y solo podr\u00eda elegir despu\u00e9s de las 22. \u201c<em>De 20 a 22 es el horario de LAM, que es el \u00e9xito rotundo del canal\u201d,<\/em> afirm\u00f3 <strong>Latorre<\/strong>.<\/p>\n<p>La pelea sigui\u00f3 escalando y un tuit de <strong>\u00c1ngel <\/strong>volvi\u00f3 a avivar las sospechas. \u201c<em>Podr\u00eda contar Yanina Latorre todo lo que pas\u00f3 por hablar de Beto<\/em>\u201d, lanz\u00f3, dejando la sensaci\u00f3n de que todav\u00eda queda informaci\u00f3n que no sali\u00f3 a la luz. <strong>Latorre <\/strong>acompa\u00f1\u00f3 esa idea: \u201c<em>Yo por ahora elijo callar, pero alg\u00fan d\u00eda lo voy a contar\u201d.<\/em><\/p>\n<div class=\"mt-box \">\n<h4 class=\"mt-heading\">Mir\u00e1 Tambi\u00e9n<\/h4>\n<p><a href=\"https:\/\/www.paparazzi.com.ar\/romances\/gimena-accardi-confirmo-si-esta-de-novia-con-un-famoso-cantante-14-anos-menor-que-ella\/\"><\/p>\n<div class=\"mt-content\">\n<div class=\"mt-image-container\"><img decoding=\"async\" src=\"https:\/\/www.paparazzi.com.ar\/wp-content\/uploads\/2025\/11\/Gimena-Accardi-confirmo-si-esta-de-novia-con-un-famoso-cantante-14-anos-menor-que-ella-359x226.jpg\" alt=\"Gimena Accardi confirm\u00f3 si est\u00e1 de novia con un famoso cantante 14 a\u00f1os menor que ella\" class=\"mt-image\" loading=\"lazy\" \/><\/div>\n<h5 class=\"mt-title\">Gimena Accardi confirm\u00f3 si est\u00e1 de novia con un famoso cantante 14 a\u00f1os menor que ella<\/h5>\n<\/div>\n<p><\/a><\/div>\n<div class=\"mt-box \">\n<h4 class=\"mt-heading\">Mir\u00e1 Tambi\u00e9n<\/h4>\n<p><a href=\"https:\/\/www.paparazzi.com.ar\/teve\/entre-la-politica-y-la-farandula-viviana-canosa-recibio-dos-propuestas-que-cambian-su-futuro\/\"><\/p>\n<div class=\"mt-content\">\n<div class=\"mt-image-container\"><img decoding=\"async\" src=\"https:\/\/www.paparazzi.com.ar\/wp-content\/uploads\/2025\/11\/Viviana-Canosa-359x226.jpg\" alt=\"Entre la pol\u00edtica y la far\u00e1ndula: Viviana Canosa recibi\u00f3 dos propuestas que cambian su futuro\" class=\"mt-image\" loading=\"lazy\" \/><\/div>\n<h5 class=\"mt-title\">Entre la pol\u00edtica y la far\u00e1ndula: Viviana Canosa recibi\u00f3 dos propuestas que cambian su futuro<\/h5>\n<\/div>\n<p><\/a><\/div>\n<p>The post <a href=\"https:\/\/www.paparazzi.com.ar\/teve\/la-escandalosa-verdad-detras-de-la-pelea-de-angel-de-brito-y-beto-casella\/\">La escandalosa verdad detr\u00e1s de la pelea de \u00c1ngel de Brito y Beto Casella<\/a> appeared first on <a href=\"https:\/\/www.paparazzi.com.ar\">Revista Paparazzi<\/a>.<\/p>\n","protected":false},"excerpt":{"rendered":"<p>El pase de Beto Casella a Am\u00e9rica TV confirm\u00f3 uno de los movimientos m\u00e1s fuertes<\/p>\n","protected":false},"author":0,"featured_media":9115,"comment_status":"","ping_status":"","sticky":false,"template":"","format":"standard","meta":{"footnotes":""},"categories":[11],"tags":[],"class_list":["post-9114","post","type-post","status-publish","format-standard","has-post-thumbnail","hentry","category-destacadas"],"yoast_head":"<!-- This site is optimized with the Yoast SEO plugin v27.4 - https:\/\/yoast.com\/product\/yoast-seo-wordpress\/ -->\n<title>La escandalosa verdad detr\u00e1s de la pelea de \u00c1ngel de Brito y Beto Casella - Fm Gente<\/title>\n<meta name=\"robots\" content=\"index, follow, max-snippet:-1, max-image-preview:large, max-video-preview:-1\" \/>\n<link rel=\"canonical\" href=\"https:\/\/fmgente.com.ar\/web\/la-escandalosa-verdad-detras-de-la-pelea-de-angel-de-brito-y-beto-casella\/\" \/>\n<meta property=\"og:locale\" content=\"es_ES\" \/>\n<meta property=\"og:type\" content=\"article\" \/>\n<meta property=\"og:title\" content=\"La escandalosa verdad detr\u00e1s de la pelea de \u00c1ngel de Brito y Beto Casella - Fm Gente\" \/>\n<meta property=\"og:description\" content=\"El pase de Beto Casella a Am\u00e9rica TV confirm\u00f3 uno de los movimientos m\u00e1s fuertes\" \/>\n<meta property=\"og:url\" content=\"https:\/\/fmgente.com.ar\/web\/la-escandalosa-verdad-detras-de-la-pelea-de-angel-de-brito-y-beto-casella\/\" \/>\n<meta property=\"og:site_name\" content=\"Fm Gente\" \/>\n<meta property=\"article:published_time\" content=\"2025-11-08T16:04:51+00:00\" \/>\n<meta property=\"og:image\" content=\"https:\/\/fmgente.com.ar\/web\/wp-content\/uploads\/2025\/11\/Zoe-Bogach-ok-ok-359x226-58.jpg\" \/>\n\t<meta property=\"og:image:width\" content=\"359\" \/>\n\t<meta property=\"og:image:height\" content=\"226\" \/>\n\t<meta property=\"og:image:type\" content=\"image\/jpeg\" \/>\n<meta name=\"twitter:card\" content=\"summary_large_image\" \/>\n<meta name=\"twitter:label1\" content=\"Tiempo de lectura\" \/>\n\t<meta name=\"twitter:data1\" content=\"2 minutos\" \/>\n<script type=\"application\/ld+json\" class=\"yoast-schema-graph\">{\"@context\":\"https:\\\/\\\/schema.org\",\"@graph\":[{\"@type\":\"Article\",\"@id\":\"https:\\\/\\\/fmgente.com.ar\\\/web\\\/la-escandalosa-verdad-detras-de-la-pelea-de-angel-de-brito-y-beto-casella\\\/#article\",\"isPartOf\":{\"@id\":\"https:\\\/\\\/fmgente.com.ar\\\/web\\\/la-escandalosa-verdad-detras-de-la-pelea-de-angel-de-brito-y-beto-casella\\\/\"},\"author\":{\"name\":\"\",\"@id\":\"\"},\"headline\":\"La escandalosa verdad detr\u00e1s de la pelea de \u00c1ngel de Brito y Beto Casella\",\"datePublished\":\"2025-11-08T16:04:51+00:00\",\"mainEntityOfPage\":{\"@id\":\"https:\\\/\\\/fmgente.com.ar\\\/web\\\/la-escandalosa-verdad-detras-de-la-pelea-de-angel-de-brito-y-beto-casella\\\/\"},\"wordCount\":426,\"publisher\":{\"@id\":\"https:\\\/\\\/fmgente.com.ar\\\/web\\\/#organization\"},\"image\":{\"@id\":\"https:\\\/\\\/fmgente.com.ar\\\/web\\\/la-escandalosa-verdad-detras-de-la-pelea-de-angel-de-brito-y-beto-casella\\\/#primaryimage\"},\"thumbnailUrl\":\"https:\\\/\\\/fmgente.com.ar\\\/web\\\/wp-content\\\/uploads\\\/2025\\\/11\\\/Zoe-Bogach-ok-ok-359x226-58.jpg\",\"articleSection\":[\"DESTACADAS\"],\"inLanguage\":\"es\"},{\"@type\":\"WebPage\",\"@id\":\"https:\\\/\\\/fmgente.com.ar\\\/web\\\/la-escandalosa-verdad-detras-de-la-pelea-de-angel-de-brito-y-beto-casella\\\/\",\"url\":\"https:\\\/\\\/fmgente.com.ar\\\/web\\\/la-escandalosa-verdad-detras-de-la-pelea-de-angel-de-brito-y-beto-casella\\\/\",\"name\":\"La escandalosa verdad detr\u00e1s de la pelea de \u00c1ngel de Brito y Beto Casella - Fm Gente\",\"isPartOf\":{\"@id\":\"https:\\\/\\\/fmgente.com.ar\\\/web\\\/#website\"},\"primaryImageOfPage\":{\"@id\":\"https:\\\/\\\/fmgente.com.ar\\\/web\\\/la-escandalosa-verdad-detras-de-la-pelea-de-angel-de-brito-y-beto-casella\\\/#primaryimage\"},\"image\":{\"@id\":\"https:\\\/\\\/fmgente.com.ar\\\/web\\\/la-escandalosa-verdad-detras-de-la-pelea-de-angel-de-brito-y-beto-casella\\\/#primaryimage\"},\"thumbnailUrl\":\"https:\\\/\\\/fmgente.com.ar\\\/web\\\/wp-content\\\/uploads\\\/2025\\\/11\\\/Zoe-Bogach-ok-ok-359x226-58.jpg\",\"datePublished\":\"2025-11-08T16:04:51+00:00\",\"inLanguage\":\"es\",\"potentialAction\":[{\"@type\":\"ReadAction\",\"target\":[\"https:\\\/\\\/fmgente.com.ar\\\/web\\\/la-escandalosa-verdad-detras-de-la-pelea-de-angel-de-brito-y-beto-casella\\\/\"]}]},{\"@type\":\"ImageObject\",\"inLanguage\":\"es\",\"@id\":\"https:\\\/\\\/fmgente.com.ar\\\/web\\\/la-escandalosa-verdad-detras-de-la-pelea-de-angel-de-brito-y-beto-casella\\\/#primaryimage\",\"url\":\"https:\\\/\\\/fmgente.com.ar\\\/web\\\/wp-content\\\/uploads\\\/2025\\\/11\\\/Zoe-Bogach-ok-ok-359x226-58.jpg\",\"contentUrl\":\"https:\\\/\\\/fmgente.com.ar\\\/web\\\/wp-content\\\/uploads\\\/2025\\\/11\\\/Zoe-Bogach-ok-ok-359x226-58.jpg\",\"width\":359,\"height\":226},{\"@type\":\"WebSite\",\"@id\":\"https:\\\/\\\/fmgente.com.ar\\\/web\\\/#website\",\"url\":\"https:\\\/\\\/fmgente.com.ar\\\/web\\\/\",\"name\":\"Fm Gente\",\"description\":\"- Jes\u00fas Mar\u00eda\",\"publisher\":{\"@id\":\"https:\\\/\\\/fmgente.com.ar\\\/web\\\/#organization\"},\"potentialAction\":[{\"@type\":\"SearchAction\",\"target\":{\"@type\":\"EntryPoint\",\"urlTemplate\":\"https:\\\/\\\/fmgente.com.ar\\\/web\\\/?s={search_term_string}\"},\"query-input\":{\"@type\":\"PropertyValueSpecification\",\"valueRequired\":true,\"valueName\":\"search_term_string\"}}],\"inLanguage\":\"es\"},{\"@type\":\"Organization\",\"@id\":\"https:\\\/\\\/fmgente.com.ar\\\/web\\\/#organization\",\"name\":\"Fm Gente\",\"url\":\"https:\\\/\\\/fmgente.com.ar\\\/web\\\/\",\"logo\":{\"@type\":\"ImageObject\",\"inLanguage\":\"es\",\"@id\":\"https:\\\/\\\/fmgente.com.ar\\\/web\\\/#\\\/schema\\\/logo\\\/image\\\/\",\"url\":\"https:\\\/\\\/fmgente.com.ar\\\/web\\\/wp-content\\\/uploads\\\/2023\\\/07\\\/cropped-cropped-logo-sombra2.png\",\"contentUrl\":\"https:\\\/\\\/fmgente.com.ar\\\/web\\\/wp-content\\\/uploads\\\/2023\\\/07\\\/cropped-cropped-logo-sombra2.png\",\"width\":1782,\"height\":1782,\"caption\":\"Fm Gente\"},\"image\":{\"@id\":\"https:\\\/\\\/fmgente.com.ar\\\/web\\\/#\\\/schema\\\/logo\\\/image\\\/\"}}]}<\/script>\n<!-- \/ Yoast SEO plugin. -->","yoast_head_json":{"title":"La escandalosa verdad detr\u00e1s de la pelea de \u00c1ngel de Brito y Beto Casella - Fm Gente","robots":{"index":"index","follow":"follow","max-snippet":"max-snippet:-1","max-image-preview":"max-image-preview:large","max-video-preview":"max-video-preview:-1"},"canonical":"https:\/\/fmgente.com.ar\/web\/la-escandalosa-verdad-detras-de-la-pelea-de-angel-de-brito-y-beto-casella\/","og_locale":"es_ES","og_type":"article","og_title":"La escandalosa verdad detr\u00e1s de la pelea de \u00c1ngel de Brito y Beto Casella - Fm Gente","og_description":"El pase de Beto Casella a Am\u00e9rica TV confirm\u00f3 uno de los movimientos m\u00e1s fuertes","og_url":"https:\/\/fmgente.com.ar\/web\/la-escandalosa-verdad-detras-de-la-pelea-de-angel-de-brito-y-beto-casella\/","og_site_name":"Fm Gente","article_published_time":"2025-11-08T16:04:51+00:00","og_image":[{"width":359,"height":226,"url":"https:\/\/fmgente.com.ar\/web\/wp-content\/uploads\/2025\/11\/Zoe-Bogach-ok-ok-359x226-58.jpg","type":"image\/jpeg"}],"twitter_card":"summary_large_image","twitter_misc":{"Tiempo de lectura":"2 minutos"},"schema":{"@context":"https:\/\/schema.org","@graph":[{"@type":"Article","@id":"https:\/\/fmgente.com.ar\/web\/la-escandalosa-verdad-detras-de-la-pelea-de-angel-de-brito-y-beto-casella\/#article","isPartOf":{"@id":"https:\/\/fmgente.com.ar\/web\/la-escandalosa-verdad-detras-de-la-pelea-de-angel-de-brito-y-beto-casella\/"},"author":{"name":"","@id":""},"headline":"La escandalosa verdad detr\u00e1s de la pelea de \u00c1ngel de Brito y Beto Casella","datePublished":"2025-11-08T16:04:51+00:00","mainEntityOfPage":{"@id":"https:\/\/fmgente.com.ar\/web\/la-escandalosa-verdad-detras-de-la-pelea-de-angel-de-brito-y-beto-casella\/"},"wordCount":426,"publisher":{"@id":"https:\/\/fmgente.com.ar\/web\/#organization"},"image":{"@id":"https:\/\/fmgente.com.ar\/web\/la-escandalosa-verdad-detras-de-la-pelea-de-angel-de-brito-y-beto-casella\/#primaryimage"},"thumbnailUrl":"https:\/\/fmgente.com.ar\/web\/wp-content\/uploads\/2025\/11\/Zoe-Bogach-ok-ok-359x226-58.jpg","articleSection":["DESTACADAS"],"inLanguage":"es"},{"@type":"WebPage","@id":"https:\/\/fmgente.com.ar\/web\/la-escandalosa-verdad-detras-de-la-pelea-de-angel-de-brito-y-beto-casella\/","url":"https:\/\/fmgente.com.ar\/web\/la-escandalosa-verdad-detras-de-la-pelea-de-angel-de-brito-y-beto-casella\/","name":"La escandalosa verdad detr\u00e1s de la pelea de \u00c1ngel de Brito y Beto Casella - Fm Gente","isPartOf":{"@id":"https:\/\/fmgente.com.ar\/web\/#website"},"primaryImageOfPage":{"@id":"https:\/\/fmgente.com.ar\/web\/la-escandalosa-verdad-detras-de-la-pelea-de-angel-de-brito-y-beto-casella\/#primaryimage"},"image":{"@id":"https:\/\/fmgente.com.ar\/web\/la-escandalosa-verdad-detras-de-la-pelea-de-angel-de-brito-y-beto-casella\/#primaryimage"},"thumbnailUrl":"https:\/\/fmgente.com.ar\/web\/wp-content\/uploads\/2025\/11\/Zoe-Bogach-ok-ok-359x226-58.jpg","datePublished":"2025-11-08T16:04:51+00:00","inLanguage":"es","potentialAction":[{"@type":"ReadAction","target":["https:\/\/fmgente.com.ar\/web\/la-escandalosa-verdad-detras-de-la-pelea-de-angel-de-brito-y-beto-casella\/"]}]},{"@type":"ImageObject","inLanguage":"es","@id":"https:\/\/fmgente.com.ar\/web\/la-escandalosa-verdad-detras-de-la-pelea-de-angel-de-brito-y-beto-casella\/#primaryimage","url":"https:\/\/fmgente.com.ar\/web\/wp-content\/uploads\/2025\/11\/Zoe-Bogach-ok-ok-359x226-58.jpg","contentUrl":"https:\/\/fmgente.com.ar\/web\/wp-content\/uploads\/2025\/11\/Zoe-Bogach-ok-ok-359x226-58.jpg","width":359,"height":226},{"@type":"WebSite","@id":"https:\/\/fmgente.com.ar\/web\/#website","url":"https:\/\/fmgente.com.ar\/web\/","name":"Fm Gente","description":"- Jes\u00fas Mar\u00eda","publisher":{"@id":"https:\/\/fmgente.com.ar\/web\/#organization"},"potentialAction":[{"@type":"SearchAction","target":{"@type":"EntryPoint","urlTemplate":"https:\/\/fmgente.com.ar\/web\/?s={search_term_string}"},"query-input":{"@type":"PropertyValueSpecification","valueRequired":true,"valueName":"search_term_string"}}],"inLanguage":"es"},{"@type":"Organization","@id":"https:\/\/fmgente.com.ar\/web\/#organization","name":"Fm Gente","url":"https:\/\/fmgente.com.ar\/web\/","logo":{"@type":"ImageObject","inLanguage":"es","@id":"https:\/\/fmgente.com.ar\/web\/#\/schema\/logo\/image\/","url":"https:\/\/fmgente.com.ar\/web\/wp-content\/uploads\/2023\/07\/cropped-cropped-logo-sombra2.png","contentUrl":"https:\/\/fmgente.com.ar\/web\/wp-content\/uploads\/2023\/07\/cropped-cropped-logo-sombra2.png","width":1782,"height":1782,"caption":"Fm Gente"},"image":{"@id":"https:\/\/fmgente.com.ar\/web\/#\/schema\/logo\/image\/"}}]}},"_links":{"self":[{"href":"https:\/\/fmgente.com.ar\/web\/wp-json\/wp\/v2\/posts\/9114","targetHints":{"allow":["GET"]}}],"collection":[{"href":"https:\/\/fmgente.com.ar\/web\/wp-json\/wp\/v2\/posts"}],"about":[{"href":"https:\/\/fmgente.com.ar\/web\/wp-json\/wp\/v2\/types\/post"}],"replies":[{"embeddable":true,"href":"https:\/\/fmgente.com.ar\/web\/wp-json\/wp\/v2\/comments?post=9114"}],"version-history":[{"count":0,"href":"https:\/\/fmgente.com.ar\/web\/wp-json\/wp\/v2\/posts\/9114\/revisions"}],"wp:featuredmedia":[{"embeddable":true,"href":"https:\/\/fmgente.com.ar\/web\/wp-json\/wp\/v2\/media\/9115"}],"wp:attachment":[{"href":"https:\/\/fmgente.com.ar\/web\/wp-json\/wp\/v2\/media?parent=9114"}],"wp:term":[{"taxonomy":"category","embeddable":true,"href":"https:\/\/fmgente.com.ar\/web\/wp-json\/wp\/v2\/categories?post=9114"},{"taxonomy":"post_tag","embeddable":true,"href":"https:\/\/fmgente.com.ar\/web\/wp-json\/wp\/v2\/tags?post=9114"}],"curies":[{"name":"wp","href":"https:\/\/api.w.org\/{rel}","templated":true}]}}