{"id":9112,"date":"2025-11-08T13:04:51","date_gmt":"2025-11-08T16:04:51","guid":{"rendered":"https:\/\/fmgente.com.ar\/gravisimo-la-escandalosa-actitud-que-sufrio-morena-rial-por-parte-de-la-policia-durante-su-detencion\/"},"modified":"2025-11-08T13:04:51","modified_gmt":"2025-11-08T16:04:51","slug":"gravisimo-la-escandalosa-actitud-que-sufrio-morena-rial-por-parte-de-la-policia-durante-su-detencion","status":"publish","type":"post","link":"https:\/\/fmgente.com.ar\/web\/gravisimo-la-escandalosa-actitud-que-sufrio-morena-rial-por-parte-de-la-policia-durante-su-detencion\/","title":{"rendered":"Grav\u00edsimo: la escandalosa actitud que sufri\u00f3 Morena Rial por parte de la polic\u00eda durante su detenci\u00f3n"},"content":{"rendered":"<p><strong>Morena Rial<\/strong> hace varias semanas que lleva detenida y as\u00ed continuar\u00e1 luego que hayan rechazado su pedido de prisi\u00f3n domiciliaria. Lamentablemente para <a href=\"https:\/\/www.paparazzi.com.ar\/teve\/revelaron-el-pedido-del-fiscal-contra-morena-rial-es-grave-lo-que-dice-el-expediente\/,\">la hija de <strong>Jorge Rial<\/strong><\/a>, debe esperar a que el proceso contin\u00fae su curso.<\/p>\n<p>Y en esos \u00faltimos d\u00edas, se empezaron a conocer m\u00e1s detalles de lo que fue la odisea que vivi\u00f3 More al momento de quedar detenida. Por m\u00e1s irreal que parezca, la polic\u00eda adopt\u00f3 una escandalosa actitud frente a ella y que la dej\u00f3 perpleja.<\/p>\n<p>Durante una entrevista con <em>El Ej\u00e9rcito de LAM<\/em>, en <em>Bondi Live<\/em>, el youtuber <strong>Mat\u00edas Bottero<\/strong> expuso una ins\u00f3lita situaci\u00f3n que se dio. Resulta que las autoridades policiales, quienes se supone que est\u00e1n para cuidar a las personas, <strong><em>decidieron burlarse de ella<\/em><\/strong>.<\/p>\n<div class=\"mt-box \">\n<h4 class=\"mt-heading\">Mir\u00e1 Tambi\u00e9n<\/h4>\n<p><a href=\"https:\/\/www.paparazzi.com.ar\/videos\/exclusivo-luis-ventura-conto-por-que-jorge-rial-le-tiene-miedo-me-quiere-borrar-porque\/\"><\/p>\n<div class=\"mt-content\">\n<div class=\"mt-image-container\"><img decoding=\"async\" src=\"https:\/\/www.paparazzi.com.ar\/wp-content\/uploads\/2025\/11\/Ventura-dos-1-359x226.jpg\" alt=\"\u00a1Exclusivo! Luis Ventura cont\u00f3 por qu\u00e9 Jorge Rial le tiene miedo: \u201cMe quiere borrar porque\u2026\u201d\" class=\"mt-image\" loading=\"lazy\" \/><\/div>\n<h5 class=\"mt-title\">\u00a1Exclusivo! Luis Ventura cont\u00f3 por qu\u00e9 Jorge Rial le tiene miedo: \u201cMe quiere borrar porque\u2026\u201d<\/h5>\n<\/div>\n<p><\/a><\/div>\n<p>\u00ab<em>Cuando la Polic\u00eda fue a buscar a More para meterla presa, el cana le dijo: &#8216;Che, venimos de parte de Mat\u00edas Bottero&#8217;, y se cagaron de risa. Ella se qued\u00f3 dura, lo llama al abogado<\/em>\u201d, sostuvo el joven, afirmando que as\u00ed fue ese momento.<\/p>\n<h2 class=\"wp-block-heading\">EL MAL MOMENTO QUE VIVI\u00d3 MORENA RIAL CON LA POLIC\u00cdA<\/h2>\n<p>Sobre esas mismas palabras, en la charla que <a href=\"https:\/\/www.paparazzi.com.ar\/teve\/denuncian-que-morena-rial-sufrio-una-tortura-en-la-carcel-no-la-atendio-ni-un-medico-tras-el-ataque\/\">Morena<\/a> tuvo con su abogado, sostuvo: \u201c<em>Le dice: &#8216;Boludo, me dijeron que vinieron de parte de Mat\u00edas Bottero&#8217;. El abogado le respondi\u00f3 que eso era imposible, que la causa ya hab\u00eda caducado<\/em>\u00ab.<\/p>\n<div class=\"mt-box \">\n<h4 class=\"mt-heading\">Mir\u00e1 Tambi\u00e9n<\/h4>\n<p><a href=\"https:\/\/www.paparazzi.com.ar\/teve\/la-fuerte-noticia-que-se-filtro-de-morena-rial-en-la-carcel-y-que-descoloco-a-todos-se-va-a\/\"><\/p>\n<div class=\"mt-content\">\n<div class=\"mt-image-container\"><img decoding=\"async\" src=\"https:\/\/www.paparazzi.com.ar\/wp-content\/uploads\/2025\/11\/La-fuerte-noticia-que-se-filtro-de-Morena-Rial-en-la-carcel-y-que-descoloco-a-todos-22Se-va-a.22--359x226.jpg\" alt=\"La fuerte noticia que se filtr\u00f3 de Morena Rial en la c\u00e1rcel y que descoloc\u00f3 a todos: &quot;Se va a...&quot;\" class=\"mt-image\" loading=\"lazy\" \/><\/div>\n<h5 class=\"mt-title\">La fuerte noticia que se filtr\u00f3 de Morena Rial en la c\u00e1rcel y que descoloc\u00f3 a todos: \u00abSe va a&#8230;\u00bb<\/h5>\n<\/div>\n<p><\/a><\/div>\n<p>Empero, luego la hija de <a href=\"https:\/\/www.paparazzi.com.ar\/teve\/de-locos-la-bruja-de-more-rial-deschavo-las-peores-maldades-que-hace-desde-que-esta-presa-me-obligo-a-tomar\/\">Rial<\/a> se termin\u00f3 dando cuenta de todo. Ya en el momento que qued\u00f3 esposada, entendi\u00f3 que no hab\u00eda vuelta atr\u00e1s y que solo se trataba de una broma de muy mal gusto. Incluso el youtuber involucrado, no sal\u00eda de su asombro al enterarse.<\/p>\n<p>\u201c<em>Cuando baj\u00f3, se dio cuenta de que la estaban boludeando y la esposaron. Me lo cont\u00f3 Alejandro Cipolla. Yo me cago de risa, es todo bizarro\u00bb,<\/em> sentenci\u00f3 sobre este ins\u00f3lito momento que se dio, y que es grave por la magnitud de qui\u00e9nes lo hicieron.<\/p>\n<div class=\"mt-box \">\n<h4 class=\"mt-heading\">Mir\u00e1 Tambi\u00e9n<\/h4>\n<p><a href=\"https:\/\/www.paparazzi.com.ar\/teve\/palito-ortega-suspendio-sus-shows-a-ultimo-momento-que-ocurre-con-su-salud-a-los-84-anos\/\"><\/p>\n<div class=\"mt-content\">\n<div class=\"mt-image-container\"><img decoding=\"async\" src=\"https:\/\/www.paparazzi.com.ar\/wp-content\/uploads\/2025\/11\/Palito-Ortega-tuvo-que-suspender-sus-shows-a-ultimo-momento-que-ocurre-con-su-salud-a-los-84-anos-359x226.jpg\" alt=\"Palito Ortega suspendi\u00f3 sus shows a \u00faltimo momento: qu\u00e9 ocurre con su salud a los 84 a\u00f1os\" class=\"mt-image\" loading=\"lazy\" \/><\/div>\n<h5 class=\"mt-title\">Palito Ortega suspendi\u00f3 sus shows a \u00faltimo momento: qu\u00e9 ocurre con su salud a los 84 a\u00f1os<\/h5>\n<\/div>\n<p><\/a><\/div>\n<div class=\"mt-box \">\n<h4 class=\"mt-heading\">Mir\u00e1 Tambi\u00e9n<\/h4>\n<p><a href=\"https:\/\/www.paparazzi.com.ar\/teve\/que-ver-en-netflix-la-nueva-miniserie-de-4-episodios-es-el-gran-furor-del-momento\/\"><\/p>\n<div class=\"mt-content\">\n<div class=\"mt-image-container\"><img decoding=\"async\" src=\"https:\/\/www.paparazzi.com.ar\/wp-content\/uploads\/2025\/11\/Que-ver-en-Netflix-la-nueva-miniserie-de-4-episodios-es-el-gran-furor-del-momento-359x226.jpg\" alt=\"Qu\u00e9 ver en Netflix: la nueva miniserie de 4 episodios es el gran furor del momento\" class=\"mt-image\" loading=\"lazy\" \/><\/div>\n<h5 class=\"mt-title\">Qu\u00e9 ver en Netflix: la nueva miniserie de 4 episodios es el gran furor del momento<\/h5>\n<\/div>\n<p><\/a><\/div>\n<p>The post <a href=\"https:\/\/www.paparazzi.com.ar\/teve\/gravisimo-la-escandalosa-actitud-que-sufrio-morena-rial-por-parte-de-la-policia-durante-su-detencion\/\">Grav\u00edsimo: la escandalosa actitud que sufri\u00f3 Morena Rial por parte de la polic\u00eda durante su detenci\u00f3n<\/a> appeared first on <a href=\"https:\/\/www.paparazzi.com.ar\">Revista Paparazzi<\/a>.<\/p>\n","protected":false},"excerpt":{"rendered":"<p>Morena Rial hace varias semanas que lleva detenida y as\u00ed continuar\u00e1 luego que hayan rechazado<\/p>\n","protected":false},"author":0,"featured_media":9113,"comment_status":"","ping_status":"","sticky":false,"template":"","format":"standard","meta":{"footnotes":""},"categories":[11],"tags":[],"class_list":["post-9112","post","type-post","status-publish","format-standard","has-post-thumbnail","hentry","category-destacadas"],"yoast_head":"<!-- This site is optimized with the Yoast SEO plugin v27.4 - https:\/\/yoast.com\/product\/yoast-seo-wordpress\/ -->\n<title>Grav\u00edsimo: la escandalosa actitud que sufri\u00f3 Morena Rial por parte de la polic\u00eda durante su detenci\u00f3n - Fm Gente<\/title>\n<meta name=\"robots\" content=\"index, follow, max-snippet:-1, max-image-preview:large, max-video-preview:-1\" \/>\n<link rel=\"canonical\" href=\"https:\/\/fmgente.com.ar\/web\/gravisimo-la-escandalosa-actitud-que-sufrio-morena-rial-por-parte-de-la-policia-durante-su-detencion\/\" \/>\n<meta property=\"og:locale\" content=\"es_ES\" \/>\n<meta property=\"og:type\" content=\"article\" \/>\n<meta property=\"og:title\" content=\"Grav\u00edsimo: la escandalosa actitud que sufri\u00f3 Morena Rial por parte de la polic\u00eda durante su detenci\u00f3n - Fm Gente\" \/>\n<meta property=\"og:description\" content=\"Morena Rial hace varias semanas que lleva detenida y as\u00ed continuar\u00e1 luego que hayan rechazado\" \/>\n<meta property=\"og:url\" content=\"https:\/\/fmgente.com.ar\/web\/gravisimo-la-escandalosa-actitud-que-sufrio-morena-rial-por-parte-de-la-policia-durante-su-detencion\/\" \/>\n<meta property=\"og:site_name\" content=\"Fm Gente\" \/>\n<meta property=\"article:published_time\" content=\"2025-11-08T16:04:51+00:00\" \/>\n<meta property=\"og:image\" content=\"https:\/\/fmgente.com.ar\/web\/wp-content\/uploads\/2025\/11\/Ventura-dos-1-359x226-6.jpg\" \/>\n\t<meta property=\"og:image:width\" content=\"359\" \/>\n\t<meta property=\"og:image:height\" content=\"226\" \/>\n\t<meta property=\"og:image:type\" content=\"image\/jpeg\" \/>\n<meta name=\"twitter:card\" content=\"summary_large_image\" \/>\n<meta name=\"twitter:label1\" content=\"Tiempo de lectura\" \/>\n\t<meta name=\"twitter:data1\" content=\"2 minutos\" \/>\n<script type=\"application\/ld+json\" class=\"yoast-schema-graph\">{\"@context\":\"https:\\\/\\\/schema.org\",\"@graph\":[{\"@type\":\"Article\",\"@id\":\"https:\\\/\\\/fmgente.com.ar\\\/web\\\/gravisimo-la-escandalosa-actitud-que-sufrio-morena-rial-por-parte-de-la-policia-durante-su-detencion\\\/#article\",\"isPartOf\":{\"@id\":\"https:\\\/\\\/fmgente.com.ar\\\/web\\\/gravisimo-la-escandalosa-actitud-que-sufrio-morena-rial-por-parte-de-la-policia-durante-su-detencion\\\/\"},\"author\":{\"name\":\"\",\"@id\":\"\"},\"headline\":\"Grav\u00edsimo: la escandalosa actitud que sufri\u00f3 Morena Rial por parte de la polic\u00eda durante su detenci\u00f3n\",\"datePublished\":\"2025-11-08T16:04:51+00:00\",\"mainEntityOfPage\":{\"@id\":\"https:\\\/\\\/fmgente.com.ar\\\/web\\\/gravisimo-la-escandalosa-actitud-que-sufrio-morena-rial-por-parte-de-la-policia-durante-su-detencion\\\/\"},\"wordCount\":454,\"publisher\":{\"@id\":\"https:\\\/\\\/fmgente.com.ar\\\/web\\\/#organization\"},\"image\":{\"@id\":\"https:\\\/\\\/fmgente.com.ar\\\/web\\\/gravisimo-la-escandalosa-actitud-que-sufrio-morena-rial-por-parte-de-la-policia-durante-su-detencion\\\/#primaryimage\"},\"thumbnailUrl\":\"https:\\\/\\\/fmgente.com.ar\\\/web\\\/wp-content\\\/uploads\\\/2025\\\/11\\\/Ventura-dos-1-359x226-6.jpg\",\"articleSection\":[\"DESTACADAS\"],\"inLanguage\":\"es\"},{\"@type\":\"WebPage\",\"@id\":\"https:\\\/\\\/fmgente.com.ar\\\/web\\\/gravisimo-la-escandalosa-actitud-que-sufrio-morena-rial-por-parte-de-la-policia-durante-su-detencion\\\/\",\"url\":\"https:\\\/\\\/fmgente.com.ar\\\/web\\\/gravisimo-la-escandalosa-actitud-que-sufrio-morena-rial-por-parte-de-la-policia-durante-su-detencion\\\/\",\"name\":\"Grav\u00edsimo: la escandalosa actitud que sufri\u00f3 Morena Rial por parte de la polic\u00eda durante su detenci\u00f3n - Fm Gente\",\"isPartOf\":{\"@id\":\"https:\\\/\\\/fmgente.com.ar\\\/web\\\/#website\"},\"primaryImageOfPage\":{\"@id\":\"https:\\\/\\\/fmgente.com.ar\\\/web\\\/gravisimo-la-escandalosa-actitud-que-sufrio-morena-rial-por-parte-de-la-policia-durante-su-detencion\\\/#primaryimage\"},\"image\":{\"@id\":\"https:\\\/\\\/fmgente.com.ar\\\/web\\\/gravisimo-la-escandalosa-actitud-que-sufrio-morena-rial-por-parte-de-la-policia-durante-su-detencion\\\/#primaryimage\"},\"thumbnailUrl\":\"https:\\\/\\\/fmgente.com.ar\\\/web\\\/wp-content\\\/uploads\\\/2025\\\/11\\\/Ventura-dos-1-359x226-6.jpg\",\"datePublished\":\"2025-11-08T16:04:51+00:00\",\"inLanguage\":\"es\",\"potentialAction\":[{\"@type\":\"ReadAction\",\"target\":[\"https:\\\/\\\/fmgente.com.ar\\\/web\\\/gravisimo-la-escandalosa-actitud-que-sufrio-morena-rial-por-parte-de-la-policia-durante-su-detencion\\\/\"]}]},{\"@type\":\"ImageObject\",\"inLanguage\":\"es\",\"@id\":\"https:\\\/\\\/fmgente.com.ar\\\/web\\\/gravisimo-la-escandalosa-actitud-que-sufrio-morena-rial-por-parte-de-la-policia-durante-su-detencion\\\/#primaryimage\",\"url\":\"https:\\\/\\\/fmgente.com.ar\\\/web\\\/wp-content\\\/uploads\\\/2025\\\/11\\\/Ventura-dos-1-359x226-6.jpg\",\"contentUrl\":\"https:\\\/\\\/fmgente.com.ar\\\/web\\\/wp-content\\\/uploads\\\/2025\\\/11\\\/Ventura-dos-1-359x226-6.jpg\",\"width\":359,\"height\":226},{\"@type\":\"WebSite\",\"@id\":\"https:\\\/\\\/fmgente.com.ar\\\/web\\\/#website\",\"url\":\"https:\\\/\\\/fmgente.com.ar\\\/web\\\/\",\"name\":\"Fm Gente\",\"description\":\"- Jes\u00fas Mar\u00eda\",\"publisher\":{\"@id\":\"https:\\\/\\\/fmgente.com.ar\\\/web\\\/#organization\"},\"potentialAction\":[{\"@type\":\"SearchAction\",\"target\":{\"@type\":\"EntryPoint\",\"urlTemplate\":\"https:\\\/\\\/fmgente.com.ar\\\/web\\\/?s={search_term_string}\"},\"query-input\":{\"@type\":\"PropertyValueSpecification\",\"valueRequired\":true,\"valueName\":\"search_term_string\"}}],\"inLanguage\":\"es\"},{\"@type\":\"Organization\",\"@id\":\"https:\\\/\\\/fmgente.com.ar\\\/web\\\/#organization\",\"name\":\"Fm Gente\",\"url\":\"https:\\\/\\\/fmgente.com.ar\\\/web\\\/\",\"logo\":{\"@type\":\"ImageObject\",\"inLanguage\":\"es\",\"@id\":\"https:\\\/\\\/fmgente.com.ar\\\/web\\\/#\\\/schema\\\/logo\\\/image\\\/\",\"url\":\"https:\\\/\\\/fmgente.com.ar\\\/web\\\/wp-content\\\/uploads\\\/2023\\\/07\\\/cropped-cropped-logo-sombra2.png\",\"contentUrl\":\"https:\\\/\\\/fmgente.com.ar\\\/web\\\/wp-content\\\/uploads\\\/2023\\\/07\\\/cropped-cropped-logo-sombra2.png\",\"width\":1782,\"height\":1782,\"caption\":\"Fm Gente\"},\"image\":{\"@id\":\"https:\\\/\\\/fmgente.com.ar\\\/web\\\/#\\\/schema\\\/logo\\\/image\\\/\"}}]}<\/script>\n<!-- \/ Yoast SEO plugin. -->","yoast_head_json":{"title":"Grav\u00edsimo: la escandalosa actitud que sufri\u00f3 Morena Rial por parte de la polic\u00eda durante su detenci\u00f3n - Fm Gente","robots":{"index":"index","follow":"follow","max-snippet":"max-snippet:-1","max-image-preview":"max-image-preview:large","max-video-preview":"max-video-preview:-1"},"canonical":"https:\/\/fmgente.com.ar\/web\/gravisimo-la-escandalosa-actitud-que-sufrio-morena-rial-por-parte-de-la-policia-durante-su-detencion\/","og_locale":"es_ES","og_type":"article","og_title":"Grav\u00edsimo: la escandalosa actitud que sufri\u00f3 Morena Rial por parte de la polic\u00eda durante su detenci\u00f3n - Fm Gente","og_description":"Morena Rial hace varias semanas que lleva detenida y as\u00ed continuar\u00e1 luego que hayan rechazado","og_url":"https:\/\/fmgente.com.ar\/web\/gravisimo-la-escandalosa-actitud-que-sufrio-morena-rial-por-parte-de-la-policia-durante-su-detencion\/","og_site_name":"Fm Gente","article_published_time":"2025-11-08T16:04:51+00:00","og_image":[{"width":359,"height":226,"url":"https:\/\/fmgente.com.ar\/web\/wp-content\/uploads\/2025\/11\/Ventura-dos-1-359x226-6.jpg","type":"image\/jpeg"}],"twitter_card":"summary_large_image","twitter_misc":{"Tiempo de lectura":"2 minutos"},"schema":{"@context":"https:\/\/schema.org","@graph":[{"@type":"Article","@id":"https:\/\/fmgente.com.ar\/web\/gravisimo-la-escandalosa-actitud-que-sufrio-morena-rial-por-parte-de-la-policia-durante-su-detencion\/#article","isPartOf":{"@id":"https:\/\/fmgente.com.ar\/web\/gravisimo-la-escandalosa-actitud-que-sufrio-morena-rial-por-parte-de-la-policia-durante-su-detencion\/"},"author":{"name":"","@id":""},"headline":"Grav\u00edsimo: la escandalosa actitud que sufri\u00f3 Morena Rial por parte de la polic\u00eda durante su detenci\u00f3n","datePublished":"2025-11-08T16:04:51+00:00","mainEntityOfPage":{"@id":"https:\/\/fmgente.com.ar\/web\/gravisimo-la-escandalosa-actitud-que-sufrio-morena-rial-por-parte-de-la-policia-durante-su-detencion\/"},"wordCount":454,"publisher":{"@id":"https:\/\/fmgente.com.ar\/web\/#organization"},"image":{"@id":"https:\/\/fmgente.com.ar\/web\/gravisimo-la-escandalosa-actitud-que-sufrio-morena-rial-por-parte-de-la-policia-durante-su-detencion\/#primaryimage"},"thumbnailUrl":"https:\/\/fmgente.com.ar\/web\/wp-content\/uploads\/2025\/11\/Ventura-dos-1-359x226-6.jpg","articleSection":["DESTACADAS"],"inLanguage":"es"},{"@type":"WebPage","@id":"https:\/\/fmgente.com.ar\/web\/gravisimo-la-escandalosa-actitud-que-sufrio-morena-rial-por-parte-de-la-policia-durante-su-detencion\/","url":"https:\/\/fmgente.com.ar\/web\/gravisimo-la-escandalosa-actitud-que-sufrio-morena-rial-por-parte-de-la-policia-durante-su-detencion\/","name":"Grav\u00edsimo: la escandalosa actitud que sufri\u00f3 Morena Rial por parte de la polic\u00eda durante su detenci\u00f3n - Fm Gente","isPartOf":{"@id":"https:\/\/fmgente.com.ar\/web\/#website"},"primaryImageOfPage":{"@id":"https:\/\/fmgente.com.ar\/web\/gravisimo-la-escandalosa-actitud-que-sufrio-morena-rial-por-parte-de-la-policia-durante-su-detencion\/#primaryimage"},"image":{"@id":"https:\/\/fmgente.com.ar\/web\/gravisimo-la-escandalosa-actitud-que-sufrio-morena-rial-por-parte-de-la-policia-durante-su-detencion\/#primaryimage"},"thumbnailUrl":"https:\/\/fmgente.com.ar\/web\/wp-content\/uploads\/2025\/11\/Ventura-dos-1-359x226-6.jpg","datePublished":"2025-11-08T16:04:51+00:00","inLanguage":"es","potentialAction":[{"@type":"ReadAction","target":["https:\/\/fmgente.com.ar\/web\/gravisimo-la-escandalosa-actitud-que-sufrio-morena-rial-por-parte-de-la-policia-durante-su-detencion\/"]}]},{"@type":"ImageObject","inLanguage":"es","@id":"https:\/\/fmgente.com.ar\/web\/gravisimo-la-escandalosa-actitud-que-sufrio-morena-rial-por-parte-de-la-policia-durante-su-detencion\/#primaryimage","url":"https:\/\/fmgente.com.ar\/web\/wp-content\/uploads\/2025\/11\/Ventura-dos-1-359x226-6.jpg","contentUrl":"https:\/\/fmgente.com.ar\/web\/wp-content\/uploads\/2025\/11\/Ventura-dos-1-359x226-6.jpg","width":359,"height":226},{"@type":"WebSite","@id":"https:\/\/fmgente.com.ar\/web\/#website","url":"https:\/\/fmgente.com.ar\/web\/","name":"Fm Gente","description":"- Jes\u00fas Mar\u00eda","publisher":{"@id":"https:\/\/fmgente.com.ar\/web\/#organization"},"potentialAction":[{"@type":"SearchAction","target":{"@type":"EntryPoint","urlTemplate":"https:\/\/fmgente.com.ar\/web\/?s={search_term_string}"},"query-input":{"@type":"PropertyValueSpecification","valueRequired":true,"valueName":"search_term_string"}}],"inLanguage":"es"},{"@type":"Organization","@id":"https:\/\/fmgente.com.ar\/web\/#organization","name":"Fm Gente","url":"https:\/\/fmgente.com.ar\/web\/","logo":{"@type":"ImageObject","inLanguage":"es","@id":"https:\/\/fmgente.com.ar\/web\/#\/schema\/logo\/image\/","url":"https:\/\/fmgente.com.ar\/web\/wp-content\/uploads\/2023\/07\/cropped-cropped-logo-sombra2.png","contentUrl":"https:\/\/fmgente.com.ar\/web\/wp-content\/uploads\/2023\/07\/cropped-cropped-logo-sombra2.png","width":1782,"height":1782,"caption":"Fm Gente"},"image":{"@id":"https:\/\/fmgente.com.ar\/web\/#\/schema\/logo\/image\/"}}]}},"_links":{"self":[{"href":"https:\/\/fmgente.com.ar\/web\/wp-json\/wp\/v2\/posts\/9112","targetHints":{"allow":["GET"]}}],"collection":[{"href":"https:\/\/fmgente.com.ar\/web\/wp-json\/wp\/v2\/posts"}],"about":[{"href":"https:\/\/fmgente.com.ar\/web\/wp-json\/wp\/v2\/types\/post"}],"replies":[{"embeddable":true,"href":"https:\/\/fmgente.com.ar\/web\/wp-json\/wp\/v2\/comments?post=9112"}],"version-history":[{"count":0,"href":"https:\/\/fmgente.com.ar\/web\/wp-json\/wp\/v2\/posts\/9112\/revisions"}],"wp:featuredmedia":[{"embeddable":true,"href":"https:\/\/fmgente.com.ar\/web\/wp-json\/wp\/v2\/media\/9113"}],"wp:attachment":[{"href":"https:\/\/fmgente.com.ar\/web\/wp-json\/wp\/v2\/media?parent=9112"}],"wp:term":[{"taxonomy":"category","embeddable":true,"href":"https:\/\/fmgente.com.ar\/web\/wp-json\/wp\/v2\/categories?post=9112"},{"taxonomy":"post_tag","embeddable":true,"href":"https:\/\/fmgente.com.ar\/web\/wp-json\/wp\/v2\/tags?post=9112"}],"curies":[{"name":"wp","href":"https:\/\/api.w.org\/{rel}","templated":true}]}}