{"id":9108,"date":"2025-11-08T12:05:13","date_gmt":"2025-11-08T15:05:13","guid":{"rendered":"https:\/\/fmgente.com.ar\/gimena-accardi-confirmo-si-esta-de-novia-con-un-famoso-cantante-14-anos-menor-que-ella\/"},"modified":"2025-11-08T12:05:13","modified_gmt":"2025-11-08T15:05:13","slug":"gimena-accardi-confirmo-si-esta-de-novia-con-un-famoso-cantante-14-anos-menor-que-ella","status":"publish","type":"post","link":"https:\/\/fmgente.com.ar\/web\/gimena-accardi-confirmo-si-esta-de-novia-con-un-famoso-cantante-14-anos-menor-que-ella\/","title":{"rendered":"Gimena Accardi confirm\u00f3 si est\u00e1 de novia con un famoso cantante 14 a\u00f1os menor que ella"},"content":{"rendered":"<p>Luego de\u00a0 anunciar su separaci\u00f3n despu\u00e9s de 18 a\u00f1os, <strong><a href=\"https:\/\/www.paparazzi.com.ar\/romances\/la-fuerte-actitud-de-nico-vazquez-luego-de-ver-a-gimena-accardi-muy-cerca-de-seven-kayne\/\">Gimena Accardi<\/a> <\/strong>atraviesa un nuevo cap\u00edtulo personal y profesional. La actriz public\u00f3 recientemente en sus redes una imagen junto al trapero <strong>Seven Kayne<\/strong>, generando especulaciones sobre un posible v\u00ednculo amoroso y despertando el inter\u00e9s de los seguidores del espect\u00e1culo. Mientras tanto, su exmarido <strong>Nico V\u00e1zquez<\/strong> ya blanque\u00f3 otro amor\u00edo con<strong> Dai Fern\u00e1ndez<\/strong>.<\/p>\n<p>La foto compartida por Accardi muestra una complicidad evidente: Seven, abraz\u00e1ndola por la espalda mientras ella cubre la c\u00e1mara con la mano, y en su antebrazo un tatuaje que permiti\u00f3 identificar al joven como el m\u00fasico de 26 a\u00f1os. El detalle no pas\u00f3 desapercibido y el revuelo medi\u00e1tico volvi\u00f3 a poner a la actriz en el centro de la escena.<\/p>\n<p>Al mismo tiempo, Gimena y Seven Kayne unen fuerzas en un nuevo proyecto audiovisual que promete dar que hablar. Bajo el t\u00edtulo \u201cTILF\u201d, la producci\u00f3n fue anunciada con un flyer en el que aparecen ambos artistas muy cerca, lo que gener\u00f3 a\u00fan m\u00e1s atenci\u00f3n. El posteo recibi\u00f3 un curioso apoyo: <a href=\"https:\/\/www.paparazzi.com.ar\/romances\/super-blanqueado-nico-vazquez-y-dai-fernandez-enamoradisimos-en-su-primera-foto-juntos-en-nueva-york\/\">Nico V\u00e1zquez<\/a> coment\u00f3 con emojis de aplausos, un coraz\u00f3n y una claqueta, gesto que muchos interpretaron como respaldo a la iniciativa de su ex.<\/p>\n<div class=\"mt-box \">\n<h4 class=\"mt-heading\">Mir\u00e1 Tambi\u00e9n<\/h4>\n<p><a href=\"https:\/\/www.paparazzi.com.ar\/videos\/exclusivo-luis-ventura-conto-por-que-jorge-rial-le-tiene-miedo-me-quiere-borrar-porque\/\"><\/p>\n<div class=\"mt-content\">\n<div class=\"mt-image-container\"><img decoding=\"async\" src=\"https:\/\/www.paparazzi.com.ar\/wp-content\/uploads\/2025\/11\/Ventura-dos-1-359x226.jpg\" alt=\"\u00a1Exclusivo! Luis Ventura cont\u00f3 por qu\u00e9 Jorge Rial le tiene miedo: \u201cMe quiere borrar porque\u2026\u201d\" class=\"mt-image\" loading=\"lazy\" \/><\/div>\n<h5 class=\"mt-title\">\u00a1Exclusivo! Luis Ventura cont\u00f3 por qu\u00e9 Jorge Rial le tiene miedo: \u201cMe quiere borrar porque\u2026\u201d<\/h5>\n<\/div>\n<p><\/a><\/div>\n<p>Por su parte, Nico V\u00e1zquez no se queda atr\u00e1s y consolida su nueva etapa sentimental junto a Dai Fern\u00e1ndez. La pareja fue vista en Nueva York disfrutando de una escapada rom\u00e1ntica en medio del \u00e9xito de la obra teatral que protagonizan juntos, marcando oficialmente el comienzo de su v\u00ednculo p\u00fablico.<\/p>\n<h2 class=\"wp-block-heading\">GIMENA ACCARDI Y SU V\u00cdNCUL CON EL JOVEN TRAPERO, SEVEN KAYNE<\/h2>\n<p>En cuanto a Accardi, aunque no confirm\u00f3 un romance con Seven Kayne, deja en claro que su vida sigue adelante y que prioriza explorar nuevos desaf\u00edos profesionales. Amigos cercanos aseguran que el m\u00fasico forma parte de su c\u00edrculo \u00edntimo, lo que podr\u00eda convertir los rumores en realidad o simplemente en una s\u00f3lida amistad.<\/p>\n<div class=\"mt-box \">\n<h4 class=\"mt-heading\">Mir\u00e1 Tambi\u00e9n<\/h4>\n<p><a href=\"https:\/\/www.paparazzi.com.ar\/romances\/la-fuerte-actitud-de-nico-vazquez-luego-de-ver-a-gimena-accardi-muy-cerca-de-seven-kayne\/\"><\/p>\n<div class=\"mt-content\">\n<div class=\"mt-image-container\"><img decoding=\"async\" src=\"https:\/\/www.paparazzi.com.ar\/wp-content\/uploads\/2025\/11\/Nico-Vazquez-Gimena-Accardi-359x226.jpg\" alt=\"La fuerte actitud de Nico V\u00e1zquez luego de ver a Gimena Accardi muy cerca de Seven Kayne\" class=\"mt-image\" loading=\"lazy\" \/><\/div>\n<h5 class=\"mt-title\">La fuerte actitud de Nico V\u00e1zquez luego de ver a Gimena Accardi muy cerca de Seven Kayne<\/h5>\n<\/div>\n<p><\/a><\/div>\n<p>En este contexto, la actriz aprovecha para renovar su imagen y enfocarse en lo laboral mientras el foco medi\u00e1tico cambia hacia su ex y su nueva pareja. As\u00ed, Gimena Accardi demuestra que puede reinventarse sin perder protagonismo y que su vida personal y art\u00edstica transitan por caminos paralelos pero distintos.<\/p>\n<p>Para el p\u00fablico y los fan\u00e1ticos del espect\u00e1culo, la uni\u00f3n de Gimena Accardi y Seven Kayne representa tanto un nuevo romance potencial como una jugada estrat\u00e9gica medi\u00e1tica. Con Nico V\u00e1zquez ya en otro amor\u00edo, la atenci\u00f3n est\u00e1 puesta en ver c\u00f3mo evolucionan los v\u00ednculos y proyectos de quienes supieron ser una de las parejas m\u00e1s queridas del ambiente argentino.<\/p>\n<figure class=\"wp-block-image size-full\"><img decoding=\"async\" width=\"542\" height=\"672\" src=\"https:\/\/www.paparazzi.com.ar\/wp-content\/uploads\/2025\/11\/Captura-de-Pantalla-2025-11-08-a-las-10.18.35.png.webp\" loading=\"lazy\" alt=\"\" class=\"wp-image-452153\" \/><\/figure>\n<div class=\"mt-box \">\n<h4 class=\"mt-heading\">Mir\u00e1 Tambi\u00e9n<\/h4>\n<p><a href=\"https:\/\/www.paparazzi.com.ar\/teve\/palito-ortega-suspendio-sus-shows-a-ultimo-momento-que-ocurre-con-su-salud-a-los-84-anos\/\"><\/p>\n<div class=\"mt-content\">\n<div class=\"mt-image-container\"><img decoding=\"async\" src=\"https:\/\/www.paparazzi.com.ar\/wp-content\/uploads\/2025\/11\/Palito-Ortega-tuvo-que-suspender-sus-shows-a-ultimo-momento-que-ocurre-con-su-salud-a-los-84-anos-359x226.jpg\" alt=\"Palito Ortega suspendi\u00f3 sus shows a \u00faltimo momento: qu\u00e9 ocurre con su salud a los 84 a\u00f1os\" class=\"mt-image\" loading=\"lazy\" \/><\/div>\n<h5 class=\"mt-title\">Palito Ortega suspendi\u00f3 sus shows a \u00faltimo momento: qu\u00e9 ocurre con su salud a los 84 a\u00f1os<\/h5>\n<\/div>\n<p><\/a><\/div>\n<div class=\"mt-box \">\n<h4 class=\"mt-heading\">Mir\u00e1 Tambi\u00e9n<\/h4>\n<p><a href=\"https:\/\/www.paparazzi.com.ar\/teve\/el-duro-reclamo-de-valentino-lopez-a-su-mama-wanda-nara-por-sus-hijas-con-mauro-icardi\/\"><\/p>\n<div class=\"mt-content\">\n<div class=\"mt-image-container\"><img decoding=\"async\" src=\"https:\/\/www.paparazzi.com.ar\/wp-content\/uploads\/2025\/11\/Valentino-Lopez-Wanda-Nara-hijas-Mauro-Icardi-359x226.jpg\" alt=\"El duro reclamo de Valentino L\u00f3pez a su mam\u00e1 Wanda Nara por sus hijas con Mauro Icardi\" class=\"mt-image\" loading=\"lazy\" \/><\/div>\n<h5 class=\"mt-title\">El duro reclamo de Valentino L\u00f3pez a su mam\u00e1 Wanda Nara por sus hijas con Mauro Icardi<\/h5>\n<\/div>\n<p><\/a><\/div>\n<p>The post <a href=\"https:\/\/www.paparazzi.com.ar\/romances\/gimena-accardi-confirmo-si-esta-de-novia-con-un-famoso-cantante-14-anos-menor-que-ella\/\">Gimena Accardi confirm\u00f3 si est\u00e1 de novia con un famoso cantante 14 a\u00f1os menor que ella<\/a> appeared first on <a href=\"https:\/\/www.paparazzi.com.ar\">Revista Paparazzi<\/a>.<\/p>\n","protected":false},"excerpt":{"rendered":"<p>Luego de\u00a0 anunciar su separaci\u00f3n despu\u00e9s de 18 a\u00f1os, Gimena Accardi atraviesa un nuevo cap\u00edtulo<\/p>\n","protected":false},"author":0,"featured_media":9109,"comment_status":"","ping_status":"","sticky":false,"template":"","format":"standard","meta":{"footnotes":""},"categories":[11],"tags":[],"class_list":["post-9108","post","type-post","status-publish","format-standard","has-post-thumbnail","hentry","category-destacadas"],"yoast_head":"<!-- This site is optimized with the Yoast SEO plugin v27.4 - https:\/\/yoast.com\/product\/yoast-seo-wordpress\/ -->\n<title>Gimena Accardi confirm\u00f3 si est\u00e1 de novia con un famoso cantante 14 a\u00f1os menor que ella - Fm Gente<\/title>\n<meta name=\"robots\" content=\"index, follow, max-snippet:-1, max-image-preview:large, max-video-preview:-1\" \/>\n<link rel=\"canonical\" href=\"https:\/\/fmgente.com.ar\/web\/gimena-accardi-confirmo-si-esta-de-novia-con-un-famoso-cantante-14-anos-menor-que-ella\/\" \/>\n<meta property=\"og:locale\" content=\"es_ES\" \/>\n<meta property=\"og:type\" content=\"article\" \/>\n<meta property=\"og:title\" content=\"Gimena Accardi confirm\u00f3 si est\u00e1 de novia con un famoso cantante 14 a\u00f1os menor que ella - Fm Gente\" \/>\n<meta property=\"og:description\" content=\"Luego de\u00a0 anunciar su separaci\u00f3n despu\u00e9s de 18 a\u00f1os, Gimena Accardi atraviesa un nuevo cap\u00edtulo\" \/>\n<meta property=\"og:url\" content=\"https:\/\/fmgente.com.ar\/web\/gimena-accardi-confirmo-si-esta-de-novia-con-un-famoso-cantante-14-anos-menor-que-ella\/\" \/>\n<meta property=\"og:site_name\" content=\"Fm Gente\" \/>\n<meta property=\"article:published_time\" content=\"2025-11-08T15:05:13+00:00\" \/>\n<meta property=\"og:image\" content=\"https:\/\/fmgente.com.ar\/web\/wp-content\/uploads\/2025\/11\/Ventura-dos-1-359x226-4.jpg\" \/>\n\t<meta property=\"og:image:width\" content=\"359\" \/>\n\t<meta property=\"og:image:height\" content=\"226\" \/>\n\t<meta property=\"og:image:type\" content=\"image\/jpeg\" \/>\n<meta name=\"twitter:card\" content=\"summary_large_image\" \/>\n<meta name=\"twitter:label1\" content=\"Tiempo de lectura\" \/>\n\t<meta name=\"twitter:data1\" content=\"3 minutos\" \/>\n<script type=\"application\/ld+json\" class=\"yoast-schema-graph\">{\"@context\":\"https:\\\/\\\/schema.org\",\"@graph\":[{\"@type\":\"Article\",\"@id\":\"https:\\\/\\\/fmgente.com.ar\\\/web\\\/gimena-accardi-confirmo-si-esta-de-novia-con-un-famoso-cantante-14-anos-menor-que-ella\\\/#article\",\"isPartOf\":{\"@id\":\"https:\\\/\\\/fmgente.com.ar\\\/web\\\/gimena-accardi-confirmo-si-esta-de-novia-con-un-famoso-cantante-14-anos-menor-que-ella\\\/\"},\"author\":{\"name\":\"\",\"@id\":\"\"},\"headline\":\"Gimena Accardi confirm\u00f3 si est\u00e1 de novia con un famoso cantante 14 a\u00f1os menor que ella\",\"datePublished\":\"2025-11-08T15:05:13+00:00\",\"mainEntityOfPage\":{\"@id\":\"https:\\\/\\\/fmgente.com.ar\\\/web\\\/gimena-accardi-confirmo-si-esta-de-novia-con-un-famoso-cantante-14-anos-menor-que-ella\\\/\"},\"wordCount\":583,\"publisher\":{\"@id\":\"https:\\\/\\\/fmgente.com.ar\\\/web\\\/#organization\"},\"image\":{\"@id\":\"https:\\\/\\\/fmgente.com.ar\\\/web\\\/gimena-accardi-confirmo-si-esta-de-novia-con-un-famoso-cantante-14-anos-menor-que-ella\\\/#primaryimage\"},\"thumbnailUrl\":\"https:\\\/\\\/fmgente.com.ar\\\/web\\\/wp-content\\\/uploads\\\/2025\\\/11\\\/Ventura-dos-1-359x226-4.jpg\",\"articleSection\":[\"DESTACADAS\"],\"inLanguage\":\"es\"},{\"@type\":\"WebPage\",\"@id\":\"https:\\\/\\\/fmgente.com.ar\\\/web\\\/gimena-accardi-confirmo-si-esta-de-novia-con-un-famoso-cantante-14-anos-menor-que-ella\\\/\",\"url\":\"https:\\\/\\\/fmgente.com.ar\\\/web\\\/gimena-accardi-confirmo-si-esta-de-novia-con-un-famoso-cantante-14-anos-menor-que-ella\\\/\",\"name\":\"Gimena Accardi confirm\u00f3 si est\u00e1 de novia con un famoso cantante 14 a\u00f1os menor que ella - Fm Gente\",\"isPartOf\":{\"@id\":\"https:\\\/\\\/fmgente.com.ar\\\/web\\\/#website\"},\"primaryImageOfPage\":{\"@id\":\"https:\\\/\\\/fmgente.com.ar\\\/web\\\/gimena-accardi-confirmo-si-esta-de-novia-con-un-famoso-cantante-14-anos-menor-que-ella\\\/#primaryimage\"},\"image\":{\"@id\":\"https:\\\/\\\/fmgente.com.ar\\\/web\\\/gimena-accardi-confirmo-si-esta-de-novia-con-un-famoso-cantante-14-anos-menor-que-ella\\\/#primaryimage\"},\"thumbnailUrl\":\"https:\\\/\\\/fmgente.com.ar\\\/web\\\/wp-content\\\/uploads\\\/2025\\\/11\\\/Ventura-dos-1-359x226-4.jpg\",\"datePublished\":\"2025-11-08T15:05:13+00:00\",\"inLanguage\":\"es\",\"potentialAction\":[{\"@type\":\"ReadAction\",\"target\":[\"https:\\\/\\\/fmgente.com.ar\\\/web\\\/gimena-accardi-confirmo-si-esta-de-novia-con-un-famoso-cantante-14-anos-menor-que-ella\\\/\"]}]},{\"@type\":\"ImageObject\",\"inLanguage\":\"es\",\"@id\":\"https:\\\/\\\/fmgente.com.ar\\\/web\\\/gimena-accardi-confirmo-si-esta-de-novia-con-un-famoso-cantante-14-anos-menor-que-ella\\\/#primaryimage\",\"url\":\"https:\\\/\\\/fmgente.com.ar\\\/web\\\/wp-content\\\/uploads\\\/2025\\\/11\\\/Ventura-dos-1-359x226-4.jpg\",\"contentUrl\":\"https:\\\/\\\/fmgente.com.ar\\\/web\\\/wp-content\\\/uploads\\\/2025\\\/11\\\/Ventura-dos-1-359x226-4.jpg\",\"width\":359,\"height\":226},{\"@type\":\"WebSite\",\"@id\":\"https:\\\/\\\/fmgente.com.ar\\\/web\\\/#website\",\"url\":\"https:\\\/\\\/fmgente.com.ar\\\/web\\\/\",\"name\":\"Fm Gente\",\"description\":\"- Jes\u00fas Mar\u00eda\",\"publisher\":{\"@id\":\"https:\\\/\\\/fmgente.com.ar\\\/web\\\/#organization\"},\"potentialAction\":[{\"@type\":\"SearchAction\",\"target\":{\"@type\":\"EntryPoint\",\"urlTemplate\":\"https:\\\/\\\/fmgente.com.ar\\\/web\\\/?s={search_term_string}\"},\"query-input\":{\"@type\":\"PropertyValueSpecification\",\"valueRequired\":true,\"valueName\":\"search_term_string\"}}],\"inLanguage\":\"es\"},{\"@type\":\"Organization\",\"@id\":\"https:\\\/\\\/fmgente.com.ar\\\/web\\\/#organization\",\"name\":\"Fm Gente\",\"url\":\"https:\\\/\\\/fmgente.com.ar\\\/web\\\/\",\"logo\":{\"@type\":\"ImageObject\",\"inLanguage\":\"es\",\"@id\":\"https:\\\/\\\/fmgente.com.ar\\\/web\\\/#\\\/schema\\\/logo\\\/image\\\/\",\"url\":\"https:\\\/\\\/fmgente.com.ar\\\/web\\\/wp-content\\\/uploads\\\/2023\\\/07\\\/cropped-cropped-logo-sombra2.png\",\"contentUrl\":\"https:\\\/\\\/fmgente.com.ar\\\/web\\\/wp-content\\\/uploads\\\/2023\\\/07\\\/cropped-cropped-logo-sombra2.png\",\"width\":1782,\"height\":1782,\"caption\":\"Fm Gente\"},\"image\":{\"@id\":\"https:\\\/\\\/fmgente.com.ar\\\/web\\\/#\\\/schema\\\/logo\\\/image\\\/\"}}]}<\/script>\n<!-- \/ Yoast SEO plugin. -->","yoast_head_json":{"title":"Gimena Accardi confirm\u00f3 si est\u00e1 de novia con un famoso cantante 14 a\u00f1os menor que ella - Fm Gente","robots":{"index":"index","follow":"follow","max-snippet":"max-snippet:-1","max-image-preview":"max-image-preview:large","max-video-preview":"max-video-preview:-1"},"canonical":"https:\/\/fmgente.com.ar\/web\/gimena-accardi-confirmo-si-esta-de-novia-con-un-famoso-cantante-14-anos-menor-que-ella\/","og_locale":"es_ES","og_type":"article","og_title":"Gimena Accardi confirm\u00f3 si est\u00e1 de novia con un famoso cantante 14 a\u00f1os menor que ella - Fm Gente","og_description":"Luego de\u00a0 anunciar su separaci\u00f3n despu\u00e9s de 18 a\u00f1os, Gimena Accardi atraviesa un nuevo cap\u00edtulo","og_url":"https:\/\/fmgente.com.ar\/web\/gimena-accardi-confirmo-si-esta-de-novia-con-un-famoso-cantante-14-anos-menor-que-ella\/","og_site_name":"Fm Gente","article_published_time":"2025-11-08T15:05:13+00:00","og_image":[{"width":359,"height":226,"url":"https:\/\/fmgente.com.ar\/web\/wp-content\/uploads\/2025\/11\/Ventura-dos-1-359x226-4.jpg","type":"image\/jpeg"}],"twitter_card":"summary_large_image","twitter_misc":{"Tiempo de lectura":"3 minutos"},"schema":{"@context":"https:\/\/schema.org","@graph":[{"@type":"Article","@id":"https:\/\/fmgente.com.ar\/web\/gimena-accardi-confirmo-si-esta-de-novia-con-un-famoso-cantante-14-anos-menor-que-ella\/#article","isPartOf":{"@id":"https:\/\/fmgente.com.ar\/web\/gimena-accardi-confirmo-si-esta-de-novia-con-un-famoso-cantante-14-anos-menor-que-ella\/"},"author":{"name":"","@id":""},"headline":"Gimena Accardi confirm\u00f3 si est\u00e1 de novia con un famoso cantante 14 a\u00f1os menor que ella","datePublished":"2025-11-08T15:05:13+00:00","mainEntityOfPage":{"@id":"https:\/\/fmgente.com.ar\/web\/gimena-accardi-confirmo-si-esta-de-novia-con-un-famoso-cantante-14-anos-menor-que-ella\/"},"wordCount":583,"publisher":{"@id":"https:\/\/fmgente.com.ar\/web\/#organization"},"image":{"@id":"https:\/\/fmgente.com.ar\/web\/gimena-accardi-confirmo-si-esta-de-novia-con-un-famoso-cantante-14-anos-menor-que-ella\/#primaryimage"},"thumbnailUrl":"https:\/\/fmgente.com.ar\/web\/wp-content\/uploads\/2025\/11\/Ventura-dos-1-359x226-4.jpg","articleSection":["DESTACADAS"],"inLanguage":"es"},{"@type":"WebPage","@id":"https:\/\/fmgente.com.ar\/web\/gimena-accardi-confirmo-si-esta-de-novia-con-un-famoso-cantante-14-anos-menor-que-ella\/","url":"https:\/\/fmgente.com.ar\/web\/gimena-accardi-confirmo-si-esta-de-novia-con-un-famoso-cantante-14-anos-menor-que-ella\/","name":"Gimena Accardi confirm\u00f3 si est\u00e1 de novia con un famoso cantante 14 a\u00f1os menor que ella - Fm Gente","isPartOf":{"@id":"https:\/\/fmgente.com.ar\/web\/#website"},"primaryImageOfPage":{"@id":"https:\/\/fmgente.com.ar\/web\/gimena-accardi-confirmo-si-esta-de-novia-con-un-famoso-cantante-14-anos-menor-que-ella\/#primaryimage"},"image":{"@id":"https:\/\/fmgente.com.ar\/web\/gimena-accardi-confirmo-si-esta-de-novia-con-un-famoso-cantante-14-anos-menor-que-ella\/#primaryimage"},"thumbnailUrl":"https:\/\/fmgente.com.ar\/web\/wp-content\/uploads\/2025\/11\/Ventura-dos-1-359x226-4.jpg","datePublished":"2025-11-08T15:05:13+00:00","inLanguage":"es","potentialAction":[{"@type":"ReadAction","target":["https:\/\/fmgente.com.ar\/web\/gimena-accardi-confirmo-si-esta-de-novia-con-un-famoso-cantante-14-anos-menor-que-ella\/"]}]},{"@type":"ImageObject","inLanguage":"es","@id":"https:\/\/fmgente.com.ar\/web\/gimena-accardi-confirmo-si-esta-de-novia-con-un-famoso-cantante-14-anos-menor-que-ella\/#primaryimage","url":"https:\/\/fmgente.com.ar\/web\/wp-content\/uploads\/2025\/11\/Ventura-dos-1-359x226-4.jpg","contentUrl":"https:\/\/fmgente.com.ar\/web\/wp-content\/uploads\/2025\/11\/Ventura-dos-1-359x226-4.jpg","width":359,"height":226},{"@type":"WebSite","@id":"https:\/\/fmgente.com.ar\/web\/#website","url":"https:\/\/fmgente.com.ar\/web\/","name":"Fm Gente","description":"- Jes\u00fas Mar\u00eda","publisher":{"@id":"https:\/\/fmgente.com.ar\/web\/#organization"},"potentialAction":[{"@type":"SearchAction","target":{"@type":"EntryPoint","urlTemplate":"https:\/\/fmgente.com.ar\/web\/?s={search_term_string}"},"query-input":{"@type":"PropertyValueSpecification","valueRequired":true,"valueName":"search_term_string"}}],"inLanguage":"es"},{"@type":"Organization","@id":"https:\/\/fmgente.com.ar\/web\/#organization","name":"Fm Gente","url":"https:\/\/fmgente.com.ar\/web\/","logo":{"@type":"ImageObject","inLanguage":"es","@id":"https:\/\/fmgente.com.ar\/web\/#\/schema\/logo\/image\/","url":"https:\/\/fmgente.com.ar\/web\/wp-content\/uploads\/2023\/07\/cropped-cropped-logo-sombra2.png","contentUrl":"https:\/\/fmgente.com.ar\/web\/wp-content\/uploads\/2023\/07\/cropped-cropped-logo-sombra2.png","width":1782,"height":1782,"caption":"Fm Gente"},"image":{"@id":"https:\/\/fmgente.com.ar\/web\/#\/schema\/logo\/image\/"}}]}},"_links":{"self":[{"href":"https:\/\/fmgente.com.ar\/web\/wp-json\/wp\/v2\/posts\/9108","targetHints":{"allow":["GET"]}}],"collection":[{"href":"https:\/\/fmgente.com.ar\/web\/wp-json\/wp\/v2\/posts"}],"about":[{"href":"https:\/\/fmgente.com.ar\/web\/wp-json\/wp\/v2\/types\/post"}],"replies":[{"embeddable":true,"href":"https:\/\/fmgente.com.ar\/web\/wp-json\/wp\/v2\/comments?post=9108"}],"version-history":[{"count":0,"href":"https:\/\/fmgente.com.ar\/web\/wp-json\/wp\/v2\/posts\/9108\/revisions"}],"wp:featuredmedia":[{"embeddable":true,"href":"https:\/\/fmgente.com.ar\/web\/wp-json\/wp\/v2\/media\/9109"}],"wp:attachment":[{"href":"https:\/\/fmgente.com.ar\/web\/wp-json\/wp\/v2\/media?parent=9108"}],"wp:term":[{"taxonomy":"category","embeddable":true,"href":"https:\/\/fmgente.com.ar\/web\/wp-json\/wp\/v2\/categories?post=9108"},{"taxonomy":"post_tag","embeddable":true,"href":"https:\/\/fmgente.com.ar\/web\/wp-json\/wp\/v2\/tags?post=9108"}],"curies":[{"name":"wp","href":"https:\/\/api.w.org\/{rel}","templated":true}]}}