{"id":9106,"date":"2025-11-08T11:05:00","date_gmt":"2025-11-08T14:05:00","guid":{"rendered":"https:\/\/fmgente.com.ar\/angel-de-brito-se-metio-en-el-escandalo-del-ano-y-conto-toda-la-verdad-se-divorcia\/"},"modified":"2025-11-08T11:05:00","modified_gmt":"2025-11-08T14:05:00","slug":"angel-de-brito-se-metio-en-el-escandalo-del-ano-y-conto-toda-la-verdad-se-divorcia","status":"publish","type":"post","link":"https:\/\/fmgente.com.ar\/web\/angel-de-brito-se-metio-en-el-escandalo-del-ano-y-conto-toda-la-verdad-se-divorcia\/","title":{"rendered":"\u00c1ngel de Brito se meti\u00f3 en el esc\u00e1ndalo del a\u00f1o y cont\u00f3 toda la verdad: &quot;Se divorcia&quot;"},"content":{"rendered":"<p>Un enorme esc\u00e1ndalo se viene atravesando hace d\u00edas en el espect\u00e1culo argentino, en donde <strong>Marcelo Tinelli <\/strong>atraviesa un sinf\u00edn de pol\u00e9micas. Todo comenz\u00f3 el s\u00e1bado pasado a la noche cuando su hija <strong><a href=\"https:\/\/www.paparazzi.com.ar\/teve\/el-ataque-de-panico-que-sufrio-juanita-tinelli-en-medio-de-las-amenazas-de-muerte\/\">Juanita Tinelli<\/a> <\/strong>hizo un fuerte descargo.<\/p>\n<p>En el mismo indic\u00f3 que hab\u00eda sido v\u00edctima de amenazas y, extra\u00f1amente, lo dej\u00f3 muy mal parado a su pap\u00e1. Esto hizo que se generara una enorme interna en el clan Tinelli; todos los hijos del Cabez\u00f3n parecen estar distanciados, al menos Cande de Juanita, y se habl\u00f3 de una pelea de <strong>Francisco<\/strong> con Marcelo.<\/p>\n<p>Asimismo, las otras involucradas de este conflicto fueron <strong><a href=\"https:\/\/www.paparazzi.com.ar\/teve\/el-explosivo-pedido-de-soledad-aquino-a-marcelo-tinelli-en-medio-de-la-escandalosa-guerra-familiar-sali-ya-de\/\">Soledad Aquino<\/a><\/strong> y <strong>Paula Robles<\/strong>, ex parejas de Marcelo y mam\u00e1 de los hijos mayores de Tinelli. Ante todo el revuelo que se arm\u00f3, <strong>\u00c1ngel de Brito<\/strong> se meti\u00f3 de lleno en la pol\u00e9mica, revelando datos muy certeros.<\/p>\n<div class=\"mt-box \">\n<h4 class=\"mt-heading\">Mir\u00e1 Tambi\u00e9n<\/h4>\n<p><a href=\"https:\/\/www.paparazzi.com.ar\/videos\/exclusivo-luis-ventura-conto-por-que-jorge-rial-le-tiene-miedo-me-quiere-borrar-porque\/\"><\/p>\n<div class=\"mt-content\">\n<div class=\"mt-image-container\"><img decoding=\"async\" src=\"https:\/\/www.paparazzi.com.ar\/wp-content\/uploads\/2025\/11\/Ventura-dos-1-359x226.jpg\" alt=\"\u00a1Exclusivo! Luis Ventura cont\u00f3 por qu\u00e9 Jorge Rial le tiene miedo: \u201cMe quiere borrar porque\u2026\u201d\" class=\"mt-image\" loading=\"lazy\" \/><\/div>\n<h5 class=\"mt-title\">\u00a1Exclusivo! Luis Ventura cont\u00f3 por qu\u00e9 Jorge Rial le tiene miedo: \u201cMe quiere borrar porque\u2026\u201d<\/h5>\n<\/div>\n<p><\/a><\/div>\n<p>\u201c<em>Marcelo cuando se divorcia de Paula arregl\u00f3 todo el tema econ\u00f3mico y ella qued\u00f3 en la titularidad de la casa de Punta del Este<\/em>\u201d, expuso el conductor de LAM. Esto surge a partir de la frase que Cande dej\u00f3 en un posteo que hizo su mam\u00e1: \u201c<em>La \u00fanica ex que no se qued\u00f3 con nada<\/em>\u201d.<\/p>\n<h2 class=\"wp-block-heading\">ARDE LA INTERNA ENTRE MARCELO TINELLI Y SU FAMILIA<\/h2>\n<p>Pese a que Candelaria apunt\u00f3 de forma indirecta contra Robles, incluso dando a entender que no fue una buena persona, en su indirecta tambi\u00e9n pudo haber apuntando hacia otras exs, caso de <strong>Guillermina Valdes<\/strong>, <strong>Yanina Latorre<\/strong> sostuvo que Paula siempre tuvo buena fe.<\/p>\n<div class=\"mt-box \">\n<h4 class=\"mt-heading\">Mir\u00e1 Tambi\u00e9n<\/h4>\n<p><a href=\"https:\/\/www.paparazzi.com.ar\/teve\/el-mensaje-privado-que-angel-de-brito-le-mando-a-marcelo-tinelli-en-medio-del-escandalo-familiar\/\"><\/p>\n<div class=\"mt-content\">\n<div class=\"mt-image-container\"><img decoding=\"async\" src=\"https:\/\/www.paparazzi.com.ar\/wp-content\/uploads\/2025\/11\/Angel-de-Brito-Marcelo-Tinelli-359x226.jpg\" alt=\"El mensaje privado que \u00c1ngel de Brito le mand\u00f3 a Marcelo Tinelli en medio del esc\u00e1ndalo familiar\" class=\"mt-image\" loading=\"lazy\" \/><\/div>\n<h5 class=\"mt-title\">El mensaje privado que \u00c1ngel de Brito le mand\u00f3 a Marcelo Tinelli en medio del esc\u00e1ndalo familiar<\/h5>\n<\/div>\n<p><\/a><\/div>\n<p>\u201c<em>En la separaci\u00f3n cada uno reparti\u00f3 lo suyo, Paula siempre fue muy buena mina y por confianza quedaron que el d\u00eda que se vendiera la casa ten\u00eda que firmar. Marcelo tiene un poder donde ella se comprometi\u00f3 a eso. Hay un documento que dice que ella ya cobr\u00f3 la parte de la casa<\/em>\u201d, coment\u00f3.<\/p>\n<p>A trav\u00e9s de una charla que de Brito pudo tener con Cande, la propia Lel\u00e9 le confes\u00f3 que las cosas con su hermana menor no est\u00e1n para nada bien: \u201c<em>Juana no tiene idea de mi vida. Est\u00e1 marcando que tienen cero relaci\u00f3n. No s\u00e9 c\u00f3mo es la no relaci\u00f3n, por ah\u00ed no tienen confianza<\/em>\u201d.<\/p>\n<div class=\"mt-box \">\n<h4 class=\"mt-heading\">Mir\u00e1 Tambi\u00e9n<\/h4>\n<p><a href=\"https:\/\/www.paparazzi.com.ar\/teve\/que-ver-en-netflix-la-nueva-miniserie-de-4-episodios-es-el-gran-furor-del-momento\/\"><\/p>\n<div class=\"mt-content\">\n<div class=\"mt-image-container\"><img decoding=\"async\" src=\"https:\/\/www.paparazzi.com.ar\/wp-content\/uploads\/2025\/11\/Que-ver-en-Netflix-la-nueva-miniserie-de-4-episodios-es-el-gran-furor-del-momento-359x226.jpg\" alt=\"Qu\u00e9 ver en Netflix: la nueva miniserie de 4 episodios es el gran furor del momento\" class=\"mt-image\" loading=\"lazy\" \/><\/div>\n<h5 class=\"mt-title\">Qu\u00e9 ver en Netflix: la nueva miniserie de 4 episodios es el gran furor del momento<\/h5>\n<\/div>\n<p><\/a><\/div>\n<p>The post <a href=\"https:\/\/www.paparazzi.com.ar\/teve\/angel-de-brito-se-metio-en-el-escandalo-del-ano-y-conto-toda-la-verdad-se-divorcia\/\">\u00c1ngel de Brito se meti\u00f3 en el esc\u00e1ndalo del a\u00f1o y cont\u00f3 toda la verdad: &quot;Se divorcia&quot;<\/a> appeared first on <a href=\"https:\/\/www.paparazzi.com.ar\">Revista Paparazzi<\/a>.<\/p>\n","protected":false},"excerpt":{"rendered":"<p>Un enorme esc\u00e1ndalo se viene atravesando hace d\u00edas en el espect\u00e1culo argentino, en donde Marcelo<\/p>\n","protected":false},"author":0,"featured_media":9107,"comment_status":"","ping_status":"","sticky":false,"template":"","format":"standard","meta":{"footnotes":""},"categories":[11],"tags":[],"class_list":["post-9106","post","type-post","status-publish","format-standard","has-post-thumbnail","hentry","category-destacadas"],"yoast_head":"<!-- This site is optimized with the Yoast SEO plugin v27.4 - https:\/\/yoast.com\/product\/yoast-seo-wordpress\/ -->\n<title>\u00c1ngel de Brito se meti\u00f3 en el esc\u00e1ndalo del a\u00f1o y cont\u00f3 toda la verdad: &quot;Se divorcia&quot; - Fm Gente<\/title>\n<meta name=\"robots\" content=\"index, follow, max-snippet:-1, max-image-preview:large, max-video-preview:-1\" \/>\n<link rel=\"canonical\" href=\"https:\/\/fmgente.com.ar\/web\/angel-de-brito-se-metio-en-el-escandalo-del-ano-y-conto-toda-la-verdad-se-divorcia\/\" \/>\n<meta property=\"og:locale\" content=\"es_ES\" \/>\n<meta property=\"og:type\" content=\"article\" \/>\n<meta property=\"og:title\" content=\"\u00c1ngel de Brito se meti\u00f3 en el esc\u00e1ndalo del a\u00f1o y cont\u00f3 toda la verdad: &quot;Se divorcia&quot; - Fm Gente\" \/>\n<meta property=\"og:description\" content=\"Un enorme esc\u00e1ndalo se viene atravesando hace d\u00edas en el espect\u00e1culo argentino, en donde Marcelo\" \/>\n<meta property=\"og:url\" content=\"https:\/\/fmgente.com.ar\/web\/angel-de-brito-se-metio-en-el-escandalo-del-ano-y-conto-toda-la-verdad-se-divorcia\/\" \/>\n<meta property=\"og:site_name\" content=\"Fm Gente\" \/>\n<meta property=\"article:published_time\" content=\"2025-11-08T14:05:00+00:00\" \/>\n<meta property=\"og:image\" content=\"https:\/\/fmgente.com.ar\/web\/wp-content\/uploads\/2025\/11\/Ventura-dos-1-359x226-3.jpg\" \/>\n\t<meta property=\"og:image:width\" content=\"359\" \/>\n\t<meta property=\"og:image:height\" content=\"226\" \/>\n\t<meta property=\"og:image:type\" content=\"image\/jpeg\" \/>\n<meta name=\"twitter:card\" content=\"summary_large_image\" \/>\n<meta name=\"twitter:label1\" content=\"Tiempo de lectura\" \/>\n\t<meta name=\"twitter:data1\" content=\"2 minutos\" \/>\n<script type=\"application\/ld+json\" class=\"yoast-schema-graph\">{\"@context\":\"https:\\\/\\\/schema.org\",\"@graph\":[{\"@type\":\"Article\",\"@id\":\"https:\\\/\\\/fmgente.com.ar\\\/web\\\/angel-de-brito-se-metio-en-el-escandalo-del-ano-y-conto-toda-la-verdad-se-divorcia\\\/#article\",\"isPartOf\":{\"@id\":\"https:\\\/\\\/fmgente.com.ar\\\/web\\\/angel-de-brito-se-metio-en-el-escandalo-del-ano-y-conto-toda-la-verdad-se-divorcia\\\/\"},\"author\":{\"name\":\"\",\"@id\":\"\"},\"headline\":\"\u00c1ngel de Brito se meti\u00f3 en el esc\u00e1ndalo del a\u00f1o y cont\u00f3 toda la verdad: &quot;Se divorcia&quot;\",\"datePublished\":\"2025-11-08T14:05:00+00:00\",\"mainEntityOfPage\":{\"@id\":\"https:\\\/\\\/fmgente.com.ar\\\/web\\\/angel-de-brito-se-metio-en-el-escandalo-del-ano-y-conto-toda-la-verdad-se-divorcia\\\/\"},\"wordCount\":481,\"publisher\":{\"@id\":\"https:\\\/\\\/fmgente.com.ar\\\/web\\\/#organization\"},\"image\":{\"@id\":\"https:\\\/\\\/fmgente.com.ar\\\/web\\\/angel-de-brito-se-metio-en-el-escandalo-del-ano-y-conto-toda-la-verdad-se-divorcia\\\/#primaryimage\"},\"thumbnailUrl\":\"https:\\\/\\\/fmgente.com.ar\\\/web\\\/wp-content\\\/uploads\\\/2025\\\/11\\\/Ventura-dos-1-359x226-3.jpg\",\"articleSection\":[\"DESTACADAS\"],\"inLanguage\":\"es\"},{\"@type\":\"WebPage\",\"@id\":\"https:\\\/\\\/fmgente.com.ar\\\/web\\\/angel-de-brito-se-metio-en-el-escandalo-del-ano-y-conto-toda-la-verdad-se-divorcia\\\/\",\"url\":\"https:\\\/\\\/fmgente.com.ar\\\/web\\\/angel-de-brito-se-metio-en-el-escandalo-del-ano-y-conto-toda-la-verdad-se-divorcia\\\/\",\"name\":\"\u00c1ngel de Brito se meti\u00f3 en el esc\u00e1ndalo del a\u00f1o y cont\u00f3 toda la verdad: &quot;Se divorcia&quot; - Fm Gente\",\"isPartOf\":{\"@id\":\"https:\\\/\\\/fmgente.com.ar\\\/web\\\/#website\"},\"primaryImageOfPage\":{\"@id\":\"https:\\\/\\\/fmgente.com.ar\\\/web\\\/angel-de-brito-se-metio-en-el-escandalo-del-ano-y-conto-toda-la-verdad-se-divorcia\\\/#primaryimage\"},\"image\":{\"@id\":\"https:\\\/\\\/fmgente.com.ar\\\/web\\\/angel-de-brito-se-metio-en-el-escandalo-del-ano-y-conto-toda-la-verdad-se-divorcia\\\/#primaryimage\"},\"thumbnailUrl\":\"https:\\\/\\\/fmgente.com.ar\\\/web\\\/wp-content\\\/uploads\\\/2025\\\/11\\\/Ventura-dos-1-359x226-3.jpg\",\"datePublished\":\"2025-11-08T14:05:00+00:00\",\"inLanguage\":\"es\",\"potentialAction\":[{\"@type\":\"ReadAction\",\"target\":[\"https:\\\/\\\/fmgente.com.ar\\\/web\\\/angel-de-brito-se-metio-en-el-escandalo-del-ano-y-conto-toda-la-verdad-se-divorcia\\\/\"]}]},{\"@type\":\"ImageObject\",\"inLanguage\":\"es\",\"@id\":\"https:\\\/\\\/fmgente.com.ar\\\/web\\\/angel-de-brito-se-metio-en-el-escandalo-del-ano-y-conto-toda-la-verdad-se-divorcia\\\/#primaryimage\",\"url\":\"https:\\\/\\\/fmgente.com.ar\\\/web\\\/wp-content\\\/uploads\\\/2025\\\/11\\\/Ventura-dos-1-359x226-3.jpg\",\"contentUrl\":\"https:\\\/\\\/fmgente.com.ar\\\/web\\\/wp-content\\\/uploads\\\/2025\\\/11\\\/Ventura-dos-1-359x226-3.jpg\",\"width\":359,\"height\":226},{\"@type\":\"WebSite\",\"@id\":\"https:\\\/\\\/fmgente.com.ar\\\/web\\\/#website\",\"url\":\"https:\\\/\\\/fmgente.com.ar\\\/web\\\/\",\"name\":\"Fm Gente\",\"description\":\"- Jes\u00fas Mar\u00eda\",\"publisher\":{\"@id\":\"https:\\\/\\\/fmgente.com.ar\\\/web\\\/#organization\"},\"potentialAction\":[{\"@type\":\"SearchAction\",\"target\":{\"@type\":\"EntryPoint\",\"urlTemplate\":\"https:\\\/\\\/fmgente.com.ar\\\/web\\\/?s={search_term_string}\"},\"query-input\":{\"@type\":\"PropertyValueSpecification\",\"valueRequired\":true,\"valueName\":\"search_term_string\"}}],\"inLanguage\":\"es\"},{\"@type\":\"Organization\",\"@id\":\"https:\\\/\\\/fmgente.com.ar\\\/web\\\/#organization\",\"name\":\"Fm Gente\",\"url\":\"https:\\\/\\\/fmgente.com.ar\\\/web\\\/\",\"logo\":{\"@type\":\"ImageObject\",\"inLanguage\":\"es\",\"@id\":\"https:\\\/\\\/fmgente.com.ar\\\/web\\\/#\\\/schema\\\/logo\\\/image\\\/\",\"url\":\"https:\\\/\\\/fmgente.com.ar\\\/web\\\/wp-content\\\/uploads\\\/2023\\\/07\\\/cropped-cropped-logo-sombra2.png\",\"contentUrl\":\"https:\\\/\\\/fmgente.com.ar\\\/web\\\/wp-content\\\/uploads\\\/2023\\\/07\\\/cropped-cropped-logo-sombra2.png\",\"width\":1782,\"height\":1782,\"caption\":\"Fm Gente\"},\"image\":{\"@id\":\"https:\\\/\\\/fmgente.com.ar\\\/web\\\/#\\\/schema\\\/logo\\\/image\\\/\"}}]}<\/script>\n<!-- \/ Yoast SEO plugin. -->","yoast_head_json":{"title":"\u00c1ngel de Brito se meti\u00f3 en el esc\u00e1ndalo del a\u00f1o y cont\u00f3 toda la verdad: &quot;Se divorcia&quot; - Fm Gente","robots":{"index":"index","follow":"follow","max-snippet":"max-snippet:-1","max-image-preview":"max-image-preview:large","max-video-preview":"max-video-preview:-1"},"canonical":"https:\/\/fmgente.com.ar\/web\/angel-de-brito-se-metio-en-el-escandalo-del-ano-y-conto-toda-la-verdad-se-divorcia\/","og_locale":"es_ES","og_type":"article","og_title":"\u00c1ngel de Brito se meti\u00f3 en el esc\u00e1ndalo del a\u00f1o y cont\u00f3 toda la verdad: &quot;Se divorcia&quot; - Fm Gente","og_description":"Un enorme esc\u00e1ndalo se viene atravesando hace d\u00edas en el espect\u00e1culo argentino, en donde Marcelo","og_url":"https:\/\/fmgente.com.ar\/web\/angel-de-brito-se-metio-en-el-escandalo-del-ano-y-conto-toda-la-verdad-se-divorcia\/","og_site_name":"Fm Gente","article_published_time":"2025-11-08T14:05:00+00:00","og_image":[{"width":359,"height":226,"url":"https:\/\/fmgente.com.ar\/web\/wp-content\/uploads\/2025\/11\/Ventura-dos-1-359x226-3.jpg","type":"image\/jpeg"}],"twitter_card":"summary_large_image","twitter_misc":{"Tiempo de lectura":"2 minutos"},"schema":{"@context":"https:\/\/schema.org","@graph":[{"@type":"Article","@id":"https:\/\/fmgente.com.ar\/web\/angel-de-brito-se-metio-en-el-escandalo-del-ano-y-conto-toda-la-verdad-se-divorcia\/#article","isPartOf":{"@id":"https:\/\/fmgente.com.ar\/web\/angel-de-brito-se-metio-en-el-escandalo-del-ano-y-conto-toda-la-verdad-se-divorcia\/"},"author":{"name":"","@id":""},"headline":"\u00c1ngel de Brito se meti\u00f3 en el esc\u00e1ndalo del a\u00f1o y cont\u00f3 toda la verdad: &quot;Se divorcia&quot;","datePublished":"2025-11-08T14:05:00+00:00","mainEntityOfPage":{"@id":"https:\/\/fmgente.com.ar\/web\/angel-de-brito-se-metio-en-el-escandalo-del-ano-y-conto-toda-la-verdad-se-divorcia\/"},"wordCount":481,"publisher":{"@id":"https:\/\/fmgente.com.ar\/web\/#organization"},"image":{"@id":"https:\/\/fmgente.com.ar\/web\/angel-de-brito-se-metio-en-el-escandalo-del-ano-y-conto-toda-la-verdad-se-divorcia\/#primaryimage"},"thumbnailUrl":"https:\/\/fmgente.com.ar\/web\/wp-content\/uploads\/2025\/11\/Ventura-dos-1-359x226-3.jpg","articleSection":["DESTACADAS"],"inLanguage":"es"},{"@type":"WebPage","@id":"https:\/\/fmgente.com.ar\/web\/angel-de-brito-se-metio-en-el-escandalo-del-ano-y-conto-toda-la-verdad-se-divorcia\/","url":"https:\/\/fmgente.com.ar\/web\/angel-de-brito-se-metio-en-el-escandalo-del-ano-y-conto-toda-la-verdad-se-divorcia\/","name":"\u00c1ngel de Brito se meti\u00f3 en el esc\u00e1ndalo del a\u00f1o y cont\u00f3 toda la verdad: &quot;Se divorcia&quot; - Fm Gente","isPartOf":{"@id":"https:\/\/fmgente.com.ar\/web\/#website"},"primaryImageOfPage":{"@id":"https:\/\/fmgente.com.ar\/web\/angel-de-brito-se-metio-en-el-escandalo-del-ano-y-conto-toda-la-verdad-se-divorcia\/#primaryimage"},"image":{"@id":"https:\/\/fmgente.com.ar\/web\/angel-de-brito-se-metio-en-el-escandalo-del-ano-y-conto-toda-la-verdad-se-divorcia\/#primaryimage"},"thumbnailUrl":"https:\/\/fmgente.com.ar\/web\/wp-content\/uploads\/2025\/11\/Ventura-dos-1-359x226-3.jpg","datePublished":"2025-11-08T14:05:00+00:00","inLanguage":"es","potentialAction":[{"@type":"ReadAction","target":["https:\/\/fmgente.com.ar\/web\/angel-de-brito-se-metio-en-el-escandalo-del-ano-y-conto-toda-la-verdad-se-divorcia\/"]}]},{"@type":"ImageObject","inLanguage":"es","@id":"https:\/\/fmgente.com.ar\/web\/angel-de-brito-se-metio-en-el-escandalo-del-ano-y-conto-toda-la-verdad-se-divorcia\/#primaryimage","url":"https:\/\/fmgente.com.ar\/web\/wp-content\/uploads\/2025\/11\/Ventura-dos-1-359x226-3.jpg","contentUrl":"https:\/\/fmgente.com.ar\/web\/wp-content\/uploads\/2025\/11\/Ventura-dos-1-359x226-3.jpg","width":359,"height":226},{"@type":"WebSite","@id":"https:\/\/fmgente.com.ar\/web\/#website","url":"https:\/\/fmgente.com.ar\/web\/","name":"Fm Gente","description":"- Jes\u00fas Mar\u00eda","publisher":{"@id":"https:\/\/fmgente.com.ar\/web\/#organization"},"potentialAction":[{"@type":"SearchAction","target":{"@type":"EntryPoint","urlTemplate":"https:\/\/fmgente.com.ar\/web\/?s={search_term_string}"},"query-input":{"@type":"PropertyValueSpecification","valueRequired":true,"valueName":"search_term_string"}}],"inLanguage":"es"},{"@type":"Organization","@id":"https:\/\/fmgente.com.ar\/web\/#organization","name":"Fm Gente","url":"https:\/\/fmgente.com.ar\/web\/","logo":{"@type":"ImageObject","inLanguage":"es","@id":"https:\/\/fmgente.com.ar\/web\/#\/schema\/logo\/image\/","url":"https:\/\/fmgente.com.ar\/web\/wp-content\/uploads\/2023\/07\/cropped-cropped-logo-sombra2.png","contentUrl":"https:\/\/fmgente.com.ar\/web\/wp-content\/uploads\/2023\/07\/cropped-cropped-logo-sombra2.png","width":1782,"height":1782,"caption":"Fm Gente"},"image":{"@id":"https:\/\/fmgente.com.ar\/web\/#\/schema\/logo\/image\/"}}]}},"_links":{"self":[{"href":"https:\/\/fmgente.com.ar\/web\/wp-json\/wp\/v2\/posts\/9106","targetHints":{"allow":["GET"]}}],"collection":[{"href":"https:\/\/fmgente.com.ar\/web\/wp-json\/wp\/v2\/posts"}],"about":[{"href":"https:\/\/fmgente.com.ar\/web\/wp-json\/wp\/v2\/types\/post"}],"replies":[{"embeddable":true,"href":"https:\/\/fmgente.com.ar\/web\/wp-json\/wp\/v2\/comments?post=9106"}],"version-history":[{"count":0,"href":"https:\/\/fmgente.com.ar\/web\/wp-json\/wp\/v2\/posts\/9106\/revisions"}],"wp:featuredmedia":[{"embeddable":true,"href":"https:\/\/fmgente.com.ar\/web\/wp-json\/wp\/v2\/media\/9107"}],"wp:attachment":[{"href":"https:\/\/fmgente.com.ar\/web\/wp-json\/wp\/v2\/media?parent=9106"}],"wp:term":[{"taxonomy":"category","embeddable":true,"href":"https:\/\/fmgente.com.ar\/web\/wp-json\/wp\/v2\/categories?post=9106"},{"taxonomy":"post_tag","embeddable":true,"href":"https:\/\/fmgente.com.ar\/web\/wp-json\/wp\/v2\/tags?post=9106"}],"curies":[{"name":"wp","href":"https:\/\/api.w.org\/{rel}","templated":true}]}}