{"id":9105,"date":"2025-11-08T10:05:21","date_gmt":"2025-11-08T13:05:21","guid":{"rendered":"https:\/\/fmgente.com.ar\/el-mpf-participo-del-acto-por-los-100-anos-del-superior-tribunal-de-justicia\/"},"modified":"2025-11-08T10:05:21","modified_gmt":"2025-11-08T13:05:21","slug":"el-mpf-participo-del-acto-por-los-100-anos-del-superior-tribunal-de-justicia","status":"publish","type":"post","link":"https:\/\/fmgente.com.ar\/web\/el-mpf-participo-del-acto-por-los-100-anos-del-superior-tribunal-de-justicia\/","title":{"rendered":"El MPF particip\u00f3 del acto por los 100 a\u00f1os del superior Tribunal de Justicia"},"content":{"rendered":"<p class=\" eplus-wrapper\">El Fiscal General de la Provincia, Juan Manuel Delgado, y los Fiscales Generales Adjuntos, Bettina Croppi, Alejandro P\u00e9rez Moreno, H\u00e9ctor David y Jos\u00e9 G\u00f3mez Demmel participaron de la celebraci\u00f3n por el centanerario del Tribunal Superior de Justicia de C\u00f3rdoba. El acto estuvo encabezado por el gobernador Mart\u00edn Llaryora, El presidente del TSJ, Luis Angulo y por el vocal de la corte Suprema de Justicia de la Naci\u00f3n, Ricardo Lorenzetti y se desarroll\u00f3 en el \u201cSal\u00f3n de los Pasos Perdidos del Palacio de Justicia I\u201d.<\/p>\n<p class=\" eplus-wrapper\">En su mensaje el gobernador de la provincia se\u00f1al\u00f3 que la Justicia es un pilar de toda sociedad organizada y subray\u00f3 que en C\u00f3rdoba hay una \u201cinfraestructura intangible\u201d que fue construida por su comunidad jur\u00eddica, que le otorga prestigio y confianza a la provincia. Asimismo ponder\u00f3 la valent\u00eda de jueces, fiscales y funcionarios judiciales que enfrentan al narcotr\u00e1fico:<strong>\u201cQuiero agradecer a la Justicia Provincial y a la Justicia Federal por ese esfuerzo, por esa valent\u00eda y por hacer en estos 100 a\u00f1os a C\u00f3rdoba hostil contra el narcotr\u00e1fico\u201d<\/strong><em>.<\/em><\/p>\n<p class=\" eplus-wrapper\">En esa l\u00ednea, el mandatario subray\u00f3 la firme decisi\u00f3n de la Provincia de enfrentar esta problem\u00e1tica que afecta a la regi\u00f3n, mediante el trabajo mancomunado de todos los poderes del Estado.<\/p>\n<p class=\" eplus-wrapper\"><strong>\u201cLa lucha que estamos dando est\u00e1 impidiendo hoy que C\u00f3rdoba tenga la realidad que vemos en algunos otros lugares\u201d<\/strong>, dijo y agradeci\u00f3 la labor conjunta con el Poder Judicial para combatir el avance del crimen organizado.<\/p>\n<p class=\" eplus-wrapper\"><strong>\u201cNo basta la decisi\u00f3n de un Gobierno que pelee todos los d\u00edas para que el narcotr\u00e1fico no entre. Tambi\u00e9n es muy importante el trabajo que tenemos de los fiscales, jueces y una comunidad jur\u00eddica que en cada rinc\u00f3n de C\u00f3rdoba persigue al narcotr\u00e1fico y persigue a las organizaciones criminales\u201d, subray\u00f3.<\/strong><\/p>\n<p class=\" eplus-wrapper\">Para cerrar, Llaryora se dirigi\u00f3 a la comunidad judicial e inst\u00f3 a que sigan innovando y trabajando\u00a0\u201cpor una C\u00f3rdoba cada vez m\u00e1s republicana, m\u00e1s pr\u00f3spera y para fortalecer un Poder Judicial que nos siga enorgulleciendo a todos\u201d.<\/p>\n","protected":false},"excerpt":{"rendered":"<p>El Fiscal General de la Provincia, Juan Manuel Delgado, y los Fiscales Generales Adjuntos, Bettina<\/p>\n","protected":false},"author":0,"featured_media":0,"comment_status":"","ping_status":"","sticky":false,"template":"","format":"standard","meta":{"footnotes":""},"categories":[1794],"tags":[],"class_list":["post-9105","post","type-post","status-publish","format-standard","hentry","category-policiales"],"yoast_head":"<!-- This site is optimized with the Yoast SEO plugin v27.4 - https:\/\/yoast.com\/product\/yoast-seo-wordpress\/ -->\n<title>El MPF particip\u00f3 del acto por los 100 a\u00f1os del superior Tribunal de Justicia - Fm Gente<\/title>\n<meta name=\"robots\" content=\"index, follow, max-snippet:-1, max-image-preview:large, max-video-preview:-1\" \/>\n<link rel=\"canonical\" href=\"https:\/\/fmgente.com.ar\/web\/el-mpf-participo-del-acto-por-los-100-anos-del-superior-tribunal-de-justicia\/\" \/>\n<meta property=\"og:locale\" content=\"es_ES\" \/>\n<meta property=\"og:type\" content=\"article\" \/>\n<meta property=\"og:title\" content=\"El MPF particip\u00f3 del acto por los 100 a\u00f1os del superior Tribunal de Justicia - Fm Gente\" \/>\n<meta property=\"og:description\" content=\"El Fiscal General de la Provincia, Juan Manuel Delgado, y los Fiscales Generales Adjuntos, Bettina\" \/>\n<meta property=\"og:url\" content=\"https:\/\/fmgente.com.ar\/web\/el-mpf-participo-del-acto-por-los-100-anos-del-superior-tribunal-de-justicia\/\" \/>\n<meta property=\"og:site_name\" content=\"Fm Gente\" \/>\n<meta property=\"article:published_time\" content=\"2025-11-08T13:05:21+00:00\" \/>\n<meta name=\"twitter:card\" content=\"summary_large_image\" \/>\n<meta name=\"twitter:label1\" content=\"Tiempo de lectura\" \/>\n\t<meta name=\"twitter:data1\" content=\"2 minutos\" \/>\n<script type=\"application\/ld+json\" class=\"yoast-schema-graph\">{\"@context\":\"https:\\\/\\\/schema.org\",\"@graph\":[{\"@type\":\"Article\",\"@id\":\"https:\\\/\\\/fmgente.com.ar\\\/web\\\/el-mpf-participo-del-acto-por-los-100-anos-del-superior-tribunal-de-justicia\\\/#article\",\"isPartOf\":{\"@id\":\"https:\\\/\\\/fmgente.com.ar\\\/web\\\/el-mpf-participo-del-acto-por-los-100-anos-del-superior-tribunal-de-justicia\\\/\"},\"author\":{\"name\":\"\",\"@id\":\"\"},\"headline\":\"El MPF particip\u00f3 del acto por los 100 a\u00f1os del superior Tribunal de Justicia\",\"datePublished\":\"2025-11-08T13:05:21+00:00\",\"mainEntityOfPage\":{\"@id\":\"https:\\\/\\\/fmgente.com.ar\\\/web\\\/el-mpf-participo-del-acto-por-los-100-anos-del-superior-tribunal-de-justicia\\\/\"},\"wordCount\":374,\"publisher\":{\"@id\":\"https:\\\/\\\/fmgente.com.ar\\\/web\\\/#organization\"},\"articleSection\":[\"POLICIALES\"],\"inLanguage\":\"es\"},{\"@type\":\"WebPage\",\"@id\":\"https:\\\/\\\/fmgente.com.ar\\\/web\\\/el-mpf-participo-del-acto-por-los-100-anos-del-superior-tribunal-de-justicia\\\/\",\"url\":\"https:\\\/\\\/fmgente.com.ar\\\/web\\\/el-mpf-participo-del-acto-por-los-100-anos-del-superior-tribunal-de-justicia\\\/\",\"name\":\"El MPF particip\u00f3 del acto por los 100 a\u00f1os del superior Tribunal de Justicia - Fm Gente\",\"isPartOf\":{\"@id\":\"https:\\\/\\\/fmgente.com.ar\\\/web\\\/#website\"},\"datePublished\":\"2025-11-08T13:05:21+00:00\",\"inLanguage\":\"es\",\"potentialAction\":[{\"@type\":\"ReadAction\",\"target\":[\"https:\\\/\\\/fmgente.com.ar\\\/web\\\/el-mpf-participo-del-acto-por-los-100-anos-del-superior-tribunal-de-justicia\\\/\"]}]},{\"@type\":\"WebSite\",\"@id\":\"https:\\\/\\\/fmgente.com.ar\\\/web\\\/#website\",\"url\":\"https:\\\/\\\/fmgente.com.ar\\\/web\\\/\",\"name\":\"Fm Gente\",\"description\":\"- Jes\u00fas Mar\u00eda\",\"publisher\":{\"@id\":\"https:\\\/\\\/fmgente.com.ar\\\/web\\\/#organization\"},\"potentialAction\":[{\"@type\":\"SearchAction\",\"target\":{\"@type\":\"EntryPoint\",\"urlTemplate\":\"https:\\\/\\\/fmgente.com.ar\\\/web\\\/?s={search_term_string}\"},\"query-input\":{\"@type\":\"PropertyValueSpecification\",\"valueRequired\":true,\"valueName\":\"search_term_string\"}}],\"inLanguage\":\"es\"},{\"@type\":\"Organization\",\"@id\":\"https:\\\/\\\/fmgente.com.ar\\\/web\\\/#organization\",\"name\":\"Fm Gente\",\"url\":\"https:\\\/\\\/fmgente.com.ar\\\/web\\\/\",\"logo\":{\"@type\":\"ImageObject\",\"inLanguage\":\"es\",\"@id\":\"https:\\\/\\\/fmgente.com.ar\\\/web\\\/#\\\/schema\\\/logo\\\/image\\\/\",\"url\":\"https:\\\/\\\/fmgente.com.ar\\\/web\\\/wp-content\\\/uploads\\\/2023\\\/07\\\/cropped-cropped-logo-sombra2.png\",\"contentUrl\":\"https:\\\/\\\/fmgente.com.ar\\\/web\\\/wp-content\\\/uploads\\\/2023\\\/07\\\/cropped-cropped-logo-sombra2.png\",\"width\":1782,\"height\":1782,\"caption\":\"Fm Gente\"},\"image\":{\"@id\":\"https:\\\/\\\/fmgente.com.ar\\\/web\\\/#\\\/schema\\\/logo\\\/image\\\/\"}}]}<\/script>\n<!-- \/ Yoast SEO plugin. -->","yoast_head_json":{"title":"El MPF particip\u00f3 del acto por los 100 a\u00f1os del superior Tribunal de Justicia - Fm Gente","robots":{"index":"index","follow":"follow","max-snippet":"max-snippet:-1","max-image-preview":"max-image-preview:large","max-video-preview":"max-video-preview:-1"},"canonical":"https:\/\/fmgente.com.ar\/web\/el-mpf-participo-del-acto-por-los-100-anos-del-superior-tribunal-de-justicia\/","og_locale":"es_ES","og_type":"article","og_title":"El MPF particip\u00f3 del acto por los 100 a\u00f1os del superior Tribunal de Justicia - Fm Gente","og_description":"El Fiscal General de la Provincia, Juan Manuel Delgado, y los Fiscales Generales Adjuntos, Bettina","og_url":"https:\/\/fmgente.com.ar\/web\/el-mpf-participo-del-acto-por-los-100-anos-del-superior-tribunal-de-justicia\/","og_site_name":"Fm Gente","article_published_time":"2025-11-08T13:05:21+00:00","twitter_card":"summary_large_image","twitter_misc":{"Tiempo de lectura":"2 minutos"},"schema":{"@context":"https:\/\/schema.org","@graph":[{"@type":"Article","@id":"https:\/\/fmgente.com.ar\/web\/el-mpf-participo-del-acto-por-los-100-anos-del-superior-tribunal-de-justicia\/#article","isPartOf":{"@id":"https:\/\/fmgente.com.ar\/web\/el-mpf-participo-del-acto-por-los-100-anos-del-superior-tribunal-de-justicia\/"},"author":{"name":"","@id":""},"headline":"El MPF particip\u00f3 del acto por los 100 a\u00f1os del superior Tribunal de Justicia","datePublished":"2025-11-08T13:05:21+00:00","mainEntityOfPage":{"@id":"https:\/\/fmgente.com.ar\/web\/el-mpf-participo-del-acto-por-los-100-anos-del-superior-tribunal-de-justicia\/"},"wordCount":374,"publisher":{"@id":"https:\/\/fmgente.com.ar\/web\/#organization"},"articleSection":["POLICIALES"],"inLanguage":"es"},{"@type":"WebPage","@id":"https:\/\/fmgente.com.ar\/web\/el-mpf-participo-del-acto-por-los-100-anos-del-superior-tribunal-de-justicia\/","url":"https:\/\/fmgente.com.ar\/web\/el-mpf-participo-del-acto-por-los-100-anos-del-superior-tribunal-de-justicia\/","name":"El MPF particip\u00f3 del acto por los 100 a\u00f1os del superior Tribunal de Justicia - Fm Gente","isPartOf":{"@id":"https:\/\/fmgente.com.ar\/web\/#website"},"datePublished":"2025-11-08T13:05:21+00:00","inLanguage":"es","potentialAction":[{"@type":"ReadAction","target":["https:\/\/fmgente.com.ar\/web\/el-mpf-participo-del-acto-por-los-100-anos-del-superior-tribunal-de-justicia\/"]}]},{"@type":"WebSite","@id":"https:\/\/fmgente.com.ar\/web\/#website","url":"https:\/\/fmgente.com.ar\/web\/","name":"Fm Gente","description":"- Jes\u00fas Mar\u00eda","publisher":{"@id":"https:\/\/fmgente.com.ar\/web\/#organization"},"potentialAction":[{"@type":"SearchAction","target":{"@type":"EntryPoint","urlTemplate":"https:\/\/fmgente.com.ar\/web\/?s={search_term_string}"},"query-input":{"@type":"PropertyValueSpecification","valueRequired":true,"valueName":"search_term_string"}}],"inLanguage":"es"},{"@type":"Organization","@id":"https:\/\/fmgente.com.ar\/web\/#organization","name":"Fm Gente","url":"https:\/\/fmgente.com.ar\/web\/","logo":{"@type":"ImageObject","inLanguage":"es","@id":"https:\/\/fmgente.com.ar\/web\/#\/schema\/logo\/image\/","url":"https:\/\/fmgente.com.ar\/web\/wp-content\/uploads\/2023\/07\/cropped-cropped-logo-sombra2.png","contentUrl":"https:\/\/fmgente.com.ar\/web\/wp-content\/uploads\/2023\/07\/cropped-cropped-logo-sombra2.png","width":1782,"height":1782,"caption":"Fm Gente"},"image":{"@id":"https:\/\/fmgente.com.ar\/web\/#\/schema\/logo\/image\/"}}]}},"_links":{"self":[{"href":"https:\/\/fmgente.com.ar\/web\/wp-json\/wp\/v2\/posts\/9105","targetHints":{"allow":["GET"]}}],"collection":[{"href":"https:\/\/fmgente.com.ar\/web\/wp-json\/wp\/v2\/posts"}],"about":[{"href":"https:\/\/fmgente.com.ar\/web\/wp-json\/wp\/v2\/types\/post"}],"replies":[{"embeddable":true,"href":"https:\/\/fmgente.com.ar\/web\/wp-json\/wp\/v2\/comments?post=9105"}],"version-history":[{"count":0,"href":"https:\/\/fmgente.com.ar\/web\/wp-json\/wp\/v2\/posts\/9105\/revisions"}],"wp:attachment":[{"href":"https:\/\/fmgente.com.ar\/web\/wp-json\/wp\/v2\/media?parent=9105"}],"wp:term":[{"taxonomy":"category","embeddable":true,"href":"https:\/\/fmgente.com.ar\/web\/wp-json\/wp\/v2\/categories?post=9105"},{"taxonomy":"post_tag","embeddable":true,"href":"https:\/\/fmgente.com.ar\/web\/wp-json\/wp\/v2\/tags?post=9105"}],"curies":[{"name":"wp","href":"https:\/\/api.w.org\/{rel}","templated":true}]}}