{"id":9099,"date":"2025-11-08T10:05:09","date_gmt":"2025-11-08T13:05:09","guid":{"rendered":"https:\/\/fmgente.com.ar\/palito-ortega-suspendio-sus-shows-a-ultimo-momento-que-ocurre-con-su-salud-a-los-84-anos\/"},"modified":"2025-11-08T10:05:09","modified_gmt":"2025-11-08T13:05:09","slug":"palito-ortega-suspendio-sus-shows-a-ultimo-momento-que-ocurre-con-su-salud-a-los-84-anos","status":"publish","type":"post","link":"https:\/\/fmgente.com.ar\/web\/palito-ortega-suspendio-sus-shows-a-ultimo-momento-que-ocurre-con-su-salud-a-los-84-anos\/","title":{"rendered":"Palito Ortega suspendi\u00f3 sus shows a \u00faltimo momento: qu\u00e9 ocurre con su salud a los 84 a\u00f1os"},"content":{"rendered":"<p><strong><a href=\"https:\/\/www.paparazzi.com.ar\/teve\/bautista-ortega-el-nieto-de-palito-ortega-revelo-la-dificil-enfermedad-de-su-mama\/\">Palito Ortega<\/a> <\/strong>es uno de los grandes iconos musicales que tiene Argentina. A sus 84 a\u00f1os, el hist\u00f3rico referente sigue present\u00e1ndose en sus shows, pero en estas \u00faltimas horas trascendi\u00f3 que tuvo que suspender una presentaci\u00f3n por un problema de salud.<\/p>\n<p>Este s\u00e1bado 8 de noviembre, Palito ten\u00eda todo listo para brindar un enorme espect\u00e1culo en la ciudad de Paran\u00e1, Entre R\u00edos. Empero, seg\u00fan trascendi\u00f3, debi\u00f3 dar marcha atr\u00e1s y suspenderlo ya que se encuentra notoriamente afectado.<\/p>\n<p>Por diferentes informaciones que fueron saliendo a la luz, se conoci\u00f3 que <a href=\"https:\/\/www.paparazzi.com.ar\/teve\/palito-ortega-revelo-como-esta-de-salud-tras-los-problemas-que-tuvo-estoy-medio-cachuzo-y\/\">Ortega<\/a> est\u00e1 con un problema en la cara, particularmente sufre de herpes Z\u00f3ster. Esta afecci\u00f3n la padece hace m\u00e1s de un mes y no a\u00fan no logr\u00f3 recuperarse.<\/p>\n<div class=\"mt-box \">\n<h4 class=\"mt-heading\">Mir\u00e1 Tambi\u00e9n<\/h4>\n<p><a href=\"https:\/\/www.paparazzi.com.ar\/videos\/exclusivo-luis-ventura-conto-por-que-jorge-rial-le-tiene-miedo-me-quiere-borrar-porque\/\"><\/p>\n<div class=\"mt-content\">\n<div class=\"mt-image-container\"><img decoding=\"async\" src=\"https:\/\/www.paparazzi.com.ar\/wp-content\/uploads\/2025\/11\/Ventura-dos-1-359x226.jpg\" alt=\"\u00a1Exclusivo! Luis Ventura cont\u00f3 por qu\u00e9 Jorge Rial le tiene miedo: \u201cMe quiere borrar porque\u2026\u201d\" class=\"mt-image\" loading=\"lazy\" \/><\/div>\n<h5 class=\"mt-title\">\u00a1Exclusivo! Luis Ventura cont\u00f3 por qu\u00e9 Jorge Rial le tiene miedo: \u201cMe quiere borrar porque\u2026\u201d<\/h5>\n<\/div>\n<p><\/a><\/div>\n<p>\u201c<em>No, no volvi\u00f3 todav\u00eda. O sea, le pusieron fechas, pero todav\u00eda no est\u00e1 para volver. Sigue muy, muy dolorido<\/em>\u201d, expres\u00f3 su hija <strong><a href=\"https:\/\/www.paparazzi.com.ar\/romances\/la-confesion-increible-de-julieta-ortega-sobre-la-mejor-noche-de-su-vida-ese-hombre-era-un-experto\/\">Julieta Ortega<\/a><\/strong>, respecto a c\u00f3mo se encuentra su pap\u00e1. Lamentablemente para Palito, adem\u00e1s de ser un problema el cual a\u00fan no logr\u00f3 sanar, sufre de dolores.<\/p>\n<h2 class=\"wp-block-heading\">QU\u00c9 OCURRE CON PALITO ORTEGA Y SU SALUD<\/h2>\n<p>R\u00e1pidamente tambi\u00e9n aclararon que para todos aquellos fan\u00e1ticos y el p\u00fablico que ten\u00eda entradas para esta noche, la devoluci\u00f3n del dinero se har\u00e1 por el mismo medio que se compraron. Adem\u00e1s, tampoco se reprogram\u00f3 una fecha, ya que la prioridad est\u00e1 fijada en que Palito se recupere.<\/p>\n<div class=\"mt-box \">\n<h4 class=\"mt-heading\">Mir\u00e1 Tambi\u00e9n<\/h4>\n<p><a href=\"https:\/\/www.paparazzi.com.ar\/teve\/bautista-ortega-el-nieto-de-palito-ortega-revelo-la-dificil-enfermedad-de-su-mama\/\"><\/p>\n<div class=\"mt-content\">\n<div class=\"mt-image-container\"><img decoding=\"async\" src=\"https:\/\/www.paparazzi.com.ar\/wp-content\/uploads\/2025\/10\/Bautista-Ortega-y-Ana-Paula-Dutil-359x226.jpg\" alt=\"Bautista Ortega, el nieto de Palito Ortega, revel\u00f3 la dif\u00edcil enfermedad de su mam\u00e1\" class=\"mt-image\" loading=\"lazy\" \/><\/div>\n<h5 class=\"mt-title\">Bautista Ortega, el nieto de Palito Ortega, revel\u00f3 la dif\u00edcil enfermedad de su mam\u00e1<\/h5>\n<\/div>\n<p><\/a><\/div>\n<p>\u201c<em>Ya est\u00e1 bien&#8230;de las ampollas en la cara que salen con el herpes z\u00f3ster, pero est\u00e1 todav\u00eda muy dolorido<\/em>\u201d, asever\u00f3 Julieta. L\u00f3gicamente que para Ortega esta situaci\u00f3n es totalmente inc\u00f3moda, porque no le permite manejarse libremente y lo obliga a alejarse de lo que tanto ama; estar arriba de un escenario frente a su p\u00fablico.<\/p>\n<p>Hace unos d\u00edas el propio artista sali\u00f3 a romper el silencio con Juan Alberto Mateyko,y cont\u00f3 lo que viene pasando: \u201c<em>Estoy medio cachuzo pero bueno, qu\u00e9 se le va a hacer. Me agarr\u00f3 una cosa rara que me molesta la cara, me duele un poco<\/em>\u201d.<\/p>\n<div class=\"mt-box \">\n<h4 class=\"mt-heading\">Mir\u00e1 Tambi\u00e9n<\/h4>\n<p><a href=\"https:\/\/www.paparazzi.com.ar\/teve\/marti-benza-confirmo-su-noviazgo-con-martu-ortiz-tras-los-rumores-de-infidelidad\/\"><\/p>\n<div class=\"mt-content\">\n<div class=\"mt-image-container\"><img decoding=\"async\" src=\"https:\/\/www.paparazzi.com.ar\/wp-content\/uploads\/2025\/11\/image-86-359x226.png\" alt=\"Marti Benza confirm\u00f3 su noviazgo con Martu Ortiz tras los rumores de infidelidad\" class=\"mt-image\" loading=\"lazy\" \/><\/div>\n<h5 class=\"mt-title\">Marti Benza confirm\u00f3 su noviazgo con Martu Ortiz tras los rumores de infidelidad<\/h5>\n<\/div>\n<p><\/a><\/div>\n<div class=\"mt-box \">\n<h4 class=\"mt-heading\">Mir\u00e1 Tambi\u00e9n<\/h4>\n<p><a href=\"https:\/\/www.paparazzi.com.ar\/romances\/el-terrible-mensaje-de-mauro-icardi-contra-wanda-nara-que-exploto-todo-fracasa-sola-y\/\"><\/p>\n<div class=\"mt-content\">\n<div class=\"mt-image-container\"><img decoding=\"async\" src=\"https:\/\/www.paparazzi.com.ar\/wp-content\/uploads\/2025\/10\/Aseguran-que-Mauro-Icardi-le-gano-la-batalla-a-Wanda-Nara-y-vivira-con-sus-hijas-en-Turquia-cuando-viajan-359x226.jpg\" alt=\"El terrible mensaje de Mauro Icardi contra Wanda Nara que explot\u00f3 todo: \u201cFracasa sola y\u2026\u201d\" class=\"mt-image\" loading=\"lazy\" \/><\/div>\n<h5 class=\"mt-title\">El terrible mensaje de Mauro Icardi contra Wanda Nara que explot\u00f3 todo: \u201cFracasa sola y\u2026\u201d<\/h5>\n<\/div>\n<p><\/a><\/div>\n<p>The post <a href=\"https:\/\/www.paparazzi.com.ar\/teve\/palito-ortega-suspendio-sus-shows-a-ultimo-momento-que-ocurre-con-su-salud-a-los-84-anos\/\">Palito Ortega suspendi\u00f3 sus shows a \u00faltimo momento: qu\u00e9 ocurre con su salud a los 84 a\u00f1os<\/a> appeared first on <a href=\"https:\/\/www.paparazzi.com.ar\">Revista Paparazzi<\/a>.<\/p>\n","protected":false},"excerpt":{"rendered":"<p>Palito Ortega es uno de los grandes iconos musicales que tiene Argentina. A sus 84<\/p>\n","protected":false},"author":0,"featured_media":9100,"comment_status":"","ping_status":"","sticky":false,"template":"","format":"standard","meta":{"footnotes":""},"categories":[11],"tags":[],"class_list":["post-9099","post","type-post","status-publish","format-standard","has-post-thumbnail","hentry","category-destacadas"],"yoast_head":"<!-- This site is optimized with the Yoast SEO plugin v27.4 - https:\/\/yoast.com\/product\/yoast-seo-wordpress\/ -->\n<title>Palito Ortega suspendi\u00f3 sus shows a \u00faltimo momento: qu\u00e9 ocurre con su salud a los 84 a\u00f1os - Fm Gente<\/title>\n<meta name=\"robots\" content=\"index, follow, max-snippet:-1, max-image-preview:large, max-video-preview:-1\" \/>\n<link rel=\"canonical\" href=\"https:\/\/fmgente.com.ar\/web\/palito-ortega-suspendio-sus-shows-a-ultimo-momento-que-ocurre-con-su-salud-a-los-84-anos\/\" \/>\n<meta property=\"og:locale\" content=\"es_ES\" \/>\n<meta property=\"og:type\" content=\"article\" \/>\n<meta property=\"og:title\" content=\"Palito Ortega suspendi\u00f3 sus shows a \u00faltimo momento: qu\u00e9 ocurre con su salud a los 84 a\u00f1os - Fm Gente\" \/>\n<meta property=\"og:description\" content=\"Palito Ortega es uno de los grandes iconos musicales que tiene Argentina. A sus 84\" \/>\n<meta property=\"og:url\" content=\"https:\/\/fmgente.com.ar\/web\/palito-ortega-suspendio-sus-shows-a-ultimo-momento-que-ocurre-con-su-salud-a-los-84-anos\/\" \/>\n<meta property=\"og:site_name\" content=\"Fm Gente\" \/>\n<meta property=\"article:published_time\" content=\"2025-11-08T13:05:09+00:00\" \/>\n<meta property=\"og:image\" content=\"https:\/\/fmgente.com.ar\/web\/wp-content\/uploads\/2025\/11\/Ventura-dos-1-359x226-2.jpg\" \/>\n\t<meta property=\"og:image:width\" content=\"359\" \/>\n\t<meta property=\"og:image:height\" content=\"226\" \/>\n\t<meta property=\"og:image:type\" content=\"image\/jpeg\" \/>\n<meta name=\"twitter:card\" content=\"summary_large_image\" \/>\n<meta name=\"twitter:label1\" content=\"Tiempo de lectura\" \/>\n\t<meta name=\"twitter:data1\" content=\"2 minutos\" \/>\n<script type=\"application\/ld+json\" class=\"yoast-schema-graph\">{\"@context\":\"https:\\\/\\\/schema.org\",\"@graph\":[{\"@type\":\"Article\",\"@id\":\"https:\\\/\\\/fmgente.com.ar\\\/web\\\/palito-ortega-suspendio-sus-shows-a-ultimo-momento-que-ocurre-con-su-salud-a-los-84-anos\\\/#article\",\"isPartOf\":{\"@id\":\"https:\\\/\\\/fmgente.com.ar\\\/web\\\/palito-ortega-suspendio-sus-shows-a-ultimo-momento-que-ocurre-con-su-salud-a-los-84-anos\\\/\"},\"author\":{\"name\":\"\",\"@id\":\"\"},\"headline\":\"Palito Ortega suspendi\u00f3 sus shows a \u00faltimo momento: qu\u00e9 ocurre con su salud a los 84 a\u00f1os\",\"datePublished\":\"2025-11-08T13:05:09+00:00\",\"mainEntityOfPage\":{\"@id\":\"https:\\\/\\\/fmgente.com.ar\\\/web\\\/palito-ortega-suspendio-sus-shows-a-ultimo-momento-que-ocurre-con-su-salud-a-los-84-anos\\\/\"},\"wordCount\":464,\"publisher\":{\"@id\":\"https:\\\/\\\/fmgente.com.ar\\\/web\\\/#organization\"},\"image\":{\"@id\":\"https:\\\/\\\/fmgente.com.ar\\\/web\\\/palito-ortega-suspendio-sus-shows-a-ultimo-momento-que-ocurre-con-su-salud-a-los-84-anos\\\/#primaryimage\"},\"thumbnailUrl\":\"https:\\\/\\\/fmgente.com.ar\\\/web\\\/wp-content\\\/uploads\\\/2025\\\/11\\\/Ventura-dos-1-359x226-2.jpg\",\"articleSection\":[\"DESTACADAS\"],\"inLanguage\":\"es\"},{\"@type\":\"WebPage\",\"@id\":\"https:\\\/\\\/fmgente.com.ar\\\/web\\\/palito-ortega-suspendio-sus-shows-a-ultimo-momento-que-ocurre-con-su-salud-a-los-84-anos\\\/\",\"url\":\"https:\\\/\\\/fmgente.com.ar\\\/web\\\/palito-ortega-suspendio-sus-shows-a-ultimo-momento-que-ocurre-con-su-salud-a-los-84-anos\\\/\",\"name\":\"Palito Ortega suspendi\u00f3 sus shows a \u00faltimo momento: qu\u00e9 ocurre con su salud a los 84 a\u00f1os - Fm Gente\",\"isPartOf\":{\"@id\":\"https:\\\/\\\/fmgente.com.ar\\\/web\\\/#website\"},\"primaryImageOfPage\":{\"@id\":\"https:\\\/\\\/fmgente.com.ar\\\/web\\\/palito-ortega-suspendio-sus-shows-a-ultimo-momento-que-ocurre-con-su-salud-a-los-84-anos\\\/#primaryimage\"},\"image\":{\"@id\":\"https:\\\/\\\/fmgente.com.ar\\\/web\\\/palito-ortega-suspendio-sus-shows-a-ultimo-momento-que-ocurre-con-su-salud-a-los-84-anos\\\/#primaryimage\"},\"thumbnailUrl\":\"https:\\\/\\\/fmgente.com.ar\\\/web\\\/wp-content\\\/uploads\\\/2025\\\/11\\\/Ventura-dos-1-359x226-2.jpg\",\"datePublished\":\"2025-11-08T13:05:09+00:00\",\"inLanguage\":\"es\",\"potentialAction\":[{\"@type\":\"ReadAction\",\"target\":[\"https:\\\/\\\/fmgente.com.ar\\\/web\\\/palito-ortega-suspendio-sus-shows-a-ultimo-momento-que-ocurre-con-su-salud-a-los-84-anos\\\/\"]}]},{\"@type\":\"ImageObject\",\"inLanguage\":\"es\",\"@id\":\"https:\\\/\\\/fmgente.com.ar\\\/web\\\/palito-ortega-suspendio-sus-shows-a-ultimo-momento-que-ocurre-con-su-salud-a-los-84-anos\\\/#primaryimage\",\"url\":\"https:\\\/\\\/fmgente.com.ar\\\/web\\\/wp-content\\\/uploads\\\/2025\\\/11\\\/Ventura-dos-1-359x226-2.jpg\",\"contentUrl\":\"https:\\\/\\\/fmgente.com.ar\\\/web\\\/wp-content\\\/uploads\\\/2025\\\/11\\\/Ventura-dos-1-359x226-2.jpg\",\"width\":359,\"height\":226},{\"@type\":\"WebSite\",\"@id\":\"https:\\\/\\\/fmgente.com.ar\\\/web\\\/#website\",\"url\":\"https:\\\/\\\/fmgente.com.ar\\\/web\\\/\",\"name\":\"Fm Gente\",\"description\":\"- Jes\u00fas Mar\u00eda\",\"publisher\":{\"@id\":\"https:\\\/\\\/fmgente.com.ar\\\/web\\\/#organization\"},\"potentialAction\":[{\"@type\":\"SearchAction\",\"target\":{\"@type\":\"EntryPoint\",\"urlTemplate\":\"https:\\\/\\\/fmgente.com.ar\\\/web\\\/?s={search_term_string}\"},\"query-input\":{\"@type\":\"PropertyValueSpecification\",\"valueRequired\":true,\"valueName\":\"search_term_string\"}}],\"inLanguage\":\"es\"},{\"@type\":\"Organization\",\"@id\":\"https:\\\/\\\/fmgente.com.ar\\\/web\\\/#organization\",\"name\":\"Fm Gente\",\"url\":\"https:\\\/\\\/fmgente.com.ar\\\/web\\\/\",\"logo\":{\"@type\":\"ImageObject\",\"inLanguage\":\"es\",\"@id\":\"https:\\\/\\\/fmgente.com.ar\\\/web\\\/#\\\/schema\\\/logo\\\/image\\\/\",\"url\":\"https:\\\/\\\/fmgente.com.ar\\\/web\\\/wp-content\\\/uploads\\\/2023\\\/07\\\/cropped-cropped-logo-sombra2.png\",\"contentUrl\":\"https:\\\/\\\/fmgente.com.ar\\\/web\\\/wp-content\\\/uploads\\\/2023\\\/07\\\/cropped-cropped-logo-sombra2.png\",\"width\":1782,\"height\":1782,\"caption\":\"Fm Gente\"},\"image\":{\"@id\":\"https:\\\/\\\/fmgente.com.ar\\\/web\\\/#\\\/schema\\\/logo\\\/image\\\/\"}}]}<\/script>\n<!-- \/ Yoast SEO plugin. -->","yoast_head_json":{"title":"Palito Ortega suspendi\u00f3 sus shows a \u00faltimo momento: qu\u00e9 ocurre con su salud a los 84 a\u00f1os - Fm Gente","robots":{"index":"index","follow":"follow","max-snippet":"max-snippet:-1","max-image-preview":"max-image-preview:large","max-video-preview":"max-video-preview:-1"},"canonical":"https:\/\/fmgente.com.ar\/web\/palito-ortega-suspendio-sus-shows-a-ultimo-momento-que-ocurre-con-su-salud-a-los-84-anos\/","og_locale":"es_ES","og_type":"article","og_title":"Palito Ortega suspendi\u00f3 sus shows a \u00faltimo momento: qu\u00e9 ocurre con su salud a los 84 a\u00f1os - Fm Gente","og_description":"Palito Ortega es uno de los grandes iconos musicales que tiene Argentina. A sus 84","og_url":"https:\/\/fmgente.com.ar\/web\/palito-ortega-suspendio-sus-shows-a-ultimo-momento-que-ocurre-con-su-salud-a-los-84-anos\/","og_site_name":"Fm Gente","article_published_time":"2025-11-08T13:05:09+00:00","og_image":[{"width":359,"height":226,"url":"https:\/\/fmgente.com.ar\/web\/wp-content\/uploads\/2025\/11\/Ventura-dos-1-359x226-2.jpg","type":"image\/jpeg"}],"twitter_card":"summary_large_image","twitter_misc":{"Tiempo de lectura":"2 minutos"},"schema":{"@context":"https:\/\/schema.org","@graph":[{"@type":"Article","@id":"https:\/\/fmgente.com.ar\/web\/palito-ortega-suspendio-sus-shows-a-ultimo-momento-que-ocurre-con-su-salud-a-los-84-anos\/#article","isPartOf":{"@id":"https:\/\/fmgente.com.ar\/web\/palito-ortega-suspendio-sus-shows-a-ultimo-momento-que-ocurre-con-su-salud-a-los-84-anos\/"},"author":{"name":"","@id":""},"headline":"Palito Ortega suspendi\u00f3 sus shows a \u00faltimo momento: qu\u00e9 ocurre con su salud a los 84 a\u00f1os","datePublished":"2025-11-08T13:05:09+00:00","mainEntityOfPage":{"@id":"https:\/\/fmgente.com.ar\/web\/palito-ortega-suspendio-sus-shows-a-ultimo-momento-que-ocurre-con-su-salud-a-los-84-anos\/"},"wordCount":464,"publisher":{"@id":"https:\/\/fmgente.com.ar\/web\/#organization"},"image":{"@id":"https:\/\/fmgente.com.ar\/web\/palito-ortega-suspendio-sus-shows-a-ultimo-momento-que-ocurre-con-su-salud-a-los-84-anos\/#primaryimage"},"thumbnailUrl":"https:\/\/fmgente.com.ar\/web\/wp-content\/uploads\/2025\/11\/Ventura-dos-1-359x226-2.jpg","articleSection":["DESTACADAS"],"inLanguage":"es"},{"@type":"WebPage","@id":"https:\/\/fmgente.com.ar\/web\/palito-ortega-suspendio-sus-shows-a-ultimo-momento-que-ocurre-con-su-salud-a-los-84-anos\/","url":"https:\/\/fmgente.com.ar\/web\/palito-ortega-suspendio-sus-shows-a-ultimo-momento-que-ocurre-con-su-salud-a-los-84-anos\/","name":"Palito Ortega suspendi\u00f3 sus shows a \u00faltimo momento: qu\u00e9 ocurre con su salud a los 84 a\u00f1os - Fm Gente","isPartOf":{"@id":"https:\/\/fmgente.com.ar\/web\/#website"},"primaryImageOfPage":{"@id":"https:\/\/fmgente.com.ar\/web\/palito-ortega-suspendio-sus-shows-a-ultimo-momento-que-ocurre-con-su-salud-a-los-84-anos\/#primaryimage"},"image":{"@id":"https:\/\/fmgente.com.ar\/web\/palito-ortega-suspendio-sus-shows-a-ultimo-momento-que-ocurre-con-su-salud-a-los-84-anos\/#primaryimage"},"thumbnailUrl":"https:\/\/fmgente.com.ar\/web\/wp-content\/uploads\/2025\/11\/Ventura-dos-1-359x226-2.jpg","datePublished":"2025-11-08T13:05:09+00:00","inLanguage":"es","potentialAction":[{"@type":"ReadAction","target":["https:\/\/fmgente.com.ar\/web\/palito-ortega-suspendio-sus-shows-a-ultimo-momento-que-ocurre-con-su-salud-a-los-84-anos\/"]}]},{"@type":"ImageObject","inLanguage":"es","@id":"https:\/\/fmgente.com.ar\/web\/palito-ortega-suspendio-sus-shows-a-ultimo-momento-que-ocurre-con-su-salud-a-los-84-anos\/#primaryimage","url":"https:\/\/fmgente.com.ar\/web\/wp-content\/uploads\/2025\/11\/Ventura-dos-1-359x226-2.jpg","contentUrl":"https:\/\/fmgente.com.ar\/web\/wp-content\/uploads\/2025\/11\/Ventura-dos-1-359x226-2.jpg","width":359,"height":226},{"@type":"WebSite","@id":"https:\/\/fmgente.com.ar\/web\/#website","url":"https:\/\/fmgente.com.ar\/web\/","name":"Fm Gente","description":"- Jes\u00fas Mar\u00eda","publisher":{"@id":"https:\/\/fmgente.com.ar\/web\/#organization"},"potentialAction":[{"@type":"SearchAction","target":{"@type":"EntryPoint","urlTemplate":"https:\/\/fmgente.com.ar\/web\/?s={search_term_string}"},"query-input":{"@type":"PropertyValueSpecification","valueRequired":true,"valueName":"search_term_string"}}],"inLanguage":"es"},{"@type":"Organization","@id":"https:\/\/fmgente.com.ar\/web\/#organization","name":"Fm Gente","url":"https:\/\/fmgente.com.ar\/web\/","logo":{"@type":"ImageObject","inLanguage":"es","@id":"https:\/\/fmgente.com.ar\/web\/#\/schema\/logo\/image\/","url":"https:\/\/fmgente.com.ar\/web\/wp-content\/uploads\/2023\/07\/cropped-cropped-logo-sombra2.png","contentUrl":"https:\/\/fmgente.com.ar\/web\/wp-content\/uploads\/2023\/07\/cropped-cropped-logo-sombra2.png","width":1782,"height":1782,"caption":"Fm Gente"},"image":{"@id":"https:\/\/fmgente.com.ar\/web\/#\/schema\/logo\/image\/"}}]}},"_links":{"self":[{"href":"https:\/\/fmgente.com.ar\/web\/wp-json\/wp\/v2\/posts\/9099","targetHints":{"allow":["GET"]}}],"collection":[{"href":"https:\/\/fmgente.com.ar\/web\/wp-json\/wp\/v2\/posts"}],"about":[{"href":"https:\/\/fmgente.com.ar\/web\/wp-json\/wp\/v2\/types\/post"}],"replies":[{"embeddable":true,"href":"https:\/\/fmgente.com.ar\/web\/wp-json\/wp\/v2\/comments?post=9099"}],"version-history":[{"count":0,"href":"https:\/\/fmgente.com.ar\/web\/wp-json\/wp\/v2\/posts\/9099\/revisions"}],"wp:featuredmedia":[{"embeddable":true,"href":"https:\/\/fmgente.com.ar\/web\/wp-json\/wp\/v2\/media\/9100"}],"wp:attachment":[{"href":"https:\/\/fmgente.com.ar\/web\/wp-json\/wp\/v2\/media?parent=9099"}],"wp:term":[{"taxonomy":"category","embeddable":true,"href":"https:\/\/fmgente.com.ar\/web\/wp-json\/wp\/v2\/categories?post=9099"},{"taxonomy":"post_tag","embeddable":true,"href":"https:\/\/fmgente.com.ar\/web\/wp-json\/wp\/v2\/tags?post=9099"}],"curies":[{"name":"wp","href":"https:\/\/api.w.org\/{rel}","templated":true}]}}