{"id":9097,"date":"2025-11-08T09:04:59","date_gmt":"2025-11-08T12:04:59","guid":{"rendered":"https:\/\/fmgente.com.ar\/rentas-cordoba-y-arca-brindaran-atencion-en-jesus-maria-con-sus-oficinas-moviles\/"},"modified":"2025-11-08T09:04:59","modified_gmt":"2025-11-08T12:04:59","slug":"rentas-cordoba-y-arca-brindaran-atencion-en-jesus-maria-con-sus-oficinas-moviles","status":"publish","type":"post","link":"https:\/\/fmgente.com.ar\/web\/rentas-cordoba-y-arca-brindaran-atencion-en-jesus-maria-con-sus-oficinas-moviles\/","title":{"rendered":"Rentas C\u00f3rdoba y ARCA brindar\u00e1n atenci\u00f3n en Jes\u00fas Mar\u00eda con sus oficinas m\u00f3viles"},"content":{"rendered":"<p>La Municipalidad de Jes\u00fas Mar\u00eda informa que, durante el mes de noviembre, la ciudad contar\u00e1 con la presencia de las oficinas m\u00f3viles de ARCA y Rentas C\u00f3rdoba, que ofrecer\u00e1n atenci\u00f3n personalizada para la realizaci\u00f3n de diversos tr\u00e1mites y gestiones.<\/p>\n<p>El espacio m\u00f3vil de ARCA se instalar\u00e1 los d\u00edas 13 y 14 de noviembre, de 9 a 14 horas, en la Explanada del Ferrocarril. Los vecinos podr\u00e1n acercarse para gestionar su clave fiscal (alta, blanqueo o elevaci\u00f3n del nivel de seguridad), registrar sus datos biom\u00e9tricos y recibir asistencia sobre tr\u00e1mites.<\/p>\n<p>Por su parte, la oficina m\u00f3vil de Rentas C\u00f3rdoba estar\u00e1 presente el 17 de noviembre, de 9 a 14 horas, en el NIDO de Costanera. Durante esa jornada, se podr\u00e1n realizar consultas y gestiones relacionadas con tr\u00e1mites online, regularizaci\u00f3n de deudas, medios y formas de pago, adhesi\u00f3n a d\u00e9bito autom\u00e1tico, exenciones impositivas, consultas catastrales y obtenci\u00f3n de Clave CiDi Nivel 2.<\/p>\n<p>Estas acciones tienen como objetivo acercar los servicios y la atenci\u00f3n al ciudadano, facilitando la resoluci\u00f3n de tr\u00e1mites de manera \u00e1gil y c\u00f3moda.<\/p>\n<p><img loading=\"lazy\" decoding=\"async\" class=\"alignnone  wp-image-115445\" src=\"http:\/\/www.radiocadenanorte.com.ar\/wp-content\/uploads\/2025\/11\/Imagen-de-WhatsApp-2025-11-07-a-las-22.25.05_2eae28fa.jpg\" alt=\"\" width=\"425\" height=\"756\" \/> <img loading=\"lazy\" decoding=\"async\" class=\"alignnone  wp-image-115446\" src=\"http:\/\/www.radiocadenanorte.com.ar\/wp-content\/uploads\/2025\/11\/Imagen-de-WhatsApp-2025-11-07-a-las-22.25.05_ace71262.jpg\" alt=\"\" width=\"426\" height=\"757\" \/><\/p>\n<p>La entrada <a href=\"https:\/\/www.radiocadenanorte.com.ar\/rentas-cordoba-y-arca-brindaran-atencion-en-jesus-maria-con-sus-oficinas-moviles\/\">Rentas C\u00f3rdoba y ARCA brindar\u00e1n atenci\u00f3n en Jes\u00fas Mar\u00eda con sus oficinas m\u00f3viles<\/a> se public\u00f3 primero en <a href=\"https:\/\/www.radiocadenanorte.com.ar\">Cadena Norte fm<\/a>.<\/p>\n","protected":false},"excerpt":{"rendered":"<p>La Municipalidad de Jes\u00fas Mar\u00eda informa que, durante el mes de noviembre, la ciudad contar\u00e1<\/p>\n","protected":false},"author":0,"featured_media":9098,"comment_status":"","ping_status":"","sticky":false,"template":"","format":"standard","meta":{"footnotes":""},"categories":[1],"tags":[],"class_list":["post-9097","post","type-post","status-publish","format-standard","has-post-thumbnail","hentry","category-regionales"],"yoast_head":"<!-- This site is optimized with the Yoast SEO plugin v27.4 - https:\/\/yoast.com\/product\/yoast-seo-wordpress\/ -->\n<title>Rentas C\u00f3rdoba y ARCA brindar\u00e1n atenci\u00f3n en Jes\u00fas Mar\u00eda con sus oficinas m\u00f3viles - Fm Gente<\/title>\n<meta name=\"robots\" content=\"index, follow, max-snippet:-1, max-image-preview:large, max-video-preview:-1\" \/>\n<link rel=\"canonical\" href=\"https:\/\/fmgente.com.ar\/web\/rentas-cordoba-y-arca-brindaran-atencion-en-jesus-maria-con-sus-oficinas-moviles\/\" \/>\n<meta property=\"og:locale\" content=\"es_ES\" \/>\n<meta property=\"og:type\" content=\"article\" \/>\n<meta property=\"og:title\" content=\"Rentas C\u00f3rdoba y ARCA brindar\u00e1n atenci\u00f3n en Jes\u00fas Mar\u00eda con sus oficinas m\u00f3viles - Fm Gente\" \/>\n<meta property=\"og:description\" content=\"La Municipalidad de Jes\u00fas Mar\u00eda informa que, durante el mes de noviembre, la ciudad contar\u00e1\" \/>\n<meta property=\"og:url\" content=\"https:\/\/fmgente.com.ar\/web\/rentas-cordoba-y-arca-brindaran-atencion-en-jesus-maria-con-sus-oficinas-moviles\/\" \/>\n<meta property=\"og:site_name\" content=\"Fm Gente\" \/>\n<meta property=\"article:published_time\" content=\"2025-11-08T12:04:59+00:00\" \/>\n<meta property=\"og:image\" content=\"https:\/\/fmgente.com.ar\/web\/wp-content\/uploads\/2025\/11\/Imagen-de-WhatsApp-2025-11-07-a-las-22.25.05_2eae28fa.jpg\" \/>\n\t<meta property=\"og:image:width\" content=\"900\" \/>\n\t<meta property=\"og:image:height\" content=\"1600\" \/>\n\t<meta property=\"og:image:type\" content=\"image\/jpeg\" \/>\n<meta name=\"twitter:card\" content=\"summary_large_image\" \/>\n<meta name=\"twitter:label1\" content=\"Tiempo de lectura\" \/>\n\t<meta name=\"twitter:data1\" content=\"1 minuto\" \/>\n<script type=\"application\/ld+json\" class=\"yoast-schema-graph\">{\"@context\":\"https:\\\/\\\/schema.org\",\"@graph\":[{\"@type\":\"Article\",\"@id\":\"https:\\\/\\\/fmgente.com.ar\\\/web\\\/rentas-cordoba-y-arca-brindaran-atencion-en-jesus-maria-con-sus-oficinas-moviles\\\/#article\",\"isPartOf\":{\"@id\":\"https:\\\/\\\/fmgente.com.ar\\\/web\\\/rentas-cordoba-y-arca-brindaran-atencion-en-jesus-maria-con-sus-oficinas-moviles\\\/\"},\"author\":{\"name\":\"\",\"@id\":\"\"},\"headline\":\"Rentas C\u00f3rdoba y ARCA brindar\u00e1n atenci\u00f3n en Jes\u00fas Mar\u00eda con sus oficinas m\u00f3viles\",\"datePublished\":\"2025-11-08T12:04:59+00:00\",\"mainEntityOfPage\":{\"@id\":\"https:\\\/\\\/fmgente.com.ar\\\/web\\\/rentas-cordoba-y-arca-brindaran-atencion-en-jesus-maria-con-sus-oficinas-moviles\\\/\"},\"wordCount\":239,\"publisher\":{\"@id\":\"https:\\\/\\\/fmgente.com.ar\\\/web\\\/#organization\"},\"image\":{\"@id\":\"https:\\\/\\\/fmgente.com.ar\\\/web\\\/rentas-cordoba-y-arca-brindaran-atencion-en-jesus-maria-con-sus-oficinas-moviles\\\/#primaryimage\"},\"thumbnailUrl\":\"https:\\\/\\\/fmgente.com.ar\\\/web\\\/wp-content\\\/uploads\\\/2025\\\/11\\\/Imagen-de-WhatsApp-2025-11-07-a-las-22.25.05_2eae28fa.jpg\",\"articleSection\":[\"REGIONALES\"],\"inLanguage\":\"es\"},{\"@type\":\"WebPage\",\"@id\":\"https:\\\/\\\/fmgente.com.ar\\\/web\\\/rentas-cordoba-y-arca-brindaran-atencion-en-jesus-maria-con-sus-oficinas-moviles\\\/\",\"url\":\"https:\\\/\\\/fmgente.com.ar\\\/web\\\/rentas-cordoba-y-arca-brindaran-atencion-en-jesus-maria-con-sus-oficinas-moviles\\\/\",\"name\":\"Rentas C\u00f3rdoba y ARCA brindar\u00e1n atenci\u00f3n en Jes\u00fas Mar\u00eda con sus oficinas m\u00f3viles - Fm Gente\",\"isPartOf\":{\"@id\":\"https:\\\/\\\/fmgente.com.ar\\\/web\\\/#website\"},\"primaryImageOfPage\":{\"@id\":\"https:\\\/\\\/fmgente.com.ar\\\/web\\\/rentas-cordoba-y-arca-brindaran-atencion-en-jesus-maria-con-sus-oficinas-moviles\\\/#primaryimage\"},\"image\":{\"@id\":\"https:\\\/\\\/fmgente.com.ar\\\/web\\\/rentas-cordoba-y-arca-brindaran-atencion-en-jesus-maria-con-sus-oficinas-moviles\\\/#primaryimage\"},\"thumbnailUrl\":\"https:\\\/\\\/fmgente.com.ar\\\/web\\\/wp-content\\\/uploads\\\/2025\\\/11\\\/Imagen-de-WhatsApp-2025-11-07-a-las-22.25.05_2eae28fa.jpg\",\"datePublished\":\"2025-11-08T12:04:59+00:00\",\"inLanguage\":\"es\",\"potentialAction\":[{\"@type\":\"ReadAction\",\"target\":[\"https:\\\/\\\/fmgente.com.ar\\\/web\\\/rentas-cordoba-y-arca-brindaran-atencion-en-jesus-maria-con-sus-oficinas-moviles\\\/\"]}]},{\"@type\":\"ImageObject\",\"inLanguage\":\"es\",\"@id\":\"https:\\\/\\\/fmgente.com.ar\\\/web\\\/rentas-cordoba-y-arca-brindaran-atencion-en-jesus-maria-con-sus-oficinas-moviles\\\/#primaryimage\",\"url\":\"https:\\\/\\\/fmgente.com.ar\\\/web\\\/wp-content\\\/uploads\\\/2025\\\/11\\\/Imagen-de-WhatsApp-2025-11-07-a-las-22.25.05_2eae28fa.jpg\",\"contentUrl\":\"https:\\\/\\\/fmgente.com.ar\\\/web\\\/wp-content\\\/uploads\\\/2025\\\/11\\\/Imagen-de-WhatsApp-2025-11-07-a-las-22.25.05_2eae28fa.jpg\",\"width\":900,\"height\":1600},{\"@type\":\"WebSite\",\"@id\":\"https:\\\/\\\/fmgente.com.ar\\\/web\\\/#website\",\"url\":\"https:\\\/\\\/fmgente.com.ar\\\/web\\\/\",\"name\":\"Fm Gente\",\"description\":\"- Jes\u00fas Mar\u00eda\",\"publisher\":{\"@id\":\"https:\\\/\\\/fmgente.com.ar\\\/web\\\/#organization\"},\"potentialAction\":[{\"@type\":\"SearchAction\",\"target\":{\"@type\":\"EntryPoint\",\"urlTemplate\":\"https:\\\/\\\/fmgente.com.ar\\\/web\\\/?s={search_term_string}\"},\"query-input\":{\"@type\":\"PropertyValueSpecification\",\"valueRequired\":true,\"valueName\":\"search_term_string\"}}],\"inLanguage\":\"es\"},{\"@type\":\"Organization\",\"@id\":\"https:\\\/\\\/fmgente.com.ar\\\/web\\\/#organization\",\"name\":\"Fm Gente\",\"url\":\"https:\\\/\\\/fmgente.com.ar\\\/web\\\/\",\"logo\":{\"@type\":\"ImageObject\",\"inLanguage\":\"es\",\"@id\":\"https:\\\/\\\/fmgente.com.ar\\\/web\\\/#\\\/schema\\\/logo\\\/image\\\/\",\"url\":\"https:\\\/\\\/fmgente.com.ar\\\/web\\\/wp-content\\\/uploads\\\/2023\\\/07\\\/cropped-cropped-logo-sombra2.png\",\"contentUrl\":\"https:\\\/\\\/fmgente.com.ar\\\/web\\\/wp-content\\\/uploads\\\/2023\\\/07\\\/cropped-cropped-logo-sombra2.png\",\"width\":1782,\"height\":1782,\"caption\":\"Fm Gente\"},\"image\":{\"@id\":\"https:\\\/\\\/fmgente.com.ar\\\/web\\\/#\\\/schema\\\/logo\\\/image\\\/\"}}]}<\/script>\n<!-- \/ Yoast SEO plugin. -->","yoast_head_json":{"title":"Rentas C\u00f3rdoba y ARCA brindar\u00e1n atenci\u00f3n en Jes\u00fas Mar\u00eda con sus oficinas m\u00f3viles - Fm Gente","robots":{"index":"index","follow":"follow","max-snippet":"max-snippet:-1","max-image-preview":"max-image-preview:large","max-video-preview":"max-video-preview:-1"},"canonical":"https:\/\/fmgente.com.ar\/web\/rentas-cordoba-y-arca-brindaran-atencion-en-jesus-maria-con-sus-oficinas-moviles\/","og_locale":"es_ES","og_type":"article","og_title":"Rentas C\u00f3rdoba y ARCA brindar\u00e1n atenci\u00f3n en Jes\u00fas Mar\u00eda con sus oficinas m\u00f3viles - Fm Gente","og_description":"La Municipalidad de Jes\u00fas Mar\u00eda informa que, durante el mes de noviembre, la ciudad contar\u00e1","og_url":"https:\/\/fmgente.com.ar\/web\/rentas-cordoba-y-arca-brindaran-atencion-en-jesus-maria-con-sus-oficinas-moviles\/","og_site_name":"Fm Gente","article_published_time":"2025-11-08T12:04:59+00:00","og_image":[{"width":900,"height":1600,"url":"https:\/\/fmgente.com.ar\/web\/wp-content\/uploads\/2025\/11\/Imagen-de-WhatsApp-2025-11-07-a-las-22.25.05_2eae28fa.jpg","type":"image\/jpeg"}],"twitter_card":"summary_large_image","twitter_misc":{"Tiempo de lectura":"1 minuto"},"schema":{"@context":"https:\/\/schema.org","@graph":[{"@type":"Article","@id":"https:\/\/fmgente.com.ar\/web\/rentas-cordoba-y-arca-brindaran-atencion-en-jesus-maria-con-sus-oficinas-moviles\/#article","isPartOf":{"@id":"https:\/\/fmgente.com.ar\/web\/rentas-cordoba-y-arca-brindaran-atencion-en-jesus-maria-con-sus-oficinas-moviles\/"},"author":{"name":"","@id":""},"headline":"Rentas C\u00f3rdoba y ARCA brindar\u00e1n atenci\u00f3n en Jes\u00fas Mar\u00eda con sus oficinas m\u00f3viles","datePublished":"2025-11-08T12:04:59+00:00","mainEntityOfPage":{"@id":"https:\/\/fmgente.com.ar\/web\/rentas-cordoba-y-arca-brindaran-atencion-en-jesus-maria-con-sus-oficinas-moviles\/"},"wordCount":239,"publisher":{"@id":"https:\/\/fmgente.com.ar\/web\/#organization"},"image":{"@id":"https:\/\/fmgente.com.ar\/web\/rentas-cordoba-y-arca-brindaran-atencion-en-jesus-maria-con-sus-oficinas-moviles\/#primaryimage"},"thumbnailUrl":"https:\/\/fmgente.com.ar\/web\/wp-content\/uploads\/2025\/11\/Imagen-de-WhatsApp-2025-11-07-a-las-22.25.05_2eae28fa.jpg","articleSection":["REGIONALES"],"inLanguage":"es"},{"@type":"WebPage","@id":"https:\/\/fmgente.com.ar\/web\/rentas-cordoba-y-arca-brindaran-atencion-en-jesus-maria-con-sus-oficinas-moviles\/","url":"https:\/\/fmgente.com.ar\/web\/rentas-cordoba-y-arca-brindaran-atencion-en-jesus-maria-con-sus-oficinas-moviles\/","name":"Rentas C\u00f3rdoba y ARCA brindar\u00e1n atenci\u00f3n en Jes\u00fas Mar\u00eda con sus oficinas m\u00f3viles - Fm Gente","isPartOf":{"@id":"https:\/\/fmgente.com.ar\/web\/#website"},"primaryImageOfPage":{"@id":"https:\/\/fmgente.com.ar\/web\/rentas-cordoba-y-arca-brindaran-atencion-en-jesus-maria-con-sus-oficinas-moviles\/#primaryimage"},"image":{"@id":"https:\/\/fmgente.com.ar\/web\/rentas-cordoba-y-arca-brindaran-atencion-en-jesus-maria-con-sus-oficinas-moviles\/#primaryimage"},"thumbnailUrl":"https:\/\/fmgente.com.ar\/web\/wp-content\/uploads\/2025\/11\/Imagen-de-WhatsApp-2025-11-07-a-las-22.25.05_2eae28fa.jpg","datePublished":"2025-11-08T12:04:59+00:00","inLanguage":"es","potentialAction":[{"@type":"ReadAction","target":["https:\/\/fmgente.com.ar\/web\/rentas-cordoba-y-arca-brindaran-atencion-en-jesus-maria-con-sus-oficinas-moviles\/"]}]},{"@type":"ImageObject","inLanguage":"es","@id":"https:\/\/fmgente.com.ar\/web\/rentas-cordoba-y-arca-brindaran-atencion-en-jesus-maria-con-sus-oficinas-moviles\/#primaryimage","url":"https:\/\/fmgente.com.ar\/web\/wp-content\/uploads\/2025\/11\/Imagen-de-WhatsApp-2025-11-07-a-las-22.25.05_2eae28fa.jpg","contentUrl":"https:\/\/fmgente.com.ar\/web\/wp-content\/uploads\/2025\/11\/Imagen-de-WhatsApp-2025-11-07-a-las-22.25.05_2eae28fa.jpg","width":900,"height":1600},{"@type":"WebSite","@id":"https:\/\/fmgente.com.ar\/web\/#website","url":"https:\/\/fmgente.com.ar\/web\/","name":"Fm Gente","description":"- Jes\u00fas Mar\u00eda","publisher":{"@id":"https:\/\/fmgente.com.ar\/web\/#organization"},"potentialAction":[{"@type":"SearchAction","target":{"@type":"EntryPoint","urlTemplate":"https:\/\/fmgente.com.ar\/web\/?s={search_term_string}"},"query-input":{"@type":"PropertyValueSpecification","valueRequired":true,"valueName":"search_term_string"}}],"inLanguage":"es"},{"@type":"Organization","@id":"https:\/\/fmgente.com.ar\/web\/#organization","name":"Fm Gente","url":"https:\/\/fmgente.com.ar\/web\/","logo":{"@type":"ImageObject","inLanguage":"es","@id":"https:\/\/fmgente.com.ar\/web\/#\/schema\/logo\/image\/","url":"https:\/\/fmgente.com.ar\/web\/wp-content\/uploads\/2023\/07\/cropped-cropped-logo-sombra2.png","contentUrl":"https:\/\/fmgente.com.ar\/web\/wp-content\/uploads\/2023\/07\/cropped-cropped-logo-sombra2.png","width":1782,"height":1782,"caption":"Fm Gente"},"image":{"@id":"https:\/\/fmgente.com.ar\/web\/#\/schema\/logo\/image\/"}}]}},"_links":{"self":[{"href":"https:\/\/fmgente.com.ar\/web\/wp-json\/wp\/v2\/posts\/9097","targetHints":{"allow":["GET"]}}],"collection":[{"href":"https:\/\/fmgente.com.ar\/web\/wp-json\/wp\/v2\/posts"}],"about":[{"href":"https:\/\/fmgente.com.ar\/web\/wp-json\/wp\/v2\/types\/post"}],"replies":[{"embeddable":true,"href":"https:\/\/fmgente.com.ar\/web\/wp-json\/wp\/v2\/comments?post=9097"}],"version-history":[{"count":0,"href":"https:\/\/fmgente.com.ar\/web\/wp-json\/wp\/v2\/posts\/9097\/revisions"}],"wp:featuredmedia":[{"embeddable":true,"href":"https:\/\/fmgente.com.ar\/web\/wp-json\/wp\/v2\/media\/9098"}],"wp:attachment":[{"href":"https:\/\/fmgente.com.ar\/web\/wp-json\/wp\/v2\/media?parent=9097"}],"wp:term":[{"taxonomy":"category","embeddable":true,"href":"https:\/\/fmgente.com.ar\/web\/wp-json\/wp\/v2\/categories?post=9097"},{"taxonomy":"post_tag","embeddable":true,"href":"https:\/\/fmgente.com.ar\/web\/wp-json\/wp\/v2\/tags?post=9097"}],"curies":[{"name":"wp","href":"https:\/\/api.w.org\/{rel}","templated":true}]}}