{"id":9095,"date":"2025-11-08T08:05:18","date_gmt":"2025-11-08T11:05:18","guid":{"rendered":"https:\/\/fmgente.com.ar\/fpa-cerro-un-punto-de-venta-y-detuvo-a-un-sujeto-en-la-localidad-de-pascanas\/"},"modified":"2025-11-08T08:05:18","modified_gmt":"2025-11-08T11:05:18","slug":"fpa-cerro-un-punto-de-venta-y-detuvo-a-un-sujeto-en-la-localidad-de-pascanas","status":"publish","type":"post","link":"https:\/\/fmgente.com.ar\/web\/fpa-cerro-un-punto-de-venta-y-detuvo-a-un-sujeto-en-la-localidad-de-pascanas\/","title":{"rendered":"FPA CERR\u00d3 UN PUNTO DE VENTA Y DETUVO A UN SUJETO EN LA LOCALIDAD DE PASCANAS"},"content":{"rendered":"<p>Grupos operativos e investigadores de la Fuerza Policial Antinarcotr\u00e1fico cerraron un punto de venta y detuvieron a un sujeto mayor de edad en la localidad de Pascanas.<\/p>\n<p>El allanamiento, dirigido por el Ministerio P\u00fablico Fiscal, fue realizado en una vivienda ubicada en calle Italia s\/n de la localidad mencionada. Durante el procedimiento, se concret\u00f3 la aprehensi\u00f3n de un hombre de 24 a\u00f1os.<\/p>\n<p>En el inmueble desbaratado, el personal de la FPA incaut\u00f3 varias dosis de marihuana, plantas de cannabis sativa, dinero, dos balanzas digitales y diversos elementos de inter\u00e9s para la causa.<\/p>\n<p>Por disposici\u00f3n de la Fiscal\u00eda de Lucha Contra el Narcotr\u00e1fico de Bell Ville, lo secuestrado y el detenido fueron trasladados a sede judicial por infracci\u00f3n a la Ley Nacional de Estupefacientes N.\u00ba 23.737.<\/p>\n<p><img loading=\"lazy\" decoding=\"async\" class=\"alignnone wp-image-53790\" src=\"https:\/\/www.mpfcordoba.gob.ar\/wp-content\/uploads\/2025\/11\/WhatsApp-Image-2025-11-08-at-7.31.41-AM-940x860.jpeg\" alt=\"\" width=\"726\" height=\"664\" \/><\/p>\n<p>&nbsp;<\/p>\n","protected":false},"excerpt":{"rendered":"<p>Grupos operativos e investigadores de la Fuerza Policial Antinarcotr\u00e1fico cerraron un punto de venta y<\/p>\n","protected":false},"author":0,"featured_media":9096,"comment_status":"","ping_status":"","sticky":false,"template":"","format":"standard","meta":{"footnotes":""},"categories":[1794],"tags":[],"class_list":["post-9095","post","type-post","status-publish","format-standard","has-post-thumbnail","hentry","category-policiales"],"yoast_head":"<!-- This site is optimized with the Yoast SEO plugin v27.4 - https:\/\/yoast.com\/product\/yoast-seo-wordpress\/ -->\n<title>FPA CERR\u00d3 UN PUNTO DE VENTA Y DETUVO A UN SUJETO EN LA LOCALIDAD DE PASCANAS - Fm Gente<\/title>\n<meta name=\"robots\" content=\"index, follow, max-snippet:-1, max-image-preview:large, max-video-preview:-1\" \/>\n<link rel=\"canonical\" href=\"https:\/\/fmgente.com.ar\/web\/fpa-cerro-un-punto-de-venta-y-detuvo-a-un-sujeto-en-la-localidad-de-pascanas\/\" \/>\n<meta property=\"og:locale\" content=\"es_ES\" \/>\n<meta property=\"og:type\" content=\"article\" \/>\n<meta property=\"og:title\" content=\"FPA CERR\u00d3 UN PUNTO DE VENTA Y DETUVO A UN SUJETO EN LA LOCALIDAD DE PASCANAS - Fm Gente\" \/>\n<meta property=\"og:description\" content=\"Grupos operativos e investigadores de la Fuerza Policial Antinarcotr\u00e1fico cerraron un punto de venta y\" \/>\n<meta property=\"og:url\" content=\"https:\/\/fmgente.com.ar\/web\/fpa-cerro-un-punto-de-venta-y-detuvo-a-un-sujeto-en-la-localidad-de-pascanas\/\" \/>\n<meta property=\"og:site_name\" content=\"Fm Gente\" \/>\n<meta property=\"article:published_time\" content=\"2025-11-08T11:05:18+00:00\" \/>\n<meta property=\"og:image\" content=\"https:\/\/fmgente.com.ar\/web\/wp-content\/uploads\/2025\/11\/WhatsApp-Image-2025-11-08-at-7.31.41-AM-940x860-1.jpeg\" \/>\n\t<meta property=\"og:image:width\" content=\"940\" \/>\n\t<meta property=\"og:image:height\" content=\"860\" \/>\n\t<meta property=\"og:image:type\" content=\"image\/jpeg\" \/>\n<meta name=\"twitter:card\" content=\"summary_large_image\" \/>\n<meta name=\"twitter:label1\" content=\"Tiempo de lectura\" \/>\n\t<meta name=\"twitter:data1\" content=\"1 minuto\" \/>\n<script type=\"application\/ld+json\" class=\"yoast-schema-graph\">{\"@context\":\"https:\\\/\\\/schema.org\",\"@graph\":[{\"@type\":\"Article\",\"@id\":\"https:\\\/\\\/fmgente.com.ar\\\/web\\\/fpa-cerro-un-punto-de-venta-y-detuvo-a-un-sujeto-en-la-localidad-de-pascanas\\\/#article\",\"isPartOf\":{\"@id\":\"https:\\\/\\\/fmgente.com.ar\\\/web\\\/fpa-cerro-un-punto-de-venta-y-detuvo-a-un-sujeto-en-la-localidad-de-pascanas\\\/\"},\"author\":{\"name\":\"\",\"@id\":\"\"},\"headline\":\"FPA CERR\u00d3 UN PUNTO DE VENTA Y DETUVO A UN SUJETO EN LA LOCALIDAD DE PASCANAS\",\"datePublished\":\"2025-11-08T11:05:18+00:00\",\"mainEntityOfPage\":{\"@id\":\"https:\\\/\\\/fmgente.com.ar\\\/web\\\/fpa-cerro-un-punto-de-venta-y-detuvo-a-un-sujeto-en-la-localidad-de-pascanas\\\/\"},\"wordCount\":150,\"publisher\":{\"@id\":\"https:\\\/\\\/fmgente.com.ar\\\/web\\\/#organization\"},\"image\":{\"@id\":\"https:\\\/\\\/fmgente.com.ar\\\/web\\\/fpa-cerro-un-punto-de-venta-y-detuvo-a-un-sujeto-en-la-localidad-de-pascanas\\\/#primaryimage\"},\"thumbnailUrl\":\"https:\\\/\\\/fmgente.com.ar\\\/web\\\/wp-content\\\/uploads\\\/2025\\\/11\\\/WhatsApp-Image-2025-11-08-at-7.31.41-AM-940x860-1.jpeg\",\"articleSection\":[\"POLICIALES\"],\"inLanguage\":\"es\"},{\"@type\":\"WebPage\",\"@id\":\"https:\\\/\\\/fmgente.com.ar\\\/web\\\/fpa-cerro-un-punto-de-venta-y-detuvo-a-un-sujeto-en-la-localidad-de-pascanas\\\/\",\"url\":\"https:\\\/\\\/fmgente.com.ar\\\/web\\\/fpa-cerro-un-punto-de-venta-y-detuvo-a-un-sujeto-en-la-localidad-de-pascanas\\\/\",\"name\":\"FPA CERR\u00d3 UN PUNTO DE VENTA Y DETUVO A UN SUJETO EN LA LOCALIDAD DE PASCANAS - Fm Gente\",\"isPartOf\":{\"@id\":\"https:\\\/\\\/fmgente.com.ar\\\/web\\\/#website\"},\"primaryImageOfPage\":{\"@id\":\"https:\\\/\\\/fmgente.com.ar\\\/web\\\/fpa-cerro-un-punto-de-venta-y-detuvo-a-un-sujeto-en-la-localidad-de-pascanas\\\/#primaryimage\"},\"image\":{\"@id\":\"https:\\\/\\\/fmgente.com.ar\\\/web\\\/fpa-cerro-un-punto-de-venta-y-detuvo-a-un-sujeto-en-la-localidad-de-pascanas\\\/#primaryimage\"},\"thumbnailUrl\":\"https:\\\/\\\/fmgente.com.ar\\\/web\\\/wp-content\\\/uploads\\\/2025\\\/11\\\/WhatsApp-Image-2025-11-08-at-7.31.41-AM-940x860-1.jpeg\",\"datePublished\":\"2025-11-08T11:05:18+00:00\",\"inLanguage\":\"es\",\"potentialAction\":[{\"@type\":\"ReadAction\",\"target\":[\"https:\\\/\\\/fmgente.com.ar\\\/web\\\/fpa-cerro-un-punto-de-venta-y-detuvo-a-un-sujeto-en-la-localidad-de-pascanas\\\/\"]}]},{\"@type\":\"ImageObject\",\"inLanguage\":\"es\",\"@id\":\"https:\\\/\\\/fmgente.com.ar\\\/web\\\/fpa-cerro-un-punto-de-venta-y-detuvo-a-un-sujeto-en-la-localidad-de-pascanas\\\/#primaryimage\",\"url\":\"https:\\\/\\\/fmgente.com.ar\\\/web\\\/wp-content\\\/uploads\\\/2025\\\/11\\\/WhatsApp-Image-2025-11-08-at-7.31.41-AM-940x860-1.jpeg\",\"contentUrl\":\"https:\\\/\\\/fmgente.com.ar\\\/web\\\/wp-content\\\/uploads\\\/2025\\\/11\\\/WhatsApp-Image-2025-11-08-at-7.31.41-AM-940x860-1.jpeg\",\"width\":940,\"height\":860},{\"@type\":\"WebSite\",\"@id\":\"https:\\\/\\\/fmgente.com.ar\\\/web\\\/#website\",\"url\":\"https:\\\/\\\/fmgente.com.ar\\\/web\\\/\",\"name\":\"Fm Gente\",\"description\":\"- Jes\u00fas Mar\u00eda\",\"publisher\":{\"@id\":\"https:\\\/\\\/fmgente.com.ar\\\/web\\\/#organization\"},\"potentialAction\":[{\"@type\":\"SearchAction\",\"target\":{\"@type\":\"EntryPoint\",\"urlTemplate\":\"https:\\\/\\\/fmgente.com.ar\\\/web\\\/?s={search_term_string}\"},\"query-input\":{\"@type\":\"PropertyValueSpecification\",\"valueRequired\":true,\"valueName\":\"search_term_string\"}}],\"inLanguage\":\"es\"},{\"@type\":\"Organization\",\"@id\":\"https:\\\/\\\/fmgente.com.ar\\\/web\\\/#organization\",\"name\":\"Fm Gente\",\"url\":\"https:\\\/\\\/fmgente.com.ar\\\/web\\\/\",\"logo\":{\"@type\":\"ImageObject\",\"inLanguage\":\"es\",\"@id\":\"https:\\\/\\\/fmgente.com.ar\\\/web\\\/#\\\/schema\\\/logo\\\/image\\\/\",\"url\":\"https:\\\/\\\/fmgente.com.ar\\\/web\\\/wp-content\\\/uploads\\\/2023\\\/07\\\/cropped-cropped-logo-sombra2.png\",\"contentUrl\":\"https:\\\/\\\/fmgente.com.ar\\\/web\\\/wp-content\\\/uploads\\\/2023\\\/07\\\/cropped-cropped-logo-sombra2.png\",\"width\":1782,\"height\":1782,\"caption\":\"Fm Gente\"},\"image\":{\"@id\":\"https:\\\/\\\/fmgente.com.ar\\\/web\\\/#\\\/schema\\\/logo\\\/image\\\/\"}}]}<\/script>\n<!-- \/ Yoast SEO plugin. -->","yoast_head_json":{"title":"FPA CERR\u00d3 UN PUNTO DE VENTA Y DETUVO A UN SUJETO EN LA LOCALIDAD DE PASCANAS - Fm Gente","robots":{"index":"index","follow":"follow","max-snippet":"max-snippet:-1","max-image-preview":"max-image-preview:large","max-video-preview":"max-video-preview:-1"},"canonical":"https:\/\/fmgente.com.ar\/web\/fpa-cerro-un-punto-de-venta-y-detuvo-a-un-sujeto-en-la-localidad-de-pascanas\/","og_locale":"es_ES","og_type":"article","og_title":"FPA CERR\u00d3 UN PUNTO DE VENTA Y DETUVO A UN SUJETO EN LA LOCALIDAD DE PASCANAS - Fm Gente","og_description":"Grupos operativos e investigadores de la Fuerza Policial Antinarcotr\u00e1fico cerraron un punto de venta y","og_url":"https:\/\/fmgente.com.ar\/web\/fpa-cerro-un-punto-de-venta-y-detuvo-a-un-sujeto-en-la-localidad-de-pascanas\/","og_site_name":"Fm Gente","article_published_time":"2025-11-08T11:05:18+00:00","og_image":[{"width":940,"height":860,"url":"https:\/\/fmgente.com.ar\/web\/wp-content\/uploads\/2025\/11\/WhatsApp-Image-2025-11-08-at-7.31.41-AM-940x860-1.jpeg","type":"image\/jpeg"}],"twitter_card":"summary_large_image","twitter_misc":{"Tiempo de lectura":"1 minuto"},"schema":{"@context":"https:\/\/schema.org","@graph":[{"@type":"Article","@id":"https:\/\/fmgente.com.ar\/web\/fpa-cerro-un-punto-de-venta-y-detuvo-a-un-sujeto-en-la-localidad-de-pascanas\/#article","isPartOf":{"@id":"https:\/\/fmgente.com.ar\/web\/fpa-cerro-un-punto-de-venta-y-detuvo-a-un-sujeto-en-la-localidad-de-pascanas\/"},"author":{"name":"","@id":""},"headline":"FPA CERR\u00d3 UN PUNTO DE VENTA Y DETUVO A UN SUJETO EN LA LOCALIDAD DE PASCANAS","datePublished":"2025-11-08T11:05:18+00:00","mainEntityOfPage":{"@id":"https:\/\/fmgente.com.ar\/web\/fpa-cerro-un-punto-de-venta-y-detuvo-a-un-sujeto-en-la-localidad-de-pascanas\/"},"wordCount":150,"publisher":{"@id":"https:\/\/fmgente.com.ar\/web\/#organization"},"image":{"@id":"https:\/\/fmgente.com.ar\/web\/fpa-cerro-un-punto-de-venta-y-detuvo-a-un-sujeto-en-la-localidad-de-pascanas\/#primaryimage"},"thumbnailUrl":"https:\/\/fmgente.com.ar\/web\/wp-content\/uploads\/2025\/11\/WhatsApp-Image-2025-11-08-at-7.31.41-AM-940x860-1.jpeg","articleSection":["POLICIALES"],"inLanguage":"es"},{"@type":"WebPage","@id":"https:\/\/fmgente.com.ar\/web\/fpa-cerro-un-punto-de-venta-y-detuvo-a-un-sujeto-en-la-localidad-de-pascanas\/","url":"https:\/\/fmgente.com.ar\/web\/fpa-cerro-un-punto-de-venta-y-detuvo-a-un-sujeto-en-la-localidad-de-pascanas\/","name":"FPA CERR\u00d3 UN PUNTO DE VENTA Y DETUVO A UN SUJETO EN LA LOCALIDAD DE PASCANAS - Fm Gente","isPartOf":{"@id":"https:\/\/fmgente.com.ar\/web\/#website"},"primaryImageOfPage":{"@id":"https:\/\/fmgente.com.ar\/web\/fpa-cerro-un-punto-de-venta-y-detuvo-a-un-sujeto-en-la-localidad-de-pascanas\/#primaryimage"},"image":{"@id":"https:\/\/fmgente.com.ar\/web\/fpa-cerro-un-punto-de-venta-y-detuvo-a-un-sujeto-en-la-localidad-de-pascanas\/#primaryimage"},"thumbnailUrl":"https:\/\/fmgente.com.ar\/web\/wp-content\/uploads\/2025\/11\/WhatsApp-Image-2025-11-08-at-7.31.41-AM-940x860-1.jpeg","datePublished":"2025-11-08T11:05:18+00:00","inLanguage":"es","potentialAction":[{"@type":"ReadAction","target":["https:\/\/fmgente.com.ar\/web\/fpa-cerro-un-punto-de-venta-y-detuvo-a-un-sujeto-en-la-localidad-de-pascanas\/"]}]},{"@type":"ImageObject","inLanguage":"es","@id":"https:\/\/fmgente.com.ar\/web\/fpa-cerro-un-punto-de-venta-y-detuvo-a-un-sujeto-en-la-localidad-de-pascanas\/#primaryimage","url":"https:\/\/fmgente.com.ar\/web\/wp-content\/uploads\/2025\/11\/WhatsApp-Image-2025-11-08-at-7.31.41-AM-940x860-1.jpeg","contentUrl":"https:\/\/fmgente.com.ar\/web\/wp-content\/uploads\/2025\/11\/WhatsApp-Image-2025-11-08-at-7.31.41-AM-940x860-1.jpeg","width":940,"height":860},{"@type":"WebSite","@id":"https:\/\/fmgente.com.ar\/web\/#website","url":"https:\/\/fmgente.com.ar\/web\/","name":"Fm Gente","description":"- Jes\u00fas Mar\u00eda","publisher":{"@id":"https:\/\/fmgente.com.ar\/web\/#organization"},"potentialAction":[{"@type":"SearchAction","target":{"@type":"EntryPoint","urlTemplate":"https:\/\/fmgente.com.ar\/web\/?s={search_term_string}"},"query-input":{"@type":"PropertyValueSpecification","valueRequired":true,"valueName":"search_term_string"}}],"inLanguage":"es"},{"@type":"Organization","@id":"https:\/\/fmgente.com.ar\/web\/#organization","name":"Fm Gente","url":"https:\/\/fmgente.com.ar\/web\/","logo":{"@type":"ImageObject","inLanguage":"es","@id":"https:\/\/fmgente.com.ar\/web\/#\/schema\/logo\/image\/","url":"https:\/\/fmgente.com.ar\/web\/wp-content\/uploads\/2023\/07\/cropped-cropped-logo-sombra2.png","contentUrl":"https:\/\/fmgente.com.ar\/web\/wp-content\/uploads\/2023\/07\/cropped-cropped-logo-sombra2.png","width":1782,"height":1782,"caption":"Fm Gente"},"image":{"@id":"https:\/\/fmgente.com.ar\/web\/#\/schema\/logo\/image\/"}}]}},"_links":{"self":[{"href":"https:\/\/fmgente.com.ar\/web\/wp-json\/wp\/v2\/posts\/9095","targetHints":{"allow":["GET"]}}],"collection":[{"href":"https:\/\/fmgente.com.ar\/web\/wp-json\/wp\/v2\/posts"}],"about":[{"href":"https:\/\/fmgente.com.ar\/web\/wp-json\/wp\/v2\/types\/post"}],"replies":[{"embeddable":true,"href":"https:\/\/fmgente.com.ar\/web\/wp-json\/wp\/v2\/comments?post=9095"}],"version-history":[{"count":0,"href":"https:\/\/fmgente.com.ar\/web\/wp-json\/wp\/v2\/posts\/9095\/revisions"}],"wp:featuredmedia":[{"embeddable":true,"href":"https:\/\/fmgente.com.ar\/web\/wp-json\/wp\/v2\/media\/9096"}],"wp:attachment":[{"href":"https:\/\/fmgente.com.ar\/web\/wp-json\/wp\/v2\/media?parent=9095"}],"wp:term":[{"taxonomy":"category","embeddable":true,"href":"https:\/\/fmgente.com.ar\/web\/wp-json\/wp\/v2\/categories?post=9095"},{"taxonomy":"post_tag","embeddable":true,"href":"https:\/\/fmgente.com.ar\/web\/wp-json\/wp\/v2\/tags?post=9095"}],"curies":[{"name":"wp","href":"https:\/\/api.w.org\/{rel}","templated":true}]}}