{"id":9091,"date":"2025-11-08T05:05:05","date_gmt":"2025-11-08T08:05:05","guid":{"rendered":"https:\/\/fmgente.com.ar\/el-horoscopo-de-hoy-sabado-8-de-noviembre\/"},"modified":"2025-11-08T05:05:05","modified_gmt":"2025-11-08T08:05:05","slug":"el-horoscopo-de-hoy-sabado-8-de-noviembre","status":"publish","type":"post","link":"https:\/\/fmgente.com.ar\/web\/el-horoscopo-de-hoy-sabado-8-de-noviembre\/","title":{"rendered":"El hor\u00f3scopo de hoy: s\u00e1bado 8 de noviembre"},"content":{"rendered":"<h2 class=\"wp-block-heading\"><strong>ARIES (del 21 de marzo al 20 de abril)<\/strong><\/h2>\n<p>Con la Luna en G\u00e9minis y en conjunci\u00f3n con Urano, experimentar\u00e1s un impulso de innovaci\u00f3n y creatividad. Te sentir\u00e1s m\u00e1s curioso y abierto a nuevas ideas. Esta energ\u00eda te animar\u00e1 a comunicarte de maneras inesperadas, as\u00ed que no dudes en compartir tus pensamientos.<\/p>\n<h2 class=\"wp-block-heading\"><strong>TAURO (del 21 de abril al 20 de mayo)<\/strong><\/h2>\n<p>La Luna en G\u00e9minis te har\u00e1 sentir m\u00e1s inquieto y ansioso por explorar nuevas perspectivas. La conjunci\u00f3n con Urano puede traer sorpresas en tus relaciones o en tus finanzas. Aprovech\u00e1 esta energ\u00eda para revisar tus prioridades y abrirte a nuevas oportunidades.<\/p>\n<h2 class=\"wp-block-heading\"><strong>G\u00c9MINIS (del 21 de mayo al 21 de junio)<\/strong><\/h2>\n<p>Con la Luna en tu signo, te sentir\u00e1s vibrante y lleno de energ\u00eda. La conjunci\u00f3n con Urano te brindar\u00e1 una chispa de originalidad, llev\u00e1ndote a pensar fuera de lo convencional. Este es un excelente momento para hacer conexiones y comunicar tus ideas innovadoras.<\/p>\n<h2 class=\"wp-block-heading\"><strong>C\u00c1NCER (del 22 de junio al 22 de julio)<\/strong><\/h2>\n<p>La influencia de la Luna en G\u00e9minis puede hacerte sentir emocionalmente inestable, especialmente con Urano presente. Es un momento para reflexionar sobre tus emociones y no dejarte llevar por impulsos repentinos. T\u00f3mate un tiempo para vos y busc\u00e1 momentos de tranquilidad.<\/p>\n<h2 class=\"wp-block-heading\"><strong>LEO (del 23 de julio al 22 de agosto)<\/strong><\/h2>\n<p>Con la Luna en G\u00e9minis y en conjunci\u00f3n con Urano, sentir\u00e1s un deseo de conectarte con nuevos c\u00edrculos sociales. Esta energ\u00eda te motivar\u00e1 a buscar experiencias inusuales y emocionantes. Aprovech\u00e1 para compartir tus ideas y conectar con personas afines.<\/p>\n<h2 class=\"wp-block-heading\"><strong>VIRGO (del 23 de agosto al 21 de septiembre)<\/strong><\/h2>\n<p>La Luna en G\u00e9minis te dar\u00e1 un impulso de curiosidad, pero la conjunci\u00f3n con Urano puede traerte sorpresas en el \u00e1mbito laboral. Es un buen momento para revisar tus m\u00e9todos y estar abierto a nuevas formas de trabajo. No temas innovar.<\/p>\n<h2 class=\"wp-block-heading\"><strong>LIBRA (del 22 de septiembre al 22 de octubre)<\/strong><\/h2>\n<p>La influencia de la Luna en G\u00e9minis te har\u00e1 sentir m\u00e1s aventurero y dispuesto a explorar nuevas ideas. La conjunci\u00f3n con Urano puede abrir puertas a oportunidades inesperadas en el \u00e1mbito acad\u00e9mico o de viajes. Este es un momento ideal para expandir tus horizontes.<\/p>\n<h2 class=\"wp-block-heading\"><strong>ESCORPIO (del 23 de octubre al 21 de noviembre)<\/strong><\/h2>\n<p>Con la Luna en G\u00e9minis, tu mente estar\u00e1 activa y anal\u00edtica, pero la conjunci\u00f3n con Urano puede traer cambios inesperados en tus relaciones personales. Este es un buen momento para ser honesto acerca de tus emociones y buscar una comunicaci\u00f3n clara.<\/p>\n<h2 class=\"wp-block-heading\"><strong>SAGITARIO (del 22 de noviembre al 22 de diciembre)<\/strong><\/h2>\n<p>La Luna en G\u00e9minis te dar\u00e1 un impulso de energ\u00eda social, y la conjunci\u00f3n con Urano puede llevarte a hacer nuevos amigos o a participar en actividades inesperadas. Aprovech\u00e1 esta oportunidad para abrirte a experiencias diferentes y compartir tus ideas.<\/p>\n<h2 class=\"wp-block-heading\"><strong>CAPRICORNIO (del 23 de diciembre al 21 de enero)<\/strong><\/h2>\n<p>La influencia de la Luna en G\u00e9minis puede hacer que te sientas m\u00e1s inquieto en el \u00e1mbito personal. La conjunci\u00f3n con Urano puede traer cambios en tus planes o en tu entorno. Este es un buen momento para adaptarte y mantener una mentalidad flexible.<\/p>\n<h2 class=\"wp-block-heading\"><strong>ACUARIO (del 22 de enero al 21 de febrero)<\/strong><\/h2>\n<p>Con la Luna en G\u00e9minis, tu mente estar\u00e1 despierta y llena de ideas. La conjunci\u00f3n con Urano te motivar\u00e1 a buscar formas innovadoras de comunicarte. Este es un momento ideal para compartir tus pensamientos y hacer conexiones significativas.<\/p>\n<h2 class=\"wp-block-heading\"><strong>PISCIS (del 22 de febrero al 20 de marzo)<\/strong><\/h2>\n<p>La Luna en G\u00e9minis puede hacerte sentir m\u00e1s emocionalmente sensible, y la conjunci\u00f3n con Urano podr\u00eda traer inquietud en tus relaciones. T\u00f3mate un tiempo para reflexionar sobre tus sentimientos y busc\u00e1 formas creativas de expresar lo que sent\u00eds.<\/p>\n<div class=\"mt-box \">\n<h4 class=\"mt-heading\">Mir\u00e1 Tambi\u00e9n<\/h4>\n<p><a href=\"https:\/\/www.paparazzi.com.ar\/teve\/durisimo-la-fuerte-charla-de-marcelo-tinelli-y-su-hija-juanita-que-dividio-al-clan-si-queres-anda-y\/\"><\/p>\n<div class=\"mt-content\">\n<div class=\"mt-image-container\"><img decoding=\"async\" src=\"https:\/\/www.paparazzi.com.ar\/wp-content\/uploads\/2025\/11\/marcelo-tinelli-juanita-tinelli-2-359x226.jpg\" alt=\"\u00a1Dur\u00edsimo! La fuerte charla de Marcelo Tinelli y su hija Juanita que dividi\u00f3 al clan: \u201cSi quer\u00e9s, and\u00e1 y\u2026\u201d\" class=\"mt-image\" loading=\"lazy\" \/><\/div>\n<h5 class=\"mt-title\">\u00a1Dur\u00edsimo! La fuerte charla de Marcelo Tinelli y su hija Juanita que dividi\u00f3 al clan: \u201cSi quer\u00e9s, and\u00e1 y\u2026\u201d<\/h5>\n<\/div>\n<p><\/a><\/div>\n<div class=\"mt-box \">\n<h4 class=\"mt-heading\">Mir\u00e1 Tambi\u00e9n<\/h4>\n<p><a href=\"https:\/\/www.paparazzi.com.ar\/teve\/revelan-desde-el-clan-tinelli-el-delicado-trastorno-psicologico-que-padece-juanita-tinelli-desde-chiquita-es\/\"><\/p>\n<div class=\"mt-content\">\n<div class=\"mt-image-container\"><img decoding=\"async\" src=\"https:\/\/www.paparazzi.com.ar\/wp-content\/uploads\/2025\/11\/juanita-tinelli-359x226.jpg\" alt=\"Revelan desde el clan Tinelli el delicado trastorno psicol\u00f3gico que padece Juanita Tinelli: \u201cDesde chiquita es\u2026\u201d\" class=\"mt-image\" loading=\"lazy\" \/><\/div>\n<h5 class=\"mt-title\">Revelan desde el clan Tinelli el delicado trastorno psicol\u00f3gico que padece Juanita Tinelli: \u201cDesde chiquita es\u2026\u201d<\/h5>\n<\/div>\n<p><\/a><\/div>\n<p>The post <a href=\"https:\/\/www.paparazzi.com.ar\/horoscopo\/el-horoscopo-de-hoy-sabado-8-de-noviembre\/\">El hor\u00f3scopo de hoy: s\u00e1bado 8 de noviembre<\/a> appeared first on <a href=\"https:\/\/www.paparazzi.com.ar\">Revista Paparazzi<\/a>.<\/p>\n","protected":false},"excerpt":{"rendered":"<p>ARIES (del 21 de marzo al 20 de abril) Con la Luna en G\u00e9minis y<\/p>\n","protected":false},"author":0,"featured_media":9092,"comment_status":"","ping_status":"","sticky":false,"template":"","format":"standard","meta":{"footnotes":""},"categories":[11],"tags":[],"class_list":["post-9091","post","type-post","status-publish","format-standard","has-post-thumbnail","hentry","category-destacadas"],"yoast_head":"<!-- This site is optimized with the Yoast SEO plugin v27.4 - https:\/\/yoast.com\/product\/yoast-seo-wordpress\/ -->\n<title>El hor\u00f3scopo de hoy: s\u00e1bado 8 de noviembre - Fm Gente<\/title>\n<meta name=\"robots\" content=\"index, follow, max-snippet:-1, max-image-preview:large, max-video-preview:-1\" \/>\n<link rel=\"canonical\" href=\"https:\/\/fmgente.com.ar\/web\/el-horoscopo-de-hoy-sabado-8-de-noviembre\/\" \/>\n<meta property=\"og:locale\" content=\"es_ES\" \/>\n<meta property=\"og:type\" content=\"article\" \/>\n<meta property=\"og:title\" content=\"El hor\u00f3scopo de hoy: s\u00e1bado 8 de noviembre - Fm Gente\" \/>\n<meta property=\"og:description\" content=\"ARIES (del 21 de marzo al 20 de abril) Con la Luna en G\u00e9minis y\" \/>\n<meta property=\"og:url\" content=\"https:\/\/fmgente.com.ar\/web\/el-horoscopo-de-hoy-sabado-8-de-noviembre\/\" \/>\n<meta property=\"og:site_name\" content=\"Fm Gente\" \/>\n<meta property=\"article:published_time\" content=\"2025-11-08T08:05:05+00:00\" \/>\n<meta property=\"og:image\" content=\"https:\/\/fmgente.com.ar\/web\/wp-content\/uploads\/2025\/11\/marcelo-tinelli-juanita-tinelli-2-359x226-1.jpg\" \/>\n\t<meta property=\"og:image:width\" content=\"359\" \/>\n\t<meta property=\"og:image:height\" content=\"226\" \/>\n\t<meta property=\"og:image:type\" content=\"image\/jpeg\" \/>\n<meta name=\"twitter:card\" content=\"summary_large_image\" \/>\n<meta name=\"twitter:label1\" content=\"Tiempo de lectura\" \/>\n\t<meta name=\"twitter:data1\" content=\"3 minutos\" \/>\n<script type=\"application\/ld+json\" class=\"yoast-schema-graph\">{\"@context\":\"https:\\\/\\\/schema.org\",\"@graph\":[{\"@type\":\"Article\",\"@id\":\"https:\\\/\\\/fmgente.com.ar\\\/web\\\/el-horoscopo-de-hoy-sabado-8-de-noviembre\\\/#article\",\"isPartOf\":{\"@id\":\"https:\\\/\\\/fmgente.com.ar\\\/web\\\/el-horoscopo-de-hoy-sabado-8-de-noviembre\\\/\"},\"author\":{\"name\":\"\",\"@id\":\"\"},\"headline\":\"El hor\u00f3scopo de hoy: s\u00e1bado 8 de noviembre\",\"datePublished\":\"2025-11-08T08:05:05+00:00\",\"mainEntityOfPage\":{\"@id\":\"https:\\\/\\\/fmgente.com.ar\\\/web\\\/el-horoscopo-de-hoy-sabado-8-de-noviembre\\\/\"},\"wordCount\":695,\"publisher\":{\"@id\":\"https:\\\/\\\/fmgente.com.ar\\\/web\\\/#organization\"},\"image\":{\"@id\":\"https:\\\/\\\/fmgente.com.ar\\\/web\\\/el-horoscopo-de-hoy-sabado-8-de-noviembre\\\/#primaryimage\"},\"thumbnailUrl\":\"https:\\\/\\\/fmgente.com.ar\\\/web\\\/wp-content\\\/uploads\\\/2025\\\/11\\\/marcelo-tinelli-juanita-tinelli-2-359x226-1.jpg\",\"articleSection\":[\"DESTACADAS\"],\"inLanguage\":\"es\"},{\"@type\":\"WebPage\",\"@id\":\"https:\\\/\\\/fmgente.com.ar\\\/web\\\/el-horoscopo-de-hoy-sabado-8-de-noviembre\\\/\",\"url\":\"https:\\\/\\\/fmgente.com.ar\\\/web\\\/el-horoscopo-de-hoy-sabado-8-de-noviembre\\\/\",\"name\":\"El hor\u00f3scopo de hoy: s\u00e1bado 8 de noviembre - Fm Gente\",\"isPartOf\":{\"@id\":\"https:\\\/\\\/fmgente.com.ar\\\/web\\\/#website\"},\"primaryImageOfPage\":{\"@id\":\"https:\\\/\\\/fmgente.com.ar\\\/web\\\/el-horoscopo-de-hoy-sabado-8-de-noviembre\\\/#primaryimage\"},\"image\":{\"@id\":\"https:\\\/\\\/fmgente.com.ar\\\/web\\\/el-horoscopo-de-hoy-sabado-8-de-noviembre\\\/#primaryimage\"},\"thumbnailUrl\":\"https:\\\/\\\/fmgente.com.ar\\\/web\\\/wp-content\\\/uploads\\\/2025\\\/11\\\/marcelo-tinelli-juanita-tinelli-2-359x226-1.jpg\",\"datePublished\":\"2025-11-08T08:05:05+00:00\",\"inLanguage\":\"es\",\"potentialAction\":[{\"@type\":\"ReadAction\",\"target\":[\"https:\\\/\\\/fmgente.com.ar\\\/web\\\/el-horoscopo-de-hoy-sabado-8-de-noviembre\\\/\"]}]},{\"@type\":\"ImageObject\",\"inLanguage\":\"es\",\"@id\":\"https:\\\/\\\/fmgente.com.ar\\\/web\\\/el-horoscopo-de-hoy-sabado-8-de-noviembre\\\/#primaryimage\",\"url\":\"https:\\\/\\\/fmgente.com.ar\\\/web\\\/wp-content\\\/uploads\\\/2025\\\/11\\\/marcelo-tinelli-juanita-tinelli-2-359x226-1.jpg\",\"contentUrl\":\"https:\\\/\\\/fmgente.com.ar\\\/web\\\/wp-content\\\/uploads\\\/2025\\\/11\\\/marcelo-tinelli-juanita-tinelli-2-359x226-1.jpg\",\"width\":359,\"height\":226},{\"@type\":\"WebSite\",\"@id\":\"https:\\\/\\\/fmgente.com.ar\\\/web\\\/#website\",\"url\":\"https:\\\/\\\/fmgente.com.ar\\\/web\\\/\",\"name\":\"Fm Gente\",\"description\":\"- Jes\u00fas Mar\u00eda\",\"publisher\":{\"@id\":\"https:\\\/\\\/fmgente.com.ar\\\/web\\\/#organization\"},\"potentialAction\":[{\"@type\":\"SearchAction\",\"target\":{\"@type\":\"EntryPoint\",\"urlTemplate\":\"https:\\\/\\\/fmgente.com.ar\\\/web\\\/?s={search_term_string}\"},\"query-input\":{\"@type\":\"PropertyValueSpecification\",\"valueRequired\":true,\"valueName\":\"search_term_string\"}}],\"inLanguage\":\"es\"},{\"@type\":\"Organization\",\"@id\":\"https:\\\/\\\/fmgente.com.ar\\\/web\\\/#organization\",\"name\":\"Fm Gente\",\"url\":\"https:\\\/\\\/fmgente.com.ar\\\/web\\\/\",\"logo\":{\"@type\":\"ImageObject\",\"inLanguage\":\"es\",\"@id\":\"https:\\\/\\\/fmgente.com.ar\\\/web\\\/#\\\/schema\\\/logo\\\/image\\\/\",\"url\":\"https:\\\/\\\/fmgente.com.ar\\\/web\\\/wp-content\\\/uploads\\\/2023\\\/07\\\/cropped-cropped-logo-sombra2.png\",\"contentUrl\":\"https:\\\/\\\/fmgente.com.ar\\\/web\\\/wp-content\\\/uploads\\\/2023\\\/07\\\/cropped-cropped-logo-sombra2.png\",\"width\":1782,\"height\":1782,\"caption\":\"Fm Gente\"},\"image\":{\"@id\":\"https:\\\/\\\/fmgente.com.ar\\\/web\\\/#\\\/schema\\\/logo\\\/image\\\/\"}}]}<\/script>\n<!-- \/ Yoast SEO plugin. -->","yoast_head_json":{"title":"El hor\u00f3scopo de hoy: s\u00e1bado 8 de noviembre - Fm Gente","robots":{"index":"index","follow":"follow","max-snippet":"max-snippet:-1","max-image-preview":"max-image-preview:large","max-video-preview":"max-video-preview:-1"},"canonical":"https:\/\/fmgente.com.ar\/web\/el-horoscopo-de-hoy-sabado-8-de-noviembre\/","og_locale":"es_ES","og_type":"article","og_title":"El hor\u00f3scopo de hoy: s\u00e1bado 8 de noviembre - Fm Gente","og_description":"ARIES (del 21 de marzo al 20 de abril) Con la Luna en G\u00e9minis y","og_url":"https:\/\/fmgente.com.ar\/web\/el-horoscopo-de-hoy-sabado-8-de-noviembre\/","og_site_name":"Fm Gente","article_published_time":"2025-11-08T08:05:05+00:00","og_image":[{"width":359,"height":226,"url":"https:\/\/fmgente.com.ar\/web\/wp-content\/uploads\/2025\/11\/marcelo-tinelli-juanita-tinelli-2-359x226-1.jpg","type":"image\/jpeg"}],"twitter_card":"summary_large_image","twitter_misc":{"Tiempo de lectura":"3 minutos"},"schema":{"@context":"https:\/\/schema.org","@graph":[{"@type":"Article","@id":"https:\/\/fmgente.com.ar\/web\/el-horoscopo-de-hoy-sabado-8-de-noviembre\/#article","isPartOf":{"@id":"https:\/\/fmgente.com.ar\/web\/el-horoscopo-de-hoy-sabado-8-de-noviembre\/"},"author":{"name":"","@id":""},"headline":"El hor\u00f3scopo de hoy: s\u00e1bado 8 de noviembre","datePublished":"2025-11-08T08:05:05+00:00","mainEntityOfPage":{"@id":"https:\/\/fmgente.com.ar\/web\/el-horoscopo-de-hoy-sabado-8-de-noviembre\/"},"wordCount":695,"publisher":{"@id":"https:\/\/fmgente.com.ar\/web\/#organization"},"image":{"@id":"https:\/\/fmgente.com.ar\/web\/el-horoscopo-de-hoy-sabado-8-de-noviembre\/#primaryimage"},"thumbnailUrl":"https:\/\/fmgente.com.ar\/web\/wp-content\/uploads\/2025\/11\/marcelo-tinelli-juanita-tinelli-2-359x226-1.jpg","articleSection":["DESTACADAS"],"inLanguage":"es"},{"@type":"WebPage","@id":"https:\/\/fmgente.com.ar\/web\/el-horoscopo-de-hoy-sabado-8-de-noviembre\/","url":"https:\/\/fmgente.com.ar\/web\/el-horoscopo-de-hoy-sabado-8-de-noviembre\/","name":"El hor\u00f3scopo de hoy: s\u00e1bado 8 de noviembre - Fm Gente","isPartOf":{"@id":"https:\/\/fmgente.com.ar\/web\/#website"},"primaryImageOfPage":{"@id":"https:\/\/fmgente.com.ar\/web\/el-horoscopo-de-hoy-sabado-8-de-noviembre\/#primaryimage"},"image":{"@id":"https:\/\/fmgente.com.ar\/web\/el-horoscopo-de-hoy-sabado-8-de-noviembre\/#primaryimage"},"thumbnailUrl":"https:\/\/fmgente.com.ar\/web\/wp-content\/uploads\/2025\/11\/marcelo-tinelli-juanita-tinelli-2-359x226-1.jpg","datePublished":"2025-11-08T08:05:05+00:00","inLanguage":"es","potentialAction":[{"@type":"ReadAction","target":["https:\/\/fmgente.com.ar\/web\/el-horoscopo-de-hoy-sabado-8-de-noviembre\/"]}]},{"@type":"ImageObject","inLanguage":"es","@id":"https:\/\/fmgente.com.ar\/web\/el-horoscopo-de-hoy-sabado-8-de-noviembre\/#primaryimage","url":"https:\/\/fmgente.com.ar\/web\/wp-content\/uploads\/2025\/11\/marcelo-tinelli-juanita-tinelli-2-359x226-1.jpg","contentUrl":"https:\/\/fmgente.com.ar\/web\/wp-content\/uploads\/2025\/11\/marcelo-tinelli-juanita-tinelli-2-359x226-1.jpg","width":359,"height":226},{"@type":"WebSite","@id":"https:\/\/fmgente.com.ar\/web\/#website","url":"https:\/\/fmgente.com.ar\/web\/","name":"Fm Gente","description":"- Jes\u00fas Mar\u00eda","publisher":{"@id":"https:\/\/fmgente.com.ar\/web\/#organization"},"potentialAction":[{"@type":"SearchAction","target":{"@type":"EntryPoint","urlTemplate":"https:\/\/fmgente.com.ar\/web\/?s={search_term_string}"},"query-input":{"@type":"PropertyValueSpecification","valueRequired":true,"valueName":"search_term_string"}}],"inLanguage":"es"},{"@type":"Organization","@id":"https:\/\/fmgente.com.ar\/web\/#organization","name":"Fm Gente","url":"https:\/\/fmgente.com.ar\/web\/","logo":{"@type":"ImageObject","inLanguage":"es","@id":"https:\/\/fmgente.com.ar\/web\/#\/schema\/logo\/image\/","url":"https:\/\/fmgente.com.ar\/web\/wp-content\/uploads\/2023\/07\/cropped-cropped-logo-sombra2.png","contentUrl":"https:\/\/fmgente.com.ar\/web\/wp-content\/uploads\/2023\/07\/cropped-cropped-logo-sombra2.png","width":1782,"height":1782,"caption":"Fm Gente"},"image":{"@id":"https:\/\/fmgente.com.ar\/web\/#\/schema\/logo\/image\/"}}]}},"_links":{"self":[{"href":"https:\/\/fmgente.com.ar\/web\/wp-json\/wp\/v2\/posts\/9091","targetHints":{"allow":["GET"]}}],"collection":[{"href":"https:\/\/fmgente.com.ar\/web\/wp-json\/wp\/v2\/posts"}],"about":[{"href":"https:\/\/fmgente.com.ar\/web\/wp-json\/wp\/v2\/types\/post"}],"replies":[{"embeddable":true,"href":"https:\/\/fmgente.com.ar\/web\/wp-json\/wp\/v2\/comments?post=9091"}],"version-history":[{"count":0,"href":"https:\/\/fmgente.com.ar\/web\/wp-json\/wp\/v2\/posts\/9091\/revisions"}],"wp:featuredmedia":[{"embeddable":true,"href":"https:\/\/fmgente.com.ar\/web\/wp-json\/wp\/v2\/media\/9092"}],"wp:attachment":[{"href":"https:\/\/fmgente.com.ar\/web\/wp-json\/wp\/v2\/media?parent=9091"}],"wp:term":[{"taxonomy":"category","embeddable":true,"href":"https:\/\/fmgente.com.ar\/web\/wp-json\/wp\/v2\/categories?post=9091"},{"taxonomy":"post_tag","embeddable":true,"href":"https:\/\/fmgente.com.ar\/web\/wp-json\/wp\/v2\/tags?post=9091"}],"curies":[{"name":"wp","href":"https:\/\/api.w.org\/{rel}","templated":true}]}}