{"id":8908,"date":"2025-11-06T15:05:39","date_gmt":"2025-11-06T18:05:39","guid":{"rendered":"https:\/\/fmgente.com.ar\/el-mpf-en-la-noche-de-los-museos\/"},"modified":"2025-11-06T15:05:39","modified_gmt":"2025-11-06T18:05:39","slug":"el-mpf-en-la-noche-de-los-museos","status":"publish","type":"post","link":"https:\/\/fmgente.com.ar\/web\/el-mpf-en-la-noche-de-los-museos\/","title":{"rendered":"El MPF en la noche de los Museos"},"content":{"rendered":"<div>El Instituto de Formaci\u00f3n del Ministerio P\u00fablico Fiscal invita a la comunidad del Ministerio P\u00fablico Fiscal, Ministerio P\u00fablico de la Defensa, Poder Judicial de C\u00f3rdoba y p\u00fablico en general a la Noche de los Museos Edici\u00f3n 2025, que tendr\u00e1 lugar el pr\u00f3ximo\u00a0viernes 7 de noviembre\u00a0a partir de las\u00a020 horas\u00a0en la explanada del edificio del MPF sito en calle Francisco N. Laprida 731, Polo Judicial.\u00a0Por cuarto a\u00f1o consecutivo el Ministerio P\u00fablico Fiscal participar\u00e1 de la edici\u00f3n, este a\u00f1o\u00a0en el marco de los\u00a0<b>40 a\u00f1os de la creaci\u00f3n de Polic\u00eda Judicial<\/b>\u00a0proponemos el lema\u00a0<b><i>\u201cMemoria, innovaci\u00f3n y transformaci\u00f3n\u201d<\/i><\/b>. El evento es organizado por la Universidad Nacional de C\u00f3rdoba, la Agencia C\u00f3rdoba Cultura y la Municipalidad de C\u00f3rdoba.<\/div>\n","protected":false},"excerpt":{"rendered":"<p>El Instituto de Formaci\u00f3n del Ministerio P\u00fablico Fiscal invita a la comunidad del Ministerio P\u00fablico<\/p>\n","protected":false},"author":0,"featured_media":0,"comment_status":"","ping_status":"","sticky":false,"template":"","format":"standard","meta":{"footnotes":""},"categories":[1794],"tags":[],"class_list":["post-8908","post","type-post","status-publish","format-standard","hentry","category-policiales"],"yoast_head":"<!-- This site is optimized with the Yoast SEO plugin v27.4 - https:\/\/yoast.com\/product\/yoast-seo-wordpress\/ -->\n<title>El MPF en la noche de los Museos - Fm Gente<\/title>\n<meta name=\"robots\" content=\"index, follow, max-snippet:-1, max-image-preview:large, max-video-preview:-1\" \/>\n<link rel=\"canonical\" href=\"https:\/\/fmgente.com.ar\/web\/el-mpf-en-la-noche-de-los-museos\/\" \/>\n<meta property=\"og:locale\" content=\"es_ES\" \/>\n<meta property=\"og:type\" content=\"article\" \/>\n<meta property=\"og:title\" content=\"El MPF en la noche de los Museos - Fm Gente\" \/>\n<meta property=\"og:description\" content=\"El Instituto de Formaci\u00f3n del Ministerio P\u00fablico Fiscal invita a la comunidad del Ministerio P\u00fablico\" \/>\n<meta property=\"og:url\" content=\"https:\/\/fmgente.com.ar\/web\/el-mpf-en-la-noche-de-los-museos\/\" \/>\n<meta property=\"og:site_name\" content=\"Fm Gente\" \/>\n<meta property=\"article:published_time\" content=\"2025-11-06T18:05:39+00:00\" \/>\n<meta name=\"twitter:card\" content=\"summary_large_image\" \/>\n<meta name=\"twitter:label1\" content=\"Tiempo de lectura\" \/>\n\t<meta name=\"twitter:data1\" content=\"1 minuto\" \/>\n<script type=\"application\/ld+json\" class=\"yoast-schema-graph\">{\"@context\":\"https:\\\/\\\/schema.org\",\"@graph\":[{\"@type\":\"Article\",\"@id\":\"https:\\\/\\\/fmgente.com.ar\\\/web\\\/el-mpf-en-la-noche-de-los-museos\\\/#article\",\"isPartOf\":{\"@id\":\"https:\\\/\\\/fmgente.com.ar\\\/web\\\/el-mpf-en-la-noche-de-los-museos\\\/\"},\"author\":{\"name\":\"\",\"@id\":\"\"},\"headline\":\"El MPF en la noche de los Museos\",\"datePublished\":\"2025-11-06T18:05:39+00:00\",\"mainEntityOfPage\":{\"@id\":\"https:\\\/\\\/fmgente.com.ar\\\/web\\\/el-mpf-en-la-noche-de-los-museos\\\/\"},\"wordCount\":144,\"publisher\":{\"@id\":\"https:\\\/\\\/fmgente.com.ar\\\/web\\\/#organization\"},\"articleSection\":[\"POLICIALES\"],\"inLanguage\":\"es\"},{\"@type\":\"WebPage\",\"@id\":\"https:\\\/\\\/fmgente.com.ar\\\/web\\\/el-mpf-en-la-noche-de-los-museos\\\/\",\"url\":\"https:\\\/\\\/fmgente.com.ar\\\/web\\\/el-mpf-en-la-noche-de-los-museos\\\/\",\"name\":\"El MPF en la noche de los Museos - Fm Gente\",\"isPartOf\":{\"@id\":\"https:\\\/\\\/fmgente.com.ar\\\/web\\\/#website\"},\"datePublished\":\"2025-11-06T18:05:39+00:00\",\"inLanguage\":\"es\",\"potentialAction\":[{\"@type\":\"ReadAction\",\"target\":[\"https:\\\/\\\/fmgente.com.ar\\\/web\\\/el-mpf-en-la-noche-de-los-museos\\\/\"]}]},{\"@type\":\"WebSite\",\"@id\":\"https:\\\/\\\/fmgente.com.ar\\\/web\\\/#website\",\"url\":\"https:\\\/\\\/fmgente.com.ar\\\/web\\\/\",\"name\":\"Fm Gente\",\"description\":\"- Jes\u00fas Mar\u00eda\",\"publisher\":{\"@id\":\"https:\\\/\\\/fmgente.com.ar\\\/web\\\/#organization\"},\"potentialAction\":[{\"@type\":\"SearchAction\",\"target\":{\"@type\":\"EntryPoint\",\"urlTemplate\":\"https:\\\/\\\/fmgente.com.ar\\\/web\\\/?s={search_term_string}\"},\"query-input\":{\"@type\":\"PropertyValueSpecification\",\"valueRequired\":true,\"valueName\":\"search_term_string\"}}],\"inLanguage\":\"es\"},{\"@type\":\"Organization\",\"@id\":\"https:\\\/\\\/fmgente.com.ar\\\/web\\\/#organization\",\"name\":\"Fm Gente\",\"url\":\"https:\\\/\\\/fmgente.com.ar\\\/web\\\/\",\"logo\":{\"@type\":\"ImageObject\",\"inLanguage\":\"es\",\"@id\":\"https:\\\/\\\/fmgente.com.ar\\\/web\\\/#\\\/schema\\\/logo\\\/image\\\/\",\"url\":\"https:\\\/\\\/fmgente.com.ar\\\/web\\\/wp-content\\\/uploads\\\/2023\\\/07\\\/cropped-cropped-logo-sombra2.png\",\"contentUrl\":\"https:\\\/\\\/fmgente.com.ar\\\/web\\\/wp-content\\\/uploads\\\/2023\\\/07\\\/cropped-cropped-logo-sombra2.png\",\"width\":1782,\"height\":1782,\"caption\":\"Fm Gente\"},\"image\":{\"@id\":\"https:\\\/\\\/fmgente.com.ar\\\/web\\\/#\\\/schema\\\/logo\\\/image\\\/\"}}]}<\/script>\n<!-- \/ Yoast SEO plugin. -->","yoast_head_json":{"title":"El MPF en la noche de los Museos - Fm Gente","robots":{"index":"index","follow":"follow","max-snippet":"max-snippet:-1","max-image-preview":"max-image-preview:large","max-video-preview":"max-video-preview:-1"},"canonical":"https:\/\/fmgente.com.ar\/web\/el-mpf-en-la-noche-de-los-museos\/","og_locale":"es_ES","og_type":"article","og_title":"El MPF en la noche de los Museos - Fm Gente","og_description":"El Instituto de Formaci\u00f3n del Ministerio P\u00fablico Fiscal invita a la comunidad del Ministerio P\u00fablico","og_url":"https:\/\/fmgente.com.ar\/web\/el-mpf-en-la-noche-de-los-museos\/","og_site_name":"Fm Gente","article_published_time":"2025-11-06T18:05:39+00:00","twitter_card":"summary_large_image","twitter_misc":{"Tiempo de lectura":"1 minuto"},"schema":{"@context":"https:\/\/schema.org","@graph":[{"@type":"Article","@id":"https:\/\/fmgente.com.ar\/web\/el-mpf-en-la-noche-de-los-museos\/#article","isPartOf":{"@id":"https:\/\/fmgente.com.ar\/web\/el-mpf-en-la-noche-de-los-museos\/"},"author":{"name":"","@id":""},"headline":"El MPF en la noche de los Museos","datePublished":"2025-11-06T18:05:39+00:00","mainEntityOfPage":{"@id":"https:\/\/fmgente.com.ar\/web\/el-mpf-en-la-noche-de-los-museos\/"},"wordCount":144,"publisher":{"@id":"https:\/\/fmgente.com.ar\/web\/#organization"},"articleSection":["POLICIALES"],"inLanguage":"es"},{"@type":"WebPage","@id":"https:\/\/fmgente.com.ar\/web\/el-mpf-en-la-noche-de-los-museos\/","url":"https:\/\/fmgente.com.ar\/web\/el-mpf-en-la-noche-de-los-museos\/","name":"El MPF en la noche de los Museos - Fm Gente","isPartOf":{"@id":"https:\/\/fmgente.com.ar\/web\/#website"},"datePublished":"2025-11-06T18:05:39+00:00","inLanguage":"es","potentialAction":[{"@type":"ReadAction","target":["https:\/\/fmgente.com.ar\/web\/el-mpf-en-la-noche-de-los-museos\/"]}]},{"@type":"WebSite","@id":"https:\/\/fmgente.com.ar\/web\/#website","url":"https:\/\/fmgente.com.ar\/web\/","name":"Fm Gente","description":"- Jes\u00fas Mar\u00eda","publisher":{"@id":"https:\/\/fmgente.com.ar\/web\/#organization"},"potentialAction":[{"@type":"SearchAction","target":{"@type":"EntryPoint","urlTemplate":"https:\/\/fmgente.com.ar\/web\/?s={search_term_string}"},"query-input":{"@type":"PropertyValueSpecification","valueRequired":true,"valueName":"search_term_string"}}],"inLanguage":"es"},{"@type":"Organization","@id":"https:\/\/fmgente.com.ar\/web\/#organization","name":"Fm Gente","url":"https:\/\/fmgente.com.ar\/web\/","logo":{"@type":"ImageObject","inLanguage":"es","@id":"https:\/\/fmgente.com.ar\/web\/#\/schema\/logo\/image\/","url":"https:\/\/fmgente.com.ar\/web\/wp-content\/uploads\/2023\/07\/cropped-cropped-logo-sombra2.png","contentUrl":"https:\/\/fmgente.com.ar\/web\/wp-content\/uploads\/2023\/07\/cropped-cropped-logo-sombra2.png","width":1782,"height":1782,"caption":"Fm Gente"},"image":{"@id":"https:\/\/fmgente.com.ar\/web\/#\/schema\/logo\/image\/"}}]}},"_links":{"self":[{"href":"https:\/\/fmgente.com.ar\/web\/wp-json\/wp\/v2\/posts\/8908","targetHints":{"allow":["GET"]}}],"collection":[{"href":"https:\/\/fmgente.com.ar\/web\/wp-json\/wp\/v2\/posts"}],"about":[{"href":"https:\/\/fmgente.com.ar\/web\/wp-json\/wp\/v2\/types\/post"}],"replies":[{"embeddable":true,"href":"https:\/\/fmgente.com.ar\/web\/wp-json\/wp\/v2\/comments?post=8908"}],"version-history":[{"count":0,"href":"https:\/\/fmgente.com.ar\/web\/wp-json\/wp\/v2\/posts\/8908\/revisions"}],"wp:attachment":[{"href":"https:\/\/fmgente.com.ar\/web\/wp-json\/wp\/v2\/media?parent=8908"}],"wp:term":[{"taxonomy":"category","embeddable":true,"href":"https:\/\/fmgente.com.ar\/web\/wp-json\/wp\/v2\/categories?post=8908"},{"taxonomy":"post_tag","embeddable":true,"href":"https:\/\/fmgente.com.ar\/web\/wp-json\/wp\/v2\/tags?post=8908"}],"curies":[{"name":"wp","href":"https:\/\/api.w.org\/{rel}","templated":true}]}}