{"id":8890,"date":"2025-11-06T11:04:52","date_gmt":"2025-11-06T14:04:52","guid":{"rendered":"https:\/\/fmgente.com.ar\/juntos-zaira-nara-y-jakob-von-plessen-sorprendieron-con-una-foto-que-desato-rumores-de-reconciliacion\/"},"modified":"2025-11-06T11:04:52","modified_gmt":"2025-11-06T14:04:52","slug":"juntos-zaira-nara-y-jakob-von-plessen-sorprendieron-con-una-foto-que-desato-rumores-de-reconciliacion","status":"publish","type":"post","link":"https:\/\/fmgente.com.ar\/web\/juntos-zaira-nara-y-jakob-von-plessen-sorprendieron-con-una-foto-que-desato-rumores-de-reconciliacion\/","title":{"rendered":"\u00a1Juntos! Zaira Nara y Jakob Von Plessen sorprendieron con una foto que desat\u00f3 rumores de reconciliaci\u00f3n"},"content":{"rendered":"<p><strong>Zaira Nara <\/strong>y <strong>Jakob Von Plessen<\/strong> volvieron a mostrarse juntos y a regalar una hermosa postal. Si bien se separaron en 2022 y los dos tuvieron otras parejas, la buena onda se mantiene entre los dos, que son padres de <strong>Malaika <\/strong>y <strong>Viggo<\/strong>. Y en los \u00faltimos d\u00edas, <a href=\"https:\/\/www.paparazzi.com.ar\/tag\/zaira-nara\/\">Zai <\/a>y <a href=\"https:\/\/www.paparazzi.com.ar\/tag\/jakob-von-plessen\/\">Von Plessen<\/a> nuevamente dieron de qu\u00e9 hablar.\u00a0<\/p>\n<p>Una foto, una postal familiar alcanz\u00f3 para dejar en claro que, por sus hijos, <a href=\"https:\/\/www.paparazzi.com.ar\/teve\/zaira-nara-se-reencontro-con-jakob-von-plessen-su-ex-y-se-filtro-la-inesperada-foto-de-la-tensa-reunion\/\">Zaira <\/a>y <a href=\"https:\/\/www.paparazzi.com.ar\/romances\/polemica-por-la-actual-relacion-de-mauro-icardi-con-el-ex-de-zaira-nara-los-vieron-juntos-en\/\">Jakob <\/a>pueden compartir en total armon\u00eda un momento juntos. Fue en la comuni\u00f3n de su hija mayor, de 9 a\u00f1os, un asado al aire libre lleno de detalles elegidos por la nena, ayudada por el ojo est\u00e9tico de la modelo.<\/p>\n<p>El ex cu\u00f1ado de <strong>Mauro Icardi<\/strong> se hizo presente en el evento de <strong>Mali <\/strong>y celebr\u00f3 con su ex familia pol\u00edtica ese importante momento. Comi\u00f3 asado con <strong>Wanda Nara<\/strong> y su nuevo novio <strong>Mart\u00edn Migueles<\/strong>,<strong> Nora Colosimo<\/strong>, <strong>Andr\u00e9s Nara <\/strong>y todo el c\u00edrculo \u00edntimo de su ex pareja, que viene de separarse de <em>Facundo Pieres<\/em>.\u00a0<\/p>\n<div class=\"mt-box \">\n<h4 class=\"mt-heading\">Mir\u00e1 Tambi\u00e9n<\/h4>\n<p><a href=\"https:\/\/www.paparazzi.com.ar\/romances\/la-terrible-burla-de-zaira-a-wanda-nara-por-la-cartera-que-presumio-la-china-suarez\/\"><\/p>\n<div class=\"mt-content\">\n<div class=\"mt-image-container\"><img decoding=\"async\" src=\"https:\/\/www.paparazzi.com.ar\/wp-content\/uploads\/2025\/11\/Zaira-Nara-Wanda-Nara-China-Suarez-359x226.jpg\" alt=\"La terrible burla de Zaira a Wanda Nara por la cartera que presumi\u00f3 la China Su\u00e1rez\" class=\"mt-image\" loading=\"lazy\" \/><\/div>\n<h5 class=\"mt-title\">La terrible burla de Zaira a Wanda Nara por la cartera que presumi\u00f3 la China Su\u00e1rez<\/h5>\n<\/div>\n<p><\/a><\/div>\n<p><em>\u00abSe encarg\u00f3 de todos los detalles\u00bb,<\/em> cont\u00f3 <a href=\"https:\/\/www.paparazzi.com.ar\/teve\/el-polemico-video-de-wanda-en-la-comunion-de-la-hija-de-zaira-nara\/\">Zai <\/a>sobre su hija. <em>\u00abLe pidi\u00f3 a su padrino que haga el asado para sus 30 invitados y mandamos a hacer las tarjetitas, tambi\u00e9n dise\u00f1adas por ella\u00bb<\/em>, agreg\u00f3. Comieron chorip\u00e1n, provoleta y morcilla como entrada y, de plato principal, carne asada con ensalada. De postre, rogel y pavlova.<\/p>\n<figure class=\"wp-block-image size-full\"><img decoding=\"async\" width=\"435\" height=\"781\" src=\"https:\/\/www.paparazzi.com.ar\/wp-content\/uploads\/2025\/11\/zaira-nara-jakov-von-plessen.png.webp\" loading=\"lazy\" alt=\"\" class=\"wp-image-451737\" \/><\/figure>\n<h2 class=\"wp-block-heading\">LOS PICANTES GESTOS DEL EX DE ZAIRA NARA&nbsp;<\/h2>\n<p>Zaira y Jakob se separaron oficialmente en septiembre de 2022, luego de ocho a\u00f1os juntos. Poco despu\u00e9s, la modelo empez\u00f3 a salir con el polista Facundo Pieres y en todo ese tiempo tanto ella como su ex se mostraron reservados y respetuosos sobre c\u00f3mo hab\u00eda quedado su relaci\u00f3n. Sin embargo, a fines de 2024, Von Plessen tuvo un picante gesto.<\/p>\n<p>\u00bfQu\u00e9 hizo? Le dio un \u201cLike\u201d a una publicaci\u00f3n que mostraba a Zaira y Pieres muy elegantes, con la frase:<em> \u00abAs\u00ed como los ves, el domingo tienen que almorzar con L-Gante\u00bb<\/em>. El mensaje apuntaba a Wanda Nara, que acababa de confirmar su noviazgo con el m\u00fasico.<\/p>\n<div class=\"mt-box \">\n<h4 class=\"mt-heading\">Mir\u00e1 Tambi\u00e9n<\/h4>\n<p><a href=\"https:\/\/www.paparazzi.com.ar\/internacionales\/la-dolorosa-traicion-que-sufrio-david-beckham-en-el-dia-mas-importante-de-su-vida\/\"><\/p>\n<div class=\"mt-content\">\n<div class=\"mt-image-container\"><img decoding=\"async\" src=\"https:\/\/www.paparazzi.com.ar\/wp-content\/uploads\/2025\/11\/david-bekham--359x226.jpg\" alt=\"La dolorosa traici\u00f3n que sufri\u00f3 David Beckham en el d\u00eda m\u00e1s importante de su vida\" class=\"mt-image\" loading=\"lazy\" \/><\/div>\n<h5 class=\"mt-title\">La dolorosa traici\u00f3n que sufri\u00f3 David Beckham en el d\u00eda m\u00e1s importante de su vida<\/h5>\n<\/div>\n<p><\/a><\/div>\n<div class=\"mt-box \">\n<h4 class=\"mt-heading\">Mir\u00e1 Tambi\u00e9n<\/h4>\n<p><a href=\"https:\/\/www.paparazzi.com.ar\/teve\/que-ver-en-netflix-la-miniserie-de-6-episodios-que-esta-entre-las-mas-vistas-del-mundo\/\"><\/p>\n<div class=\"mt-content\">\n<div class=\"mt-image-container\"><img decoding=\"async\" src=\"https:\/\/www.paparazzi.com.ar\/wp-content\/uploads\/2025\/11\/Que-ver-en-Netflix-la-miniserie-de-6-episodios-que-esta-entre-las-mas-vistas-del-mundo-359x226.jpg\" alt=\"Qu\u00e9 ver en Netflix: la miniserie de 6 episodios que est\u00e1 entre las m\u00e1s vistas del mundo\" class=\"mt-image\" loading=\"lazy\" \/><\/div>\n<h5 class=\"mt-title\">Qu\u00e9 ver en Netflix: la miniserie de 6 episodios que est\u00e1 entre las m\u00e1s vistas del mundo<\/h5>\n<\/div>\n<p><\/a><\/div>\n<p>The post <a href=\"https:\/\/www.paparazzi.com.ar\/romances\/juntos-zaira-nara-y-jakob-von-plessen-sorprendieron-con-una-foto-que-desato-rumores-de-reconciliacion\/\">\u00a1Juntos! Zaira Nara y Jakob Von Plessen sorprendieron con una foto que desat\u00f3 rumores de reconciliaci\u00f3n<\/a> appeared first on <a href=\"https:\/\/www.paparazzi.com.ar\">Revista Paparazzi<\/a>.<\/p>\n","protected":false},"excerpt":{"rendered":"<p>Zaira Nara y Jakob Von Plessen volvieron a mostrarse juntos y a regalar una hermosa<\/p>\n","protected":false},"author":0,"featured_media":8891,"comment_status":"","ping_status":"","sticky":false,"template":"","format":"standard","meta":{"footnotes":""},"categories":[11],"tags":[],"class_list":["post-8890","post","type-post","status-publish","format-standard","has-post-thumbnail","hentry","category-destacadas"],"yoast_head":"<!-- This site is optimized with the Yoast SEO plugin v27.4 - https:\/\/yoast.com\/product\/yoast-seo-wordpress\/ -->\n<title>\u00a1Juntos! Zaira Nara y Jakob Von Plessen sorprendieron con una foto que desat\u00f3 rumores de reconciliaci\u00f3n - Fm Gente<\/title>\n<meta name=\"robots\" content=\"index, follow, max-snippet:-1, max-image-preview:large, max-video-preview:-1\" \/>\n<link rel=\"canonical\" href=\"https:\/\/fmgente.com.ar\/web\/juntos-zaira-nara-y-jakob-von-plessen-sorprendieron-con-una-foto-que-desato-rumores-de-reconciliacion\/\" \/>\n<meta property=\"og:locale\" content=\"es_ES\" \/>\n<meta property=\"og:type\" content=\"article\" \/>\n<meta property=\"og:title\" content=\"\u00a1Juntos! Zaira Nara y Jakob Von Plessen sorprendieron con una foto que desat\u00f3 rumores de reconciliaci\u00f3n - Fm Gente\" \/>\n<meta property=\"og:description\" content=\"Zaira Nara y Jakob Von Plessen volvieron a mostrarse juntos y a regalar una hermosa\" \/>\n<meta property=\"og:url\" content=\"https:\/\/fmgente.com.ar\/web\/juntos-zaira-nara-y-jakob-von-plessen-sorprendieron-con-una-foto-que-desato-rumores-de-reconciliacion\/\" \/>\n<meta property=\"og:site_name\" content=\"Fm Gente\" \/>\n<meta property=\"article:published_time\" content=\"2025-11-06T14:04:52+00:00\" \/>\n<meta property=\"og:image\" content=\"https:\/\/fmgente.com.ar\/web\/wp-content\/uploads\/2025\/11\/Zaira-Nara-Wanda-Nara-China-Suarez-359x226-2.jpg\" \/>\n\t<meta property=\"og:image:width\" content=\"359\" \/>\n\t<meta property=\"og:image:height\" content=\"226\" \/>\n\t<meta property=\"og:image:type\" content=\"image\/jpeg\" \/>\n<meta name=\"twitter:card\" content=\"summary_large_image\" \/>\n<meta name=\"twitter:label1\" content=\"Tiempo de lectura\" \/>\n\t<meta name=\"twitter:data1\" content=\"2 minutos\" \/>\n<script type=\"application\/ld+json\" class=\"yoast-schema-graph\">{\"@context\":\"https:\\\/\\\/schema.org\",\"@graph\":[{\"@type\":\"Article\",\"@id\":\"https:\\\/\\\/fmgente.com.ar\\\/web\\\/juntos-zaira-nara-y-jakob-von-plessen-sorprendieron-con-una-foto-que-desato-rumores-de-reconciliacion\\\/#article\",\"isPartOf\":{\"@id\":\"https:\\\/\\\/fmgente.com.ar\\\/web\\\/juntos-zaira-nara-y-jakob-von-plessen-sorprendieron-con-una-foto-que-desato-rumores-de-reconciliacion\\\/\"},\"author\":{\"name\":\"\",\"@id\":\"\"},\"headline\":\"\u00a1Juntos! Zaira Nara y Jakob Von Plessen sorprendieron con una foto que desat\u00f3 rumores de reconciliaci\u00f3n\",\"datePublished\":\"2025-11-06T14:04:52+00:00\",\"mainEntityOfPage\":{\"@id\":\"https:\\\/\\\/fmgente.com.ar\\\/web\\\/juntos-zaira-nara-y-jakob-von-plessen-sorprendieron-con-una-foto-que-desato-rumores-de-reconciliacion\\\/\"},\"wordCount\":455,\"publisher\":{\"@id\":\"https:\\\/\\\/fmgente.com.ar\\\/web\\\/#organization\"},\"image\":{\"@id\":\"https:\\\/\\\/fmgente.com.ar\\\/web\\\/juntos-zaira-nara-y-jakob-von-plessen-sorprendieron-con-una-foto-que-desato-rumores-de-reconciliacion\\\/#primaryimage\"},\"thumbnailUrl\":\"https:\\\/\\\/fmgente.com.ar\\\/web\\\/wp-content\\\/uploads\\\/2025\\\/11\\\/Zaira-Nara-Wanda-Nara-China-Suarez-359x226-2.jpg\",\"articleSection\":[\"DESTACADAS\"],\"inLanguage\":\"es\"},{\"@type\":\"WebPage\",\"@id\":\"https:\\\/\\\/fmgente.com.ar\\\/web\\\/juntos-zaira-nara-y-jakob-von-plessen-sorprendieron-con-una-foto-que-desato-rumores-de-reconciliacion\\\/\",\"url\":\"https:\\\/\\\/fmgente.com.ar\\\/web\\\/juntos-zaira-nara-y-jakob-von-plessen-sorprendieron-con-una-foto-que-desato-rumores-de-reconciliacion\\\/\",\"name\":\"\u00a1Juntos! Zaira Nara y Jakob Von Plessen sorprendieron con una foto que desat\u00f3 rumores de reconciliaci\u00f3n - Fm Gente\",\"isPartOf\":{\"@id\":\"https:\\\/\\\/fmgente.com.ar\\\/web\\\/#website\"},\"primaryImageOfPage\":{\"@id\":\"https:\\\/\\\/fmgente.com.ar\\\/web\\\/juntos-zaira-nara-y-jakob-von-plessen-sorprendieron-con-una-foto-que-desato-rumores-de-reconciliacion\\\/#primaryimage\"},\"image\":{\"@id\":\"https:\\\/\\\/fmgente.com.ar\\\/web\\\/juntos-zaira-nara-y-jakob-von-plessen-sorprendieron-con-una-foto-que-desato-rumores-de-reconciliacion\\\/#primaryimage\"},\"thumbnailUrl\":\"https:\\\/\\\/fmgente.com.ar\\\/web\\\/wp-content\\\/uploads\\\/2025\\\/11\\\/Zaira-Nara-Wanda-Nara-China-Suarez-359x226-2.jpg\",\"datePublished\":\"2025-11-06T14:04:52+00:00\",\"inLanguage\":\"es\",\"potentialAction\":[{\"@type\":\"ReadAction\",\"target\":[\"https:\\\/\\\/fmgente.com.ar\\\/web\\\/juntos-zaira-nara-y-jakob-von-plessen-sorprendieron-con-una-foto-que-desato-rumores-de-reconciliacion\\\/\"]}]},{\"@type\":\"ImageObject\",\"inLanguage\":\"es\",\"@id\":\"https:\\\/\\\/fmgente.com.ar\\\/web\\\/juntos-zaira-nara-y-jakob-von-plessen-sorprendieron-con-una-foto-que-desato-rumores-de-reconciliacion\\\/#primaryimage\",\"url\":\"https:\\\/\\\/fmgente.com.ar\\\/web\\\/wp-content\\\/uploads\\\/2025\\\/11\\\/Zaira-Nara-Wanda-Nara-China-Suarez-359x226-2.jpg\",\"contentUrl\":\"https:\\\/\\\/fmgente.com.ar\\\/web\\\/wp-content\\\/uploads\\\/2025\\\/11\\\/Zaira-Nara-Wanda-Nara-China-Suarez-359x226-2.jpg\",\"width\":359,\"height\":226},{\"@type\":\"WebSite\",\"@id\":\"https:\\\/\\\/fmgente.com.ar\\\/web\\\/#website\",\"url\":\"https:\\\/\\\/fmgente.com.ar\\\/web\\\/\",\"name\":\"Fm Gente\",\"description\":\"- Jes\u00fas Mar\u00eda\",\"publisher\":{\"@id\":\"https:\\\/\\\/fmgente.com.ar\\\/web\\\/#organization\"},\"potentialAction\":[{\"@type\":\"SearchAction\",\"target\":{\"@type\":\"EntryPoint\",\"urlTemplate\":\"https:\\\/\\\/fmgente.com.ar\\\/web\\\/?s={search_term_string}\"},\"query-input\":{\"@type\":\"PropertyValueSpecification\",\"valueRequired\":true,\"valueName\":\"search_term_string\"}}],\"inLanguage\":\"es\"},{\"@type\":\"Organization\",\"@id\":\"https:\\\/\\\/fmgente.com.ar\\\/web\\\/#organization\",\"name\":\"Fm Gente\",\"url\":\"https:\\\/\\\/fmgente.com.ar\\\/web\\\/\",\"logo\":{\"@type\":\"ImageObject\",\"inLanguage\":\"es\",\"@id\":\"https:\\\/\\\/fmgente.com.ar\\\/web\\\/#\\\/schema\\\/logo\\\/image\\\/\",\"url\":\"https:\\\/\\\/fmgente.com.ar\\\/web\\\/wp-content\\\/uploads\\\/2023\\\/07\\\/cropped-cropped-logo-sombra2.png\",\"contentUrl\":\"https:\\\/\\\/fmgente.com.ar\\\/web\\\/wp-content\\\/uploads\\\/2023\\\/07\\\/cropped-cropped-logo-sombra2.png\",\"width\":1782,\"height\":1782,\"caption\":\"Fm Gente\"},\"image\":{\"@id\":\"https:\\\/\\\/fmgente.com.ar\\\/web\\\/#\\\/schema\\\/logo\\\/image\\\/\"}}]}<\/script>\n<!-- \/ Yoast SEO plugin. -->","yoast_head_json":{"title":"\u00a1Juntos! Zaira Nara y Jakob Von Plessen sorprendieron con una foto que desat\u00f3 rumores de reconciliaci\u00f3n - Fm Gente","robots":{"index":"index","follow":"follow","max-snippet":"max-snippet:-1","max-image-preview":"max-image-preview:large","max-video-preview":"max-video-preview:-1"},"canonical":"https:\/\/fmgente.com.ar\/web\/juntos-zaira-nara-y-jakob-von-plessen-sorprendieron-con-una-foto-que-desato-rumores-de-reconciliacion\/","og_locale":"es_ES","og_type":"article","og_title":"\u00a1Juntos! Zaira Nara y Jakob Von Plessen sorprendieron con una foto que desat\u00f3 rumores de reconciliaci\u00f3n - Fm Gente","og_description":"Zaira Nara y Jakob Von Plessen volvieron a mostrarse juntos y a regalar una hermosa","og_url":"https:\/\/fmgente.com.ar\/web\/juntos-zaira-nara-y-jakob-von-plessen-sorprendieron-con-una-foto-que-desato-rumores-de-reconciliacion\/","og_site_name":"Fm Gente","article_published_time":"2025-11-06T14:04:52+00:00","og_image":[{"width":359,"height":226,"url":"https:\/\/fmgente.com.ar\/web\/wp-content\/uploads\/2025\/11\/Zaira-Nara-Wanda-Nara-China-Suarez-359x226-2.jpg","type":"image\/jpeg"}],"twitter_card":"summary_large_image","twitter_misc":{"Tiempo de lectura":"2 minutos"},"schema":{"@context":"https:\/\/schema.org","@graph":[{"@type":"Article","@id":"https:\/\/fmgente.com.ar\/web\/juntos-zaira-nara-y-jakob-von-plessen-sorprendieron-con-una-foto-que-desato-rumores-de-reconciliacion\/#article","isPartOf":{"@id":"https:\/\/fmgente.com.ar\/web\/juntos-zaira-nara-y-jakob-von-plessen-sorprendieron-con-una-foto-que-desato-rumores-de-reconciliacion\/"},"author":{"name":"","@id":""},"headline":"\u00a1Juntos! Zaira Nara y Jakob Von Plessen sorprendieron con una foto que desat\u00f3 rumores de reconciliaci\u00f3n","datePublished":"2025-11-06T14:04:52+00:00","mainEntityOfPage":{"@id":"https:\/\/fmgente.com.ar\/web\/juntos-zaira-nara-y-jakob-von-plessen-sorprendieron-con-una-foto-que-desato-rumores-de-reconciliacion\/"},"wordCount":455,"publisher":{"@id":"https:\/\/fmgente.com.ar\/web\/#organization"},"image":{"@id":"https:\/\/fmgente.com.ar\/web\/juntos-zaira-nara-y-jakob-von-plessen-sorprendieron-con-una-foto-que-desato-rumores-de-reconciliacion\/#primaryimage"},"thumbnailUrl":"https:\/\/fmgente.com.ar\/web\/wp-content\/uploads\/2025\/11\/Zaira-Nara-Wanda-Nara-China-Suarez-359x226-2.jpg","articleSection":["DESTACADAS"],"inLanguage":"es"},{"@type":"WebPage","@id":"https:\/\/fmgente.com.ar\/web\/juntos-zaira-nara-y-jakob-von-plessen-sorprendieron-con-una-foto-que-desato-rumores-de-reconciliacion\/","url":"https:\/\/fmgente.com.ar\/web\/juntos-zaira-nara-y-jakob-von-plessen-sorprendieron-con-una-foto-que-desato-rumores-de-reconciliacion\/","name":"\u00a1Juntos! Zaira Nara y Jakob Von Plessen sorprendieron con una foto que desat\u00f3 rumores de reconciliaci\u00f3n - Fm Gente","isPartOf":{"@id":"https:\/\/fmgente.com.ar\/web\/#website"},"primaryImageOfPage":{"@id":"https:\/\/fmgente.com.ar\/web\/juntos-zaira-nara-y-jakob-von-plessen-sorprendieron-con-una-foto-que-desato-rumores-de-reconciliacion\/#primaryimage"},"image":{"@id":"https:\/\/fmgente.com.ar\/web\/juntos-zaira-nara-y-jakob-von-plessen-sorprendieron-con-una-foto-que-desato-rumores-de-reconciliacion\/#primaryimage"},"thumbnailUrl":"https:\/\/fmgente.com.ar\/web\/wp-content\/uploads\/2025\/11\/Zaira-Nara-Wanda-Nara-China-Suarez-359x226-2.jpg","datePublished":"2025-11-06T14:04:52+00:00","inLanguage":"es","potentialAction":[{"@type":"ReadAction","target":["https:\/\/fmgente.com.ar\/web\/juntos-zaira-nara-y-jakob-von-plessen-sorprendieron-con-una-foto-que-desato-rumores-de-reconciliacion\/"]}]},{"@type":"ImageObject","inLanguage":"es","@id":"https:\/\/fmgente.com.ar\/web\/juntos-zaira-nara-y-jakob-von-plessen-sorprendieron-con-una-foto-que-desato-rumores-de-reconciliacion\/#primaryimage","url":"https:\/\/fmgente.com.ar\/web\/wp-content\/uploads\/2025\/11\/Zaira-Nara-Wanda-Nara-China-Suarez-359x226-2.jpg","contentUrl":"https:\/\/fmgente.com.ar\/web\/wp-content\/uploads\/2025\/11\/Zaira-Nara-Wanda-Nara-China-Suarez-359x226-2.jpg","width":359,"height":226},{"@type":"WebSite","@id":"https:\/\/fmgente.com.ar\/web\/#website","url":"https:\/\/fmgente.com.ar\/web\/","name":"Fm Gente","description":"- Jes\u00fas Mar\u00eda","publisher":{"@id":"https:\/\/fmgente.com.ar\/web\/#organization"},"potentialAction":[{"@type":"SearchAction","target":{"@type":"EntryPoint","urlTemplate":"https:\/\/fmgente.com.ar\/web\/?s={search_term_string}"},"query-input":{"@type":"PropertyValueSpecification","valueRequired":true,"valueName":"search_term_string"}}],"inLanguage":"es"},{"@type":"Organization","@id":"https:\/\/fmgente.com.ar\/web\/#organization","name":"Fm Gente","url":"https:\/\/fmgente.com.ar\/web\/","logo":{"@type":"ImageObject","inLanguage":"es","@id":"https:\/\/fmgente.com.ar\/web\/#\/schema\/logo\/image\/","url":"https:\/\/fmgente.com.ar\/web\/wp-content\/uploads\/2023\/07\/cropped-cropped-logo-sombra2.png","contentUrl":"https:\/\/fmgente.com.ar\/web\/wp-content\/uploads\/2023\/07\/cropped-cropped-logo-sombra2.png","width":1782,"height":1782,"caption":"Fm Gente"},"image":{"@id":"https:\/\/fmgente.com.ar\/web\/#\/schema\/logo\/image\/"}}]}},"_links":{"self":[{"href":"https:\/\/fmgente.com.ar\/web\/wp-json\/wp\/v2\/posts\/8890","targetHints":{"allow":["GET"]}}],"collection":[{"href":"https:\/\/fmgente.com.ar\/web\/wp-json\/wp\/v2\/posts"}],"about":[{"href":"https:\/\/fmgente.com.ar\/web\/wp-json\/wp\/v2\/types\/post"}],"replies":[{"embeddable":true,"href":"https:\/\/fmgente.com.ar\/web\/wp-json\/wp\/v2\/comments?post=8890"}],"version-history":[{"count":0,"href":"https:\/\/fmgente.com.ar\/web\/wp-json\/wp\/v2\/posts\/8890\/revisions"}],"wp:featuredmedia":[{"embeddable":true,"href":"https:\/\/fmgente.com.ar\/web\/wp-json\/wp\/v2\/media\/8891"}],"wp:attachment":[{"href":"https:\/\/fmgente.com.ar\/web\/wp-json\/wp\/v2\/media?parent=8890"}],"wp:term":[{"taxonomy":"category","embeddable":true,"href":"https:\/\/fmgente.com.ar\/web\/wp-json\/wp\/v2\/categories?post=8890"},{"taxonomy":"post_tag","embeddable":true,"href":"https:\/\/fmgente.com.ar\/web\/wp-json\/wp\/v2\/tags?post=8890"}],"curies":[{"name":"wp","href":"https:\/\/api.w.org\/{rel}","templated":true}]}}