{"id":8886,"date":"2025-11-06T10:04:58","date_gmt":"2025-11-06T13:04:58","guid":{"rendered":"https:\/\/fmgente.com.ar\/sabrina-rojas-apunto-sin-filtro-contra-luciano-castro-tras-verlo-en-la-marcha-del-orgullo\/"},"modified":"2025-11-06T10:04:58","modified_gmt":"2025-11-06T13:04:58","slug":"sabrina-rojas-apunto-sin-filtro-contra-luciano-castro-tras-verlo-en-la-marcha-del-orgullo","status":"publish","type":"post","link":"https:\/\/fmgente.com.ar\/web\/sabrina-rojas-apunto-sin-filtro-contra-luciano-castro-tras-verlo-en-la-marcha-del-orgullo\/","title":{"rendered":"Sabrina Rojas apunt\u00f3 sin filtro contra Luciano Castro tras verlo en la Marcha del Orgullo"},"content":{"rendered":"<p><strong><a href=\"https:\/\/www.paparazzi.com.ar\/?s=Sabrina+Rojas\">Sabrina Rojas,<\/a><\/strong> que <a href=\"https:\/\/www.paparazzi.com.ar\/romances\/sabrina-rojas-confeso-todo-lo-que-siente-por-marcelo-tinelli-en-este-momento-es-hipnotico\/\">confes\u00f3 todo lo que siente por Marcelo Tinelli en este momento<\/a>, volvi\u00f3 a ser noticia por una frase que no pas\u00f3 desapercibida y que muchos interpretaron como una clara indirecta para su exmarido, <strong>Luciano Castro<\/strong>.<\/p>\n<p>Todo ocurri\u00f3 en Pas\u00f3 en Am\u00e9rica, el programa que conduce la actriz, donde hace un tiempo atr\u00e1s <a href=\"https:\/\/www.paparazzi.com.ar\/romances\/tremendo-sabrina-rojas-se-vengo-de-griselda-siciliani-con-un-demoledor-palazo-al-aire-sos-tan\/\">se veng\u00f3 de Griselda Siciliani con un demoledor palazo al aire<\/a>, es as\u00ed que cuando se abordaba el tema de la Marcha del Orgullo 2025, que se realiz\u00f3 el s\u00e1bado 1\u00b0 de noviembre en Buenos Aires Sabrina explot\u00f3.<\/p>\n<p>Mientras su compa\u00f1ero Augusto \u201cTartu\u201d Tart\u00fafoli presentaba un informe sobre el evento, Rojas lanz\u00f3 una frase que desat\u00f3 risas en el estudio y comentarios en las redes: <em>\u201cS\u00ed, estuvo un mont\u00f3n de gente en la Marcha del Orgullo&#8230; que estar\u00eda bueno que est\u00e9 en otros lugares tambi\u00e9n\u201d.<\/em><\/p>\n<div class=\"mt-box \">\n<h4 class=\"mt-heading\">Mir\u00e1 Tambi\u00e9n<\/h4>\n<p><a href=\"https:\/\/www.paparazzi.com.ar\/romances\/exclusivo-nico-vazquez-y-dai-fernandez-juntos-rumbo-a-nueva-york-en-su-primer-viaje-de-novios-nos-estamos\/\"><\/p>\n<div class=\"mt-content\">\n<div class=\"mt-image-container\"><img decoding=\"async\" src=\"https:\/\/www.paparazzi.com.ar\/wp-content\/uploads\/2025\/11\/NICO-VAZQUEZ-DAI-CARLITOS-GONZALES-CREEDITO-5-359x226.jpg\" alt=\"\u00a1Exclusivo! Nico V\u00e1zquez y Dai Fern\u00e1ndez, juntos rumbo a Nueva York en su primer viaje de novios: \u201cNos estamos\u2026\u201d\" class=\"mt-image\" loading=\"lazy\" \/><\/div>\n<h5 class=\"mt-title\">\u00a1Exclusivo! Nico V\u00e1zquez y Dai Fern\u00e1ndez, juntos rumbo a Nueva York en su primer viaje de novios: \u201cNos estamos\u2026\u201d<\/h5>\n<\/div>\n<p><\/a><\/div>\n<p>El comentario, aunque sin nombres propios, fue interpretado r\u00e1pidamente por los espectadores como un palito dirigido a Luciano Castro, su expareja y padre de sus hijos. El actor hab\u00eda sido fotografiado durante la marcha junto a <strong>Griselda Siciliani<\/strong>, con quien mantiene un amor\u00edo. <\/p>\n<p>No es la primera vez que Sabrina deja entrever tensiones con Castro. Hace algunos meses, la actriz lo hab\u00eda calificado de \u201cpadre poco presente\u201d, generando una fuerte respuesta p\u00fablica del actor, que defendi\u00f3 su rol y pidi\u00f3 que los temas familiares se trataran en privado.<\/p>\n<div class=\"mt-box \">\n<h4 class=\"mt-heading\">Mir\u00e1 Tambi\u00e9n<\/h4>\n<p><a href=\"https:\/\/www.paparazzi.com.ar\/romances\/luciano-castro-revelo-como-quedo-su-relacion-con-griselda-siciliani-tras-el-escandalo-con-flor-vigna-la-foto\/\"><\/p>\n<div class=\"mt-content\">\n<div class=\"mt-image-container\"><img decoding=\"async\" src=\"https:\/\/www.paparazzi.com.ar\/wp-content\/uploads\/2025\/04\/Griselda-Siciliani-y-Luciano-Castro.jpg.webp\" alt=\"Luciano Castro revel\u00f3 c\u00f3mo qued\u00f3 su relaci\u00f3n con Griselda Siciliani tras el esc\u00e1ndalo con Flor Vigna: la foto\" class=\"mt-image\" loading=\"lazy\" \/><\/div>\n<h5 class=\"mt-title\">Luciano Castro revel\u00f3 c\u00f3mo qued\u00f3 su relaci\u00f3n con Griselda Siciliani tras el esc\u00e1ndalo con Flor Vigna: la foto<\/h5>\n<\/div>\n<p><\/a><\/div>\n<p>Esta nueva declaraci\u00f3n, sin embargo, volvi\u00f3 a poner a la ex pareja en el centro de la escena medi\u00e1tica. El tono ir\u00f3nico de Sabrina fue suficiente para que las redes se llenaran de comentarios y memes. Muchos usuarios destacaron su sentido del humor, mientras otros le criticaron por no soltar el pasado.<\/p>\n<p>Por su parte, <strong>Luciano Castro<\/strong> no realiz\u00f3 declaraciones p\u00fablicas sobre el comentario, aunque en sus redes comparti\u00f3 fotos del evento con mensajes de apoyo a la comunidad LGBTQ+ y la importancia de la inclusi\u00f3n. En tanto, Sabrina contin\u00faa con su carrera como conductora, mientras equilibra su faceta profesional con la maternidad.<\/p>\n<div class=\"mt-box \">\n<h4 class=\"mt-heading\">Mir\u00e1 Tambi\u00e9n<\/h4>\n<p><a href=\"https:\/\/www.paparazzi.com.ar\/teve\/el-ataque-de-furia-de-griselda-siciliani-contra-una-fanatica-que-la-ataco-por-politica-y-esta\/\"><\/p>\n<div class=\"mt-content\">\n<div class=\"mt-image-container\"><img decoding=\"async\" src=\"https:\/\/www.paparazzi.com.ar\/wp-content\/uploads\/2024\/11\/SICILIANI-1.jpg.webp\" alt=\"El ataque de furia de Griselda Siciliani contra una fan\u00e1tica que la atac\u00f3 por pol\u00edtica: &quot;\u00bfY esta?&quot;\" class=\"mt-image\" loading=\"lazy\" \/><\/div>\n<h5 class=\"mt-title\">El ataque de furia de Griselda Siciliani contra una fan\u00e1tica que la atac\u00f3 por pol\u00edtica: \u00ab\u00bfY esta?\u00bb<\/h5>\n<\/div>\n<p><\/a><\/div>\n<p><\/p>\n<div class=\"mt-box \">\n<h4 class=\"mt-heading\">Mir\u00e1 Tambi\u00e9n<\/h4>\n<p><a href=\"https:\/\/www.paparazzi.com.ar\/romances\/flor-vigna-prediccion-griselda-siciliani-luciano-castro\/\"><\/p>\n<div class=\"mt-content\">\n<div class=\"mt-image-container\"><img decoding=\"async\" src=\"https:\/\/www.paparazzi.com.ar\/wp-content\/uploads\/2025\/09\/flor-vigna-grisenda-siciliani-luciano-castro.jpg.webp\" alt=\"\u00a1Odiada! El macabro augurio de Flor Vigna a Griselda Siciliani sobre Luciano Castro: \u201cElla va a tener algo\u2026\u201d\" class=\"mt-image\" loading=\"lazy\" \/><\/div>\n<h5 class=\"mt-title\">\u00a1Odiada! El macabro augurio de Flor Vigna a Griselda Siciliani sobre Luciano Castro: \u201cElla va a tener algo\u2026\u201d<\/h5>\n<\/div>\n<p><\/a><\/div>\n<p>The post <a href=\"https:\/\/www.paparazzi.com.ar\/teve\/sabrina-rojas-apunto-sin-filtro-contra-luciano-castro-tras-verlo-en-la-marcha-del-orgullo\/\">Sabrina Rojas apunt\u00f3 sin filtro contra Luciano Castro tras verlo en la Marcha del Orgullo<\/a> appeared first on <a href=\"https:\/\/www.paparazzi.com.ar\">Revista Paparazzi<\/a>.<\/p>\n","protected":false},"excerpt":{"rendered":"<p>Sabrina Rojas, que confes\u00f3 todo lo que siente por Marcelo Tinelli en este momento, volvi\u00f3<\/p>\n","protected":false},"author":0,"featured_media":8887,"comment_status":"","ping_status":"","sticky":false,"template":"","format":"standard","meta":{"footnotes":""},"categories":[11],"tags":[],"class_list":["post-8886","post","type-post","status-publish","format-standard","has-post-thumbnail","hentry","category-destacadas"],"yoast_head":"<!-- This site is optimized with the Yoast SEO plugin v27.4 - https:\/\/yoast.com\/product\/yoast-seo-wordpress\/ -->\n<title>Sabrina Rojas apunt\u00f3 sin filtro contra Luciano Castro tras verlo en la Marcha del Orgullo - Fm Gente<\/title>\n<meta name=\"robots\" content=\"index, follow, max-snippet:-1, max-image-preview:large, max-video-preview:-1\" \/>\n<link rel=\"canonical\" href=\"https:\/\/fmgente.com.ar\/web\/sabrina-rojas-apunto-sin-filtro-contra-luciano-castro-tras-verlo-en-la-marcha-del-orgullo\/\" \/>\n<meta property=\"og:locale\" content=\"es_ES\" \/>\n<meta property=\"og:type\" content=\"article\" \/>\n<meta property=\"og:title\" content=\"Sabrina Rojas apunt\u00f3 sin filtro contra Luciano Castro tras verlo en la Marcha del Orgullo - Fm Gente\" \/>\n<meta property=\"og:description\" content=\"Sabrina Rojas, que confes\u00f3 todo lo que siente por Marcelo Tinelli en este momento, volvi\u00f3\" \/>\n<meta property=\"og:url\" content=\"https:\/\/fmgente.com.ar\/web\/sabrina-rojas-apunto-sin-filtro-contra-luciano-castro-tras-verlo-en-la-marcha-del-orgullo\/\" \/>\n<meta property=\"og:site_name\" content=\"Fm Gente\" \/>\n<meta property=\"article:published_time\" content=\"2025-11-06T13:04:58+00:00\" \/>\n<meta property=\"og:image\" content=\"https:\/\/fmgente.com.ar\/web\/wp-content\/uploads\/2025\/11\/NICO-VAZQUEZ-DAI-CARLITOS-GONZALES-CREEDITO-5-359x226-26.jpg\" \/>\n\t<meta property=\"og:image:width\" content=\"359\" \/>\n\t<meta property=\"og:image:height\" content=\"226\" \/>\n\t<meta property=\"og:image:type\" content=\"image\/jpeg\" \/>\n<meta name=\"twitter:card\" content=\"summary_large_image\" \/>\n<meta name=\"twitter:label1\" content=\"Tiempo de lectura\" \/>\n\t<meta name=\"twitter:data1\" content=\"2 minutos\" \/>\n<script type=\"application\/ld+json\" class=\"yoast-schema-graph\">{\"@context\":\"https:\\\/\\\/schema.org\",\"@graph\":[{\"@type\":\"Article\",\"@id\":\"https:\\\/\\\/fmgente.com.ar\\\/web\\\/sabrina-rojas-apunto-sin-filtro-contra-luciano-castro-tras-verlo-en-la-marcha-del-orgullo\\\/#article\",\"isPartOf\":{\"@id\":\"https:\\\/\\\/fmgente.com.ar\\\/web\\\/sabrina-rojas-apunto-sin-filtro-contra-luciano-castro-tras-verlo-en-la-marcha-del-orgullo\\\/\"},\"author\":{\"name\":\"\",\"@id\":\"\"},\"headline\":\"Sabrina Rojas apunt\u00f3 sin filtro contra Luciano Castro tras verlo en la Marcha del Orgullo\",\"datePublished\":\"2025-11-06T13:04:58+00:00\",\"mainEntityOfPage\":{\"@id\":\"https:\\\/\\\/fmgente.com.ar\\\/web\\\/sabrina-rojas-apunto-sin-filtro-contra-luciano-castro-tras-verlo-en-la-marcha-del-orgullo\\\/\"},\"wordCount\":476,\"publisher\":{\"@id\":\"https:\\\/\\\/fmgente.com.ar\\\/web\\\/#organization\"},\"image\":{\"@id\":\"https:\\\/\\\/fmgente.com.ar\\\/web\\\/sabrina-rojas-apunto-sin-filtro-contra-luciano-castro-tras-verlo-en-la-marcha-del-orgullo\\\/#primaryimage\"},\"thumbnailUrl\":\"https:\\\/\\\/fmgente.com.ar\\\/web\\\/wp-content\\\/uploads\\\/2025\\\/11\\\/NICO-VAZQUEZ-DAI-CARLITOS-GONZALES-CREEDITO-5-359x226-26.jpg\",\"articleSection\":[\"DESTACADAS\"],\"inLanguage\":\"es\"},{\"@type\":\"WebPage\",\"@id\":\"https:\\\/\\\/fmgente.com.ar\\\/web\\\/sabrina-rojas-apunto-sin-filtro-contra-luciano-castro-tras-verlo-en-la-marcha-del-orgullo\\\/\",\"url\":\"https:\\\/\\\/fmgente.com.ar\\\/web\\\/sabrina-rojas-apunto-sin-filtro-contra-luciano-castro-tras-verlo-en-la-marcha-del-orgullo\\\/\",\"name\":\"Sabrina Rojas apunt\u00f3 sin filtro contra Luciano Castro tras verlo en la Marcha del Orgullo - Fm Gente\",\"isPartOf\":{\"@id\":\"https:\\\/\\\/fmgente.com.ar\\\/web\\\/#website\"},\"primaryImageOfPage\":{\"@id\":\"https:\\\/\\\/fmgente.com.ar\\\/web\\\/sabrina-rojas-apunto-sin-filtro-contra-luciano-castro-tras-verlo-en-la-marcha-del-orgullo\\\/#primaryimage\"},\"image\":{\"@id\":\"https:\\\/\\\/fmgente.com.ar\\\/web\\\/sabrina-rojas-apunto-sin-filtro-contra-luciano-castro-tras-verlo-en-la-marcha-del-orgullo\\\/#primaryimage\"},\"thumbnailUrl\":\"https:\\\/\\\/fmgente.com.ar\\\/web\\\/wp-content\\\/uploads\\\/2025\\\/11\\\/NICO-VAZQUEZ-DAI-CARLITOS-GONZALES-CREEDITO-5-359x226-26.jpg\",\"datePublished\":\"2025-11-06T13:04:58+00:00\",\"inLanguage\":\"es\",\"potentialAction\":[{\"@type\":\"ReadAction\",\"target\":[\"https:\\\/\\\/fmgente.com.ar\\\/web\\\/sabrina-rojas-apunto-sin-filtro-contra-luciano-castro-tras-verlo-en-la-marcha-del-orgullo\\\/\"]}]},{\"@type\":\"ImageObject\",\"inLanguage\":\"es\",\"@id\":\"https:\\\/\\\/fmgente.com.ar\\\/web\\\/sabrina-rojas-apunto-sin-filtro-contra-luciano-castro-tras-verlo-en-la-marcha-del-orgullo\\\/#primaryimage\",\"url\":\"https:\\\/\\\/fmgente.com.ar\\\/web\\\/wp-content\\\/uploads\\\/2025\\\/11\\\/NICO-VAZQUEZ-DAI-CARLITOS-GONZALES-CREEDITO-5-359x226-26.jpg\",\"contentUrl\":\"https:\\\/\\\/fmgente.com.ar\\\/web\\\/wp-content\\\/uploads\\\/2025\\\/11\\\/NICO-VAZQUEZ-DAI-CARLITOS-GONZALES-CREEDITO-5-359x226-26.jpg\",\"width\":359,\"height\":226},{\"@type\":\"WebSite\",\"@id\":\"https:\\\/\\\/fmgente.com.ar\\\/web\\\/#website\",\"url\":\"https:\\\/\\\/fmgente.com.ar\\\/web\\\/\",\"name\":\"Fm Gente\",\"description\":\"- Jes\u00fas Mar\u00eda\",\"publisher\":{\"@id\":\"https:\\\/\\\/fmgente.com.ar\\\/web\\\/#organization\"},\"potentialAction\":[{\"@type\":\"SearchAction\",\"target\":{\"@type\":\"EntryPoint\",\"urlTemplate\":\"https:\\\/\\\/fmgente.com.ar\\\/web\\\/?s={search_term_string}\"},\"query-input\":{\"@type\":\"PropertyValueSpecification\",\"valueRequired\":true,\"valueName\":\"search_term_string\"}}],\"inLanguage\":\"es\"},{\"@type\":\"Organization\",\"@id\":\"https:\\\/\\\/fmgente.com.ar\\\/web\\\/#organization\",\"name\":\"Fm Gente\",\"url\":\"https:\\\/\\\/fmgente.com.ar\\\/web\\\/\",\"logo\":{\"@type\":\"ImageObject\",\"inLanguage\":\"es\",\"@id\":\"https:\\\/\\\/fmgente.com.ar\\\/web\\\/#\\\/schema\\\/logo\\\/image\\\/\",\"url\":\"https:\\\/\\\/fmgente.com.ar\\\/web\\\/wp-content\\\/uploads\\\/2023\\\/07\\\/cropped-cropped-logo-sombra2.png\",\"contentUrl\":\"https:\\\/\\\/fmgente.com.ar\\\/web\\\/wp-content\\\/uploads\\\/2023\\\/07\\\/cropped-cropped-logo-sombra2.png\",\"width\":1782,\"height\":1782,\"caption\":\"Fm Gente\"},\"image\":{\"@id\":\"https:\\\/\\\/fmgente.com.ar\\\/web\\\/#\\\/schema\\\/logo\\\/image\\\/\"}}]}<\/script>\n<!-- \/ Yoast SEO plugin. -->","yoast_head_json":{"title":"Sabrina Rojas apunt\u00f3 sin filtro contra Luciano Castro tras verlo en la Marcha del Orgullo - Fm Gente","robots":{"index":"index","follow":"follow","max-snippet":"max-snippet:-1","max-image-preview":"max-image-preview:large","max-video-preview":"max-video-preview:-1"},"canonical":"https:\/\/fmgente.com.ar\/web\/sabrina-rojas-apunto-sin-filtro-contra-luciano-castro-tras-verlo-en-la-marcha-del-orgullo\/","og_locale":"es_ES","og_type":"article","og_title":"Sabrina Rojas apunt\u00f3 sin filtro contra Luciano Castro tras verlo en la Marcha del Orgullo - Fm Gente","og_description":"Sabrina Rojas, que confes\u00f3 todo lo que siente por Marcelo Tinelli en este momento, volvi\u00f3","og_url":"https:\/\/fmgente.com.ar\/web\/sabrina-rojas-apunto-sin-filtro-contra-luciano-castro-tras-verlo-en-la-marcha-del-orgullo\/","og_site_name":"Fm Gente","article_published_time":"2025-11-06T13:04:58+00:00","og_image":[{"width":359,"height":226,"url":"https:\/\/fmgente.com.ar\/web\/wp-content\/uploads\/2025\/11\/NICO-VAZQUEZ-DAI-CARLITOS-GONZALES-CREEDITO-5-359x226-26.jpg","type":"image\/jpeg"}],"twitter_card":"summary_large_image","twitter_misc":{"Tiempo de lectura":"2 minutos"},"schema":{"@context":"https:\/\/schema.org","@graph":[{"@type":"Article","@id":"https:\/\/fmgente.com.ar\/web\/sabrina-rojas-apunto-sin-filtro-contra-luciano-castro-tras-verlo-en-la-marcha-del-orgullo\/#article","isPartOf":{"@id":"https:\/\/fmgente.com.ar\/web\/sabrina-rojas-apunto-sin-filtro-contra-luciano-castro-tras-verlo-en-la-marcha-del-orgullo\/"},"author":{"name":"","@id":""},"headline":"Sabrina Rojas apunt\u00f3 sin filtro contra Luciano Castro tras verlo en la Marcha del Orgullo","datePublished":"2025-11-06T13:04:58+00:00","mainEntityOfPage":{"@id":"https:\/\/fmgente.com.ar\/web\/sabrina-rojas-apunto-sin-filtro-contra-luciano-castro-tras-verlo-en-la-marcha-del-orgullo\/"},"wordCount":476,"publisher":{"@id":"https:\/\/fmgente.com.ar\/web\/#organization"},"image":{"@id":"https:\/\/fmgente.com.ar\/web\/sabrina-rojas-apunto-sin-filtro-contra-luciano-castro-tras-verlo-en-la-marcha-del-orgullo\/#primaryimage"},"thumbnailUrl":"https:\/\/fmgente.com.ar\/web\/wp-content\/uploads\/2025\/11\/NICO-VAZQUEZ-DAI-CARLITOS-GONZALES-CREEDITO-5-359x226-26.jpg","articleSection":["DESTACADAS"],"inLanguage":"es"},{"@type":"WebPage","@id":"https:\/\/fmgente.com.ar\/web\/sabrina-rojas-apunto-sin-filtro-contra-luciano-castro-tras-verlo-en-la-marcha-del-orgullo\/","url":"https:\/\/fmgente.com.ar\/web\/sabrina-rojas-apunto-sin-filtro-contra-luciano-castro-tras-verlo-en-la-marcha-del-orgullo\/","name":"Sabrina Rojas apunt\u00f3 sin filtro contra Luciano Castro tras verlo en la Marcha del Orgullo - Fm Gente","isPartOf":{"@id":"https:\/\/fmgente.com.ar\/web\/#website"},"primaryImageOfPage":{"@id":"https:\/\/fmgente.com.ar\/web\/sabrina-rojas-apunto-sin-filtro-contra-luciano-castro-tras-verlo-en-la-marcha-del-orgullo\/#primaryimage"},"image":{"@id":"https:\/\/fmgente.com.ar\/web\/sabrina-rojas-apunto-sin-filtro-contra-luciano-castro-tras-verlo-en-la-marcha-del-orgullo\/#primaryimage"},"thumbnailUrl":"https:\/\/fmgente.com.ar\/web\/wp-content\/uploads\/2025\/11\/NICO-VAZQUEZ-DAI-CARLITOS-GONZALES-CREEDITO-5-359x226-26.jpg","datePublished":"2025-11-06T13:04:58+00:00","inLanguage":"es","potentialAction":[{"@type":"ReadAction","target":["https:\/\/fmgente.com.ar\/web\/sabrina-rojas-apunto-sin-filtro-contra-luciano-castro-tras-verlo-en-la-marcha-del-orgullo\/"]}]},{"@type":"ImageObject","inLanguage":"es","@id":"https:\/\/fmgente.com.ar\/web\/sabrina-rojas-apunto-sin-filtro-contra-luciano-castro-tras-verlo-en-la-marcha-del-orgullo\/#primaryimage","url":"https:\/\/fmgente.com.ar\/web\/wp-content\/uploads\/2025\/11\/NICO-VAZQUEZ-DAI-CARLITOS-GONZALES-CREEDITO-5-359x226-26.jpg","contentUrl":"https:\/\/fmgente.com.ar\/web\/wp-content\/uploads\/2025\/11\/NICO-VAZQUEZ-DAI-CARLITOS-GONZALES-CREEDITO-5-359x226-26.jpg","width":359,"height":226},{"@type":"WebSite","@id":"https:\/\/fmgente.com.ar\/web\/#website","url":"https:\/\/fmgente.com.ar\/web\/","name":"Fm Gente","description":"- Jes\u00fas Mar\u00eda","publisher":{"@id":"https:\/\/fmgente.com.ar\/web\/#organization"},"potentialAction":[{"@type":"SearchAction","target":{"@type":"EntryPoint","urlTemplate":"https:\/\/fmgente.com.ar\/web\/?s={search_term_string}"},"query-input":{"@type":"PropertyValueSpecification","valueRequired":true,"valueName":"search_term_string"}}],"inLanguage":"es"},{"@type":"Organization","@id":"https:\/\/fmgente.com.ar\/web\/#organization","name":"Fm Gente","url":"https:\/\/fmgente.com.ar\/web\/","logo":{"@type":"ImageObject","inLanguage":"es","@id":"https:\/\/fmgente.com.ar\/web\/#\/schema\/logo\/image\/","url":"https:\/\/fmgente.com.ar\/web\/wp-content\/uploads\/2023\/07\/cropped-cropped-logo-sombra2.png","contentUrl":"https:\/\/fmgente.com.ar\/web\/wp-content\/uploads\/2023\/07\/cropped-cropped-logo-sombra2.png","width":1782,"height":1782,"caption":"Fm Gente"},"image":{"@id":"https:\/\/fmgente.com.ar\/web\/#\/schema\/logo\/image\/"}}]}},"_links":{"self":[{"href":"https:\/\/fmgente.com.ar\/web\/wp-json\/wp\/v2\/posts\/8886","targetHints":{"allow":["GET"]}}],"collection":[{"href":"https:\/\/fmgente.com.ar\/web\/wp-json\/wp\/v2\/posts"}],"about":[{"href":"https:\/\/fmgente.com.ar\/web\/wp-json\/wp\/v2\/types\/post"}],"replies":[{"embeddable":true,"href":"https:\/\/fmgente.com.ar\/web\/wp-json\/wp\/v2\/comments?post=8886"}],"version-history":[{"count":0,"href":"https:\/\/fmgente.com.ar\/web\/wp-json\/wp\/v2\/posts\/8886\/revisions"}],"wp:featuredmedia":[{"embeddable":true,"href":"https:\/\/fmgente.com.ar\/web\/wp-json\/wp\/v2\/media\/8887"}],"wp:attachment":[{"href":"https:\/\/fmgente.com.ar\/web\/wp-json\/wp\/v2\/media?parent=8886"}],"wp:term":[{"taxonomy":"category","embeddable":true,"href":"https:\/\/fmgente.com.ar\/web\/wp-json\/wp\/v2\/categories?post=8886"},{"taxonomy":"post_tag","embeddable":true,"href":"https:\/\/fmgente.com.ar\/web\/wp-json\/wp\/v2\/tags?post=8886"}],"curies":[{"name":"wp","href":"https:\/\/api.w.org\/{rel}","templated":true}]}}