{"id":8880,"date":"2025-11-06T08:05:40","date_gmt":"2025-11-06T11:05:40","guid":{"rendered":"https:\/\/fmgente.com.ar\/la-fiesta-del-salame-cultura-disfrute-y-comunidad-en-su-maxima-expresion\/"},"modified":"2025-11-06T08:05:40","modified_gmt":"2025-11-06T11:05:40","slug":"la-fiesta-del-salame-cultura-disfrute-y-comunidad-en-su-maxima-expresion","status":"publish","type":"post","link":"https:\/\/fmgente.com.ar\/web\/la-fiesta-del-salame-cultura-disfrute-y-comunidad-en-su-maxima-expresion\/","title":{"rendered":"La Fiesta del Salame: cultura, disfrute y comunidad en su m\u00e1xima expresi\u00f3n"},"content":{"rendered":"<p>La Fiesta Provincial del Salame T\u00edpico volvi\u00f3 a demostrar que es uno de los eventos m\u00e1s convocantes y queridos de Colonia Caroya. M\u00e1s de 12 mil personas colmaron la avenida en una tarde de m\u00fasica, baile, sabores y tradiciones que convirtieron el espacio p\u00fablico en un gran punto de encuentro para la comunidad.<br \/>\nOrganizada por la Municipalidad junto al Club Agraria, la fiesta \u2014de acceso libre y gratuito\u2014 permiti\u00f3 que vecinos y visitantes compartieran una jornada de disfrute colectivo, reafirmando que la cultura es un derecho y que las celebraciones populares fortalecen los lazos sociales.<br \/>\nEl impacto econ\u00f3mico estimado por la Municipalidad super\u00f3 los 150 millones de pesos, un indicador que refleja el movimiento comercial y la vitalidad que genera el evento en toda la regi\u00f3n.<\/p>\n<p>Satisfacci\u00f3n del p\u00fablico<br \/>\nEl p\u00fablico valor\u00f3 especialmente la organizaci\u00f3n, la limpieza, el ambiente, los espect\u00e1culos y la atenci\u00f3n recibida, otorgando puntajes m\u00e1ximos en todos los aspectos. Nueve de cada diez personas consideraron razonables los precios y casi la totalidad expres\u00f3 su intenci\u00f3n de volver a participar en futuras ediciones. Un dato sobresaliente es que el 32 por ciento visit\u00f3 nuestra ciudad por primera vez lo que refuerza su rol como motor de identidad y promoci\u00f3n tur\u00edstica.<br \/>\nEntre los consultados, el 95 por ciento eran oriundos de la provincia de C\u00f3rdoba. De ellos, el 42 por ciento llegaron desde la ciudad de C\u00f3rdoba y uno de cada cuatro era de otras localidades cordobesas, mientras que en ese mismo nivel se registr\u00f3 la presencia de vecinos de la zona (18 por ciento de Colonia Caroya y 8 por ciento de Jes\u00fas Mar\u00eda).<br \/>\nM\u00e1s de la mitad de los encuestados decidieron venir a la fiesta con su pareja y otros familiares. Sobre su permanencia en el evento, la mayor\u00eda decidi\u00f3 compartir entre tres y cuatro horas. Seis de cada 10 personas, manifestaron sentirse interesados en la gastronom\u00eda y en la experiencia al decidir asistir a la fiesta. El 71 por ciento de los consultados compr\u00f3 salame, ya sea en picada o en piezas.<br \/>\nEstos datos fueron obtenidos de las encuestas realizadas el pasado domingo por el Centro de Estad\u00edsticas Municipal para conocer el nivel de satisfacci\u00f3n con el evento.<\/p>\n<p>Sustentabilidad<br \/>\nCon motivos de disminuir, reciclar y generar un compromiso ambiental en dicho evento, se invit\u00f3 a las personas que asistieron a realizar un \u201cecocanje\u201d de los residuos que generaban por unas golosinas, semillas, plantines o ecobolsas reutilizables donados por diferentes comercios y \u00e1reas municipales.<br \/>\nEn lo que respecta a lo ambiental se logr\u00f3 reducir emisiones de di\u00f3xido de carbono al generase menos residuos mezclados, disminuyendo el transporte y su enterramiento.<br \/>\nLa cantidad de residuos que se gener\u00f3 en dicho evento fue de un 35 por ciento menor al mismo evento del a\u00f1o pasado.<br \/>\nSe recuperaron 50 botellas de vino que vuelven a Bodega Di Candi, 60 botellas de vidrio variadas y 550 botellas de pl\u00e1stico que ser\u00e1n almacenadas y comercializadas por el club Agraria.<br \/>\nTodo este proceso se hizo gracias a Super AR, Di Candi y el club.<\/p>\n<p><img loading=\"lazy\" decoding=\"async\" class=\"alignnone size-full wp-image-114868\" src=\"http:\/\/www.radiocadenanorte.com.ar\/wp-content\/uploads\/2025\/11\/2025-11-06_07h53_56.png\" alt=\"\" width=\"398\" height=\"336\" \/> <img loading=\"lazy\" decoding=\"async\" class=\"alignnone size-full wp-image-114869\" src=\"http:\/\/www.radiocadenanorte.com.ar\/wp-content\/uploads\/2025\/11\/2025-11-06_07h54_39.png\" alt=\"\" width=\"395\" height=\"331\" \/><\/p>\n<p>La entrada <a href=\"https:\/\/www.radiocadenanorte.com.ar\/la-fiesta-del-salame-cultura-disfrute-y-comunidad-en-su-maxima-expresion\/\">La Fiesta del Salame: cultura, disfrute y comunidad en su m\u00e1xima expresi\u00f3n<\/a> se public\u00f3 primero en <a href=\"https:\/\/www.radiocadenanorte.com.ar\">Cadena Norte fm<\/a>.<\/p>\n","protected":false},"excerpt":{"rendered":"<p>La Fiesta Provincial del Salame T\u00edpico volvi\u00f3 a demostrar que es uno de los eventos<\/p>\n","protected":false},"author":0,"featured_media":8881,"comment_status":"","ping_status":"","sticky":false,"template":"","format":"standard","meta":{"footnotes":""},"categories":[1],"tags":[],"class_list":["post-8880","post","type-post","status-publish","format-standard","has-post-thumbnail","hentry","category-regionales"],"yoast_head":"<!-- This site is optimized with the Yoast SEO plugin v27.4 - https:\/\/yoast.com\/product\/yoast-seo-wordpress\/ -->\n<title>La Fiesta del Salame: cultura, disfrute y comunidad en su m\u00e1xima expresi\u00f3n - Fm Gente<\/title>\n<meta name=\"robots\" content=\"index, follow, max-snippet:-1, max-image-preview:large, max-video-preview:-1\" \/>\n<link rel=\"canonical\" href=\"https:\/\/fmgente.com.ar\/web\/la-fiesta-del-salame-cultura-disfrute-y-comunidad-en-su-maxima-expresion\/\" \/>\n<meta property=\"og:locale\" content=\"es_ES\" \/>\n<meta property=\"og:type\" content=\"article\" \/>\n<meta property=\"og:title\" content=\"La Fiesta del Salame: cultura, disfrute y comunidad en su m\u00e1xima expresi\u00f3n - Fm Gente\" \/>\n<meta property=\"og:description\" content=\"La Fiesta Provincial del Salame T\u00edpico volvi\u00f3 a demostrar que es uno de los eventos\" \/>\n<meta property=\"og:url\" content=\"https:\/\/fmgente.com.ar\/web\/la-fiesta-del-salame-cultura-disfrute-y-comunidad-en-su-maxima-expresion\/\" \/>\n<meta property=\"og:site_name\" content=\"Fm Gente\" \/>\n<meta property=\"article:published_time\" content=\"2025-11-06T11:05:40+00:00\" \/>\n<meta property=\"og:image\" content=\"https:\/\/fmgente.com.ar\/web\/wp-content\/uploads\/2025\/11\/2025-11-06_07h53_56.png\" \/>\n\t<meta property=\"og:image:width\" content=\"398\" \/>\n\t<meta property=\"og:image:height\" content=\"336\" \/>\n\t<meta property=\"og:image:type\" content=\"image\/png\" \/>\n<meta name=\"twitter:card\" content=\"summary_large_image\" \/>\n<meta name=\"twitter:label1\" content=\"Tiempo de lectura\" \/>\n\t<meta name=\"twitter:data1\" content=\"3 minutos\" \/>\n<script type=\"application\/ld+json\" class=\"yoast-schema-graph\">{\"@context\":\"https:\\\/\\\/schema.org\",\"@graph\":[{\"@type\":\"Article\",\"@id\":\"https:\\\/\\\/fmgente.com.ar\\\/web\\\/la-fiesta-del-salame-cultura-disfrute-y-comunidad-en-su-maxima-expresion\\\/#article\",\"isPartOf\":{\"@id\":\"https:\\\/\\\/fmgente.com.ar\\\/web\\\/la-fiesta-del-salame-cultura-disfrute-y-comunidad-en-su-maxima-expresion\\\/\"},\"author\":{\"name\":\"\",\"@id\":\"\"},\"headline\":\"La Fiesta del Salame: cultura, disfrute y comunidad en su m\u00e1xima expresi\u00f3n\",\"datePublished\":\"2025-11-06T11:05:40+00:00\",\"mainEntityOfPage\":{\"@id\":\"https:\\\/\\\/fmgente.com.ar\\\/web\\\/la-fiesta-del-salame-cultura-disfrute-y-comunidad-en-su-maxima-expresion\\\/\"},\"wordCount\":555,\"publisher\":{\"@id\":\"https:\\\/\\\/fmgente.com.ar\\\/web\\\/#organization\"},\"image\":{\"@id\":\"https:\\\/\\\/fmgente.com.ar\\\/web\\\/la-fiesta-del-salame-cultura-disfrute-y-comunidad-en-su-maxima-expresion\\\/#primaryimage\"},\"thumbnailUrl\":\"https:\\\/\\\/fmgente.com.ar\\\/web\\\/wp-content\\\/uploads\\\/2025\\\/11\\\/2025-11-06_07h53_56.png\",\"articleSection\":[\"REGIONALES\"],\"inLanguage\":\"es\"},{\"@type\":\"WebPage\",\"@id\":\"https:\\\/\\\/fmgente.com.ar\\\/web\\\/la-fiesta-del-salame-cultura-disfrute-y-comunidad-en-su-maxima-expresion\\\/\",\"url\":\"https:\\\/\\\/fmgente.com.ar\\\/web\\\/la-fiesta-del-salame-cultura-disfrute-y-comunidad-en-su-maxima-expresion\\\/\",\"name\":\"La Fiesta del Salame: cultura, disfrute y comunidad en su m\u00e1xima expresi\u00f3n - Fm Gente\",\"isPartOf\":{\"@id\":\"https:\\\/\\\/fmgente.com.ar\\\/web\\\/#website\"},\"primaryImageOfPage\":{\"@id\":\"https:\\\/\\\/fmgente.com.ar\\\/web\\\/la-fiesta-del-salame-cultura-disfrute-y-comunidad-en-su-maxima-expresion\\\/#primaryimage\"},\"image\":{\"@id\":\"https:\\\/\\\/fmgente.com.ar\\\/web\\\/la-fiesta-del-salame-cultura-disfrute-y-comunidad-en-su-maxima-expresion\\\/#primaryimage\"},\"thumbnailUrl\":\"https:\\\/\\\/fmgente.com.ar\\\/web\\\/wp-content\\\/uploads\\\/2025\\\/11\\\/2025-11-06_07h53_56.png\",\"datePublished\":\"2025-11-06T11:05:40+00:00\",\"inLanguage\":\"es\",\"potentialAction\":[{\"@type\":\"ReadAction\",\"target\":[\"https:\\\/\\\/fmgente.com.ar\\\/web\\\/la-fiesta-del-salame-cultura-disfrute-y-comunidad-en-su-maxima-expresion\\\/\"]}]},{\"@type\":\"ImageObject\",\"inLanguage\":\"es\",\"@id\":\"https:\\\/\\\/fmgente.com.ar\\\/web\\\/la-fiesta-del-salame-cultura-disfrute-y-comunidad-en-su-maxima-expresion\\\/#primaryimage\",\"url\":\"https:\\\/\\\/fmgente.com.ar\\\/web\\\/wp-content\\\/uploads\\\/2025\\\/11\\\/2025-11-06_07h53_56.png\",\"contentUrl\":\"https:\\\/\\\/fmgente.com.ar\\\/web\\\/wp-content\\\/uploads\\\/2025\\\/11\\\/2025-11-06_07h53_56.png\",\"width\":398,\"height\":336},{\"@type\":\"WebSite\",\"@id\":\"https:\\\/\\\/fmgente.com.ar\\\/web\\\/#website\",\"url\":\"https:\\\/\\\/fmgente.com.ar\\\/web\\\/\",\"name\":\"Fm Gente\",\"description\":\"- Jes\u00fas Mar\u00eda\",\"publisher\":{\"@id\":\"https:\\\/\\\/fmgente.com.ar\\\/web\\\/#organization\"},\"potentialAction\":[{\"@type\":\"SearchAction\",\"target\":{\"@type\":\"EntryPoint\",\"urlTemplate\":\"https:\\\/\\\/fmgente.com.ar\\\/web\\\/?s={search_term_string}\"},\"query-input\":{\"@type\":\"PropertyValueSpecification\",\"valueRequired\":true,\"valueName\":\"search_term_string\"}}],\"inLanguage\":\"es\"},{\"@type\":\"Organization\",\"@id\":\"https:\\\/\\\/fmgente.com.ar\\\/web\\\/#organization\",\"name\":\"Fm Gente\",\"url\":\"https:\\\/\\\/fmgente.com.ar\\\/web\\\/\",\"logo\":{\"@type\":\"ImageObject\",\"inLanguage\":\"es\",\"@id\":\"https:\\\/\\\/fmgente.com.ar\\\/web\\\/#\\\/schema\\\/logo\\\/image\\\/\",\"url\":\"https:\\\/\\\/fmgente.com.ar\\\/web\\\/wp-content\\\/uploads\\\/2023\\\/07\\\/cropped-cropped-logo-sombra2.png\",\"contentUrl\":\"https:\\\/\\\/fmgente.com.ar\\\/web\\\/wp-content\\\/uploads\\\/2023\\\/07\\\/cropped-cropped-logo-sombra2.png\",\"width\":1782,\"height\":1782,\"caption\":\"Fm Gente\"},\"image\":{\"@id\":\"https:\\\/\\\/fmgente.com.ar\\\/web\\\/#\\\/schema\\\/logo\\\/image\\\/\"}}]}<\/script>\n<!-- \/ Yoast SEO plugin. -->","yoast_head_json":{"title":"La Fiesta del Salame: cultura, disfrute y comunidad en su m\u00e1xima expresi\u00f3n - Fm Gente","robots":{"index":"index","follow":"follow","max-snippet":"max-snippet:-1","max-image-preview":"max-image-preview:large","max-video-preview":"max-video-preview:-1"},"canonical":"https:\/\/fmgente.com.ar\/web\/la-fiesta-del-salame-cultura-disfrute-y-comunidad-en-su-maxima-expresion\/","og_locale":"es_ES","og_type":"article","og_title":"La Fiesta del Salame: cultura, disfrute y comunidad en su m\u00e1xima expresi\u00f3n - Fm Gente","og_description":"La Fiesta Provincial del Salame T\u00edpico volvi\u00f3 a demostrar que es uno de los eventos","og_url":"https:\/\/fmgente.com.ar\/web\/la-fiesta-del-salame-cultura-disfrute-y-comunidad-en-su-maxima-expresion\/","og_site_name":"Fm Gente","article_published_time":"2025-11-06T11:05:40+00:00","og_image":[{"width":398,"height":336,"url":"https:\/\/fmgente.com.ar\/web\/wp-content\/uploads\/2025\/11\/2025-11-06_07h53_56.png","type":"image\/png"}],"twitter_card":"summary_large_image","twitter_misc":{"Tiempo de lectura":"3 minutos"},"schema":{"@context":"https:\/\/schema.org","@graph":[{"@type":"Article","@id":"https:\/\/fmgente.com.ar\/web\/la-fiesta-del-salame-cultura-disfrute-y-comunidad-en-su-maxima-expresion\/#article","isPartOf":{"@id":"https:\/\/fmgente.com.ar\/web\/la-fiesta-del-salame-cultura-disfrute-y-comunidad-en-su-maxima-expresion\/"},"author":{"name":"","@id":""},"headline":"La Fiesta del Salame: cultura, disfrute y comunidad en su m\u00e1xima expresi\u00f3n","datePublished":"2025-11-06T11:05:40+00:00","mainEntityOfPage":{"@id":"https:\/\/fmgente.com.ar\/web\/la-fiesta-del-salame-cultura-disfrute-y-comunidad-en-su-maxima-expresion\/"},"wordCount":555,"publisher":{"@id":"https:\/\/fmgente.com.ar\/web\/#organization"},"image":{"@id":"https:\/\/fmgente.com.ar\/web\/la-fiesta-del-salame-cultura-disfrute-y-comunidad-en-su-maxima-expresion\/#primaryimage"},"thumbnailUrl":"https:\/\/fmgente.com.ar\/web\/wp-content\/uploads\/2025\/11\/2025-11-06_07h53_56.png","articleSection":["REGIONALES"],"inLanguage":"es"},{"@type":"WebPage","@id":"https:\/\/fmgente.com.ar\/web\/la-fiesta-del-salame-cultura-disfrute-y-comunidad-en-su-maxima-expresion\/","url":"https:\/\/fmgente.com.ar\/web\/la-fiesta-del-salame-cultura-disfrute-y-comunidad-en-su-maxima-expresion\/","name":"La Fiesta del Salame: cultura, disfrute y comunidad en su m\u00e1xima expresi\u00f3n - Fm Gente","isPartOf":{"@id":"https:\/\/fmgente.com.ar\/web\/#website"},"primaryImageOfPage":{"@id":"https:\/\/fmgente.com.ar\/web\/la-fiesta-del-salame-cultura-disfrute-y-comunidad-en-su-maxima-expresion\/#primaryimage"},"image":{"@id":"https:\/\/fmgente.com.ar\/web\/la-fiesta-del-salame-cultura-disfrute-y-comunidad-en-su-maxima-expresion\/#primaryimage"},"thumbnailUrl":"https:\/\/fmgente.com.ar\/web\/wp-content\/uploads\/2025\/11\/2025-11-06_07h53_56.png","datePublished":"2025-11-06T11:05:40+00:00","inLanguage":"es","potentialAction":[{"@type":"ReadAction","target":["https:\/\/fmgente.com.ar\/web\/la-fiesta-del-salame-cultura-disfrute-y-comunidad-en-su-maxima-expresion\/"]}]},{"@type":"ImageObject","inLanguage":"es","@id":"https:\/\/fmgente.com.ar\/web\/la-fiesta-del-salame-cultura-disfrute-y-comunidad-en-su-maxima-expresion\/#primaryimage","url":"https:\/\/fmgente.com.ar\/web\/wp-content\/uploads\/2025\/11\/2025-11-06_07h53_56.png","contentUrl":"https:\/\/fmgente.com.ar\/web\/wp-content\/uploads\/2025\/11\/2025-11-06_07h53_56.png","width":398,"height":336},{"@type":"WebSite","@id":"https:\/\/fmgente.com.ar\/web\/#website","url":"https:\/\/fmgente.com.ar\/web\/","name":"Fm Gente","description":"- Jes\u00fas Mar\u00eda","publisher":{"@id":"https:\/\/fmgente.com.ar\/web\/#organization"},"potentialAction":[{"@type":"SearchAction","target":{"@type":"EntryPoint","urlTemplate":"https:\/\/fmgente.com.ar\/web\/?s={search_term_string}"},"query-input":{"@type":"PropertyValueSpecification","valueRequired":true,"valueName":"search_term_string"}}],"inLanguage":"es"},{"@type":"Organization","@id":"https:\/\/fmgente.com.ar\/web\/#organization","name":"Fm Gente","url":"https:\/\/fmgente.com.ar\/web\/","logo":{"@type":"ImageObject","inLanguage":"es","@id":"https:\/\/fmgente.com.ar\/web\/#\/schema\/logo\/image\/","url":"https:\/\/fmgente.com.ar\/web\/wp-content\/uploads\/2023\/07\/cropped-cropped-logo-sombra2.png","contentUrl":"https:\/\/fmgente.com.ar\/web\/wp-content\/uploads\/2023\/07\/cropped-cropped-logo-sombra2.png","width":1782,"height":1782,"caption":"Fm Gente"},"image":{"@id":"https:\/\/fmgente.com.ar\/web\/#\/schema\/logo\/image\/"}}]}},"_links":{"self":[{"href":"https:\/\/fmgente.com.ar\/web\/wp-json\/wp\/v2\/posts\/8880","targetHints":{"allow":["GET"]}}],"collection":[{"href":"https:\/\/fmgente.com.ar\/web\/wp-json\/wp\/v2\/posts"}],"about":[{"href":"https:\/\/fmgente.com.ar\/web\/wp-json\/wp\/v2\/types\/post"}],"replies":[{"embeddable":true,"href":"https:\/\/fmgente.com.ar\/web\/wp-json\/wp\/v2\/comments?post=8880"}],"version-history":[{"count":0,"href":"https:\/\/fmgente.com.ar\/web\/wp-json\/wp\/v2\/posts\/8880\/revisions"}],"wp:featuredmedia":[{"embeddable":true,"href":"https:\/\/fmgente.com.ar\/web\/wp-json\/wp\/v2\/media\/8881"}],"wp:attachment":[{"href":"https:\/\/fmgente.com.ar\/web\/wp-json\/wp\/v2\/media?parent=8880"}],"wp:term":[{"taxonomy":"category","embeddable":true,"href":"https:\/\/fmgente.com.ar\/web\/wp-json\/wp\/v2\/categories?post=8880"},{"taxonomy":"post_tag","embeddable":true,"href":"https:\/\/fmgente.com.ar\/web\/wp-json\/wp\/v2\/tags?post=8880"}],"curies":[{"name":"wp","href":"https:\/\/api.w.org\/{rel}","templated":true}]}}