{"id":8878,"date":"2025-11-06T08:05:40","date_gmt":"2025-11-06T11:05:40","guid":{"rendered":"https:\/\/fmgente.com.ar\/la-muni-no-atendera-por-el-dia-del-empleado-municipal\/"},"modified":"2025-11-06T08:05:40","modified_gmt":"2025-11-06T11:05:40","slug":"la-muni-no-atendera-por-el-dia-del-empleado-municipal","status":"publish","type":"post","link":"https:\/\/fmgente.com.ar\/web\/la-muni-no-atendera-por-el-dia-del-empleado-municipal\/","title":{"rendered":"La muni no atender\u00e1 por el \u2018D\u00eda del Empleado Municipal\u2019"},"content":{"rendered":"<p>Con motivo de conmemorarse el D\u00eda del Empleado Municipal cada 8 de noviembre, la Intendente Paola Nanini ha decretado jornada no laborable para la administraci\u00f3n el pr\u00f3ximo viernes 7 de noviembre.<\/p>\n<p>Esto implica que no habr\u00e1 atenci\u00f3n al p\u00fablico en el edificio central ni prestaci\u00f3n de servicios durante todo el d\u00eda; sin embargo, se mantendr\u00e1n las guardias m\u00ednimas esenciales para atender cualquier situaci\u00f3n que amerite la intervenci\u00f3n municipal.<br \/>\nEn consecuencia, el servicio de recolecci\u00f3n domiciliaria de residuos se ver\u00e1 modificado:<br \/>\nEl residuo del Sector Rural (que normalmente se recoge el viernes) se recolectar\u00e1 un d\u00eda antes, el jueves 6 de noviembre, en su horario habitual. Adem\u00e1s, el cronograma de recolecci\u00f3n de las zonas urbanas se trasladar\u00e1 al s\u00e1bado 8 de noviembre: la Zona Sur ser\u00e1 cubierta de 06:00 hs a 13:00 hs, y la Zona Norte de 13:00 hs a 18:00 hs<\/p>\n<p><img loading=\"lazy\" decoding=\"async\" class=\"alignnone size-full wp-image-20910\" src=\"http:\/\/www.radiocadenanorte.com.ar\/wp-content\/uploads\/2018\/12\/municipalidad-de-colonia-caroya.jpg\" alt=\"\" width=\"640\" height=\"384\" \/><\/p>\n<p>La entrada <a href=\"https:\/\/www.radiocadenanorte.com.ar\/la-muni-no-atendera-por-el-dia-del-empleado-municipal\/\">La muni no atender\u00e1 por el &#8216;D\u00eda del Empleado Municipal&#8217;<\/a> se public\u00f3 primero en <a href=\"https:\/\/www.radiocadenanorte.com.ar\">Cadena Norte fm<\/a>.<\/p>\n","protected":false},"excerpt":{"rendered":"<p>Con motivo de conmemorarse el D\u00eda del Empleado Municipal cada 8 de noviembre, la Intendente<\/p>\n","protected":false},"author":0,"featured_media":8879,"comment_status":"","ping_status":"","sticky":false,"template":"","format":"standard","meta":{"footnotes":""},"categories":[1],"tags":[],"class_list":["post-8878","post","type-post","status-publish","format-standard","has-post-thumbnail","hentry","category-regionales"],"yoast_head":"<!-- This site is optimized with the Yoast SEO plugin v27.4 - https:\/\/yoast.com\/product\/yoast-seo-wordpress\/ -->\n<title>La muni no atender\u00e1 por el \u2018D\u00eda del Empleado Municipal\u2019 - Fm Gente<\/title>\n<meta name=\"robots\" content=\"index, follow, max-snippet:-1, max-image-preview:large, max-video-preview:-1\" \/>\n<link rel=\"canonical\" href=\"https:\/\/fmgente.com.ar\/web\/la-muni-no-atendera-por-el-dia-del-empleado-municipal\/\" \/>\n<meta property=\"og:locale\" content=\"es_ES\" \/>\n<meta property=\"og:type\" content=\"article\" \/>\n<meta property=\"og:title\" content=\"La muni no atender\u00e1 por el \u2018D\u00eda del Empleado Municipal\u2019 - Fm Gente\" \/>\n<meta property=\"og:description\" content=\"Con motivo de conmemorarse el D\u00eda del Empleado Municipal cada 8 de noviembre, la Intendente\" \/>\n<meta property=\"og:url\" content=\"https:\/\/fmgente.com.ar\/web\/la-muni-no-atendera-por-el-dia-del-empleado-municipal\/\" \/>\n<meta property=\"og:site_name\" content=\"Fm Gente\" \/>\n<meta property=\"article:published_time\" content=\"2025-11-06T11:05:40+00:00\" \/>\n<meta property=\"og:image\" content=\"https:\/\/fmgente.com.ar\/web\/wp-content\/uploads\/2025\/11\/municipalidad-de-colonia-caroya.jpg\" \/>\n\t<meta property=\"og:image:width\" content=\"640\" \/>\n\t<meta property=\"og:image:height\" content=\"384\" \/>\n\t<meta property=\"og:image:type\" content=\"image\/jpeg\" \/>\n<meta name=\"twitter:card\" content=\"summary_large_image\" \/>\n<meta name=\"twitter:label1\" content=\"Tiempo de lectura\" \/>\n\t<meta name=\"twitter:data1\" content=\"1 minuto\" \/>\n<script type=\"application\/ld+json\" class=\"yoast-schema-graph\">{\"@context\":\"https:\\\/\\\/schema.org\",\"@graph\":[{\"@type\":\"Article\",\"@id\":\"https:\\\/\\\/fmgente.com.ar\\\/web\\\/la-muni-no-atendera-por-el-dia-del-empleado-municipal\\\/#article\",\"isPartOf\":{\"@id\":\"https:\\\/\\\/fmgente.com.ar\\\/web\\\/la-muni-no-atendera-por-el-dia-del-empleado-municipal\\\/\"},\"author\":{\"name\":\"\",\"@id\":\"\"},\"headline\":\"La muni no atender\u00e1 por el \u2018D\u00eda del Empleado Municipal\u2019\",\"datePublished\":\"2025-11-06T11:05:40+00:00\",\"mainEntityOfPage\":{\"@id\":\"https:\\\/\\\/fmgente.com.ar\\\/web\\\/la-muni-no-atendera-por-el-dia-del-empleado-municipal\\\/\"},\"wordCount\":181,\"publisher\":{\"@id\":\"https:\\\/\\\/fmgente.com.ar\\\/web\\\/#organization\"},\"image\":{\"@id\":\"https:\\\/\\\/fmgente.com.ar\\\/web\\\/la-muni-no-atendera-por-el-dia-del-empleado-municipal\\\/#primaryimage\"},\"thumbnailUrl\":\"https:\\\/\\\/fmgente.com.ar\\\/web\\\/wp-content\\\/uploads\\\/2025\\\/11\\\/municipalidad-de-colonia-caroya.jpg\",\"articleSection\":[\"REGIONALES\"],\"inLanguage\":\"es\"},{\"@type\":\"WebPage\",\"@id\":\"https:\\\/\\\/fmgente.com.ar\\\/web\\\/la-muni-no-atendera-por-el-dia-del-empleado-municipal\\\/\",\"url\":\"https:\\\/\\\/fmgente.com.ar\\\/web\\\/la-muni-no-atendera-por-el-dia-del-empleado-municipal\\\/\",\"name\":\"La muni no atender\u00e1 por el \u2018D\u00eda del Empleado Municipal\u2019 - Fm Gente\",\"isPartOf\":{\"@id\":\"https:\\\/\\\/fmgente.com.ar\\\/web\\\/#website\"},\"primaryImageOfPage\":{\"@id\":\"https:\\\/\\\/fmgente.com.ar\\\/web\\\/la-muni-no-atendera-por-el-dia-del-empleado-municipal\\\/#primaryimage\"},\"image\":{\"@id\":\"https:\\\/\\\/fmgente.com.ar\\\/web\\\/la-muni-no-atendera-por-el-dia-del-empleado-municipal\\\/#primaryimage\"},\"thumbnailUrl\":\"https:\\\/\\\/fmgente.com.ar\\\/web\\\/wp-content\\\/uploads\\\/2025\\\/11\\\/municipalidad-de-colonia-caroya.jpg\",\"datePublished\":\"2025-11-06T11:05:40+00:00\",\"inLanguage\":\"es\",\"potentialAction\":[{\"@type\":\"ReadAction\",\"target\":[\"https:\\\/\\\/fmgente.com.ar\\\/web\\\/la-muni-no-atendera-por-el-dia-del-empleado-municipal\\\/\"]}]},{\"@type\":\"ImageObject\",\"inLanguage\":\"es\",\"@id\":\"https:\\\/\\\/fmgente.com.ar\\\/web\\\/la-muni-no-atendera-por-el-dia-del-empleado-municipal\\\/#primaryimage\",\"url\":\"https:\\\/\\\/fmgente.com.ar\\\/web\\\/wp-content\\\/uploads\\\/2025\\\/11\\\/municipalidad-de-colonia-caroya.jpg\",\"contentUrl\":\"https:\\\/\\\/fmgente.com.ar\\\/web\\\/wp-content\\\/uploads\\\/2025\\\/11\\\/municipalidad-de-colonia-caroya.jpg\",\"width\":640,\"height\":384},{\"@type\":\"WebSite\",\"@id\":\"https:\\\/\\\/fmgente.com.ar\\\/web\\\/#website\",\"url\":\"https:\\\/\\\/fmgente.com.ar\\\/web\\\/\",\"name\":\"Fm Gente\",\"description\":\"- Jes\u00fas Mar\u00eda\",\"publisher\":{\"@id\":\"https:\\\/\\\/fmgente.com.ar\\\/web\\\/#organization\"},\"potentialAction\":[{\"@type\":\"SearchAction\",\"target\":{\"@type\":\"EntryPoint\",\"urlTemplate\":\"https:\\\/\\\/fmgente.com.ar\\\/web\\\/?s={search_term_string}\"},\"query-input\":{\"@type\":\"PropertyValueSpecification\",\"valueRequired\":true,\"valueName\":\"search_term_string\"}}],\"inLanguage\":\"es\"},{\"@type\":\"Organization\",\"@id\":\"https:\\\/\\\/fmgente.com.ar\\\/web\\\/#organization\",\"name\":\"Fm Gente\",\"url\":\"https:\\\/\\\/fmgente.com.ar\\\/web\\\/\",\"logo\":{\"@type\":\"ImageObject\",\"inLanguage\":\"es\",\"@id\":\"https:\\\/\\\/fmgente.com.ar\\\/web\\\/#\\\/schema\\\/logo\\\/image\\\/\",\"url\":\"https:\\\/\\\/fmgente.com.ar\\\/web\\\/wp-content\\\/uploads\\\/2023\\\/07\\\/cropped-cropped-logo-sombra2.png\",\"contentUrl\":\"https:\\\/\\\/fmgente.com.ar\\\/web\\\/wp-content\\\/uploads\\\/2023\\\/07\\\/cropped-cropped-logo-sombra2.png\",\"width\":1782,\"height\":1782,\"caption\":\"Fm Gente\"},\"image\":{\"@id\":\"https:\\\/\\\/fmgente.com.ar\\\/web\\\/#\\\/schema\\\/logo\\\/image\\\/\"}}]}<\/script>\n<!-- \/ Yoast SEO plugin. -->","yoast_head_json":{"title":"La muni no atender\u00e1 por el \u2018D\u00eda del Empleado Municipal\u2019 - Fm Gente","robots":{"index":"index","follow":"follow","max-snippet":"max-snippet:-1","max-image-preview":"max-image-preview:large","max-video-preview":"max-video-preview:-1"},"canonical":"https:\/\/fmgente.com.ar\/web\/la-muni-no-atendera-por-el-dia-del-empleado-municipal\/","og_locale":"es_ES","og_type":"article","og_title":"La muni no atender\u00e1 por el \u2018D\u00eda del Empleado Municipal\u2019 - Fm Gente","og_description":"Con motivo de conmemorarse el D\u00eda del Empleado Municipal cada 8 de noviembre, la Intendente","og_url":"https:\/\/fmgente.com.ar\/web\/la-muni-no-atendera-por-el-dia-del-empleado-municipal\/","og_site_name":"Fm Gente","article_published_time":"2025-11-06T11:05:40+00:00","og_image":[{"width":640,"height":384,"url":"https:\/\/fmgente.com.ar\/web\/wp-content\/uploads\/2025\/11\/municipalidad-de-colonia-caroya.jpg","type":"image\/jpeg"}],"twitter_card":"summary_large_image","twitter_misc":{"Tiempo de lectura":"1 minuto"},"schema":{"@context":"https:\/\/schema.org","@graph":[{"@type":"Article","@id":"https:\/\/fmgente.com.ar\/web\/la-muni-no-atendera-por-el-dia-del-empleado-municipal\/#article","isPartOf":{"@id":"https:\/\/fmgente.com.ar\/web\/la-muni-no-atendera-por-el-dia-del-empleado-municipal\/"},"author":{"name":"","@id":""},"headline":"La muni no atender\u00e1 por el \u2018D\u00eda del Empleado Municipal\u2019","datePublished":"2025-11-06T11:05:40+00:00","mainEntityOfPage":{"@id":"https:\/\/fmgente.com.ar\/web\/la-muni-no-atendera-por-el-dia-del-empleado-municipal\/"},"wordCount":181,"publisher":{"@id":"https:\/\/fmgente.com.ar\/web\/#organization"},"image":{"@id":"https:\/\/fmgente.com.ar\/web\/la-muni-no-atendera-por-el-dia-del-empleado-municipal\/#primaryimage"},"thumbnailUrl":"https:\/\/fmgente.com.ar\/web\/wp-content\/uploads\/2025\/11\/municipalidad-de-colonia-caroya.jpg","articleSection":["REGIONALES"],"inLanguage":"es"},{"@type":"WebPage","@id":"https:\/\/fmgente.com.ar\/web\/la-muni-no-atendera-por-el-dia-del-empleado-municipal\/","url":"https:\/\/fmgente.com.ar\/web\/la-muni-no-atendera-por-el-dia-del-empleado-municipal\/","name":"La muni no atender\u00e1 por el \u2018D\u00eda del Empleado Municipal\u2019 - Fm Gente","isPartOf":{"@id":"https:\/\/fmgente.com.ar\/web\/#website"},"primaryImageOfPage":{"@id":"https:\/\/fmgente.com.ar\/web\/la-muni-no-atendera-por-el-dia-del-empleado-municipal\/#primaryimage"},"image":{"@id":"https:\/\/fmgente.com.ar\/web\/la-muni-no-atendera-por-el-dia-del-empleado-municipal\/#primaryimage"},"thumbnailUrl":"https:\/\/fmgente.com.ar\/web\/wp-content\/uploads\/2025\/11\/municipalidad-de-colonia-caroya.jpg","datePublished":"2025-11-06T11:05:40+00:00","inLanguage":"es","potentialAction":[{"@type":"ReadAction","target":["https:\/\/fmgente.com.ar\/web\/la-muni-no-atendera-por-el-dia-del-empleado-municipal\/"]}]},{"@type":"ImageObject","inLanguage":"es","@id":"https:\/\/fmgente.com.ar\/web\/la-muni-no-atendera-por-el-dia-del-empleado-municipal\/#primaryimage","url":"https:\/\/fmgente.com.ar\/web\/wp-content\/uploads\/2025\/11\/municipalidad-de-colonia-caroya.jpg","contentUrl":"https:\/\/fmgente.com.ar\/web\/wp-content\/uploads\/2025\/11\/municipalidad-de-colonia-caroya.jpg","width":640,"height":384},{"@type":"WebSite","@id":"https:\/\/fmgente.com.ar\/web\/#website","url":"https:\/\/fmgente.com.ar\/web\/","name":"Fm Gente","description":"- Jes\u00fas Mar\u00eda","publisher":{"@id":"https:\/\/fmgente.com.ar\/web\/#organization"},"potentialAction":[{"@type":"SearchAction","target":{"@type":"EntryPoint","urlTemplate":"https:\/\/fmgente.com.ar\/web\/?s={search_term_string}"},"query-input":{"@type":"PropertyValueSpecification","valueRequired":true,"valueName":"search_term_string"}}],"inLanguage":"es"},{"@type":"Organization","@id":"https:\/\/fmgente.com.ar\/web\/#organization","name":"Fm Gente","url":"https:\/\/fmgente.com.ar\/web\/","logo":{"@type":"ImageObject","inLanguage":"es","@id":"https:\/\/fmgente.com.ar\/web\/#\/schema\/logo\/image\/","url":"https:\/\/fmgente.com.ar\/web\/wp-content\/uploads\/2023\/07\/cropped-cropped-logo-sombra2.png","contentUrl":"https:\/\/fmgente.com.ar\/web\/wp-content\/uploads\/2023\/07\/cropped-cropped-logo-sombra2.png","width":1782,"height":1782,"caption":"Fm Gente"},"image":{"@id":"https:\/\/fmgente.com.ar\/web\/#\/schema\/logo\/image\/"}}]}},"_links":{"self":[{"href":"https:\/\/fmgente.com.ar\/web\/wp-json\/wp\/v2\/posts\/8878","targetHints":{"allow":["GET"]}}],"collection":[{"href":"https:\/\/fmgente.com.ar\/web\/wp-json\/wp\/v2\/posts"}],"about":[{"href":"https:\/\/fmgente.com.ar\/web\/wp-json\/wp\/v2\/types\/post"}],"replies":[{"embeddable":true,"href":"https:\/\/fmgente.com.ar\/web\/wp-json\/wp\/v2\/comments?post=8878"}],"version-history":[{"count":0,"href":"https:\/\/fmgente.com.ar\/web\/wp-json\/wp\/v2\/posts\/8878\/revisions"}],"wp:featuredmedia":[{"embeddable":true,"href":"https:\/\/fmgente.com.ar\/web\/wp-json\/wp\/v2\/media\/8879"}],"wp:attachment":[{"href":"https:\/\/fmgente.com.ar\/web\/wp-json\/wp\/v2\/media?parent=8878"}],"wp:term":[{"taxonomy":"category","embeddable":true,"href":"https:\/\/fmgente.com.ar\/web\/wp-json\/wp\/v2\/categories?post=8878"},{"taxonomy":"post_tag","embeddable":true,"href":"https:\/\/fmgente.com.ar\/web\/wp-json\/wp\/v2\/tags?post=8878"}],"curies":[{"name":"wp","href":"https:\/\/api.w.org\/{rel}","templated":true}]}}