{"id":8876,"date":"2025-11-06T08:05:34","date_gmt":"2025-11-06T11:05:34","guid":{"rendered":"https:\/\/fmgente.com.ar\/las-fotos-de-la-exclusiva-fiesta-del-cumpleanos-de-mirko-el-hijo-mayor-de-marley\/"},"modified":"2025-11-06T08:05:34","modified_gmt":"2025-11-06T11:05:34","slug":"las-fotos-de-la-exclusiva-fiesta-del-cumpleanos-de-mirko-el-hijo-mayor-de-marley","status":"publish","type":"post","link":"https:\/\/fmgente.com.ar\/web\/las-fotos-de-la-exclusiva-fiesta-del-cumpleanos-de-mirko-el-hijo-mayor-de-marley\/","title":{"rendered":"Las fotos de la exclusiva fiesta del cumplea\u00f1os de Mirko, el hijo mayor de Marley"},"content":{"rendered":"<p>La sonrisa de <strong>Mirko<\/strong> volvi\u00f3 a ser protagonista en las redes sociales de <strong>Marley<\/strong>. El conductor celebr\u00f3 los 8 a\u00f1os de su hijo mayor con una fiesta pensada al detalle, donde la alegr\u00eda se mezcl\u00f3 con la ternura y esos momentos que uno quisiera guardar para siempre.<\/p>\n<p>La tem\u00e1tica elegida para el cumplea\u00f1os de <strong><a href=\"https:\/\/www.paparazzi.com.ar\/teve\/marley-revelo-el-mal-gesto-que-tuvo-maxi-lopez-tras-reemplazarlo-en-masterchef\/\">Mirko<\/a><\/strong> fue <em>Minecraft<\/em>. Se trata del popular videojuego que fascina a chicos de todas partes del mundo, y que en este punto tambi\u00e9n tiene atrapado al peque\u00f1o hijo del conductor de Telefe desde hace tiempo.<\/p>\n<p>La fiesta tuvo lugar al aire libre, rodeada de \u00e1rboles, pasto y un clima de esos que invitan a pasar la tarde descalzos. La decoraci\u00f3n estuvo dominada por verdes y marrones, globos gigantes y un gran cartel con el nombre de <strong><a href=\"https:\/\/www.paparazzi.com.ar\/teve\/wanda-nara-acorralo-a-marley-en-masterchef-por-su-entrevista-a-icardi-estuviste-con-mi-ex\/\">Mirko<\/a><\/strong> dando la bienvenida. No falt\u00f3 la mesa dulce, llena de figuras pixeladas que imitaban bloques, personajes y detalles del juego. Como si fuera una peque\u00f1a aventura de <em>Minecraft<\/em> pero en versi\u00f3n cumple.<\/p>\n<div class=\"mt-box \">\n<h4 class=\"mt-heading\">Mir\u00e1 Tambi\u00e9n<\/h4>\n<p><a href=\"https:\/\/www.paparazzi.com.ar\/teve\/el-rumor-del-romance-mas-escandaloso-que-se-confirmo-en-la-ppz-fest\/https:\/\/www.paparazzi.com.ar\/teve\/el-rumor-del-romance-mas-escandaloso-que-se-confirmo-en-la-ppz-fest\/\"><\/p>\n<div class=\"mt-content\">\n<div class=\"mt-image-container\"><img decoding=\"async\" src=\"https:\/\/www.paparazzi.com.ar\/wp-content\/uploads\/2025\/10\/Zoe-Bogach-ok-ok-359x226.jpg\" alt=\"El rumor del romance m\u00e1s escandaloso que se confirm\u00f3 en la PPZ Fest\" class=\"mt-image\" loading=\"lazy\" \/><\/div>\n<h5 class=\"mt-title\">El rumor del romance m\u00e1s escandaloso que se confirm\u00f3 en la PPZ Fest<\/h5>\n<\/div>\n<p><\/a><\/div>\n<p><em>\u201cEl cumple de 8 de Mirko fue maravilloso. La tem\u00e1tica fue Minecraft y Mirko lo disfrut\u00f3 much\u00edsimo\u201d<\/em>, escribi\u00f3 <strong><a href=\"https:\/\/www.paparazzi.com.ar\/teve\/marley-revelo-quien-fue-la-persona-que-lo-eligio-como-reemplazo-de-maxi-lopez-en-masterchef\/\">Marley<\/a><\/strong> a trav\u00e9s de su cuenta de Instagram. La publicaci\u00f3n se dio junto a una serie de fotos donde se lo puede ver muy emocionado, presente en cada detalle y acompa\u00f1ando en todo, sin perder de vista la alegr\u00eda de su hijo.<\/p>\n<h2 class=\"wp-block-heading\">LA EMOCI\u00d3N DE MARLEY EN EL CUMPLEA\u00d1OS N\u00daMERO 8 DE SU HIJO MIRKO<\/h2>\n<p>Uno de los momentos m\u00e1s comentados lleg\u00f3 temprano, antes de la fiesta, cuando <strong>Marley<\/strong> comparti\u00f3 un video del ritual que abri\u00f3 el d\u00eda. <em>\u201cOcho a\u00f1os. \u00a1No lo puedo creer!\u201d<\/em>, expres\u00f3, todav\u00eda medio dormido pero feliz. Tambi\u00e9n record\u00f3 c\u00f3mo <strong>Mirko<\/strong> pidi\u00f3 su <em>\u201cdesayuno en la cama\u201d<\/em> a las 6.30 de la ma\u00f1ana. Y agreg\u00f3 en un mensaje: <em>\u201cFeliz cumple a esta belleza de ni\u00f1o, tan buen hijo y tan buen hermano. \u00a1Te amamos!\u201d<\/em>.<\/p>\n<p>La celebraci\u00f3n tambi\u00e9n tuvo una participaci\u00f3n especial de <strong>Milenka<\/strong>, la hija m\u00e1s peque\u00f1a del conductor, quien cumplir\u00e1 un a\u00f1o en diciembre. En una de las postales m\u00e1s tiernas de todas, <strong>Marley<\/strong> la sostiene en brazos mientras <strong>Mirko<\/strong> observa su torta tem\u00e1tica, como si estuviera repasando cada detalle antes de soplar la vela.<\/p>\n<div class=\"mt-box \">\n<h4 class=\"mt-heading\">Mir\u00e1 Tambi\u00e9n<\/h4>\n<p><a href=\"https:\/\/www.paparazzi.com.ar\/teve\/marley-revelo-el-mal-gesto-que-tuvo-maxi-lopez-tras-reemplazarlo-en-masterchef\/\"><\/p>\n<div class=\"mt-content\">\n<div class=\"mt-image-container\"><img decoding=\"async\" src=\"https:\/\/www.paparazzi.com.ar\/wp-content\/uploads\/2025\/11\/Marley-Maxi-Lopez-MasterChef-359x226.png\" alt=\"Marley revel\u00f3 el mal gesto que tuvo Maxi L\u00f3pez tras reemplazarlo en MasterChef\" class=\"mt-image\" loading=\"lazy\" \/><\/div>\n<h5 class=\"mt-title\">Marley revel\u00f3 el mal gesto que tuvo Maxi L\u00f3pez tras reemplazarlo en MasterChef<\/h5>\n<\/div>\n<p><\/a><\/div>\n<p>El clima fue festivo, c\u00e1lido y familiar. Hubo inflables gigantes, juegos con amigos, alegr\u00eda y una pista de obst\u00e1culos donde <strong>Mirko<\/strong> se luci\u00f3 entre saltos, risas y mucha complicidad. La inocencia y la calidez se juntaron en un mismo lugar. Una fiesta que tuvo todo para ser inolvidable.<\/p>\n<figure class=\"wp-block-image size-full\"><img decoding=\"async\" width=\"431\" height=\"576\" src=\"https:\/\/www.paparazzi.com.ar\/wp-content\/uploads\/2025\/11\/mirko-cumpleanos-1.png.webp\" loading=\"lazy\" alt=\"\" class=\"wp-image-451687\" \/><\/figure>\n<figure class=\"wp-block-image size-full\"><img decoding=\"async\" width=\"431\" height=\"576\" src=\"https:\/\/www.paparazzi.com.ar\/wp-content\/uploads\/2025\/11\/mirko-cumpleanos-2.png.webp\" loading=\"lazy\" alt=\"\" class=\"wp-image-451688\" \/><\/figure>\n<figure class=\"wp-block-image size-full\"><img decoding=\"async\" width=\"431\" height=\"576\" src=\"https:\/\/www.paparazzi.com.ar\/wp-content\/uploads\/2025\/11\/mirko-cumpleanos-3.png.webp\" loading=\"lazy\" alt=\"\" class=\"wp-image-451689\" \/><\/figure>\n<figure class=\"wp-block-image size-full\"><img decoding=\"async\" width=\"431\" height=\"576\" src=\"https:\/\/www.paparazzi.com.ar\/wp-content\/uploads\/2025\/11\/mirko-cumpleanos-4.png.webp\" loading=\"lazy\" alt=\"\" class=\"wp-image-451690\" \/><\/figure>\n<figure class=\"wp-block-image size-full\"><img decoding=\"async\" width=\"431\" height=\"576\" src=\"https:\/\/www.paparazzi.com.ar\/wp-content\/uploads\/2025\/11\/mirko-cumpleanos-5.png.webp\" loading=\"lazy\" alt=\"\" class=\"wp-image-451691\" \/><\/figure>\n<figure class=\"wp-block-image size-full\"><img decoding=\"async\" width=\"431\" height=\"576\" src=\"https:\/\/www.paparazzi.com.ar\/wp-content\/uploads\/2025\/11\/mirko-cumpleanos-6.png.webp\" loading=\"lazy\" alt=\"\" class=\"wp-image-451692\" \/><\/figure>\n<div class=\"mt-box \">\n<h4 class=\"mt-heading\">Mir\u00e1 Tambi\u00e9n<\/h4>\n<p><a href=\"https:\/\/www.paparazzi.com.ar\/teve\/wanda-nara-acorralo-a-marley-en-masterchef-por-su-entrevista-a-icardi-estuviste-con-mi-ex\/\"><\/p>\n<div class=\"mt-content\">\n<div class=\"mt-image-container\"><img decoding=\"async\" src=\"https:\/\/www.paparazzi.com.ar\/wp-content\/uploads\/2025\/08\/marley-wanda.png.webp\" alt=\"Wanda Nara acorral\u00f3 a Marley en MasterChef por su entrevista a Icardi: &quot;Estuviste con mi ex&quot;\" class=\"mt-image\" loading=\"lazy\" \/><\/div>\n<h5 class=\"mt-title\">Wanda Nara acorral\u00f3 a Marley en MasterChef por su entrevista a Icardi: \u00abEstuviste con mi ex\u00bb<\/h5>\n<\/div>\n<p><\/a><\/div>\n<div class=\"mt-box \">\n<h4 class=\"mt-heading\">Mir\u00e1 Tambi\u00e9n<\/h4>\n<p><a href=\"https:\/\/www.paparazzi.com.ar\/teve\/marley-revelo-quien-fue-la-persona-que-lo-eligio-como-reemplazo-de-maxi-lopez-en-masterchef\/\"><\/p>\n<div class=\"mt-content\">\n<div class=\"mt-image-container\"><img decoding=\"async\" src=\"https:\/\/www.paparazzi.com.ar\/wp-content\/uploads\/2025\/10\/image-501-359x226.png\" alt=\"Marley revel\u00f3 qui\u00e9n fue la persona que lo eligi\u00f3 como reemplazo de Maxi L\u00f3pez en MasterChef\" class=\"mt-image\" loading=\"lazy\" \/><\/div>\n<h5 class=\"mt-title\">Marley revel\u00f3 qui\u00e9n fue la persona que lo eligi\u00f3 como reemplazo de Maxi L\u00f3pez en MasterChef<\/h5>\n<\/div>\n<p><\/a><\/div>\n<p>The post <a href=\"https:\/\/www.paparazzi.com.ar\/teve\/las-fotos-de-la-exclusiva-fiesta-del-cumpleanos-de-mirko-el-hijo-mayor-de-marley\/\">Las fotos de la exclusiva fiesta del cumplea\u00f1os de Mirko, el hijo mayor de Marley<\/a> appeared first on <a href=\"https:\/\/www.paparazzi.com.ar\">Revista Paparazzi<\/a>.<\/p>\n","protected":false},"excerpt":{"rendered":"<p>La sonrisa de Mirko volvi\u00f3 a ser protagonista en las redes sociales de Marley. El<\/p>\n","protected":false},"author":0,"featured_media":8877,"comment_status":"","ping_status":"","sticky":false,"template":"","format":"standard","meta":{"footnotes":""},"categories":[11],"tags":[],"class_list":["post-8876","post","type-post","status-publish","format-standard","has-post-thumbnail","hentry","category-destacadas"],"yoast_head":"<!-- This site is optimized with the Yoast SEO plugin v27.4 - https:\/\/yoast.com\/product\/yoast-seo-wordpress\/ -->\n<title>Las fotos de la exclusiva fiesta del cumplea\u00f1os de Mirko, el hijo mayor de Marley - Fm Gente<\/title>\n<meta name=\"robots\" content=\"index, follow, max-snippet:-1, max-image-preview:large, max-video-preview:-1\" \/>\n<link rel=\"canonical\" href=\"https:\/\/fmgente.com.ar\/web\/las-fotos-de-la-exclusiva-fiesta-del-cumpleanos-de-mirko-el-hijo-mayor-de-marley\/\" \/>\n<meta property=\"og:locale\" content=\"es_ES\" \/>\n<meta property=\"og:type\" content=\"article\" \/>\n<meta property=\"og:title\" content=\"Las fotos de la exclusiva fiesta del cumplea\u00f1os de Mirko, el hijo mayor de Marley - Fm Gente\" \/>\n<meta property=\"og:description\" content=\"La sonrisa de Mirko volvi\u00f3 a ser protagonista en las redes sociales de Marley. El\" \/>\n<meta property=\"og:url\" content=\"https:\/\/fmgente.com.ar\/web\/las-fotos-de-la-exclusiva-fiesta-del-cumpleanos-de-mirko-el-hijo-mayor-de-marley\/\" \/>\n<meta property=\"og:site_name\" content=\"Fm Gente\" \/>\n<meta property=\"article:published_time\" content=\"2025-11-06T11:05:34+00:00\" \/>\n<meta property=\"og:image\" content=\"https:\/\/fmgente.com.ar\/web\/wp-content\/uploads\/2025\/11\/Zoe-Bogach-ok-ok-359x226-36.jpg\" \/>\n\t<meta property=\"og:image:width\" content=\"359\" \/>\n\t<meta property=\"og:image:height\" content=\"226\" \/>\n\t<meta property=\"og:image:type\" content=\"image\/jpeg\" \/>\n<meta name=\"twitter:card\" content=\"summary_large_image\" \/>\n<meta name=\"twitter:label1\" content=\"Tiempo de lectura\" \/>\n\t<meta name=\"twitter:data1\" content=\"3 minutos\" \/>\n<script type=\"application\/ld+json\" class=\"yoast-schema-graph\">{\"@context\":\"https:\\\/\\\/schema.org\",\"@graph\":[{\"@type\":\"Article\",\"@id\":\"https:\\\/\\\/fmgente.com.ar\\\/web\\\/las-fotos-de-la-exclusiva-fiesta-del-cumpleanos-de-mirko-el-hijo-mayor-de-marley\\\/#article\",\"isPartOf\":{\"@id\":\"https:\\\/\\\/fmgente.com.ar\\\/web\\\/las-fotos-de-la-exclusiva-fiesta-del-cumpleanos-de-mirko-el-hijo-mayor-de-marley\\\/\"},\"author\":{\"name\":\"\",\"@id\":\"\"},\"headline\":\"Las fotos de la exclusiva fiesta del cumplea\u00f1os de Mirko, el hijo mayor de Marley\",\"datePublished\":\"2025-11-06T11:05:34+00:00\",\"mainEntityOfPage\":{\"@id\":\"https:\\\/\\\/fmgente.com.ar\\\/web\\\/las-fotos-de-la-exclusiva-fiesta-del-cumpleanos-de-mirko-el-hijo-mayor-de-marley\\\/\"},\"wordCount\":554,\"publisher\":{\"@id\":\"https:\\\/\\\/fmgente.com.ar\\\/web\\\/#organization\"},\"image\":{\"@id\":\"https:\\\/\\\/fmgente.com.ar\\\/web\\\/las-fotos-de-la-exclusiva-fiesta-del-cumpleanos-de-mirko-el-hijo-mayor-de-marley\\\/#primaryimage\"},\"thumbnailUrl\":\"https:\\\/\\\/fmgente.com.ar\\\/web\\\/wp-content\\\/uploads\\\/2025\\\/11\\\/Zoe-Bogach-ok-ok-359x226-36.jpg\",\"articleSection\":[\"DESTACADAS\"],\"inLanguage\":\"es\"},{\"@type\":\"WebPage\",\"@id\":\"https:\\\/\\\/fmgente.com.ar\\\/web\\\/las-fotos-de-la-exclusiva-fiesta-del-cumpleanos-de-mirko-el-hijo-mayor-de-marley\\\/\",\"url\":\"https:\\\/\\\/fmgente.com.ar\\\/web\\\/las-fotos-de-la-exclusiva-fiesta-del-cumpleanos-de-mirko-el-hijo-mayor-de-marley\\\/\",\"name\":\"Las fotos de la exclusiva fiesta del cumplea\u00f1os de Mirko, el hijo mayor de Marley - Fm Gente\",\"isPartOf\":{\"@id\":\"https:\\\/\\\/fmgente.com.ar\\\/web\\\/#website\"},\"primaryImageOfPage\":{\"@id\":\"https:\\\/\\\/fmgente.com.ar\\\/web\\\/las-fotos-de-la-exclusiva-fiesta-del-cumpleanos-de-mirko-el-hijo-mayor-de-marley\\\/#primaryimage\"},\"image\":{\"@id\":\"https:\\\/\\\/fmgente.com.ar\\\/web\\\/las-fotos-de-la-exclusiva-fiesta-del-cumpleanos-de-mirko-el-hijo-mayor-de-marley\\\/#primaryimage\"},\"thumbnailUrl\":\"https:\\\/\\\/fmgente.com.ar\\\/web\\\/wp-content\\\/uploads\\\/2025\\\/11\\\/Zoe-Bogach-ok-ok-359x226-36.jpg\",\"datePublished\":\"2025-11-06T11:05:34+00:00\",\"inLanguage\":\"es\",\"potentialAction\":[{\"@type\":\"ReadAction\",\"target\":[\"https:\\\/\\\/fmgente.com.ar\\\/web\\\/las-fotos-de-la-exclusiva-fiesta-del-cumpleanos-de-mirko-el-hijo-mayor-de-marley\\\/\"]}]},{\"@type\":\"ImageObject\",\"inLanguage\":\"es\",\"@id\":\"https:\\\/\\\/fmgente.com.ar\\\/web\\\/las-fotos-de-la-exclusiva-fiesta-del-cumpleanos-de-mirko-el-hijo-mayor-de-marley\\\/#primaryimage\",\"url\":\"https:\\\/\\\/fmgente.com.ar\\\/web\\\/wp-content\\\/uploads\\\/2025\\\/11\\\/Zoe-Bogach-ok-ok-359x226-36.jpg\",\"contentUrl\":\"https:\\\/\\\/fmgente.com.ar\\\/web\\\/wp-content\\\/uploads\\\/2025\\\/11\\\/Zoe-Bogach-ok-ok-359x226-36.jpg\",\"width\":359,\"height\":226},{\"@type\":\"WebSite\",\"@id\":\"https:\\\/\\\/fmgente.com.ar\\\/web\\\/#website\",\"url\":\"https:\\\/\\\/fmgente.com.ar\\\/web\\\/\",\"name\":\"Fm Gente\",\"description\":\"- Jes\u00fas Mar\u00eda\",\"publisher\":{\"@id\":\"https:\\\/\\\/fmgente.com.ar\\\/web\\\/#organization\"},\"potentialAction\":[{\"@type\":\"SearchAction\",\"target\":{\"@type\":\"EntryPoint\",\"urlTemplate\":\"https:\\\/\\\/fmgente.com.ar\\\/web\\\/?s={search_term_string}\"},\"query-input\":{\"@type\":\"PropertyValueSpecification\",\"valueRequired\":true,\"valueName\":\"search_term_string\"}}],\"inLanguage\":\"es\"},{\"@type\":\"Organization\",\"@id\":\"https:\\\/\\\/fmgente.com.ar\\\/web\\\/#organization\",\"name\":\"Fm Gente\",\"url\":\"https:\\\/\\\/fmgente.com.ar\\\/web\\\/\",\"logo\":{\"@type\":\"ImageObject\",\"inLanguage\":\"es\",\"@id\":\"https:\\\/\\\/fmgente.com.ar\\\/web\\\/#\\\/schema\\\/logo\\\/image\\\/\",\"url\":\"https:\\\/\\\/fmgente.com.ar\\\/web\\\/wp-content\\\/uploads\\\/2023\\\/07\\\/cropped-cropped-logo-sombra2.png\",\"contentUrl\":\"https:\\\/\\\/fmgente.com.ar\\\/web\\\/wp-content\\\/uploads\\\/2023\\\/07\\\/cropped-cropped-logo-sombra2.png\",\"width\":1782,\"height\":1782,\"caption\":\"Fm Gente\"},\"image\":{\"@id\":\"https:\\\/\\\/fmgente.com.ar\\\/web\\\/#\\\/schema\\\/logo\\\/image\\\/\"}}]}<\/script>\n<!-- \/ Yoast SEO plugin. -->","yoast_head_json":{"title":"Las fotos de la exclusiva fiesta del cumplea\u00f1os de Mirko, el hijo mayor de Marley - Fm Gente","robots":{"index":"index","follow":"follow","max-snippet":"max-snippet:-1","max-image-preview":"max-image-preview:large","max-video-preview":"max-video-preview:-1"},"canonical":"https:\/\/fmgente.com.ar\/web\/las-fotos-de-la-exclusiva-fiesta-del-cumpleanos-de-mirko-el-hijo-mayor-de-marley\/","og_locale":"es_ES","og_type":"article","og_title":"Las fotos de la exclusiva fiesta del cumplea\u00f1os de Mirko, el hijo mayor de Marley - Fm Gente","og_description":"La sonrisa de Mirko volvi\u00f3 a ser protagonista en las redes sociales de Marley. El","og_url":"https:\/\/fmgente.com.ar\/web\/las-fotos-de-la-exclusiva-fiesta-del-cumpleanos-de-mirko-el-hijo-mayor-de-marley\/","og_site_name":"Fm Gente","article_published_time":"2025-11-06T11:05:34+00:00","og_image":[{"width":359,"height":226,"url":"https:\/\/fmgente.com.ar\/web\/wp-content\/uploads\/2025\/11\/Zoe-Bogach-ok-ok-359x226-36.jpg","type":"image\/jpeg"}],"twitter_card":"summary_large_image","twitter_misc":{"Tiempo de lectura":"3 minutos"},"schema":{"@context":"https:\/\/schema.org","@graph":[{"@type":"Article","@id":"https:\/\/fmgente.com.ar\/web\/las-fotos-de-la-exclusiva-fiesta-del-cumpleanos-de-mirko-el-hijo-mayor-de-marley\/#article","isPartOf":{"@id":"https:\/\/fmgente.com.ar\/web\/las-fotos-de-la-exclusiva-fiesta-del-cumpleanos-de-mirko-el-hijo-mayor-de-marley\/"},"author":{"name":"","@id":""},"headline":"Las fotos de la exclusiva fiesta del cumplea\u00f1os de Mirko, el hijo mayor de Marley","datePublished":"2025-11-06T11:05:34+00:00","mainEntityOfPage":{"@id":"https:\/\/fmgente.com.ar\/web\/las-fotos-de-la-exclusiva-fiesta-del-cumpleanos-de-mirko-el-hijo-mayor-de-marley\/"},"wordCount":554,"publisher":{"@id":"https:\/\/fmgente.com.ar\/web\/#organization"},"image":{"@id":"https:\/\/fmgente.com.ar\/web\/las-fotos-de-la-exclusiva-fiesta-del-cumpleanos-de-mirko-el-hijo-mayor-de-marley\/#primaryimage"},"thumbnailUrl":"https:\/\/fmgente.com.ar\/web\/wp-content\/uploads\/2025\/11\/Zoe-Bogach-ok-ok-359x226-36.jpg","articleSection":["DESTACADAS"],"inLanguage":"es"},{"@type":"WebPage","@id":"https:\/\/fmgente.com.ar\/web\/las-fotos-de-la-exclusiva-fiesta-del-cumpleanos-de-mirko-el-hijo-mayor-de-marley\/","url":"https:\/\/fmgente.com.ar\/web\/las-fotos-de-la-exclusiva-fiesta-del-cumpleanos-de-mirko-el-hijo-mayor-de-marley\/","name":"Las fotos de la exclusiva fiesta del cumplea\u00f1os de Mirko, el hijo mayor de Marley - Fm Gente","isPartOf":{"@id":"https:\/\/fmgente.com.ar\/web\/#website"},"primaryImageOfPage":{"@id":"https:\/\/fmgente.com.ar\/web\/las-fotos-de-la-exclusiva-fiesta-del-cumpleanos-de-mirko-el-hijo-mayor-de-marley\/#primaryimage"},"image":{"@id":"https:\/\/fmgente.com.ar\/web\/las-fotos-de-la-exclusiva-fiesta-del-cumpleanos-de-mirko-el-hijo-mayor-de-marley\/#primaryimage"},"thumbnailUrl":"https:\/\/fmgente.com.ar\/web\/wp-content\/uploads\/2025\/11\/Zoe-Bogach-ok-ok-359x226-36.jpg","datePublished":"2025-11-06T11:05:34+00:00","inLanguage":"es","potentialAction":[{"@type":"ReadAction","target":["https:\/\/fmgente.com.ar\/web\/las-fotos-de-la-exclusiva-fiesta-del-cumpleanos-de-mirko-el-hijo-mayor-de-marley\/"]}]},{"@type":"ImageObject","inLanguage":"es","@id":"https:\/\/fmgente.com.ar\/web\/las-fotos-de-la-exclusiva-fiesta-del-cumpleanos-de-mirko-el-hijo-mayor-de-marley\/#primaryimage","url":"https:\/\/fmgente.com.ar\/web\/wp-content\/uploads\/2025\/11\/Zoe-Bogach-ok-ok-359x226-36.jpg","contentUrl":"https:\/\/fmgente.com.ar\/web\/wp-content\/uploads\/2025\/11\/Zoe-Bogach-ok-ok-359x226-36.jpg","width":359,"height":226},{"@type":"WebSite","@id":"https:\/\/fmgente.com.ar\/web\/#website","url":"https:\/\/fmgente.com.ar\/web\/","name":"Fm Gente","description":"- Jes\u00fas Mar\u00eda","publisher":{"@id":"https:\/\/fmgente.com.ar\/web\/#organization"},"potentialAction":[{"@type":"SearchAction","target":{"@type":"EntryPoint","urlTemplate":"https:\/\/fmgente.com.ar\/web\/?s={search_term_string}"},"query-input":{"@type":"PropertyValueSpecification","valueRequired":true,"valueName":"search_term_string"}}],"inLanguage":"es"},{"@type":"Organization","@id":"https:\/\/fmgente.com.ar\/web\/#organization","name":"Fm Gente","url":"https:\/\/fmgente.com.ar\/web\/","logo":{"@type":"ImageObject","inLanguage":"es","@id":"https:\/\/fmgente.com.ar\/web\/#\/schema\/logo\/image\/","url":"https:\/\/fmgente.com.ar\/web\/wp-content\/uploads\/2023\/07\/cropped-cropped-logo-sombra2.png","contentUrl":"https:\/\/fmgente.com.ar\/web\/wp-content\/uploads\/2023\/07\/cropped-cropped-logo-sombra2.png","width":1782,"height":1782,"caption":"Fm Gente"},"image":{"@id":"https:\/\/fmgente.com.ar\/web\/#\/schema\/logo\/image\/"}}]}},"_links":{"self":[{"href":"https:\/\/fmgente.com.ar\/web\/wp-json\/wp\/v2\/posts\/8876","targetHints":{"allow":["GET"]}}],"collection":[{"href":"https:\/\/fmgente.com.ar\/web\/wp-json\/wp\/v2\/posts"}],"about":[{"href":"https:\/\/fmgente.com.ar\/web\/wp-json\/wp\/v2\/types\/post"}],"replies":[{"embeddable":true,"href":"https:\/\/fmgente.com.ar\/web\/wp-json\/wp\/v2\/comments?post=8876"}],"version-history":[{"count":0,"href":"https:\/\/fmgente.com.ar\/web\/wp-json\/wp\/v2\/posts\/8876\/revisions"}],"wp:featuredmedia":[{"embeddable":true,"href":"https:\/\/fmgente.com.ar\/web\/wp-json\/wp\/v2\/media\/8877"}],"wp:attachment":[{"href":"https:\/\/fmgente.com.ar\/web\/wp-json\/wp\/v2\/media?parent=8876"}],"wp:term":[{"taxonomy":"category","embeddable":true,"href":"https:\/\/fmgente.com.ar\/web\/wp-json\/wp\/v2\/categories?post=8876"},{"taxonomy":"post_tag","embeddable":true,"href":"https:\/\/fmgente.com.ar\/web\/wp-json\/wp\/v2\/tags?post=8876"}],"curies":[{"name":"wp","href":"https:\/\/api.w.org\/{rel}","templated":true}]}}